{"id":3955,"date":"2022-10-19T19:14:34","date_gmt":"2022-10-20T00:14:34","guid":{"rendered":"https:\/\/www.participacionciudadana.org\/web\/?p=3955"},"modified":"2022-10-19T19:25:40","modified_gmt":"2022-10-20T00:25:40","slug":"se-inauguraron-los-espacios-de-dialogo-y-la-democracia-que","status":"publish","type":"post","link":"https:\/\/www.participacionciudadana.org\/web\/2022\/10\/19\/se-inauguraron-los-espacios-de-dialogo-y-la-democracia-que\/","title":{"rendered":"Se inauguraron los espacios de di\u00e1logo \u201cY La Democracia Qu\u00e9\u201d"},"content":{"rendered":"\t\t<div data-elementor-type=\"wp-post\" data-elementor-id=\"3955\" class=\"elementor elementor-3955\">\n\t\t\t\t\t\t<section class=\"elementor-section elementor-top-section elementor-element elementor-element-1807f79e elementor-section-boxed elementor-section-height-default elementor-section-height-default\" data-id=\"1807f79e\" data-element_type=\"section\">\n\t\t\t\t\t\t<div class=\"elementor-container elementor-column-gap-default\">\n\t\t\t\t\t<div class=\"elementor-column elementor-col-100 elementor-top-column elementor-element elementor-element-26725eb2\" data-id=\"26725eb2\" data-element_type=\"column\">\n\t\t\t<div class=\"elementor-widget-wrap elementor-element-populated\">\n\t\t\t\t\t\t<div class=\"elementor-element elementor-element-1fb48e3b elementor-widget elementor-widget-text-editor\" data-id=\"1fb48e3b\" data-element_type=\"widget\" data-widget_type=\"text-editor.default\">\n\t\t\t\t<div class=\"elementor-widget-container\">\n\t\t\t\t\t\t\t\t\t\n<p class=\"has-text-align-right\">Mi\u00e9rcoles, 19 de octubre de 2022<\/p>\n\n<p>La Corporaci\u00f3n Participaci\u00f3n Ciudadana (PC) y la Escuela de Ciencias Pol\u00edticas y Relaciones Internacionales de la UDLA inauguraron hoy los espacios de di\u00e1logo <a href=\"https:\/\/twitter.com\/hashtag\/YLaDemocraciaQu%C3%A9?src=hashtag_click&amp;f=live\"><strong>\u201cY La Democracia Qu\u00e9\u201d<\/strong><\/a>, una iniciativa conjunta que busca promover el an\u00e1lisis sobre distintos temas de inter\u00e9s nacional entre la academia y la sociedad civil.<\/p>\n\n<p>En el conversatorio de hoy denominado \u201cPerspectivas electorales para 2023\u201d participaron como panelistas Mar\u00eda Fernanda Noboa, catedr\u00e1tica del IAEN y experta en temas de seguridad; Miguel Molina, abogado y escritor; Esteban Santos, internacionalista y acad\u00e9mico; y Ruth Hidalgo, directora de Participaci\u00f3n Ciudadana y decana de la Escuela de Ciencias Pol\u00edticas y Relaciones Internacionales de la UDLA.<\/p>\n\n<p>En este espacio Mar\u00eda Fernanda Noboa habl\u00f3 acerca de una \u201cdesinstitucionalizaci\u00f3n del Estado\u201d, y analiz\u00f3 el contexto de la inseguridad en el pa\u00eds. \u201cEs importante que los candidatos se pregunten acerca de las medidas o l\u00edneas estrat\u00e9gicas para la gobernanza de la seguridad\u201d, resalt\u00f3.<\/p>\n\n<p>Por su parte, Miguel Molina expuso acerca de la ausencia de cultura democr\u00e1tica en el pa\u00eds, se\u00f1al\u00f3 que \u201cestamos asistiendo a un proceso electoral sin un sistema de partidos\u201d, y realiz\u00f3 un an\u00e1lisis de las normas jur\u00eddicas de cara a las pr\u00f3ximas elecciones.<\/p>\n\n<p>Esteban Santos resalt\u00f3 la importancia de lograr cambios, no a trav\u00e9s de la manifestaci\u00f3n violenta, sino, con un respeto a la diversidad. Asimismo, \u00a0enfatiz\u00f3 en la necesidad de que en la sociedad se hable sobre los temas considerados \u201ctab\u00fa\u201d as\u00ed como sobre la construcci\u00f3n de una sociedad con cimientos fuertes.<\/p>\n\n<p>\u201cLa democracia necesita espacios con nuevos paradigmas\u201d, as\u00ed lo se\u00f1al\u00f3 Ruth Hidalgo, quien adem\u00e1s manifest\u00f3 que \u201cexiste un sistema de partidos pol\u00edticos caducos, as\u00ed como una crisis de representaci\u00f3n pol\u00edtica\u201d<\/p>\n\n<p>Estos conversatorios que buscan promover el di\u00e1logo democr\u00e1tico, desde distintos puntos de vista, se transmitir\u00e1n en vivo, peri\u00f3dicamente, por las redes sociales de Participaci\u00f3n Ciudadana @ParticipacionPC<\/p>\n\n<p>La transmisi\u00f3n en vivo de este conversatorio se puede visualizar <a href=\"https:\/\/bit.ly\/3DchenG\">aqu\u00ed:<\/a> <a href=\"https:\/\/bit.ly\/3DchenG\">https:\/\/bit.ly\/3DchenG<\/a><\/p>\n\n<p><strong><a href=\"https:\/\/twitter.com\/search?q=%23YLaDemocraciaQue&amp;src=recent_search_click&amp;f=live\">#YLaDemocraciaQu\u00e9<\/a><\/strong><\/p>\n\t\t\t\t\t\t\t\t<\/div>\n\t\t\t\t<\/div>\n\t\t\t\t\t<\/div>\n\t\t<\/div>\n\t\t\t\t\t<\/div>\n\t\t<\/section>\n\t\t\t\t<section class=\"elementor-section elementor-top-section elementor-element elementor-element-e8ab85a elementor-section-boxed elementor-section-height-default elementor-section-height-default\" data-id=\"e8ab85a\" data-element_type=\"section\">\n\t\t\t\t\t\t<div class=\"elementor-container elementor-column-gap-default\">\n\t\t\t\t\t<div class=\"elementor-column elementor-col-25 elementor-top-column elementor-element elementor-element-149e7b2\" data-id=\"149e7b2\" data-element_type=\"column\">\n\t\t\t<div class=\"elementor-widget-wrap elementor-element-populated\">\n\t\t\t\t\t\t<div class=\"elementor-element elementor-element-b4a9512 elementor-widget elementor-widget-image\" data-id=\"b4a9512\" data-element_type=\"widget\" data-widget_type=\"image.default\">\n\t\t\t\t<div class=\"elementor-widget-container\">\n\t\t\t\t\t\t\t\t\t\t\t\t\t\t\t<img fetchpriority=\"high\" decoding=\"async\" width=\"1024\" height=\"678\" src=\"https:\/\/www.participacionciudadana.org\/web\/wp-content\/uploads\/2022\/10\/4-1024x678.jpeg\" class=\"attachment-large size-large wp-image-3962\" alt=\"\" srcset=\"https:\/\/www.participacionciudadana.org\/web\/wp-content\/uploads\/2022\/10\/4-1024x678.jpeg 1024w, https:\/\/www.participacionciudadana.org\/web\/wp-content\/uploads\/2022\/10\/4-300x199.jpeg 300w, https:\/\/www.participacionciudadana.org\/web\/wp-content\/uploads\/2022\/10\/4-768x508.jpeg 768w, https:\/\/www.participacionciudadana.org\/web\/wp-content\/uploads\/2022\/10\/4.jpeg 1280w\" sizes=\"(max-width: 1024px) 100vw, 1024px\" \/>\t\t\t\t\t\t\t\t\t\t\t\t\t\t\t<\/div>\n\t\t\t\t<\/div>\n\t\t\t\t\t<\/div>\n\t\t<\/div>\n\t\t\t\t<div class=\"elementor-column elementor-col-25 elementor-top-column elementor-element elementor-element-a3db3ce\" data-id=\"a3db3ce\" data-element_type=\"column\">\n\t\t\t<div class=\"elementor-widget-wrap elementor-element-populated\">\n\t\t\t\t\t\t<div class=\"elementor-element elementor-element-b0d4774 elementor-widget elementor-widget-image\" data-id=\"b0d4774\" data-element_type=\"widget\" data-widget_type=\"image.default\">\n\t\t\t\t<div class=\"elementor-widget-container\">\n\t\t\t\t\t\t\t\t\t\t\t\t\t\t\t<img decoding=\"async\" width=\"1024\" height=\"705\" src=\"https:\/\/www.participacionciudadana.org\/web\/wp-content\/uploads\/2022\/10\/1-1024x705.jpeg\" class=\"attachment-large size-large wp-image-3959\" alt=\"\" srcset=\"https:\/\/www.participacionciudadana.org\/web\/wp-content\/uploads\/2022\/10\/1-1024x705.jpeg 1024w, https:\/\/www.participacionciudadana.org\/web\/wp-content\/uploads\/2022\/10\/1-300x207.jpeg 300w, https:\/\/www.participacionciudadana.org\/web\/wp-content\/uploads\/2022\/10\/1-768x529.jpeg 768w, https:\/\/www.participacionciudadana.org\/web\/wp-content\/uploads\/2022\/10\/1.jpeg 1230w\" sizes=\"(max-width: 1024px) 100vw, 1024px\" \/>\t\t\t\t\t\t\t\t\t\t\t\t\t\t\t<\/div>\n\t\t\t\t<\/div>\n\t\t\t\t\t<\/div>\n\t\t<\/div>\n\t\t\t\t<div class=\"elementor-column elementor-col-25 elementor-top-column elementor-element elementor-element-d1355e0\" data-id=\"d1355e0\" data-element_type=\"column\">\n\t\t\t<div class=\"elementor-widget-wrap elementor-element-populated\">\n\t\t\t\t\t\t<div class=\"elementor-element elementor-element-4cc446b elementor-widget elementor-widget-image\" data-id=\"4cc446b\" data-element_type=\"widget\" data-widget_type=\"image.default\">\n\t\t\t\t<div class=\"elementor-widget-container\">\n\t\t\t\t\t\t\t\t\t\t\t\t\t\t\t<img decoding=\"async\" width=\"1024\" height=\"678\" src=\"https:\/\/www.participacionciudadana.org\/web\/wp-content\/uploads\/2022\/10\/3-1024x678.jpeg\" class=\"attachment-large size-large wp-image-3961\" alt=\"\" srcset=\"https:\/\/www.participacionciudadana.org\/web\/wp-content\/uploads\/2022\/10\/3-1024x678.jpeg 1024w, https:\/\/www.participacionciudadana.org\/web\/wp-content\/uploads\/2022\/10\/3-300x199.jpeg 300w, https:\/\/www.participacionciudadana.org\/web\/wp-content\/uploads\/2022\/10\/3-768x508.jpeg 768w, https:\/\/www.participacionciudadana.org\/web\/wp-content\/uploads\/2022\/10\/3.jpeg 1280w\" sizes=\"(max-width: 1024px) 100vw, 1024px\" \/>\t\t\t\t\t\t\t\t\t\t\t\t\t\t\t<\/div>\n\t\t\t\t<\/div>\n\t\t\t\t\t<\/div>\n\t\t<\/div>\n\t\t\t\t<div class=\"elementor-column elementor-col-25 elementor-top-column elementor-element elementor-element-fcf6fa2\" data-id=\"fcf6fa2\" data-element_type=\"column\">\n\t\t\t<div class=\"elementor-widget-wrap elementor-element-populated\">\n\t\t\t\t\t\t<div class=\"elementor-element elementor-element-b287bd1 elementor-widget elementor-widget-image\" data-id=\"b287bd1\" data-element_type=\"widget\" data-widget_type=\"image.default\">\n\t\t\t\t<div class=\"elementor-widget-container\">\n\t\t\t\t\t\t\t\t\t\t\t\t\t\t\t<img loading=\"lazy\" decoding=\"async\" width=\"1024\" height=\"678\" src=\"https:\/\/www.participacionciudadana.org\/web\/wp-content\/uploads\/2022\/10\/8-1024x678.jpeg\" class=\"attachment-large size-large wp-image-3966\" alt=\"\" srcset=\"https:\/\/www.participacionciudadana.org\/web\/wp-content\/uploads\/2022\/10\/8-1024x678.jpeg 1024w, https:\/\/www.participacionciudadana.org\/web\/wp-content\/uploads\/2022\/10\/8-300x199.jpeg 300w, https:\/\/www.participacionciudadana.org\/web\/wp-content\/uploads\/2022\/10\/8-768x508.jpeg 768w, https:\/\/www.participacionciudadana.org\/web\/wp-content\/uploads\/2022\/10\/8.jpeg 1280w\" sizes=\"(max-width: 1024px) 100vw, 1024px\" \/>\t\t\t\t\t\t\t\t\t\t\t\t\t\t\t<\/div>\n\t\t\t\t<\/div>\n\t\t\t\t\t<\/div>\n\t\t<\/div>\n\t\t\t\t\t<\/div>\n\t\t<\/section>\n\t\t\t\t<section class=\"elementor-section elementor-top-section elementor-element elementor-element-73cd562 elementor-section-boxed elementor-section-height-default elementor-section-height-default\" data-id=\"73cd562\" data-element_type=\"section\">\n\t\t\t\t\t\t<div class=\"elementor-container elementor-column-gap-default\">\n\t\t\t\t\t<div class=\"elementor-column elementor-col-100 elementor-top-column elementor-element elementor-element-70a9b5e\" data-id=\"70a9b5e\" data-element_type=\"column\">\n\t\t\t<div class=\"elementor-widget-wrap elementor-element-populated\">\n\t\t\t\t\t\t<div class=\"elementor-element elementor-element-2a5fd7a elementor-widget elementor-widget-image\" data-id=\"2a5fd7a\" data-element_type=\"widget\" data-widget_type=\"image.default\">\n\t\t\t\t<div class=\"elementor-widget-container\">\n\t\t\t\t\t\t\t\t\t\t\t\t\t\t\t<img loading=\"lazy\" decoding=\"async\" width=\"1024\" height=\"678\" src=\"https:\/\/www.participacionciudadana.org\/web\/wp-content\/uploads\/2022\/10\/2-1024x678.jpeg\" class=\"attachment-large size-large wp-image-3960\" alt=\"\" srcset=\"https:\/\/www.participacionciudadana.org\/web\/wp-content\/uploads\/2022\/10\/2-1024x678.jpeg 1024w, https:\/\/www.participacionciudadana.org\/web\/wp-content\/uploads\/2022\/10\/2-300x199.jpeg 300w, https:\/\/www.participacionciudadana.org\/web\/wp-content\/uploads\/2022\/10\/2-768x508.jpeg 768w, https:\/\/www.participacionciudadana.org\/web\/wp-content\/uploads\/2022\/10\/2.jpeg 1280w\" sizes=\"(max-width: 1024px) 100vw, 1024px\" \/>\t\t\t\t\t\t\t\t\t\t\t\t\t\t\t<\/div>\n\t\t\t\t<\/div>\n\t\t\t\t\t<\/div>\n\t\t<\/div>\n\t\t\t\t\t<\/div>\n\t\t<\/section>\n\t\t\t\t<\/div>\n\t\t","protected":false},"excerpt":{"rendered":"<p>Mi\u00e9rcoles, 19 de octubre de 2022 La Corporaci\u00f3n Participaci\u00f3n Ciudadana (PC) y la Escuela de Ciencias Pol\u00edticas y Relaciones Internacionales de la UDLA inauguraron hoy los espacios de di\u00e1logo \u201cY La Democracia Qu\u00e9\u201d, una iniciativa conjunta que busca promover el an\u00e1lisis sobre distintos temas de inter\u00e9s nacional entre la academia y la sociedad civil. En [&hellip;]<\/p>\n","protected":false},"author":7,"featured_media":3957,"comment_status":"open","ping_status":"open","sticky":false,"template":"","format":"standard","meta":{"site-sidebar-layout":"default","site-content-layout":"","ast-site-content-layout":"default","site-content-style":"default","site-sidebar-style":"default","ast-global-header-display":"","ast-banner-title-visibility":"","ast-main-header-display":"","ast-hfb-above-header-display":"","ast-hfb-below-header-display":"","ast-hfb-mobile-header-display":"","site-post-title":"","ast-breadcrumbs-content":"","ast-featured-img":"","footer-sml-layout":"","ast-disable-related-posts":"","theme-transparent-header-meta":"","adv-header-id-meta":"","stick-header-meta":"","header-above-stick-meta":"","header-main-stick-meta":"","header-below-stick-meta":"","astra-migrate-meta-layouts":"default","ast-page-background-enabled":"default","ast-page-background-meta":{"desktop":{"background-color":"","background-image":"","background-repeat":"repeat","background-position":"center center","background-size":"auto","background-attachment":"scroll","background-type":"","background-media":"","overlay-type":"","overlay-color":"","overlay-opacity":"","overlay-gradient":""},"tablet":{"background-color":"","background-image":"","background-repeat":"repeat","background-position":"center center","background-size":"auto","background-attachment":"scroll","background-type":"","background-media":"","overlay-type":"","overlay-color":"","overlay-opacity":"","overlay-gradient":""},"mobile":{"background-color":"","background-image":"","background-repeat":"repeat","background-position":"center center","background-size":"auto","background-attachment":"scroll","background-type":"","background-media":"","overlay-type":"","overlay-color":"","overlay-opacity":"","overlay-gradient":""}},"ast-content-background-meta":{"desktop":{"background-color":"var(--ast-global-color-5)","background-image":"","background-repeat":"repeat","background-position":"center center","background-size":"auto","background-attachment":"scroll","background-type":"","background-media":"","overlay-type":"","overlay-color":"","overlay-opacity":"","overlay-gradient":""},"tablet":{"background-color":"var(--ast-global-color-5)","background-image":"","background-repeat":"repeat","background-position":"center center","background-size":"auto","background-attachment":"scroll","background-type":"","background-media":"","overlay-type":"","overlay-color":"","overlay-opacity":"","overlay-gradient":""},"mobile":{"background-color":"var(--ast-global-color-5)","background-image":"","background-repeat":"repeat","background-position":"center center","background-size":"auto","background-attachment":"scroll","background-type":"","background-media":"","overlay-type":"","overlay-color":"","overlay-opacity":"","overlay-gradient":""}},"_joinchat":[],"footnotes":""},"categories":[78],"tags":[],"class_list":["post-3955","post","type-post","status-publish","format-standard","has-post-thumbnail","hentry","category-boletines"],"yoast_head":"<!-- This site is optimized with the Yoast SEO plugin v26.5 - https:\/\/yoast.com\/wordpress\/plugins\/seo\/ -->\n<title>Se inauguraron los espacios de di\u00e1logo \u201cY La Democracia Qu\u00e9\u201d - Participaci\u00f3n Ciudadana<\/title>\n<meta name=\"robots\" content=\"index, follow, max-snippet:-1, max-image-preview:large, max-video-preview:-1\" \/>\n<link rel=\"canonical\" href=\"https:\/\/www.participacionciudadana.org\/web\/2022\/10\/19\/se-inauguraron-los-espacios-de-dialogo-y-la-democracia-que\/\" \/>\n<meta property=\"og:locale\" content=\"es_ES\" \/>\n<meta property=\"og:type\" content=\"article\" \/>\n<meta property=\"og:title\" content=\"Se inauguraron los espacios de di\u00e1logo \u201cY La Democracia Qu\u00e9\u201d - Participaci\u00f3n Ciudadana\" \/>\n<meta property=\"og:description\" content=\"Mi\u00e9rcoles, 19 de octubre de 2022 La Corporaci\u00f3n Participaci\u00f3n Ciudadana (PC) y la Escuela de Ciencias Pol\u00edticas y Relaciones Internacionales de la UDLA inauguraron hoy los espacios de di\u00e1logo \u201cY La Democracia Qu\u00e9\u201d, una iniciativa conjunta que busca promover el an\u00e1lisis sobre distintos temas de inter\u00e9s nacional entre la academia y la sociedad civil. En [&hellip;]\" \/>\n<meta property=\"og:url\" content=\"https:\/\/www.participacionciudadana.org\/web\/2022\/10\/19\/se-inauguraron-los-espacios-de-dialogo-y-la-democracia-que\/\" \/>\n<meta property=\"og:site_name\" content=\"Participaci\u00f3n Ciudadana\" \/>\n<meta property=\"article:publisher\" content=\"https:\/\/www.facebook.com\/ParticipacionPC\/\" \/>\n<meta property=\"article:published_time\" content=\"2022-10-20T00:14:34+00:00\" \/>\n<meta property=\"article:modified_time\" content=\"2022-10-20T00:25:40+00:00\" \/>\n<meta property=\"og:image\" content=\"https:\/\/www.participacionciudadana.org\/web\/wp-content\/uploads\/2022\/10\/foto.jpeg\" \/>\n\t<meta property=\"og:image:width\" content=\"1000\" \/>\n\t<meta property=\"og:image:height\" content=\"1000\" \/>\n\t<meta property=\"og:image:type\" content=\"image\/jpeg\" \/>\n<meta name=\"author\" content=\"Karen Ramos\" \/>\n<meta name=\"twitter:card\" content=\"summary_large_image\" \/>\n<meta name=\"twitter:creator\" content=\"@ParticipacionPC\" \/>\n<meta name=\"twitter:site\" content=\"@ParticipacionPC\" \/>\n<meta name=\"twitter:label1\" content=\"Escrito por\" \/>\n\t<meta name=\"twitter:data1\" content=\"Karen Ramos\" \/>\n\t<meta name=\"twitter:label2\" content=\"Tiempo de lectura\" \/>\n\t<meta name=\"twitter:data2\" content=\"2 minutos\" \/>\n<script type=\"application\/ld+json\" class=\"yoast-schema-graph\">{\"@context\":\"https:\/\/schema.org\",\"@graph\":[{\"@type\":\"Article\",\"@id\":\"https:\/\/www.participacionciudadana.org\/web\/2022\/10\/19\/se-inauguraron-los-espacios-de-dialogo-y-la-democracia-que\/#article\",\"isPartOf\":{\"@id\":\"https:\/\/www.participacionciudadana.org\/web\/2022\/10\/19\/se-inauguraron-los-espacios-de-dialogo-y-la-democracia-que\/\"},\"author\":{\"name\":\"Karen Ramos\",\"@id\":\"https:\/\/www.participacionciudadana.org\/web\/#\/schema\/person\/7d1c54696e041e527f8fbfd6c9b513ae\"},\"headline\":\"Se inauguraron los espacios de di\u00e1logo \u201cY La Democracia Qu\u00e9\u201d\",\"datePublished\":\"2022-10-20T00:14:34+00:00\",\"dateModified\":\"2022-10-20T00:25:40+00:00\",\"mainEntityOfPage\":{\"@id\":\"https:\/\/www.participacionciudadana.org\/web\/2022\/10\/19\/se-inauguraron-los-espacios-de-dialogo-y-la-democracia-que\/\"},\"wordCount\":364,\"commentCount\":0,\"publisher\":{\"@id\":\"https:\/\/www.participacionciudadana.org\/web\/#organization\"},\"image\":{\"@id\":\"https:\/\/www.participacionciudadana.org\/web\/2022\/10\/19\/se-inauguraron-los-espacios-de-dialogo-y-la-democracia-que\/#primaryimage\"},\"thumbnailUrl\":\"https:\/\/www.participacionciudadana.org\/web\/wp-content\/uploads\/2022\/10\/foto.jpeg\",\"articleSection\":[\"Boletines\"],\"inLanguage\":\"es\",\"potentialAction\":[{\"@type\":\"CommentAction\",\"name\":\"Comment\",\"target\":[\"https:\/\/www.participacionciudadana.org\/web\/2022\/10\/19\/se-inauguraron-los-espacios-de-dialogo-y-la-democracia-que\/#respond\"]}]},{\"@type\":\"WebPage\",\"@id\":\"https:\/\/www.participacionciudadana.org\/web\/2022\/10\/19\/se-inauguraron-los-espacios-de-dialogo-y-la-democracia-que\/\",\"url\":\"https:\/\/www.participacionciudadana.org\/web\/2022\/10\/19\/se-inauguraron-los-espacios-de-dialogo-y-la-democracia-que\/\",\"name\":\"Se inauguraron los espacios de di\u00e1logo \u201cY La Democracia Qu\u00e9\u201d - Participaci\u00f3n Ciudadana\",\"isPartOf\":{\"@id\":\"https:\/\/www.participacionciudadana.org\/web\/#website\"},\"primaryImageOfPage\":{\"@id\":\"https:\/\/www.participacionciudadana.org\/web\/2022\/10\/19\/se-inauguraron-los-espacios-de-dialogo-y-la-democracia-que\/#primaryimage\"},\"image\":{\"@id\":\"https:\/\/www.participacionciudadana.org\/web\/2022\/10\/19\/se-inauguraron-los-espacios-de-dialogo-y-la-democracia-que\/#primaryimage\"},\"thumbnailUrl\":\"https:\/\/www.participacionciudadana.org\/web\/wp-content\/uploads\/2022\/10\/foto.jpeg\",\"datePublished\":\"2022-10-20T00:14:34+00:00\",\"dateModified\":\"2022-10-20T00:25:40+00:00\",\"breadcrumb\":{\"@id\":\"https:\/\/www.participacionciudadana.org\/web\/2022\/10\/19\/se-inauguraron-los-espacios-de-dialogo-y-la-democracia-que\/#breadcrumb\"},\"inLanguage\":\"es\",\"potentialAction\":[{\"@type\":\"ReadAction\",\"target\":[\"https:\/\/www.participacionciudadana.org\/web\/2022\/10\/19\/se-inauguraron-los-espacios-de-dialogo-y-la-democracia-que\/\"]}]},{\"@type\":\"ImageObject\",\"inLanguage\":\"es\",\"@id\":\"https:\/\/www.participacionciudadana.org\/web\/2022\/10\/19\/se-inauguraron-los-espacios-de-dialogo-y-la-democracia-que\/#primaryimage\",\"url\":\"https:\/\/www.participacionciudadana.org\/web\/wp-content\/uploads\/2022\/10\/foto.jpeg\",\"contentUrl\":\"https:\/\/www.participacionciudadana.org\/web\/wp-content\/uploads\/2022\/10\/foto.jpeg\",\"width\":1000,\"height\":1000},{\"@type\":\"BreadcrumbList\",\"@id\":\"https:\/\/www.participacionciudadana.org\/web\/2022\/10\/19\/se-inauguraron-los-espacios-de-dialogo-y-la-democracia-que\/#breadcrumb\",\"itemListElement\":[{\"@type\":\"ListItem\",\"position\":1,\"name\":\"Portada\",\"item\":\"https:\/\/www.participacionciudadana.org\/web\/\"},{\"@type\":\"ListItem\",\"position\":2,\"name\":\"Se inauguraron los espacios de di\u00e1logo \u201cY La Democracia Qu\u00e9\u201d\"}]},{\"@type\":\"WebSite\",\"@id\":\"https:\/\/www.participacionciudadana.org\/web\/#website\",\"url\":\"https:\/\/www.participacionciudadana.org\/web\/\",\"name\":\"Participaci\u00f3n Ciudadana\",\"description\":\"Comprometidos con la democracia\",\"publisher\":{\"@id\":\"https:\/\/www.participacionciudadana.org\/web\/#organization\"},\"potentialAction\":[{\"@type\":\"SearchAction\",\"target\":{\"@type\":\"EntryPoint\",\"urlTemplate\":\"https:\/\/www.participacionciudadana.org\/web\/?s={search_term_string}\"},\"query-input\":{\"@type\":\"PropertyValueSpecification\",\"valueRequired\":true,\"valueName\":\"search_term_string\"}}],\"inLanguage\":\"es\"},{\"@type\":\"Organization\",\"@id\":\"https:\/\/www.participacionciudadana.org\/web\/#organization\",\"name\":\"Participaci\u00f3n Ciudadana\",\"url\":\"https:\/\/www.participacionciudadana.org\/web\/\",\"logo\":{\"@type\":\"ImageObject\",\"inLanguage\":\"es\",\"@id\":\"https:\/\/www.participacionciudadana.org\/web\/#\/schema\/logo\/image\/\",\"url\":\"https:\/\/www.participacionciudadana.org\/web\/wp-content\/uploads\/2021\/11\/cropped-logo_pc-1.png\",\"contentUrl\":\"https:\/\/www.participacionciudadana.org\/web\/wp-content\/uploads\/2021\/11\/cropped-logo_pc-1.png\",\"width\":340,\"height\":114,\"caption\":\"Participaci\u00f3n Ciudadana\"},\"image\":{\"@id\":\"https:\/\/www.participacionciudadana.org\/web\/#\/schema\/logo\/image\/\"},\"sameAs\":[\"https:\/\/www.facebook.com\/ParticipacionPC\/\",\"https:\/\/x.com\/ParticipacionPC\"]},{\"@type\":\"Person\",\"@id\":\"https:\/\/www.participacionciudadana.org\/web\/#\/schema\/person\/7d1c54696e041e527f8fbfd6c9b513ae\",\"name\":\"Karen Ramos\",\"image\":{\"@type\":\"ImageObject\",\"inLanguage\":\"es\",\"@id\":\"https:\/\/www.participacionciudadana.org\/web\/#\/schema\/person\/image\/\",\"url\":\"https:\/\/secure.gravatar.com\/avatar\/286968dbb3bb60217f1c7034fda5fe010f5c132ea9d76191d7dbe615e76f9e88?s=96&d=mm&r=g\",\"contentUrl\":\"https:\/\/secure.gravatar.com\/avatar\/286968dbb3bb60217f1c7034fda5fe010f5c132ea9d76191d7dbe615e76f9e88?s=96&d=mm&r=g\",\"caption\":\"Karen Ramos\"},\"url\":\"https:\/\/www.participacionciudadana.org\/web\/author\/karenliz\/\"}]}<\/script>\n<!-- \/ Yoast SEO plugin. -->","yoast_head_json":{"title":"Se inauguraron los espacios de di\u00e1logo \u201cY La Democracia Qu\u00e9\u201d - Participaci\u00f3n Ciudadana","robots":{"index":"index","follow":"follow","max-snippet":"max-snippet:-1","max-image-preview":"max-image-preview:large","max-video-preview":"max-video-preview:-1"},"canonical":"https:\/\/www.participacionciudadana.org\/web\/2022\/10\/19\/se-inauguraron-los-espacios-de-dialogo-y-la-democracia-que\/","og_locale":"es_ES","og_type":"article","og_title":"Se inauguraron los espacios de di\u00e1logo \u201cY La Democracia Qu\u00e9\u201d - Participaci\u00f3n Ciudadana","og_description":"Mi\u00e9rcoles, 19 de octubre de 2022 La Corporaci\u00f3n Participaci\u00f3n Ciudadana (PC) y la Escuela de Ciencias Pol\u00edticas y Relaciones Internacionales de la UDLA inauguraron hoy los espacios de di\u00e1logo \u201cY La Democracia Qu\u00e9\u201d, una iniciativa conjunta que busca promover el an\u00e1lisis sobre distintos temas de inter\u00e9s nacional entre la academia y la sociedad civil. En [&hellip;]","og_url":"https:\/\/www.participacionciudadana.org\/web\/2022\/10\/19\/se-inauguraron-los-espacios-de-dialogo-y-la-democracia-que\/","og_site_name":"Participaci\u00f3n Ciudadana","article_publisher":"https:\/\/www.facebook.com\/ParticipacionPC\/","article_published_time":"2022-10-20T00:14:34+00:00","article_modified_time":"2022-10-20T00:25:40+00:00","og_image":[{"width":1000,"height":1000,"url":"https:\/\/www.participacionciudadana.org\/web\/wp-content\/uploads\/2022\/10\/foto.jpeg","type":"image\/jpeg"}],"author":"Karen Ramos","twitter_card":"summary_large_image","twitter_creator":"@ParticipacionPC","twitter_site":"@ParticipacionPC","twitter_misc":{"Escrito por":"Karen Ramos","Tiempo de lectura":"2 minutos"},"schema":{"@context":"https:\/\/schema.org","@graph":[{"@type":"Article","@id":"https:\/\/www.participacionciudadana.org\/web\/2022\/10\/19\/se-inauguraron-los-espacios-de-dialogo-y-la-democracia-que\/#article","isPartOf":{"@id":"https:\/\/www.participacionciudadana.org\/web\/2022\/10\/19\/se-inauguraron-los-espacios-de-dialogo-y-la-democracia-que\/"},"author":{"name":"Karen Ramos","@id":"https:\/\/www.participacionciudadana.org\/web\/#\/schema\/person\/7d1c54696e041e527f8fbfd6c9b513ae"},"headline":"Se inauguraron los espacios de di\u00e1logo \u201cY La Democracia Qu\u00e9\u201d","datePublished":"2022-10-20T00:14:34+00:00","dateModified":"2022-10-20T00:25:40+00:00","mainEntityOfPage":{"@id":"https:\/\/www.participacionciudadana.org\/web\/2022\/10\/19\/se-inauguraron-los-espacios-de-dialogo-y-la-democracia-que\/"},"wordCount":364,"commentCount":0,"publisher":{"@id":"https:\/\/www.participacionciudadana.org\/web\/#organization"},"image":{"@id":"https:\/\/www.participacionciudadana.org\/web\/2022\/10\/19\/se-inauguraron-los-espacios-de-dialogo-y-la-democracia-que\/#primaryimage"},"thumbnailUrl":"https:\/\/www.participacionciudadana.org\/web\/wp-content\/uploads\/2022\/10\/foto.jpeg","articleSection":["Boletines"],"inLanguage":"es","potentialAction":[{"@type":"CommentAction","name":"Comment","target":["https:\/\/www.participacionciudadana.org\/web\/2022\/10\/19\/se-inauguraron-los-espacios-de-dialogo-y-la-democracia-que\/#respond"]}]},{"@type":"WebPage","@id":"https:\/\/www.participacionciudadana.org\/web\/2022\/10\/19\/se-inauguraron-los-espacios-de-dialogo-y-la-democracia-que\/","url":"https:\/\/www.participacionciudadana.org\/web\/2022\/10\/19\/se-inauguraron-los-espacios-de-dialogo-y-la-democracia-que\/","name":"Se inauguraron los espacios de di\u00e1logo \u201cY La Democracia Qu\u00e9\u201d - Participaci\u00f3n Ciudadana","isPartOf":{"@id":"https:\/\/www.participacionciudadana.org\/web\/#website"},"primaryImageOfPage":{"@id":"https:\/\/www.participacionciudadana.org\/web\/2022\/10\/19\/se-inauguraron-los-espacios-de-dialogo-y-la-democracia-que\/#primaryimage"},"image":{"@id":"https:\/\/www.participacionciudadana.org\/web\/2022\/10\/19\/se-inauguraron-los-espacios-de-dialogo-y-la-democracia-que\/#primaryimage"},"thumbnailUrl":"https:\/\/www.participacionciudadana.org\/web\/wp-content\/uploads\/2022\/10\/foto.jpeg","datePublished":"2022-10-20T00:14:34+00:00","dateModified":"2022-10-20T00:25:40+00:00","breadcrumb":{"@id":"https:\/\/www.participacionciudadana.org\/web\/2022\/10\/19\/se-inauguraron-los-espacios-de-dialogo-y-la-democracia-que\/#breadcrumb"},"inLanguage":"es","potentialAction":[{"@type":"ReadAction","target":["https:\/\/www.participacionciudadana.org\/web\/2022\/10\/19\/se-inauguraron-los-espacios-de-dialogo-y-la-democracia-que\/"]}]},{"@type":"ImageObject","inLanguage":"es","@id":"https:\/\/www.participacionciudadana.org\/web\/2022\/10\/19\/se-inauguraron-los-espacios-de-dialogo-y-la-democracia-que\/#primaryimage","url":"https:\/\/www.participacionciudadana.org\/web\/wp-content\/uploads\/2022\/10\/foto.jpeg","contentUrl":"https:\/\/www.participacionciudadana.org\/web\/wp-content\/uploads\/2022\/10\/foto.jpeg","width":1000,"height":1000},{"@type":"BreadcrumbList","@id":"https:\/\/www.participacionciudadana.org\/web\/2022\/10\/19\/se-inauguraron-los-espacios-de-dialogo-y-la-democracia-que\/#breadcrumb","itemListElement":[{"@type":"ListItem","position":1,"name":"Portada","item":"https:\/\/www.participacionciudadana.org\/web\/"},{"@type":"ListItem","position":2,"name":"Se inauguraron los espacios de di\u00e1logo \u201cY La Democracia Qu\u00e9\u201d"}]},{"@type":"WebSite","@id":"https:\/\/www.participacionciudadana.org\/web\/#website","url":"https:\/\/www.participacionciudadana.org\/web\/","name":"Participaci\u00f3n Ciudadana","description":"Comprometidos con la democracia","publisher":{"@id":"https:\/\/www.participacionciudadana.org\/web\/#organization"},"potentialAction":[{"@type":"SearchAction","target":{"@type":"EntryPoint","urlTemplate":"https:\/\/www.participacionciudadana.org\/web\/?s={search_term_string}"},"query-input":{"@type":"PropertyValueSpecification","valueRequired":true,"valueName":"search_term_string"}}],"inLanguage":"es"},{"@type":"Organization","@id":"https:\/\/www.participacionciudadana.org\/web\/#organization","name":"Participaci\u00f3n Ciudadana","url":"https:\/\/www.participacionciudadana.org\/web\/","logo":{"@type":"ImageObject","inLanguage":"es","@id":"https:\/\/www.participacionciudadana.org\/web\/#\/schema\/logo\/image\/","url":"https:\/\/www.participacionciudadana.org\/web\/wp-content\/uploads\/2021\/11\/cropped-logo_pc-1.png","contentUrl":"https:\/\/www.participacionciudadana.org\/web\/wp-content\/uploads\/2021\/11\/cropped-logo_pc-1.png","width":340,"height":114,"caption":"Participaci\u00f3n Ciudadana"},"image":{"@id":"https:\/\/www.participacionciudadana.org\/web\/#\/schema\/logo\/image\/"},"sameAs":["https:\/\/www.facebook.com\/ParticipacionPC\/","https:\/\/x.com\/ParticipacionPC"]},{"@type":"Person","@id":"https:\/\/www.participacionciudadana.org\/web\/#\/schema\/person\/7d1c54696e041e527f8fbfd6c9b513ae","name":"Karen Ramos","image":{"@type":"ImageObject","inLanguage":"es","@id":"https:\/\/www.participacionciudadana.org\/web\/#\/schema\/person\/image\/","url":"https:\/\/secure.gravatar.com\/avatar\/286968dbb3bb60217f1c7034fda5fe010f5c132ea9d76191d7dbe615e76f9e88?s=96&d=mm&r=g","contentUrl":"https:\/\/secure.gravatar.com\/avatar\/286968dbb3bb60217f1c7034fda5fe010f5c132ea9d76191d7dbe615e76f9e88?s=96&d=mm&r=g","caption":"Karen Ramos"},"url":"https:\/\/www.participacionciudadana.org\/web\/author\/karenliz\/"}]}},"_links":{"self":[{"href":"https:\/\/www.participacionciudadana.org\/web\/wp-json\/wp\/v2\/posts\/3955","targetHints":{"allow":["GET"]}}],"collection":[{"href":"https:\/\/www.participacionciudadana.org\/web\/wp-json\/wp\/v2\/posts"}],"about":[{"href":"https:\/\/www.participacionciudadana.org\/web\/wp-json\/wp\/v2\/types\/post"}],"author":[{"embeddable":true,"href":"https:\/\/www.participacionciudadana.org\/web\/wp-json\/wp\/v2\/users\/7"}],"replies":[{"embeddable":true,"href":"https:\/\/www.participacionciudadana.org\/web\/wp-json\/wp\/v2\/comments?post=3955"}],"version-history":[{"count":0,"href":"https:\/\/www.participacionciudadana.org\/web\/wp-json\/wp\/v2\/posts\/3955\/revisions"}],"wp:featuredmedia":[{"embeddable":true,"href":"https:\/\/www.participacionciudadana.org\/web\/wp-json\/wp\/v2\/media\/3957"}],"wp:attachment":[{"href":"https:\/\/www.participacionciudadana.org\/web\/wp-json\/wp\/v2\/media?parent=3955"}],"wp:term":[{"taxonomy":"category","embeddable":true,"href":"https:\/\/www.participacionciudadana.org\/web\/wp-json\/wp\/v2\/categories?post=3955"},{"taxonomy":"post_tag","embeddable":true,"href":"https:\/\/www.participacionciudadana.org\/web\/wp-json\/wp\/v2\/tags?post=3955"}],"curies":[{"name":"wp","href":"https:\/\/api.w.org\/{rel}","templated":true}]}}