{"id":3990,"date":"2022-10-26T17:08:42","date_gmt":"2022-10-26T22:08:42","guid":{"rendered":"https:\/\/www.participacionciudadana.org\/web\/?p=3990"},"modified":"2022-10-26T18:06:00","modified_gmt":"2022-10-26T23:06:00","slug":"pc-inicio-los-talleres-sobre-prevencion-y-erradicacion-de-la-violencia-de-genero","status":"publish","type":"post","link":"https:\/\/www.participacionciudadana.org\/web\/2022\/10\/26\/pc-inicio-los-talleres-sobre-prevencion-y-erradicacion-de-la-violencia-de-genero\/","title":{"rendered":"PC inici\u00f3 los talleres sobre prevenci\u00f3n y erradicaci\u00f3n de la violencia de g\u00e9nero"},"content":{"rendered":"\n<p class=\"has-text-align-right\">Mi\u00e9rcoles, 26 de octubre de 2022<\/p>\n\n\n\n<p>Participaci\u00f3n Ciudadana con el apoyo de la Embajada de Canad\u00e1 en Ecuador inici\u00f3 los talleres sobre prevenci\u00f3n y erradicaci\u00f3n de la violencia de g\u00e9nero, en donde se present\u00f3 la <a href=\"https:\/\/www.participacionciudadana.org\/web\/wp-content\/uploads\/2022\/02\/Guia-de-prevencion.pdf\">\u201cGu\u00eda para la prevenci\u00f3n y erradicaci\u00f3n de la violencia de g\u00e9nero en el Ecuador: Una aproximaci\u00f3n a organizaciones pol\u00edticas y a las actividades de los medios de comunicaci\u00f3n\u201d.<\/a><\/p>\n\n\n\n<p>En este encuentro en el que participaron integrantes de partidos pol\u00edticos, representantes de organizaciones, y ciudadan\u00eda en general, se se\u00f1al\u00f3 que estos espacios permiten fortalecernos como sociedad.<\/p>\n\n\n\n<p>\u201cLa lucha en contra de la violencia pol\u00edtica de g\u00e9nero debe ser una tarea diaria de todos\u201d, as\u00ed lo resalt\u00f3 Ruth Hidalgo, directora de Participaci\u00f3n Ciudadana, quien adem\u00e1s a\u00f1adi\u00f3 que \u201cexiste una normalizaci\u00f3n de la violencia estructural contra la mujer en Ecuador, un hecho que, adem\u00e1s, ha sido trasladado a la pol\u00edtica\u201d.<\/p>\n\n\n\n<p>\u201cLa educaci\u00f3n es la clave para repensarnos y formar una nueva sociedad. Erradicar la violencia de g\u00e9nero requiere de un compromiso de sociedad civil, medios de comunicaci\u00f3n, instituciones p\u00fablicas\u201d, as\u00ed lo resalt\u00f3 Juana Fern\u00e1ndez de la Fiscal\u00eda General del Estado.<\/p>\n\n\n\n<p>Por su parte, Mateo Flores de la organizaci\u00f3n Somos Panas indic\u00f3 que \u201cEstos espacios son muy necesarios para generar un &nbsp;verdadero cambio en la participaci\u00f3n pol\u00edica de la mujer y dejar de ser una sociedad machista\u201d.<\/p>\n\n\n\n<p>Alexandra Villalba, representante de sociedad civil, resalt\u00f3 la importancia del rol de la mujer en la sociedad, as\u00ed como la importancia de estos talleres que permiten\u201cfortalecer nuestros conocimientos\u201d, indic\u00f3.<\/p>\n\n\n\n<p>Participaci\u00f3n Ciudadana como una organizaci\u00f3n de sociedad civil comprometida con los derechos de la mujer, hace un llamado a la sociedad a fomentar la participaci\u00f3n pol\u00edtica de la mujer, en igualdad de condiciones, y a rechazar todo tipo de violencia de g\u00e9nero.<\/p>\n\n\n\n<p>#S\u00edHayMujeres<\/p>\n","protected":false},"excerpt":{"rendered":"<p>Mi\u00e9rcoles, 26 de octubre de 2022 Participaci\u00f3n Ciudadana con el apoyo de la Embajada de Canad\u00e1 en Ecuador inici\u00f3 los talleres sobre prevenci\u00f3n y erradicaci\u00f3n de la violencia de g\u00e9nero, en donde se present\u00f3 la \u201cGu\u00eda para la prevenci\u00f3n y erradicaci\u00f3n de la violencia de g\u00e9nero en el Ecuador: Una aproximaci\u00f3n a organizaciones pol\u00edticas y [&hellip;]<\/p>\n","protected":false},"author":7,"featured_media":3991,"comment_status":"open","ping_status":"open","sticky":false,"template":"","format":"standard","meta":{"site-sidebar-layout":"default","site-content-layout":"","ast-site-content-layout":"default","site-content-style":"default","site-sidebar-style":"default","ast-global-header-display":"","ast-banner-title-visibility":"","ast-main-header-display":"","ast-hfb-above-header-display":"","ast-hfb-below-header-display":"","ast-hfb-mobile-header-display":"","site-post-title":"","ast-breadcrumbs-content":"","ast-featured-img":"","footer-sml-layout":"","ast-disable-related-posts":"","theme-transparent-header-meta":"","adv-header-id-meta":"","stick-header-meta":"","header-above-stick-meta":"","header-main-stick-meta":"","header-below-stick-meta":"","astra-migrate-meta-layouts":"default","ast-page-background-enabled":"default","ast-page-background-meta":{"desktop":{"background-color":"","background-image":"","background-repeat":"repeat","background-position":"center center","background-size":"auto","background-attachment":"scroll","background-type":"","background-media":"","overlay-type":"","overlay-color":"","overlay-opacity":"","overlay-gradient":""},"tablet":{"background-color":"","background-image":"","background-repeat":"repeat","background-position":"center center","background-size":"auto","background-attachment":"scroll","background-type":"","background-media":"","overlay-type":"","overlay-color":"","overlay-opacity":"","overlay-gradient":""},"mobile":{"background-color":"","background-image":"","background-repeat":"repeat","background-position":"center center","background-size":"auto","background-attachment":"scroll","background-type":"","background-media":"","overlay-type":"","overlay-color":"","overlay-opacity":"","overlay-gradient":""}},"ast-content-background-meta":{"desktop":{"background-color":"var(--ast-global-color-5)","background-image":"","background-repeat":"repeat","background-position":"center center","background-size":"auto","background-attachment":"scroll","background-type":"","background-media":"","overlay-type":"","overlay-color":"","overlay-opacity":"","overlay-gradient":""},"tablet":{"background-color":"var(--ast-global-color-5)","background-image":"","background-repeat":"repeat","background-position":"center center","background-size":"auto","background-attachment":"scroll","background-type":"","background-media":"","overlay-type":"","overlay-color":"","overlay-opacity":"","overlay-gradient":""},"mobile":{"background-color":"var(--ast-global-color-5)","background-image":"","background-repeat":"repeat","background-position":"center center","background-size":"auto","background-attachment":"scroll","background-type":"","background-media":"","overlay-type":"","overlay-color":"","overlay-opacity":"","overlay-gradient":""}},"_joinchat":[],"footnotes":""},"categories":[78],"tags":[],"class_list":["post-3990","post","type-post","status-publish","format-standard","has-post-thumbnail","hentry","category-boletines"],"yoast_head":"<!-- This site is optimized with the Yoast SEO plugin v26.5 - https:\/\/yoast.com\/wordpress\/plugins\/seo\/ -->\n<title>PC inici\u00f3 los talleres sobre prevenci\u00f3n y erradicaci\u00f3n de la violencia de g\u00e9nero - Participaci\u00f3n Ciudadana<\/title>\n<meta name=\"robots\" content=\"index, follow, max-snippet:-1, max-image-preview:large, max-video-preview:-1\" \/>\n<link rel=\"canonical\" href=\"https:\/\/www.participacionciudadana.org\/web\/2022\/10\/26\/pc-inicio-los-talleres-sobre-prevencion-y-erradicacion-de-la-violencia-de-genero\/\" \/>\n<meta property=\"og:locale\" content=\"es_ES\" \/>\n<meta property=\"og:type\" content=\"article\" \/>\n<meta property=\"og:title\" content=\"PC inici\u00f3 los talleres sobre prevenci\u00f3n y erradicaci\u00f3n de la violencia de g\u00e9nero - Participaci\u00f3n Ciudadana\" \/>\n<meta property=\"og:description\" content=\"Mi\u00e9rcoles, 26 de octubre de 2022 Participaci\u00f3n Ciudadana con el apoyo de la Embajada de Canad\u00e1 en Ecuador inici\u00f3 los talleres sobre prevenci\u00f3n y erradicaci\u00f3n de la violencia de g\u00e9nero, en donde se present\u00f3 la \u201cGu\u00eda para la prevenci\u00f3n y erradicaci\u00f3n de la violencia de g\u00e9nero en el Ecuador: Una aproximaci\u00f3n a organizaciones pol\u00edticas y [&hellip;]\" \/>\n<meta property=\"og:url\" content=\"https:\/\/www.participacionciudadana.org\/web\/2022\/10\/26\/pc-inicio-los-talleres-sobre-prevencion-y-erradicacion-de-la-violencia-de-genero\/\" \/>\n<meta property=\"og:site_name\" content=\"Participaci\u00f3n Ciudadana\" \/>\n<meta property=\"article:publisher\" content=\"https:\/\/www.facebook.com\/ParticipacionPC\/\" \/>\n<meta property=\"article:published_time\" content=\"2022-10-26T22:08:42+00:00\" \/>\n<meta property=\"article:modified_time\" content=\"2022-10-26T23:06:00+00:00\" \/>\n<meta property=\"og:image\" content=\"https:\/\/www.participacionciudadana.org\/web\/wp-content\/uploads\/2022\/10\/1-1.jpeg\" \/>\n\t<meta property=\"og:image:width\" content=\"1000\" \/>\n\t<meta property=\"og:image:height\" content=\"1000\" \/>\n\t<meta property=\"og:image:type\" content=\"image\/jpeg\" \/>\n<meta name=\"author\" content=\"Karen Ramos\" \/>\n<meta name=\"twitter:card\" content=\"summary_large_image\" \/>\n<meta name=\"twitter:creator\" content=\"@ParticipacionPC\" \/>\n<meta name=\"twitter:site\" content=\"@ParticipacionPC\" \/>\n<meta name=\"twitter:label1\" content=\"Escrito por\" \/>\n\t<meta name=\"twitter:data1\" content=\"Karen Ramos\" \/>\n\t<meta name=\"twitter:label2\" content=\"Tiempo de lectura\" \/>\n\t<meta name=\"twitter:data2\" content=\"2 minutos\" \/>\n<script type=\"application\/ld+json\" class=\"yoast-schema-graph\">{\"@context\":\"https:\/\/schema.org\",\"@graph\":[{\"@type\":\"Article\",\"@id\":\"https:\/\/www.participacionciudadana.org\/web\/2022\/10\/26\/pc-inicio-los-talleres-sobre-prevencion-y-erradicacion-de-la-violencia-de-genero\/#article\",\"isPartOf\":{\"@id\":\"https:\/\/www.participacionciudadana.org\/web\/2022\/10\/26\/pc-inicio-los-talleres-sobre-prevencion-y-erradicacion-de-la-violencia-de-genero\/\"},\"author\":{\"name\":\"Karen Ramos\",\"@id\":\"https:\/\/www.participacionciudadana.org\/web\/#\/schema\/person\/7d1c54696e041e527f8fbfd6c9b513ae\"},\"headline\":\"PC inici\u00f3 los talleres sobre prevenci\u00f3n y erradicaci\u00f3n de la violencia de g\u00e9nero\",\"datePublished\":\"2022-10-26T22:08:42+00:00\",\"dateModified\":\"2022-10-26T23:06:00+00:00\",\"mainEntityOfPage\":{\"@id\":\"https:\/\/www.participacionciudadana.org\/web\/2022\/10\/26\/pc-inicio-los-talleres-sobre-prevencion-y-erradicacion-de-la-violencia-de-genero\/\"},\"wordCount\":344,\"commentCount\":0,\"publisher\":{\"@id\":\"https:\/\/www.participacionciudadana.org\/web\/#organization\"},\"image\":{\"@id\":\"https:\/\/www.participacionciudadana.org\/web\/2022\/10\/26\/pc-inicio-los-talleres-sobre-prevencion-y-erradicacion-de-la-violencia-de-genero\/#primaryimage\"},\"thumbnailUrl\":\"https:\/\/www.participacionciudadana.org\/web\/wp-content\/uploads\/2022\/10\/1-1.jpeg\",\"articleSection\":[\"Boletines\"],\"inLanguage\":\"es\",\"potentialAction\":[{\"@type\":\"CommentAction\",\"name\":\"Comment\",\"target\":[\"https:\/\/www.participacionciudadana.org\/web\/2022\/10\/26\/pc-inicio-los-talleres-sobre-prevencion-y-erradicacion-de-la-violencia-de-genero\/#respond\"]}]},{\"@type\":\"WebPage\",\"@id\":\"https:\/\/www.participacionciudadana.org\/web\/2022\/10\/26\/pc-inicio-los-talleres-sobre-prevencion-y-erradicacion-de-la-violencia-de-genero\/\",\"url\":\"https:\/\/www.participacionciudadana.org\/web\/2022\/10\/26\/pc-inicio-los-talleres-sobre-prevencion-y-erradicacion-de-la-violencia-de-genero\/\",\"name\":\"PC inici\u00f3 los talleres sobre prevenci\u00f3n y erradicaci\u00f3n de la violencia de g\u00e9nero - Participaci\u00f3n Ciudadana\",\"isPartOf\":{\"@id\":\"https:\/\/www.participacionciudadana.org\/web\/#website\"},\"primaryImageOfPage\":{\"@id\":\"https:\/\/www.participacionciudadana.org\/web\/2022\/10\/26\/pc-inicio-los-talleres-sobre-prevencion-y-erradicacion-de-la-violencia-de-genero\/#primaryimage\"},\"image\":{\"@id\":\"https:\/\/www.participacionciudadana.org\/web\/2022\/10\/26\/pc-inicio-los-talleres-sobre-prevencion-y-erradicacion-de-la-violencia-de-genero\/#primaryimage\"},\"thumbnailUrl\":\"https:\/\/www.participacionciudadana.org\/web\/wp-content\/uploads\/2022\/10\/1-1.jpeg\",\"datePublished\":\"2022-10-26T22:08:42+00:00\",\"dateModified\":\"2022-10-26T23:06:00+00:00\",\"breadcrumb\":{\"@id\":\"https:\/\/www.participacionciudadana.org\/web\/2022\/10\/26\/pc-inicio-los-talleres-sobre-prevencion-y-erradicacion-de-la-violencia-de-genero\/#breadcrumb\"},\"inLanguage\":\"es\",\"potentialAction\":[{\"@type\":\"ReadAction\",\"target\":[\"https:\/\/www.participacionciudadana.org\/web\/2022\/10\/26\/pc-inicio-los-talleres-sobre-prevencion-y-erradicacion-de-la-violencia-de-genero\/\"]}]},{\"@type\":\"ImageObject\",\"inLanguage\":\"es\",\"@id\":\"https:\/\/www.participacionciudadana.org\/web\/2022\/10\/26\/pc-inicio-los-talleres-sobre-prevencion-y-erradicacion-de-la-violencia-de-genero\/#primaryimage\",\"url\":\"https:\/\/www.participacionciudadana.org\/web\/wp-content\/uploads\/2022\/10\/1-1.jpeg\",\"contentUrl\":\"https:\/\/www.participacionciudadana.org\/web\/wp-content\/uploads\/2022\/10\/1-1.jpeg\",\"width\":1000,\"height\":1000},{\"@type\":\"BreadcrumbList\",\"@id\":\"https:\/\/www.participacionciudadana.org\/web\/2022\/10\/26\/pc-inicio-los-talleres-sobre-prevencion-y-erradicacion-de-la-violencia-de-genero\/#breadcrumb\",\"itemListElement\":[{\"@type\":\"ListItem\",\"position\":1,\"name\":\"Portada\",\"item\":\"https:\/\/www.participacionciudadana.org\/web\/\"},{\"@type\":\"ListItem\",\"position\":2,\"name\":\"PC inici\u00f3 los talleres sobre prevenci\u00f3n y erradicaci\u00f3n de la violencia de g\u00e9nero\"}]},{\"@type\":\"WebSite\",\"@id\":\"https:\/\/www.participacionciudadana.org\/web\/#website\",\"url\":\"https:\/\/www.participacionciudadana.org\/web\/\",\"name\":\"Participaci\u00f3n Ciudadana\",\"description\":\"Comprometidos con la democracia\",\"publisher\":{\"@id\":\"https:\/\/www.participacionciudadana.org\/web\/#organization\"},\"potentialAction\":[{\"@type\":\"SearchAction\",\"target\":{\"@type\":\"EntryPoint\",\"urlTemplate\":\"https:\/\/www.participacionciudadana.org\/web\/?s={search_term_string}\"},\"query-input\":{\"@type\":\"PropertyValueSpecification\",\"valueRequired\":true,\"valueName\":\"search_term_string\"}}],\"inLanguage\":\"es\"},{\"@type\":\"Organization\",\"@id\":\"https:\/\/www.participacionciudadana.org\/web\/#organization\",\"name\":\"Participaci\u00f3n Ciudadana\",\"url\":\"https:\/\/www.participacionciudadana.org\/web\/\",\"logo\":{\"@type\":\"ImageObject\",\"inLanguage\":\"es\",\"@id\":\"https:\/\/www.participacionciudadana.org\/web\/#\/schema\/logo\/image\/\",\"url\":\"https:\/\/www.participacionciudadana.org\/web\/wp-content\/uploads\/2021\/11\/cropped-logo_pc-1.png\",\"contentUrl\":\"https:\/\/www.participacionciudadana.org\/web\/wp-content\/uploads\/2021\/11\/cropped-logo_pc-1.png\",\"width\":340,\"height\":114,\"caption\":\"Participaci\u00f3n Ciudadana\"},\"image\":{\"@id\":\"https:\/\/www.participacionciudadana.org\/web\/#\/schema\/logo\/image\/\"},\"sameAs\":[\"https:\/\/www.facebook.com\/ParticipacionPC\/\",\"https:\/\/x.com\/ParticipacionPC\"]},{\"@type\":\"Person\",\"@id\":\"https:\/\/www.participacionciudadana.org\/web\/#\/schema\/person\/7d1c54696e041e527f8fbfd6c9b513ae\",\"name\":\"Karen Ramos\",\"image\":{\"@type\":\"ImageObject\",\"inLanguage\":\"es\",\"@id\":\"https:\/\/www.participacionciudadana.org\/web\/#\/schema\/person\/image\/\",\"url\":\"https:\/\/secure.gravatar.com\/avatar\/286968dbb3bb60217f1c7034fda5fe010f5c132ea9d76191d7dbe615e76f9e88?s=96&d=mm&r=g\",\"contentUrl\":\"https:\/\/secure.gravatar.com\/avatar\/286968dbb3bb60217f1c7034fda5fe010f5c132ea9d76191d7dbe615e76f9e88?s=96&d=mm&r=g\",\"caption\":\"Karen Ramos\"},\"url\":\"https:\/\/www.participacionciudadana.org\/web\/author\/karenliz\/\"}]}<\/script>\n<!-- \/ Yoast SEO plugin. -->","yoast_head_json":{"title":"PC inici\u00f3 los talleres sobre prevenci\u00f3n y erradicaci\u00f3n de la violencia de g\u00e9nero - Participaci\u00f3n Ciudadana","robots":{"index":"index","follow":"follow","max-snippet":"max-snippet:-1","max-image-preview":"max-image-preview:large","max-video-preview":"max-video-preview:-1"},"canonical":"https:\/\/www.participacionciudadana.org\/web\/2022\/10\/26\/pc-inicio-los-talleres-sobre-prevencion-y-erradicacion-de-la-violencia-de-genero\/","og_locale":"es_ES","og_type":"article","og_title":"PC inici\u00f3 los talleres sobre prevenci\u00f3n y erradicaci\u00f3n de la violencia de g\u00e9nero - Participaci\u00f3n Ciudadana","og_description":"Mi\u00e9rcoles, 26 de octubre de 2022 Participaci\u00f3n Ciudadana con el apoyo de la Embajada de Canad\u00e1 en Ecuador inici\u00f3 los talleres sobre prevenci\u00f3n y erradicaci\u00f3n de la violencia de g\u00e9nero, en donde se present\u00f3 la \u201cGu\u00eda para la prevenci\u00f3n y erradicaci\u00f3n de la violencia de g\u00e9nero en el Ecuador: Una aproximaci\u00f3n a organizaciones pol\u00edticas y [&hellip;]","og_url":"https:\/\/www.participacionciudadana.org\/web\/2022\/10\/26\/pc-inicio-los-talleres-sobre-prevencion-y-erradicacion-de-la-violencia-de-genero\/","og_site_name":"Participaci\u00f3n Ciudadana","article_publisher":"https:\/\/www.facebook.com\/ParticipacionPC\/","article_published_time":"2022-10-26T22:08:42+00:00","article_modified_time":"2022-10-26T23:06:00+00:00","og_image":[{"width":1000,"height":1000,"url":"https:\/\/www.participacionciudadana.org\/web\/wp-content\/uploads\/2022\/10\/1-1.jpeg","type":"image\/jpeg"}],"author":"Karen Ramos","twitter_card":"summary_large_image","twitter_creator":"@ParticipacionPC","twitter_site":"@ParticipacionPC","twitter_misc":{"Escrito por":"Karen Ramos","Tiempo de lectura":"2 minutos"},"schema":{"@context":"https:\/\/schema.org","@graph":[{"@type":"Article","@id":"https:\/\/www.participacionciudadana.org\/web\/2022\/10\/26\/pc-inicio-los-talleres-sobre-prevencion-y-erradicacion-de-la-violencia-de-genero\/#article","isPartOf":{"@id":"https:\/\/www.participacionciudadana.org\/web\/2022\/10\/26\/pc-inicio-los-talleres-sobre-prevencion-y-erradicacion-de-la-violencia-de-genero\/"},"author":{"name":"Karen Ramos","@id":"https:\/\/www.participacionciudadana.org\/web\/#\/schema\/person\/7d1c54696e041e527f8fbfd6c9b513ae"},"headline":"PC inici\u00f3 los talleres sobre prevenci\u00f3n y erradicaci\u00f3n de la violencia de g\u00e9nero","datePublished":"2022-10-26T22:08:42+00:00","dateModified":"2022-10-26T23:06:00+00:00","mainEntityOfPage":{"@id":"https:\/\/www.participacionciudadana.org\/web\/2022\/10\/26\/pc-inicio-los-talleres-sobre-prevencion-y-erradicacion-de-la-violencia-de-genero\/"},"wordCount":344,"commentCount":0,"publisher":{"@id":"https:\/\/www.participacionciudadana.org\/web\/#organization"},"image":{"@id":"https:\/\/www.participacionciudadana.org\/web\/2022\/10\/26\/pc-inicio-los-talleres-sobre-prevencion-y-erradicacion-de-la-violencia-de-genero\/#primaryimage"},"thumbnailUrl":"https:\/\/www.participacionciudadana.org\/web\/wp-content\/uploads\/2022\/10\/1-1.jpeg","articleSection":["Boletines"],"inLanguage":"es","potentialAction":[{"@type":"CommentAction","name":"Comment","target":["https:\/\/www.participacionciudadana.org\/web\/2022\/10\/26\/pc-inicio-los-talleres-sobre-prevencion-y-erradicacion-de-la-violencia-de-genero\/#respond"]}]},{"@type":"WebPage","@id":"https:\/\/www.participacionciudadana.org\/web\/2022\/10\/26\/pc-inicio-los-talleres-sobre-prevencion-y-erradicacion-de-la-violencia-de-genero\/","url":"https:\/\/www.participacionciudadana.org\/web\/2022\/10\/26\/pc-inicio-los-talleres-sobre-prevencion-y-erradicacion-de-la-violencia-de-genero\/","name":"PC inici\u00f3 los talleres sobre prevenci\u00f3n y erradicaci\u00f3n de la violencia de g\u00e9nero - Participaci\u00f3n Ciudadana","isPartOf":{"@id":"https:\/\/www.participacionciudadana.org\/web\/#website"},"primaryImageOfPage":{"@id":"https:\/\/www.participacionciudadana.org\/web\/2022\/10\/26\/pc-inicio-los-talleres-sobre-prevencion-y-erradicacion-de-la-violencia-de-genero\/#primaryimage"},"image":{"@id":"https:\/\/www.participacionciudadana.org\/web\/2022\/10\/26\/pc-inicio-los-talleres-sobre-prevencion-y-erradicacion-de-la-violencia-de-genero\/#primaryimage"},"thumbnailUrl":"https:\/\/www.participacionciudadana.org\/web\/wp-content\/uploads\/2022\/10\/1-1.jpeg","datePublished":"2022-10-26T22:08:42+00:00","dateModified":"2022-10-26T23:06:00+00:00","breadcrumb":{"@id":"https:\/\/www.participacionciudadana.org\/web\/2022\/10\/26\/pc-inicio-los-talleres-sobre-prevencion-y-erradicacion-de-la-violencia-de-genero\/#breadcrumb"},"inLanguage":"es","potentialAction":[{"@type":"ReadAction","target":["https:\/\/www.participacionciudadana.org\/web\/2022\/10\/26\/pc-inicio-los-talleres-sobre-prevencion-y-erradicacion-de-la-violencia-de-genero\/"]}]},{"@type":"ImageObject","inLanguage":"es","@id":"https:\/\/www.participacionciudadana.org\/web\/2022\/10\/26\/pc-inicio-los-talleres-sobre-prevencion-y-erradicacion-de-la-violencia-de-genero\/#primaryimage","url":"https:\/\/www.participacionciudadana.org\/web\/wp-content\/uploads\/2022\/10\/1-1.jpeg","contentUrl":"https:\/\/www.participacionciudadana.org\/web\/wp-content\/uploads\/2022\/10\/1-1.jpeg","width":1000,"height":1000},{"@type":"BreadcrumbList","@id":"https:\/\/www.participacionciudadana.org\/web\/2022\/10\/26\/pc-inicio-los-talleres-sobre-prevencion-y-erradicacion-de-la-violencia-de-genero\/#breadcrumb","itemListElement":[{"@type":"ListItem","position":1,"name":"Portada","item":"https:\/\/www.participacionciudadana.org\/web\/"},{"@type":"ListItem","position":2,"name":"PC inici\u00f3 los talleres sobre prevenci\u00f3n y erradicaci\u00f3n de la violencia de g\u00e9nero"}]},{"@type":"WebSite","@id":"https:\/\/www.participacionciudadana.org\/web\/#website","url":"https:\/\/www.participacionciudadana.org\/web\/","name":"Participaci\u00f3n Ciudadana","description":"Comprometidos con la democracia","publisher":{"@id":"https:\/\/www.participacionciudadana.org\/web\/#organization"},"potentialAction":[{"@type":"SearchAction","target":{"@type":"EntryPoint","urlTemplate":"https:\/\/www.participacionciudadana.org\/web\/?s={search_term_string}"},"query-input":{"@type":"PropertyValueSpecification","valueRequired":true,"valueName":"search_term_string"}}],"inLanguage":"es"},{"@type":"Organization","@id":"https:\/\/www.participacionciudadana.org\/web\/#organization","name":"Participaci\u00f3n Ciudadana","url":"https:\/\/www.participacionciudadana.org\/web\/","logo":{"@type":"ImageObject","inLanguage":"es","@id":"https:\/\/www.participacionciudadana.org\/web\/#\/schema\/logo\/image\/","url":"https:\/\/www.participacionciudadana.org\/web\/wp-content\/uploads\/2021\/11\/cropped-logo_pc-1.png","contentUrl":"https:\/\/www.participacionciudadana.org\/web\/wp-content\/uploads\/2021\/11\/cropped-logo_pc-1.png","width":340,"height":114,"caption":"Participaci\u00f3n Ciudadana"},"image":{"@id":"https:\/\/www.participacionciudadana.org\/web\/#\/schema\/logo\/image\/"},"sameAs":["https:\/\/www.facebook.com\/ParticipacionPC\/","https:\/\/x.com\/ParticipacionPC"]},{"@type":"Person","@id":"https:\/\/www.participacionciudadana.org\/web\/#\/schema\/person\/7d1c54696e041e527f8fbfd6c9b513ae","name":"Karen Ramos","image":{"@type":"ImageObject","inLanguage":"es","@id":"https:\/\/www.participacionciudadana.org\/web\/#\/schema\/person\/image\/","url":"https:\/\/secure.gravatar.com\/avatar\/286968dbb3bb60217f1c7034fda5fe010f5c132ea9d76191d7dbe615e76f9e88?s=96&d=mm&r=g","contentUrl":"https:\/\/secure.gravatar.com\/avatar\/286968dbb3bb60217f1c7034fda5fe010f5c132ea9d76191d7dbe615e76f9e88?s=96&d=mm&r=g","caption":"Karen Ramos"},"url":"https:\/\/www.participacionciudadana.org\/web\/author\/karenliz\/"}]}},"_links":{"self":[{"href":"https:\/\/www.participacionciudadana.org\/web\/wp-json\/wp\/v2\/posts\/3990","targetHints":{"allow":["GET"]}}],"collection":[{"href":"https:\/\/www.participacionciudadana.org\/web\/wp-json\/wp\/v2\/posts"}],"about":[{"href":"https:\/\/www.participacionciudadana.org\/web\/wp-json\/wp\/v2\/types\/post"}],"author":[{"embeddable":true,"href":"https:\/\/www.participacionciudadana.org\/web\/wp-json\/wp\/v2\/users\/7"}],"replies":[{"embeddable":true,"href":"https:\/\/www.participacionciudadana.org\/web\/wp-json\/wp\/v2\/comments?post=3990"}],"version-history":[{"count":0,"href":"https:\/\/www.participacionciudadana.org\/web\/wp-json\/wp\/v2\/posts\/3990\/revisions"}],"wp:featuredmedia":[{"embeddable":true,"href":"https:\/\/www.participacionciudadana.org\/web\/wp-json\/wp\/v2\/media\/3991"}],"wp:attachment":[{"href":"https:\/\/www.participacionciudadana.org\/web\/wp-json\/wp\/v2\/media?parent=3990"}],"wp:term":[{"taxonomy":"category","embeddable":true,"href":"https:\/\/www.participacionciudadana.org\/web\/wp-json\/wp\/v2\/categories?post=3990"},{"taxonomy":"post_tag","embeddable":true,"href":"https:\/\/www.participacionciudadana.org\/web\/wp-json\/wp\/v2\/tags?post=3990"}],"curies":[{"name":"wp","href":"https:\/\/api.w.org\/{rel}","templated":true}]}}