{"id":4491,"date":"2023-01-11T22:28:02","date_gmt":"2023-01-12T03:28:02","guid":{"rendered":"https:\/\/www.participacionciudadana.org\/web\/?p=4491"},"modified":"2023-01-26T12:59:26","modified_gmt":"2023-01-26T17:59:26","slug":"pc-conmemora-20-anos-de-trabajo-por-el-fortalecimiento-de-la-democracia-en-pais","status":"publish","type":"post","link":"https:\/\/www.participacionciudadana.org\/web\/2023\/01\/11\/pc-conmemora-20-anos-de-trabajo-por-el-fortalecimiento-de-la-democracia-en-pais\/","title":{"rendered":"PC conmemora 20 a\u00f1os de trabajo por el fortalecimiento de la democracia en pa\u00eds"},"content":{"rendered":"\n<p class=\"has-text-align-right\">12 de enero de 2023<\/p>\n\n\n\n<figure class=\"wp-block-video aligncenter\"><video height=\"640\" style=\"aspect-ratio: 640 \/ 640;\" width=\"640\" controls src=\"https:\/\/www.participacionciudadana.org\/web\/wp-content\/uploads\/2023\/01\/video-20-anos.mp4\"><\/video><\/figure>\n\n\n\n<p>La Corporaci\u00f3n Participaci\u00f3n Ciudadana (PC) conmemora 20 a\u00f1os de trabajo por el fortalecimiento de la democracia en pa\u00eds, con un evento en el que se realizar\u00e1 un repaso por la labor ejercida en favor de la institucionalidad democr\u00e1tica del Ecuador, la transparencia en la vida p\u00fablica, la veedur\u00eda social y el control ciudadano, entre otros.<\/p>\n\n\n\n<p>PC es una organizaci\u00f3n de la sociedad civil, sin fines de lucro, que fue constituida el 12 de julio de 2002, y que se ha caracterizado por trabajar en el liderazgo democr\u00e1tico en el pa\u00eds, promoviendo una verdadera participaci\u00f3n ciudadana, principalmente, a trav\u00e9s de la amplia observaci\u00f3n electoral en los distintos procesos que se han llevado a cabo en el Ecuador.<\/p>\n\n\n\n<p>En estos a\u00f1os la labor y compromiso de PC con el pa\u00eds se ha extendido mucho m\u00e1s all\u00e1 del \u00e1mbito electoral y nos hemos involucrado en el desarrollo de campa\u00f1as c\u00edvicas; en la promoci\u00f3n de un Pacto \u00c9tico, con temas fundamentales para el pa\u00eds; en proyectos sobre transparencia fiscal; monitoreo sobre la violencia pol\u00edtica contra mujeres en redes sociales; as\u00ed como en la formaci\u00f3n de j\u00f3venes l\u00edderes.<\/p>\n\n\n\n<p>Al cumplir 20 a\u00f1os, reiteramos nuestra firme voluntad de continuar trabajando, activamente, con el objetivo de lograr un pa\u00eds con identidad, justicia, institucionalidad democr\u00e1tica, participaci\u00f3n ciudadana y transparencia.<\/p>\n\n\n\n<p>El evento se llevar\u00e1 cabo, este jueves, 12 de enero, a las 18:00 en el Jard\u00edn Bot\u00e1nico, ubicado dentro del parque La Carolina<\/p>\n\n\n\n<p><strong><em>Contacto de Prensa:<br>Karen Ramos<br>096 328 2774<\/em><\/strong><\/p>\n\n\n\n<p><\/p>\n\n\n\n<p><\/p>\n","protected":false},"excerpt":{"rendered":"<p>12 de enero de 2023 La Corporaci\u00f3n Participaci\u00f3n Ciudadana (PC) conmemora 20 a\u00f1os de trabajo por el fortalecimiento de la democracia en pa\u00eds, con un evento en el que se realizar\u00e1 un repaso por la labor ejercida en favor de la institucionalidad democr\u00e1tica del Ecuador, la transparencia en la vida p\u00fablica, la veedur\u00eda social y [&hellip;]<\/p>\n","protected":false},"author":7,"featured_media":0,"comment_status":"open","ping_status":"open","sticky":false,"template":"","format":"standard","meta":{"site-sidebar-layout":"default","site-content-layout":"","ast-site-content-layout":"default","site-content-style":"default","site-sidebar-style":"default","ast-global-header-display":"","ast-banner-title-visibility":"","ast-main-header-display":"","ast-hfb-above-header-display":"","ast-hfb-below-header-display":"","ast-hfb-mobile-header-display":"","site-post-title":"","ast-breadcrumbs-content":"","ast-featured-img":"","footer-sml-layout":"","ast-disable-related-posts":"","theme-transparent-header-meta":"","adv-header-id-meta":"","stick-header-meta":"","header-above-stick-meta":"","header-main-stick-meta":"","header-below-stick-meta":"","astra-migrate-meta-layouts":"default","ast-page-background-enabled":"default","ast-page-background-meta":{"desktop":{"background-color":"","background-image":"","background-repeat":"repeat","background-position":"center center","background-size":"auto","background-attachment":"scroll","background-type":"","background-media":"","overlay-type":"","overlay-color":"","overlay-opacity":"","overlay-gradient":""},"tablet":{"background-color":"","background-image":"","background-repeat":"repeat","background-position":"center center","background-size":"auto","background-attachment":"scroll","background-type":"","background-media":"","overlay-type":"","overlay-color":"","overlay-opacity":"","overlay-gradient":""},"mobile":{"background-color":"","background-image":"","background-repeat":"repeat","background-position":"center center","background-size":"auto","background-attachment":"scroll","background-type":"","background-media":"","overlay-type":"","overlay-color":"","overlay-opacity":"","overlay-gradient":""}},"ast-content-background-meta":{"desktop":{"background-color":"var(--ast-global-color-5)","background-image":"","background-repeat":"repeat","background-position":"center center","background-size":"auto","background-attachment":"scroll","background-type":"","background-media":"","overlay-type":"","overlay-color":"","overlay-opacity":"","overlay-gradient":""},"tablet":{"background-color":"var(--ast-global-color-5)","background-image":"","background-repeat":"repeat","background-position":"center center","background-size":"auto","background-attachment":"scroll","background-type":"","background-media":"","overlay-type":"","overlay-color":"","overlay-opacity":"","overlay-gradient":""},"mobile":{"background-color":"var(--ast-global-color-5)","background-image":"","background-repeat":"repeat","background-position":"center center","background-size":"auto","background-attachment":"scroll","background-type":"","background-media":"","overlay-type":"","overlay-color":"","overlay-opacity":"","overlay-gradient":""}},"_joinchat":[],"footnotes":""},"categories":[78],"tags":[],"class_list":["post-4491","post","type-post","status-publish","format-standard","hentry","category-boletines"],"yoast_head":"<!-- This site is optimized with the Yoast SEO plugin v26.5 - https:\/\/yoast.com\/wordpress\/plugins\/seo\/ -->\n<title>PC conmemora 20 a\u00f1os de trabajo por el fortalecimiento de la democracia en pa\u00eds - Participaci\u00f3n Ciudadana<\/title>\n<meta name=\"robots\" content=\"index, follow, max-snippet:-1, max-image-preview:large, max-video-preview:-1\" \/>\n<link rel=\"canonical\" href=\"https:\/\/www.participacionciudadana.org\/web\/2023\/01\/11\/pc-conmemora-20-anos-de-trabajo-por-el-fortalecimiento-de-la-democracia-en-pais\/\" \/>\n<meta property=\"og:locale\" content=\"es_ES\" \/>\n<meta property=\"og:type\" content=\"article\" \/>\n<meta property=\"og:title\" content=\"PC conmemora 20 a\u00f1os de trabajo por el fortalecimiento de la democracia en pa\u00eds - Participaci\u00f3n Ciudadana\" \/>\n<meta property=\"og:description\" content=\"12 de enero de 2023 La Corporaci\u00f3n Participaci\u00f3n Ciudadana (PC) conmemora 20 a\u00f1os de trabajo por el fortalecimiento de la democracia en pa\u00eds, con un evento en el que se realizar\u00e1 un repaso por la labor ejercida en favor de la institucionalidad democr\u00e1tica del Ecuador, la transparencia en la vida p\u00fablica, la veedur\u00eda social y [&hellip;]\" \/>\n<meta property=\"og:url\" content=\"https:\/\/www.participacionciudadana.org\/web\/2023\/01\/11\/pc-conmemora-20-anos-de-trabajo-por-el-fortalecimiento-de-la-democracia-en-pais\/\" \/>\n<meta property=\"og:site_name\" content=\"Participaci\u00f3n Ciudadana\" \/>\n<meta property=\"article:publisher\" content=\"https:\/\/www.facebook.com\/ParticipacionPC\/\" \/>\n<meta property=\"article:published_time\" content=\"2023-01-12T03:28:02+00:00\" \/>\n<meta property=\"article:modified_time\" content=\"2023-01-26T17:59:26+00:00\" \/>\n<meta name=\"author\" content=\"Karen Ramos\" \/>\n<meta name=\"twitter:card\" content=\"summary_large_image\" \/>\n<meta name=\"twitter:creator\" content=\"@ParticipacionPC\" \/>\n<meta name=\"twitter:site\" content=\"@ParticipacionPC\" \/>\n<meta name=\"twitter:label1\" content=\"Escrito por\" \/>\n\t<meta name=\"twitter:data1\" content=\"Karen Ramos\" \/>\n\t<meta name=\"twitter:label2\" content=\"Tiempo de lectura\" \/>\n\t<meta name=\"twitter:data2\" content=\"1 minuto\" \/>\n<script type=\"application\/ld+json\" class=\"yoast-schema-graph\">{\"@context\":\"https:\/\/schema.org\",\"@graph\":[{\"@type\":\"Article\",\"@id\":\"https:\/\/www.participacionciudadana.org\/web\/2023\/01\/11\/pc-conmemora-20-anos-de-trabajo-por-el-fortalecimiento-de-la-democracia-en-pais\/#article\",\"isPartOf\":{\"@id\":\"https:\/\/www.participacionciudadana.org\/web\/2023\/01\/11\/pc-conmemora-20-anos-de-trabajo-por-el-fortalecimiento-de-la-democracia-en-pais\/\"},\"author\":{\"name\":\"Karen Ramos\",\"@id\":\"https:\/\/www.participacionciudadana.org\/web\/#\/schema\/person\/7d1c54696e041e527f8fbfd6c9b513ae\"},\"headline\":\"PC conmemora 20 a\u00f1os de trabajo por el fortalecimiento de la democracia en pa\u00eds\",\"datePublished\":\"2023-01-12T03:28:02+00:00\",\"dateModified\":\"2023-01-26T17:59:26+00:00\",\"mainEntityOfPage\":{\"@id\":\"https:\/\/www.participacionciudadana.org\/web\/2023\/01\/11\/pc-conmemora-20-anos-de-trabajo-por-el-fortalecimiento-de-la-democracia-en-pais\/\"},\"wordCount\":281,\"commentCount\":0,\"publisher\":{\"@id\":\"https:\/\/www.participacionciudadana.org\/web\/#organization\"},\"articleSection\":[\"Boletines\"],\"inLanguage\":\"es\",\"potentialAction\":[{\"@type\":\"CommentAction\",\"name\":\"Comment\",\"target\":[\"https:\/\/www.participacionciudadana.org\/web\/2023\/01\/11\/pc-conmemora-20-anos-de-trabajo-por-el-fortalecimiento-de-la-democracia-en-pais\/#respond\"]}]},{\"@type\":\"WebPage\",\"@id\":\"https:\/\/www.participacionciudadana.org\/web\/2023\/01\/11\/pc-conmemora-20-anos-de-trabajo-por-el-fortalecimiento-de-la-democracia-en-pais\/\",\"url\":\"https:\/\/www.participacionciudadana.org\/web\/2023\/01\/11\/pc-conmemora-20-anos-de-trabajo-por-el-fortalecimiento-de-la-democracia-en-pais\/\",\"name\":\"PC conmemora 20 a\u00f1os de trabajo por el fortalecimiento de la democracia en pa\u00eds - Participaci\u00f3n Ciudadana\",\"isPartOf\":{\"@id\":\"https:\/\/www.participacionciudadana.org\/web\/#website\"},\"datePublished\":\"2023-01-12T03:28:02+00:00\",\"dateModified\":\"2023-01-26T17:59:26+00:00\",\"breadcrumb\":{\"@id\":\"https:\/\/www.participacionciudadana.org\/web\/2023\/01\/11\/pc-conmemora-20-anos-de-trabajo-por-el-fortalecimiento-de-la-democracia-en-pais\/#breadcrumb\"},\"inLanguage\":\"es\",\"potentialAction\":[{\"@type\":\"ReadAction\",\"target\":[\"https:\/\/www.participacionciudadana.org\/web\/2023\/01\/11\/pc-conmemora-20-anos-de-trabajo-por-el-fortalecimiento-de-la-democracia-en-pais\/\"]}]},{\"@type\":\"BreadcrumbList\",\"@id\":\"https:\/\/www.participacionciudadana.org\/web\/2023\/01\/11\/pc-conmemora-20-anos-de-trabajo-por-el-fortalecimiento-de-la-democracia-en-pais\/#breadcrumb\",\"itemListElement\":[{\"@type\":\"ListItem\",\"position\":1,\"name\":\"Portada\",\"item\":\"https:\/\/www.participacionciudadana.org\/web\/\"},{\"@type\":\"ListItem\",\"position\":2,\"name\":\"PC conmemora 20 a\u00f1os de trabajo por el fortalecimiento de la democracia en pa\u00eds\"}]},{\"@type\":\"WebSite\",\"@id\":\"https:\/\/www.participacionciudadana.org\/web\/#website\",\"url\":\"https:\/\/www.participacionciudadana.org\/web\/\",\"name\":\"Participaci\u00f3n Ciudadana\",\"description\":\"Comprometidos con la democracia\",\"publisher\":{\"@id\":\"https:\/\/www.participacionciudadana.org\/web\/#organization\"},\"potentialAction\":[{\"@type\":\"SearchAction\",\"target\":{\"@type\":\"EntryPoint\",\"urlTemplate\":\"https:\/\/www.participacionciudadana.org\/web\/?s={search_term_string}\"},\"query-input\":{\"@type\":\"PropertyValueSpecification\",\"valueRequired\":true,\"valueName\":\"search_term_string\"}}],\"inLanguage\":\"es\"},{\"@type\":\"Organization\",\"@id\":\"https:\/\/www.participacionciudadana.org\/web\/#organization\",\"name\":\"Participaci\u00f3n Ciudadana\",\"url\":\"https:\/\/www.participacionciudadana.org\/web\/\",\"logo\":{\"@type\":\"ImageObject\",\"inLanguage\":\"es\",\"@id\":\"https:\/\/www.participacionciudadana.org\/web\/#\/schema\/logo\/image\/\",\"url\":\"https:\/\/www.participacionciudadana.org\/web\/wp-content\/uploads\/2021\/11\/cropped-logo_pc-1.png\",\"contentUrl\":\"https:\/\/www.participacionciudadana.org\/web\/wp-content\/uploads\/2021\/11\/cropped-logo_pc-1.png\",\"width\":340,\"height\":114,\"caption\":\"Participaci\u00f3n Ciudadana\"},\"image\":{\"@id\":\"https:\/\/www.participacionciudadana.org\/web\/#\/schema\/logo\/image\/\"},\"sameAs\":[\"https:\/\/www.facebook.com\/ParticipacionPC\/\",\"https:\/\/x.com\/ParticipacionPC\"]},{\"@type\":\"Person\",\"@id\":\"https:\/\/www.participacionciudadana.org\/web\/#\/schema\/person\/7d1c54696e041e527f8fbfd6c9b513ae\",\"name\":\"Karen Ramos\",\"image\":{\"@type\":\"ImageObject\",\"inLanguage\":\"es\",\"@id\":\"https:\/\/www.participacionciudadana.org\/web\/#\/schema\/person\/image\/\",\"url\":\"https:\/\/secure.gravatar.com\/avatar\/286968dbb3bb60217f1c7034fda5fe010f5c132ea9d76191d7dbe615e76f9e88?s=96&d=mm&r=g\",\"contentUrl\":\"https:\/\/secure.gravatar.com\/avatar\/286968dbb3bb60217f1c7034fda5fe010f5c132ea9d76191d7dbe615e76f9e88?s=96&d=mm&r=g\",\"caption\":\"Karen Ramos\"},\"url\":\"https:\/\/www.participacionciudadana.org\/web\/author\/karenliz\/\"}]}<\/script>\n<!-- \/ Yoast SEO plugin. -->","yoast_head_json":{"title":"PC conmemora 20 a\u00f1os de trabajo por el fortalecimiento de la democracia en pa\u00eds - Participaci\u00f3n Ciudadana","robots":{"index":"index","follow":"follow","max-snippet":"max-snippet:-1","max-image-preview":"max-image-preview:large","max-video-preview":"max-video-preview:-1"},"canonical":"https:\/\/www.participacionciudadana.org\/web\/2023\/01\/11\/pc-conmemora-20-anos-de-trabajo-por-el-fortalecimiento-de-la-democracia-en-pais\/","og_locale":"es_ES","og_type":"article","og_title":"PC conmemora 20 a\u00f1os de trabajo por el fortalecimiento de la democracia en pa\u00eds - Participaci\u00f3n Ciudadana","og_description":"12 de enero de 2023 La Corporaci\u00f3n Participaci\u00f3n Ciudadana (PC) conmemora 20 a\u00f1os de trabajo por el fortalecimiento de la democracia en pa\u00eds, con un evento en el que se realizar\u00e1 un repaso por la labor ejercida en favor de la institucionalidad democr\u00e1tica del Ecuador, la transparencia en la vida p\u00fablica, la veedur\u00eda social y [&hellip;]","og_url":"https:\/\/www.participacionciudadana.org\/web\/2023\/01\/11\/pc-conmemora-20-anos-de-trabajo-por-el-fortalecimiento-de-la-democracia-en-pais\/","og_site_name":"Participaci\u00f3n Ciudadana","article_publisher":"https:\/\/www.facebook.com\/ParticipacionPC\/","article_published_time":"2023-01-12T03:28:02+00:00","article_modified_time":"2023-01-26T17:59:26+00:00","author":"Karen Ramos","twitter_card":"summary_large_image","twitter_creator":"@ParticipacionPC","twitter_site":"@ParticipacionPC","twitter_misc":{"Escrito por":"Karen Ramos","Tiempo de lectura":"1 minuto"},"schema":{"@context":"https:\/\/schema.org","@graph":[{"@type":"Article","@id":"https:\/\/www.participacionciudadana.org\/web\/2023\/01\/11\/pc-conmemora-20-anos-de-trabajo-por-el-fortalecimiento-de-la-democracia-en-pais\/#article","isPartOf":{"@id":"https:\/\/www.participacionciudadana.org\/web\/2023\/01\/11\/pc-conmemora-20-anos-de-trabajo-por-el-fortalecimiento-de-la-democracia-en-pais\/"},"author":{"name":"Karen Ramos","@id":"https:\/\/www.participacionciudadana.org\/web\/#\/schema\/person\/7d1c54696e041e527f8fbfd6c9b513ae"},"headline":"PC conmemora 20 a\u00f1os de trabajo por el fortalecimiento de la democracia en pa\u00eds","datePublished":"2023-01-12T03:28:02+00:00","dateModified":"2023-01-26T17:59:26+00:00","mainEntityOfPage":{"@id":"https:\/\/www.participacionciudadana.org\/web\/2023\/01\/11\/pc-conmemora-20-anos-de-trabajo-por-el-fortalecimiento-de-la-democracia-en-pais\/"},"wordCount":281,"commentCount":0,"publisher":{"@id":"https:\/\/www.participacionciudadana.org\/web\/#organization"},"articleSection":["Boletines"],"inLanguage":"es","potentialAction":[{"@type":"CommentAction","name":"Comment","target":["https:\/\/www.participacionciudadana.org\/web\/2023\/01\/11\/pc-conmemora-20-anos-de-trabajo-por-el-fortalecimiento-de-la-democracia-en-pais\/#respond"]}]},{"@type":"WebPage","@id":"https:\/\/www.participacionciudadana.org\/web\/2023\/01\/11\/pc-conmemora-20-anos-de-trabajo-por-el-fortalecimiento-de-la-democracia-en-pais\/","url":"https:\/\/www.participacionciudadana.org\/web\/2023\/01\/11\/pc-conmemora-20-anos-de-trabajo-por-el-fortalecimiento-de-la-democracia-en-pais\/","name":"PC conmemora 20 a\u00f1os de trabajo por el fortalecimiento de la democracia en pa\u00eds - Participaci\u00f3n Ciudadana","isPartOf":{"@id":"https:\/\/www.participacionciudadana.org\/web\/#website"},"datePublished":"2023-01-12T03:28:02+00:00","dateModified":"2023-01-26T17:59:26+00:00","breadcrumb":{"@id":"https:\/\/www.participacionciudadana.org\/web\/2023\/01\/11\/pc-conmemora-20-anos-de-trabajo-por-el-fortalecimiento-de-la-democracia-en-pais\/#breadcrumb"},"inLanguage":"es","potentialAction":[{"@type":"ReadAction","target":["https:\/\/www.participacionciudadana.org\/web\/2023\/01\/11\/pc-conmemora-20-anos-de-trabajo-por-el-fortalecimiento-de-la-democracia-en-pais\/"]}]},{"@type":"BreadcrumbList","@id":"https:\/\/www.participacionciudadana.org\/web\/2023\/01\/11\/pc-conmemora-20-anos-de-trabajo-por-el-fortalecimiento-de-la-democracia-en-pais\/#breadcrumb","itemListElement":[{"@type":"ListItem","position":1,"name":"Portada","item":"https:\/\/www.participacionciudadana.org\/web\/"},{"@type":"ListItem","position":2,"name":"PC conmemora 20 a\u00f1os de trabajo por el fortalecimiento de la democracia en pa\u00eds"}]},{"@type":"WebSite","@id":"https:\/\/www.participacionciudadana.org\/web\/#website","url":"https:\/\/www.participacionciudadana.org\/web\/","name":"Participaci\u00f3n Ciudadana","description":"Comprometidos con la democracia","publisher":{"@id":"https:\/\/www.participacionciudadana.org\/web\/#organization"},"potentialAction":[{"@type":"SearchAction","target":{"@type":"EntryPoint","urlTemplate":"https:\/\/www.participacionciudadana.org\/web\/?s={search_term_string}"},"query-input":{"@type":"PropertyValueSpecification","valueRequired":true,"valueName":"search_term_string"}}],"inLanguage":"es"},{"@type":"Organization","@id":"https:\/\/www.participacionciudadana.org\/web\/#organization","name":"Participaci\u00f3n Ciudadana","url":"https:\/\/www.participacionciudadana.org\/web\/","logo":{"@type":"ImageObject","inLanguage":"es","@id":"https:\/\/www.participacionciudadana.org\/web\/#\/schema\/logo\/image\/","url":"https:\/\/www.participacionciudadana.org\/web\/wp-content\/uploads\/2021\/11\/cropped-logo_pc-1.png","contentUrl":"https:\/\/www.participacionciudadana.org\/web\/wp-content\/uploads\/2021\/11\/cropped-logo_pc-1.png","width":340,"height":114,"caption":"Participaci\u00f3n Ciudadana"},"image":{"@id":"https:\/\/www.participacionciudadana.org\/web\/#\/schema\/logo\/image\/"},"sameAs":["https:\/\/www.facebook.com\/ParticipacionPC\/","https:\/\/x.com\/ParticipacionPC"]},{"@type":"Person","@id":"https:\/\/www.participacionciudadana.org\/web\/#\/schema\/person\/7d1c54696e041e527f8fbfd6c9b513ae","name":"Karen Ramos","image":{"@type":"ImageObject","inLanguage":"es","@id":"https:\/\/www.participacionciudadana.org\/web\/#\/schema\/person\/image\/","url":"https:\/\/secure.gravatar.com\/avatar\/286968dbb3bb60217f1c7034fda5fe010f5c132ea9d76191d7dbe615e76f9e88?s=96&d=mm&r=g","contentUrl":"https:\/\/secure.gravatar.com\/avatar\/286968dbb3bb60217f1c7034fda5fe010f5c132ea9d76191d7dbe615e76f9e88?s=96&d=mm&r=g","caption":"Karen Ramos"},"url":"https:\/\/www.participacionciudadana.org\/web\/author\/karenliz\/"}]}},"_links":{"self":[{"href":"https:\/\/www.participacionciudadana.org\/web\/wp-json\/wp\/v2\/posts\/4491","targetHints":{"allow":["GET"]}}],"collection":[{"href":"https:\/\/www.participacionciudadana.org\/web\/wp-json\/wp\/v2\/posts"}],"about":[{"href":"https:\/\/www.participacionciudadana.org\/web\/wp-json\/wp\/v2\/types\/post"}],"author":[{"embeddable":true,"href":"https:\/\/www.participacionciudadana.org\/web\/wp-json\/wp\/v2\/users\/7"}],"replies":[{"embeddable":true,"href":"https:\/\/www.participacionciudadana.org\/web\/wp-json\/wp\/v2\/comments?post=4491"}],"version-history":[{"count":0,"href":"https:\/\/www.participacionciudadana.org\/web\/wp-json\/wp\/v2\/posts\/4491\/revisions"}],"wp:attachment":[{"href":"https:\/\/www.participacionciudadana.org\/web\/wp-json\/wp\/v2\/media?parent=4491"}],"wp:term":[{"taxonomy":"category","embeddable":true,"href":"https:\/\/www.participacionciudadana.org\/web\/wp-json\/wp\/v2\/categories?post=4491"},{"taxonomy":"post_tag","embeddable":true,"href":"https:\/\/www.participacionciudadana.org\/web\/wp-json\/wp\/v2\/tags?post=4491"}],"curies":[{"name":"wp","href":"https:\/\/api.w.org\/{rel}","templated":true}]}}