{"id":4726,"date":"2023-02-04T08:57:11","date_gmt":"2023-02-04T13:57:11","guid":{"rendered":"https:\/\/www.participacionciudadana.org\/web\/?p=4726"},"modified":"2023-02-04T08:57:14","modified_gmt":"2023-02-04T13:57:14","slug":"informe-final-de-monitoreo-de-violencia-politica-en-twitter-contra-candidatas","status":"publish","type":"post","link":"https:\/\/www.participacionciudadana.org\/web\/2023\/02\/04\/informe-final-de-monitoreo-de-violencia-politica-en-twitter-contra-candidatas\/","title":{"rendered":"Informe final de monitoreo de violencia pol\u00edtica en Twitter contra candidatas"},"content":{"rendered":"\n<p> La Corporaci\u00f3n Participaci\u00f3n Ciudadana presenta el siguiente reporte de monitoreo sobre violencia pol\u00edtica contra candidatas durante la campa\u00f1a electoral para las elecciones seccionales 2023, desde el 03 de enero hasta el 02 de febrero de 2023. Desde el inicio del monitoreo hasta el 02 de febrero del 2023, se revisaron las cuentas de 47 mujeres candidatas, para las alcald\u00edas de Quito, Guayaquil y Cuenca, para las prefecturas y viceprefecturas de Pichincha y Guayas. Durante la campa\u00f1a, se registr\u00f3 que las mujeres monitoreadas, a trav\u00e9s de sus cuentas de Twitter, fueron v\u00edctimas de manifestaci\u00f3n de violencia, a trav\u00e9s de: \u201cmemes\u201d, im\u00e1genes, expresiones y frases en Twitter. En total se contabilizaron 331 tuits, con 67 expresiones con contenido discriminatorio y 72 frases del mismo tipo durante todo el periodo de monitoreo.   <\/p>\n\n\n\n<figure class=\"wp-block-gallery has-nested-images columns-default is-cropped wp-block-gallery-1 is-layout-flex wp-block-gallery-is-layout-flex\">\n<figure class=\"wp-block-image size-large\"><img fetchpriority=\"high\" decoding=\"async\" width=\"800\" height=\"800\" data-id=\"4728\" src=\"https:\/\/www.participacionciudadana.org\/web\/wp-content\/uploads\/2023\/02\/2i.jpg\" alt=\"\" class=\"wp-image-4728\" srcset=\"https:\/\/www.participacionciudadana.org\/web\/wp-content\/uploads\/2023\/02\/2i.jpg 800w, https:\/\/www.participacionciudadana.org\/web\/wp-content\/uploads\/2023\/02\/2i-300x300.jpg 300w, https:\/\/www.participacionciudadana.org\/web\/wp-content\/uploads\/2023\/02\/2i-150x150.jpg 150w, https:\/\/www.participacionciudadana.org\/web\/wp-content\/uploads\/2023\/02\/2i-768x768.jpg 768w, https:\/\/www.participacionciudadana.org\/web\/wp-content\/uploads\/2023\/02\/2i-600x600.jpg 600w\" sizes=\"(max-width: 800px) 100vw, 800px\" \/><\/figure>\n\n\n\n<figure class=\"wp-block-image size-large\"><img decoding=\"async\" width=\"800\" height=\"800\" data-id=\"4727\" src=\"https:\/\/www.participacionciudadana.org\/web\/wp-content\/uploads\/2023\/02\/1i.jpg\" alt=\"\" class=\"wp-image-4727\" srcset=\"https:\/\/www.participacionciudadana.org\/web\/wp-content\/uploads\/2023\/02\/1i.jpg 800w, https:\/\/www.participacionciudadana.org\/web\/wp-content\/uploads\/2023\/02\/1i-300x300.jpg 300w, https:\/\/www.participacionciudadana.org\/web\/wp-content\/uploads\/2023\/02\/1i-150x150.jpg 150w, https:\/\/www.participacionciudadana.org\/web\/wp-content\/uploads\/2023\/02\/1i-768x768.jpg 768w, https:\/\/www.participacionciudadana.org\/web\/wp-content\/uploads\/2023\/02\/1i-600x600.jpg 600w\" sizes=\"(max-width: 800px) 100vw, 800px\" \/><\/figure>\n<\/figure>\n\n\n\n<figure class=\"wp-block-gallery has-nested-images columns-default is-cropped wp-block-gallery-2 is-layout-flex wp-block-gallery-is-layout-flex\">\n<figure class=\"wp-block-image size-large\"><img decoding=\"async\" width=\"800\" height=\"800\" data-id=\"4730\" src=\"https:\/\/www.participacionciudadana.org\/web\/wp-content\/uploads\/2023\/02\/4i-1.jpg\" alt=\"\" class=\"wp-image-4730\" srcset=\"https:\/\/www.participacionciudadana.org\/web\/wp-content\/uploads\/2023\/02\/4i-1.jpg 800w, https:\/\/www.participacionciudadana.org\/web\/wp-content\/uploads\/2023\/02\/4i-1-300x300.jpg 300w, https:\/\/www.participacionciudadana.org\/web\/wp-content\/uploads\/2023\/02\/4i-1-150x150.jpg 150w, https:\/\/www.participacionciudadana.org\/web\/wp-content\/uploads\/2023\/02\/4i-1-768x768.jpg 768w, https:\/\/www.participacionciudadana.org\/web\/wp-content\/uploads\/2023\/02\/4i-1-600x600.jpg 600w\" sizes=\"(max-width: 800px) 100vw, 800px\" \/><\/figure>\n\n\n\n<figure class=\"wp-block-image size-large\"><img loading=\"lazy\" decoding=\"async\" width=\"800\" height=\"800\" data-id=\"4729\" src=\"https:\/\/www.participacionciudadana.org\/web\/wp-content\/uploads\/2023\/02\/3i.jpg\" alt=\"\" class=\"wp-image-4729\" srcset=\"https:\/\/www.participacionciudadana.org\/web\/wp-content\/uploads\/2023\/02\/3i.jpg 800w, https:\/\/www.participacionciudadana.org\/web\/wp-content\/uploads\/2023\/02\/3i-300x300.jpg 300w, https:\/\/www.participacionciudadana.org\/web\/wp-content\/uploads\/2023\/02\/3i-150x150.jpg 150w, https:\/\/www.participacionciudadana.org\/web\/wp-content\/uploads\/2023\/02\/3i-768x768.jpg 768w, https:\/\/www.participacionciudadana.org\/web\/wp-content\/uploads\/2023\/02\/3i-600x600.jpg 600w\" sizes=\"(max-width: 800px) 100vw, 800px\" \/><\/figure>\n<\/figure>\n\n\n\n<div data-wp-interactive=\"core\/file\" class=\"wp-block-file\"><object data-wp-bind--hidden=\"!state.hasPdfPreview\" hidden class=\"wp-block-file__embed\" data=\"https:\/\/www.participacionciudadana.org\/web\/wp-content\/uploads\/2023\/02\/4_REPORTE-VIOLENCIA-A-CANDIDATAS-CAMPANA-ELECTORAL-2023-1.pdf\" type=\"application\/pdf\" style=\"width:100%;height:600px\" aria-label=\"Incrustado de 4_REPORTE-VIOLENCIA-A-CANDIDATAS-CAMPANA-ELECTORAL-2023-1.\"><\/object><a id=\"wp-block-file--media-863a11bc-feeb-4b8f-bbe5-9885eb0205cf\" href=\"https:\/\/www.participacionciudadana.org\/web\/wp-content\/uploads\/2023\/02\/4_REPORTE-VIOLENCIA-A-CANDIDATAS-CAMPANA-ELECTORAL-2023-1.pdf\">4_REPORTE-VIOLENCIA-A-CANDIDATAS-CAMPANA-ELECTORAL-2023-1<\/a><a href=\"https:\/\/www.participacionciudadana.org\/web\/wp-content\/uploads\/2023\/02\/4_REPORTE-VIOLENCIA-A-CANDIDATAS-CAMPANA-ELECTORAL-2023-1.pdf\" class=\"wp-block-file__button wp-element-button\" download aria-describedby=\"wp-block-file--media-863a11bc-feeb-4b8f-bbe5-9885eb0205cf\">Descarga<\/a><\/div>\n","protected":false},"excerpt":{"rendered":"<p>La Corporaci\u00f3n Participaci\u00f3n Ciudadana presenta el siguiente reporte de monitoreo sobre violencia pol\u00edtica contra candidatas durante la campa\u00f1a electoral para las elecciones seccionales 2023, desde el 03 de enero hasta el 02 de febrero de 2023. Desde el inicio del monitoreo hasta el 02 de febrero del 2023, se revisaron las cuentas de 47 mujeres [&hellip;]<\/p>\n","protected":false},"author":1,"featured_media":4728,"comment_status":"open","ping_status":"open","sticky":false,"template":"","format":"standard","meta":{"site-sidebar-layout":"default","site-content-layout":"","ast-site-content-layout":"default","site-content-style":"default","site-sidebar-style":"default","ast-global-header-display":"","ast-banner-title-visibility":"","ast-main-header-display":"","ast-hfb-above-header-display":"","ast-hfb-below-header-display":"","ast-hfb-mobile-header-display":"","site-post-title":"","ast-breadcrumbs-content":"","ast-featured-img":"","footer-sml-layout":"","ast-disable-related-posts":"","theme-transparent-header-meta":"","adv-header-id-meta":"","stick-header-meta":"","header-above-stick-meta":"","header-main-stick-meta":"","header-below-stick-meta":"","astra-migrate-meta-layouts":"default","ast-page-background-enabled":"default","ast-page-background-meta":{"desktop":{"background-color":"","background-image":"","background-repeat":"repeat","background-position":"center center","background-size":"auto","background-attachment":"scroll","background-type":"","background-media":"","overlay-type":"","overlay-color":"","overlay-opacity":"","overlay-gradient":""},"tablet":{"background-color":"","background-image":"","background-repeat":"repeat","background-position":"center center","background-size":"auto","background-attachment":"scroll","background-type":"","background-media":"","overlay-type":"","overlay-color":"","overlay-opacity":"","overlay-gradient":""},"mobile":{"background-color":"","background-image":"","background-repeat":"repeat","background-position":"center center","background-size":"auto","background-attachment":"scroll","background-type":"","background-media":"","overlay-type":"","overlay-color":"","overlay-opacity":"","overlay-gradient":""}},"ast-content-background-meta":{"desktop":{"background-color":"var(--ast-global-color-5)","background-image":"","background-repeat":"repeat","background-position":"center center","background-size":"auto","background-attachment":"scroll","background-type":"","background-media":"","overlay-type":"","overlay-color":"","overlay-opacity":"","overlay-gradient":""},"tablet":{"background-color":"var(--ast-global-color-5)","background-image":"","background-repeat":"repeat","background-position":"center center","background-size":"auto","background-attachment":"scroll","background-type":"","background-media":"","overlay-type":"","overlay-color":"","overlay-opacity":"","overlay-gradient":""},"mobile":{"background-color":"var(--ast-global-color-5)","background-image":"","background-repeat":"repeat","background-position":"center center","background-size":"auto","background-attachment":"scroll","background-type":"","background-media":"","overlay-type":"","overlay-color":"","overlay-opacity":"","overlay-gradient":""}},"_joinchat":[],"footnotes":""},"categories":[16,23,1],"tags":[86],"class_list":["post-4726","post","type-post","status-publish","format-standard","has-post-thumbnail","hentry","category-actualidad","category-comunicacion","category-sin-categoria","tag-monitoreo-violencia-politica-2023"],"yoast_head":"<!-- This site is optimized with the Yoast SEO plugin v26.5 - https:\/\/yoast.com\/wordpress\/plugins\/seo\/ -->\n<title>Informe final de monitoreo de violencia pol\u00edtica en Twitter contra candidatas - Participaci\u00f3n Ciudadana<\/title>\n<meta name=\"robots\" content=\"index, follow, max-snippet:-1, max-image-preview:large, max-video-preview:-1\" \/>\n<link rel=\"canonical\" href=\"https:\/\/www.participacionciudadana.org\/web\/2023\/02\/04\/informe-final-de-monitoreo-de-violencia-politica-en-twitter-contra-candidatas\/\" \/>\n<meta property=\"og:locale\" content=\"es_ES\" \/>\n<meta property=\"og:type\" content=\"article\" \/>\n<meta property=\"og:title\" content=\"Informe final de monitoreo de violencia pol\u00edtica en Twitter contra candidatas - Participaci\u00f3n Ciudadana\" \/>\n<meta property=\"og:description\" content=\"La Corporaci\u00f3n Participaci\u00f3n Ciudadana presenta el siguiente reporte de monitoreo sobre violencia pol\u00edtica contra candidatas durante la campa\u00f1a electoral para las elecciones seccionales 2023, desde el 03 de enero hasta el 02 de febrero de 2023. Desde el inicio del monitoreo hasta el 02 de febrero del 2023, se revisaron las cuentas de 47 mujeres [&hellip;]\" \/>\n<meta property=\"og:url\" content=\"https:\/\/www.participacionciudadana.org\/web\/2023\/02\/04\/informe-final-de-monitoreo-de-violencia-politica-en-twitter-contra-candidatas\/\" \/>\n<meta property=\"og:site_name\" content=\"Participaci\u00f3n Ciudadana\" \/>\n<meta property=\"article:publisher\" content=\"https:\/\/www.facebook.com\/ParticipacionPC\/\" \/>\n<meta property=\"article:published_time\" content=\"2023-02-04T13:57:11+00:00\" \/>\n<meta property=\"article:modified_time\" content=\"2023-02-04T13:57:14+00:00\" \/>\n<meta property=\"og:image\" content=\"https:\/\/www.participacionciudadana.org\/web\/wp-content\/uploads\/2023\/02\/2i.jpg\" \/>\n\t<meta property=\"og:image:width\" content=\"800\" \/>\n\t<meta property=\"og:image:height\" content=\"800\" \/>\n\t<meta property=\"og:image:type\" content=\"image\/jpeg\" \/>\n<meta name=\"author\" content=\"auzfabian\" \/>\n<meta name=\"twitter:card\" content=\"summary_large_image\" \/>\n<meta name=\"twitter:creator\" content=\"@ParticipacionPC\" \/>\n<meta name=\"twitter:site\" content=\"@ParticipacionPC\" \/>\n<meta name=\"twitter:label1\" content=\"Escrito por\" \/>\n\t<meta name=\"twitter:data1\" content=\"auzfabian\" \/>\n\t<meta name=\"twitter:label2\" content=\"Tiempo de lectura\" \/>\n\t<meta name=\"twitter:data2\" content=\"1 minuto\" \/>\n<script type=\"application\/ld+json\" class=\"yoast-schema-graph\">{\"@context\":\"https:\/\/schema.org\",\"@graph\":[{\"@type\":\"Article\",\"@id\":\"https:\/\/www.participacionciudadana.org\/web\/2023\/02\/04\/informe-final-de-monitoreo-de-violencia-politica-en-twitter-contra-candidatas\/#article\",\"isPartOf\":{\"@id\":\"https:\/\/www.participacionciudadana.org\/web\/2023\/02\/04\/informe-final-de-monitoreo-de-violencia-politica-en-twitter-contra-candidatas\/\"},\"author\":{\"name\":\"auzfabian\",\"@id\":\"https:\/\/www.participacionciudadana.org\/web\/#\/schema\/person\/67ded4b29f4c10d217a0e025340d23ea\"},\"headline\":\"Informe final de monitoreo de violencia pol\u00edtica en Twitter contra candidatas\",\"datePublished\":\"2023-02-04T13:57:11+00:00\",\"dateModified\":\"2023-02-04T13:57:14+00:00\",\"mainEntityOfPage\":{\"@id\":\"https:\/\/www.participacionciudadana.org\/web\/2023\/02\/04\/informe-final-de-monitoreo-de-violencia-politica-en-twitter-contra-candidatas\/\"},\"wordCount\":145,\"commentCount\":0,\"publisher\":{\"@id\":\"https:\/\/www.participacionciudadana.org\/web\/#organization\"},\"image\":{\"@id\":\"https:\/\/www.participacionciudadana.org\/web\/2023\/02\/04\/informe-final-de-monitoreo-de-violencia-politica-en-twitter-contra-candidatas\/#primaryimage\"},\"thumbnailUrl\":\"https:\/\/www.participacionciudadana.org\/web\/wp-content\/uploads\/2023\/02\/2i.jpg\",\"keywords\":[\"monitoreo violencia politica 2023\"],\"articleSection\":[\"Actualidad\",\"Comunicaci\u00f3n\"],\"inLanguage\":\"es\",\"potentialAction\":[{\"@type\":\"CommentAction\",\"name\":\"Comment\",\"target\":[\"https:\/\/www.participacionciudadana.org\/web\/2023\/02\/04\/informe-final-de-monitoreo-de-violencia-politica-en-twitter-contra-candidatas\/#respond\"]}]},{\"@type\":\"WebPage\",\"@id\":\"https:\/\/www.participacionciudadana.org\/web\/2023\/02\/04\/informe-final-de-monitoreo-de-violencia-politica-en-twitter-contra-candidatas\/\",\"url\":\"https:\/\/www.participacionciudadana.org\/web\/2023\/02\/04\/informe-final-de-monitoreo-de-violencia-politica-en-twitter-contra-candidatas\/\",\"name\":\"Informe final de monitoreo de violencia pol\u00edtica en Twitter contra candidatas - Participaci\u00f3n Ciudadana\",\"isPartOf\":{\"@id\":\"https:\/\/www.participacionciudadana.org\/web\/#website\"},\"primaryImageOfPage\":{\"@id\":\"https:\/\/www.participacionciudadana.org\/web\/2023\/02\/04\/informe-final-de-monitoreo-de-violencia-politica-en-twitter-contra-candidatas\/#primaryimage\"},\"image\":{\"@id\":\"https:\/\/www.participacionciudadana.org\/web\/2023\/02\/04\/informe-final-de-monitoreo-de-violencia-politica-en-twitter-contra-candidatas\/#primaryimage\"},\"thumbnailUrl\":\"https:\/\/www.participacionciudadana.org\/web\/wp-content\/uploads\/2023\/02\/2i.jpg\",\"datePublished\":\"2023-02-04T13:57:11+00:00\",\"dateModified\":\"2023-02-04T13:57:14+00:00\",\"breadcrumb\":{\"@id\":\"https:\/\/www.participacionciudadana.org\/web\/2023\/02\/04\/informe-final-de-monitoreo-de-violencia-politica-en-twitter-contra-candidatas\/#breadcrumb\"},\"inLanguage\":\"es\",\"potentialAction\":[{\"@type\":\"ReadAction\",\"target\":[\"https:\/\/www.participacionciudadana.org\/web\/2023\/02\/04\/informe-final-de-monitoreo-de-violencia-politica-en-twitter-contra-candidatas\/\"]}]},{\"@type\":\"ImageObject\",\"inLanguage\":\"es\",\"@id\":\"https:\/\/www.participacionciudadana.org\/web\/2023\/02\/04\/informe-final-de-monitoreo-de-violencia-politica-en-twitter-contra-candidatas\/#primaryimage\",\"url\":\"https:\/\/www.participacionciudadana.org\/web\/wp-content\/uploads\/2023\/02\/2i.jpg\",\"contentUrl\":\"https:\/\/www.participacionciudadana.org\/web\/wp-content\/uploads\/2023\/02\/2i.jpg\",\"width\":800,\"height\":800},{\"@type\":\"BreadcrumbList\",\"@id\":\"https:\/\/www.participacionciudadana.org\/web\/2023\/02\/04\/informe-final-de-monitoreo-de-violencia-politica-en-twitter-contra-candidatas\/#breadcrumb\",\"itemListElement\":[{\"@type\":\"ListItem\",\"position\":1,\"name\":\"Portada\",\"item\":\"https:\/\/www.participacionciudadana.org\/web\/\"},{\"@type\":\"ListItem\",\"position\":2,\"name\":\"Informe final de monitoreo de violencia pol\u00edtica en Twitter contra candidatas\"}]},{\"@type\":\"WebSite\",\"@id\":\"https:\/\/www.participacionciudadana.org\/web\/#website\",\"url\":\"https:\/\/www.participacionciudadana.org\/web\/\",\"name\":\"Participaci\u00f3n Ciudadana\",\"description\":\"Comprometidos con la democracia\",\"publisher\":{\"@id\":\"https:\/\/www.participacionciudadana.org\/web\/#organization\"},\"potentialAction\":[{\"@type\":\"SearchAction\",\"target\":{\"@type\":\"EntryPoint\",\"urlTemplate\":\"https:\/\/www.participacionciudadana.org\/web\/?s={search_term_string}\"},\"query-input\":{\"@type\":\"PropertyValueSpecification\",\"valueRequired\":true,\"valueName\":\"search_term_string\"}}],\"inLanguage\":\"es\"},{\"@type\":\"Organization\",\"@id\":\"https:\/\/www.participacionciudadana.org\/web\/#organization\",\"name\":\"Participaci\u00f3n Ciudadana\",\"url\":\"https:\/\/www.participacionciudadana.org\/web\/\",\"logo\":{\"@type\":\"ImageObject\",\"inLanguage\":\"es\",\"@id\":\"https:\/\/www.participacionciudadana.org\/web\/#\/schema\/logo\/image\/\",\"url\":\"https:\/\/www.participacionciudadana.org\/web\/wp-content\/uploads\/2021\/11\/cropped-logo_pc-1.png\",\"contentUrl\":\"https:\/\/www.participacionciudadana.org\/web\/wp-content\/uploads\/2021\/11\/cropped-logo_pc-1.png\",\"width\":340,\"height\":114,\"caption\":\"Participaci\u00f3n Ciudadana\"},\"image\":{\"@id\":\"https:\/\/www.participacionciudadana.org\/web\/#\/schema\/logo\/image\/\"},\"sameAs\":[\"https:\/\/www.facebook.com\/ParticipacionPC\/\",\"https:\/\/x.com\/ParticipacionPC\"]},{\"@type\":\"Person\",\"@id\":\"https:\/\/www.participacionciudadana.org\/web\/#\/schema\/person\/67ded4b29f4c10d217a0e025340d23ea\",\"name\":\"auzfabian\",\"image\":{\"@type\":\"ImageObject\",\"inLanguage\":\"es\",\"@id\":\"https:\/\/www.participacionciudadana.org\/web\/#\/schema\/person\/image\/\",\"url\":\"https:\/\/secure.gravatar.com\/avatar\/b07eacb2fae81fba8818d35abde16f5d26c3e833d77fabbeeb8d53523e796bde?s=96&d=mm&r=g\",\"contentUrl\":\"https:\/\/secure.gravatar.com\/avatar\/b07eacb2fae81fba8818d35abde16f5d26c3e833d77fabbeeb8d53523e796bde?s=96&d=mm&r=g\",\"caption\":\"auzfabian\"},\"sameAs\":[\"https:\/\/www.participacionciudadana.org\/web\"],\"url\":\"https:\/\/www.participacionciudadana.org\/web\/author\/auzfabian\/\"}]}<\/script>\n<!-- \/ Yoast SEO plugin. -->","yoast_head_json":{"title":"Informe final de monitoreo de violencia pol\u00edtica en Twitter contra candidatas - Participaci\u00f3n Ciudadana","robots":{"index":"index","follow":"follow","max-snippet":"max-snippet:-1","max-image-preview":"max-image-preview:large","max-video-preview":"max-video-preview:-1"},"canonical":"https:\/\/www.participacionciudadana.org\/web\/2023\/02\/04\/informe-final-de-monitoreo-de-violencia-politica-en-twitter-contra-candidatas\/","og_locale":"es_ES","og_type":"article","og_title":"Informe final de monitoreo de violencia pol\u00edtica en Twitter contra candidatas - Participaci\u00f3n Ciudadana","og_description":"La Corporaci\u00f3n Participaci\u00f3n Ciudadana presenta el siguiente reporte de monitoreo sobre violencia pol\u00edtica contra candidatas durante la campa\u00f1a electoral para las elecciones seccionales 2023, desde el 03 de enero hasta el 02 de febrero de 2023. Desde el inicio del monitoreo hasta el 02 de febrero del 2023, se revisaron las cuentas de 47 mujeres [&hellip;]","og_url":"https:\/\/www.participacionciudadana.org\/web\/2023\/02\/04\/informe-final-de-monitoreo-de-violencia-politica-en-twitter-contra-candidatas\/","og_site_name":"Participaci\u00f3n Ciudadana","article_publisher":"https:\/\/www.facebook.com\/ParticipacionPC\/","article_published_time":"2023-02-04T13:57:11+00:00","article_modified_time":"2023-02-04T13:57:14+00:00","og_image":[{"width":800,"height":800,"url":"https:\/\/www.participacionciudadana.org\/web\/wp-content\/uploads\/2023\/02\/2i.jpg","type":"image\/jpeg"}],"author":"auzfabian","twitter_card":"summary_large_image","twitter_creator":"@ParticipacionPC","twitter_site":"@ParticipacionPC","twitter_misc":{"Escrito por":"auzfabian","Tiempo de lectura":"1 minuto"},"schema":{"@context":"https:\/\/schema.org","@graph":[{"@type":"Article","@id":"https:\/\/www.participacionciudadana.org\/web\/2023\/02\/04\/informe-final-de-monitoreo-de-violencia-politica-en-twitter-contra-candidatas\/#article","isPartOf":{"@id":"https:\/\/www.participacionciudadana.org\/web\/2023\/02\/04\/informe-final-de-monitoreo-de-violencia-politica-en-twitter-contra-candidatas\/"},"author":{"name":"auzfabian","@id":"https:\/\/www.participacionciudadana.org\/web\/#\/schema\/person\/67ded4b29f4c10d217a0e025340d23ea"},"headline":"Informe final de monitoreo de violencia pol\u00edtica en Twitter contra candidatas","datePublished":"2023-02-04T13:57:11+00:00","dateModified":"2023-02-04T13:57:14+00:00","mainEntityOfPage":{"@id":"https:\/\/www.participacionciudadana.org\/web\/2023\/02\/04\/informe-final-de-monitoreo-de-violencia-politica-en-twitter-contra-candidatas\/"},"wordCount":145,"commentCount":0,"publisher":{"@id":"https:\/\/www.participacionciudadana.org\/web\/#organization"},"image":{"@id":"https:\/\/www.participacionciudadana.org\/web\/2023\/02\/04\/informe-final-de-monitoreo-de-violencia-politica-en-twitter-contra-candidatas\/#primaryimage"},"thumbnailUrl":"https:\/\/www.participacionciudadana.org\/web\/wp-content\/uploads\/2023\/02\/2i.jpg","keywords":["monitoreo violencia politica 2023"],"articleSection":["Actualidad","Comunicaci\u00f3n"],"inLanguage":"es","potentialAction":[{"@type":"CommentAction","name":"Comment","target":["https:\/\/www.participacionciudadana.org\/web\/2023\/02\/04\/informe-final-de-monitoreo-de-violencia-politica-en-twitter-contra-candidatas\/#respond"]}]},{"@type":"WebPage","@id":"https:\/\/www.participacionciudadana.org\/web\/2023\/02\/04\/informe-final-de-monitoreo-de-violencia-politica-en-twitter-contra-candidatas\/","url":"https:\/\/www.participacionciudadana.org\/web\/2023\/02\/04\/informe-final-de-monitoreo-de-violencia-politica-en-twitter-contra-candidatas\/","name":"Informe final de monitoreo de violencia pol\u00edtica en Twitter contra candidatas - Participaci\u00f3n Ciudadana","isPartOf":{"@id":"https:\/\/www.participacionciudadana.org\/web\/#website"},"primaryImageOfPage":{"@id":"https:\/\/www.participacionciudadana.org\/web\/2023\/02\/04\/informe-final-de-monitoreo-de-violencia-politica-en-twitter-contra-candidatas\/#primaryimage"},"image":{"@id":"https:\/\/www.participacionciudadana.org\/web\/2023\/02\/04\/informe-final-de-monitoreo-de-violencia-politica-en-twitter-contra-candidatas\/#primaryimage"},"thumbnailUrl":"https:\/\/www.participacionciudadana.org\/web\/wp-content\/uploads\/2023\/02\/2i.jpg","datePublished":"2023-02-04T13:57:11+00:00","dateModified":"2023-02-04T13:57:14+00:00","breadcrumb":{"@id":"https:\/\/www.participacionciudadana.org\/web\/2023\/02\/04\/informe-final-de-monitoreo-de-violencia-politica-en-twitter-contra-candidatas\/#breadcrumb"},"inLanguage":"es","potentialAction":[{"@type":"ReadAction","target":["https:\/\/www.participacionciudadana.org\/web\/2023\/02\/04\/informe-final-de-monitoreo-de-violencia-politica-en-twitter-contra-candidatas\/"]}]},{"@type":"ImageObject","inLanguage":"es","@id":"https:\/\/www.participacionciudadana.org\/web\/2023\/02\/04\/informe-final-de-monitoreo-de-violencia-politica-en-twitter-contra-candidatas\/#primaryimage","url":"https:\/\/www.participacionciudadana.org\/web\/wp-content\/uploads\/2023\/02\/2i.jpg","contentUrl":"https:\/\/www.participacionciudadana.org\/web\/wp-content\/uploads\/2023\/02\/2i.jpg","width":800,"height":800},{"@type":"BreadcrumbList","@id":"https:\/\/www.participacionciudadana.org\/web\/2023\/02\/04\/informe-final-de-monitoreo-de-violencia-politica-en-twitter-contra-candidatas\/#breadcrumb","itemListElement":[{"@type":"ListItem","position":1,"name":"Portada","item":"https:\/\/www.participacionciudadana.org\/web\/"},{"@type":"ListItem","position":2,"name":"Informe final de monitoreo de violencia pol\u00edtica en Twitter contra candidatas"}]},{"@type":"WebSite","@id":"https:\/\/www.participacionciudadana.org\/web\/#website","url":"https:\/\/www.participacionciudadana.org\/web\/","name":"Participaci\u00f3n Ciudadana","description":"Comprometidos con la democracia","publisher":{"@id":"https:\/\/www.participacionciudadana.org\/web\/#organization"},"potentialAction":[{"@type":"SearchAction","target":{"@type":"EntryPoint","urlTemplate":"https:\/\/www.participacionciudadana.org\/web\/?s={search_term_string}"},"query-input":{"@type":"PropertyValueSpecification","valueRequired":true,"valueName":"search_term_string"}}],"inLanguage":"es"},{"@type":"Organization","@id":"https:\/\/www.participacionciudadana.org\/web\/#organization","name":"Participaci\u00f3n Ciudadana","url":"https:\/\/www.participacionciudadana.org\/web\/","logo":{"@type":"ImageObject","inLanguage":"es","@id":"https:\/\/www.participacionciudadana.org\/web\/#\/schema\/logo\/image\/","url":"https:\/\/www.participacionciudadana.org\/web\/wp-content\/uploads\/2021\/11\/cropped-logo_pc-1.png","contentUrl":"https:\/\/www.participacionciudadana.org\/web\/wp-content\/uploads\/2021\/11\/cropped-logo_pc-1.png","width":340,"height":114,"caption":"Participaci\u00f3n Ciudadana"},"image":{"@id":"https:\/\/www.participacionciudadana.org\/web\/#\/schema\/logo\/image\/"},"sameAs":["https:\/\/www.facebook.com\/ParticipacionPC\/","https:\/\/x.com\/ParticipacionPC"]},{"@type":"Person","@id":"https:\/\/www.participacionciudadana.org\/web\/#\/schema\/person\/67ded4b29f4c10d217a0e025340d23ea","name":"auzfabian","image":{"@type":"ImageObject","inLanguage":"es","@id":"https:\/\/www.participacionciudadana.org\/web\/#\/schema\/person\/image\/","url":"https:\/\/secure.gravatar.com\/avatar\/b07eacb2fae81fba8818d35abde16f5d26c3e833d77fabbeeb8d53523e796bde?s=96&d=mm&r=g","contentUrl":"https:\/\/secure.gravatar.com\/avatar\/b07eacb2fae81fba8818d35abde16f5d26c3e833d77fabbeeb8d53523e796bde?s=96&d=mm&r=g","caption":"auzfabian"},"sameAs":["https:\/\/www.participacionciudadana.org\/web"],"url":"https:\/\/www.participacionciudadana.org\/web\/author\/auzfabian\/"}]}},"_links":{"self":[{"href":"https:\/\/www.participacionciudadana.org\/web\/wp-json\/wp\/v2\/posts\/4726","targetHints":{"allow":["GET"]}}],"collection":[{"href":"https:\/\/www.participacionciudadana.org\/web\/wp-json\/wp\/v2\/posts"}],"about":[{"href":"https:\/\/www.participacionciudadana.org\/web\/wp-json\/wp\/v2\/types\/post"}],"author":[{"embeddable":true,"href":"https:\/\/www.participacionciudadana.org\/web\/wp-json\/wp\/v2\/users\/1"}],"replies":[{"embeddable":true,"href":"https:\/\/www.participacionciudadana.org\/web\/wp-json\/wp\/v2\/comments?post=4726"}],"version-history":[{"count":0,"href":"https:\/\/www.participacionciudadana.org\/web\/wp-json\/wp\/v2\/posts\/4726\/revisions"}],"wp:featuredmedia":[{"embeddable":true,"href":"https:\/\/www.participacionciudadana.org\/web\/wp-json\/wp\/v2\/media\/4728"}],"wp:attachment":[{"href":"https:\/\/www.participacionciudadana.org\/web\/wp-json\/wp\/v2\/media?parent=4726"}],"wp:term":[{"taxonomy":"category","embeddable":true,"href":"https:\/\/www.participacionciudadana.org\/web\/wp-json\/wp\/v2\/categories?post=4726"},{"taxonomy":"post_tag","embeddable":true,"href":"https:\/\/www.participacionciudadana.org\/web\/wp-json\/wp\/v2\/tags?post=4726"}],"curies":[{"name":"wp","href":"https:\/\/api.w.org\/{rel}","templated":true}]}}