{"id":4775,"date":"2023-02-10T08:39:37","date_gmt":"2023-02-10T13:39:37","guid":{"rendered":"https:\/\/www.participacionciudadana.org\/web\/?p=4775"},"modified":"2023-02-10T09:21:19","modified_gmt":"2023-02-10T14:21:19","slug":"pc-presento-los-resultados-de-los-monitoreos-a-candidatos-y-sobre-la-participacion-de-la-mujer-en-elecciones","status":"publish","type":"post","link":"https:\/\/www.participacionciudadana.org\/web\/2023\/02\/10\/pc-presento-los-resultados-de-los-monitoreos-a-candidatos-y-sobre-la-participacion-de-la-mujer-en-elecciones\/","title":{"rendered":"PC present\u00f3 los resultados de los monitoreos a candidatos y sobre la participaci\u00f3n de la mujer en elecciones"},"content":{"rendered":"\n<p class=\"has-text-align-right\">Viernes, 10 de febrero de 2023<\/p>\n\n\n\n<p>La Corporaci\u00f3n Participaci\u00f3n Ciudadana (PC) present\u00f3 los resultados de los monitoreos realizados a candidatos y candidatas, durante la campa\u00f1a electoral; as\u00ed como un an\u00e1lisis de la observaci\u00f3n al cumplimiento de la participaci\u00f3n e inclusi\u00f3n de la mujer, en las elecciones de 2023.<\/p>\n\n\n\n<p>PC, durante la campa\u00f1a electoral y a trav\u00e9s de la iniciativa \u201cAntes de votar: Piensa Bien\u201d, present\u00f3 los perfiles, experiencias y planes de trabajo de los candidatos y candidatas, tanto a las alcald\u00edas de Cuenca, Guayaquil y Quito; as\u00ed como a las prefecturas del Azuay, Guayas y Pichincha.<\/p>\n\n\n\n<p>Este monitoreo revel\u00f3 tambi\u00e9n los temas que fueron m\u00e1s abordados por los candidatos durante el periodo de campa\u00f1a electoral. Las principales tem\u00e1ticas de las que hablaron los aspirantes a las prefecturas del Azuay, Guayas y Pichincha fueron sobre: pol\u00edticas sociales, inversi\u00f3n, empleo y movilidad, en ese orden. Mientras que los discursos de los candidatos a las alcald\u00edas de Cuenca, Guayaquil y Quito se centraron en seguridad, inversi\u00f3n, empleo, pol\u00edticas sociales y movilidad, en ese orden.<\/p>\n\n\n\n<p>En este contexto, Ruth Hidalgo, directora ejecutiva de la Corporaci\u00f3n Participaci\u00f3n Ciudadana, se\u00f1al\u00f3 que la violencia pol\u00edtica en las redes sociales aument\u00f3 en este proceso electoral.<\/p>\n\n\n\n<p>Entre los hallazgos, se encontr\u00f3 candidatos que no contaban con t\u00edtulos registrados de tercer nivel, as\u00ed como un candidato, cuyo plan de trabajo no contaba con el formato adecuado. En el aspecto positivo, el monitoreo registra que entre las dignidades elegidas el pasado domingo se encontraban candidatos, cuyos planes de trabajo se alineaban a los 7 ejes que PC propuso en 2022, como fundamentales para una buena gesti\u00f3n en las ciudades.<\/p>\n\n\n\n<p>En cuanto al monitoreo sobre el cumplimiento de las normas sobre paridad e inclusi\u00f3n para la dignidad de alcaldes, en las provincias del Azuay, Guayas y Pichincha, la observaci\u00f3n de PC revel\u00f3 que si bien se cumpli\u00f3 con el 30 por ciento, \u201cse volvi\u00f3 a caer en las pr\u00e1cticas err\u00e1ticas de siempre. La mayor\u00eda de los partidos y movimientos visualizaron a la candidatura femenina como\u00a0 relleno\u201d, as\u00ed lo se\u00f1al\u00f3 Ruth Hidalgo, quien adem\u00e1s resalt\u00f3 que es preocupante que para cumplir con el 30 por ciento\u00a0que exig\u00eda la ley, \u201cse recurri\u00f3 a personajes populares sin ninguna experiencia pol\u00edtica, ni de gesti\u00f3n administrativa\u201d.<\/p>\n\n\n\n<p>Estos proyectos, que buscan aportar con datos t\u00e9cnicos al an\u00e1lisis del proceso electoral, contaron con el apoyo de la Agencia para el Desarrollo Internacional de los Estados Unidos, USAID, la Embajada de Canad\u00e1 en Ecuador y aportes de la empresa privada.\u00a0<\/p>\n","protected":false},"excerpt":{"rendered":"<p>Viernes, 10 de febrero de 2023 La Corporaci\u00f3n Participaci\u00f3n Ciudadana (PC) present\u00f3 los resultados de los monitoreos realizados a candidatos y candidatas, durante la campa\u00f1a electoral; as\u00ed como un an\u00e1lisis de la observaci\u00f3n al cumplimiento de la participaci\u00f3n e inclusi\u00f3n de la mujer, en las elecciones de 2023. PC, durante la campa\u00f1a electoral y a [&hellip;]<\/p>\n","protected":false},"author":7,"featured_media":4776,"comment_status":"open","ping_status":"open","sticky":false,"template":"","format":"standard","meta":{"site-sidebar-layout":"default","site-content-layout":"","ast-site-content-layout":"default","site-content-style":"default","site-sidebar-style":"default","ast-global-header-display":"","ast-banner-title-visibility":"","ast-main-header-display":"","ast-hfb-above-header-display":"","ast-hfb-below-header-display":"","ast-hfb-mobile-header-display":"","site-post-title":"","ast-breadcrumbs-content":"","ast-featured-img":"","footer-sml-layout":"","ast-disable-related-posts":"","theme-transparent-header-meta":"","adv-header-id-meta":"","stick-header-meta":"","header-above-stick-meta":"","header-main-stick-meta":"","header-below-stick-meta":"","astra-migrate-meta-layouts":"default","ast-page-background-enabled":"default","ast-page-background-meta":{"desktop":{"background-color":"","background-image":"","background-repeat":"repeat","background-position":"center center","background-size":"auto","background-attachment":"scroll","background-type":"","background-media":"","overlay-type":"","overlay-color":"","overlay-opacity":"","overlay-gradient":""},"tablet":{"background-color":"","background-image":"","background-repeat":"repeat","background-position":"center center","background-size":"auto","background-attachment":"scroll","background-type":"","background-media":"","overlay-type":"","overlay-color":"","overlay-opacity":"","overlay-gradient":""},"mobile":{"background-color":"","background-image":"","background-repeat":"repeat","background-position":"center center","background-size":"auto","background-attachment":"scroll","background-type":"","background-media":"","overlay-type":"","overlay-color":"","overlay-opacity":"","overlay-gradient":""}},"ast-content-background-meta":{"desktop":{"background-color":"var(--ast-global-color-5)","background-image":"","background-repeat":"repeat","background-position":"center center","background-size":"auto","background-attachment":"scroll","background-type":"","background-media":"","overlay-type":"","overlay-color":"","overlay-opacity":"","overlay-gradient":""},"tablet":{"background-color":"var(--ast-global-color-5)","background-image":"","background-repeat":"repeat","background-position":"center center","background-size":"auto","background-attachment":"scroll","background-type":"","background-media":"","overlay-type":"","overlay-color":"","overlay-opacity":"","overlay-gradient":""},"mobile":{"background-color":"var(--ast-global-color-5)","background-image":"","background-repeat":"repeat","background-position":"center center","background-size":"auto","background-attachment":"scroll","background-type":"","background-media":"","overlay-type":"","overlay-color":"","overlay-opacity":"","overlay-gradient":""}},"_joinchat":[],"footnotes":""},"categories":[78,23],"tags":[],"class_list":["post-4775","post","type-post","status-publish","format-standard","has-post-thumbnail","hentry","category-boletines","category-comunicacion"],"yoast_head":"<!-- This site is optimized with the Yoast SEO plugin v26.5 - https:\/\/yoast.com\/wordpress\/plugins\/seo\/ -->\n<title>PC present\u00f3 los resultados de los monitoreos a candidatos y sobre la participaci\u00f3n de la mujer en elecciones - Participaci\u00f3n Ciudadana<\/title>\n<meta name=\"robots\" content=\"index, follow, max-snippet:-1, max-image-preview:large, max-video-preview:-1\" \/>\n<link rel=\"canonical\" href=\"https:\/\/www.participacionciudadana.org\/web\/2023\/02\/10\/pc-presento-los-resultados-de-los-monitoreos-a-candidatos-y-sobre-la-participacion-de-la-mujer-en-elecciones\/\" \/>\n<meta property=\"og:locale\" content=\"es_ES\" \/>\n<meta property=\"og:type\" content=\"article\" \/>\n<meta property=\"og:title\" content=\"PC present\u00f3 los resultados de los monitoreos a candidatos y sobre la participaci\u00f3n de la mujer en elecciones - Participaci\u00f3n Ciudadana\" \/>\n<meta property=\"og:description\" content=\"Viernes, 10 de febrero de 2023 La Corporaci\u00f3n Participaci\u00f3n Ciudadana (PC) present\u00f3 los resultados de los monitoreos realizados a candidatos y candidatas, durante la campa\u00f1a electoral; as\u00ed como un an\u00e1lisis de la observaci\u00f3n al cumplimiento de la participaci\u00f3n e inclusi\u00f3n de la mujer, en las elecciones de 2023. PC, durante la campa\u00f1a electoral y a [&hellip;]\" \/>\n<meta property=\"og:url\" content=\"https:\/\/www.participacionciudadana.org\/web\/2023\/02\/10\/pc-presento-los-resultados-de-los-monitoreos-a-candidatos-y-sobre-la-participacion-de-la-mujer-en-elecciones\/\" \/>\n<meta property=\"og:site_name\" content=\"Participaci\u00f3n Ciudadana\" \/>\n<meta property=\"article:publisher\" content=\"https:\/\/www.facebook.com\/ParticipacionPC\/\" \/>\n<meta property=\"article:published_time\" content=\"2023-02-10T13:39:37+00:00\" \/>\n<meta property=\"article:modified_time\" content=\"2023-02-10T14:21:19+00:00\" \/>\n<meta property=\"og:image\" content=\"https:\/\/www.participacionciudadana.org\/web\/wp-content\/uploads\/2023\/02\/CAMILA.jpeg\" \/>\n\t<meta property=\"og:image:width\" content=\"1517\" \/>\n\t<meta property=\"og:image:height\" content=\"663\" \/>\n\t<meta property=\"og:image:type\" content=\"image\/jpeg\" \/>\n<meta name=\"author\" content=\"Karen Ramos\" \/>\n<meta name=\"twitter:card\" content=\"summary_large_image\" \/>\n<meta name=\"twitter:creator\" content=\"@ParticipacionPC\" \/>\n<meta name=\"twitter:site\" content=\"@ParticipacionPC\" \/>\n<meta name=\"twitter:label1\" content=\"Escrito por\" \/>\n\t<meta name=\"twitter:data1\" content=\"Karen Ramos\" \/>\n\t<meta name=\"twitter:label2\" content=\"Tiempo de lectura\" \/>\n\t<meta name=\"twitter:data2\" content=\"2 minutos\" \/>\n<script type=\"application\/ld+json\" class=\"yoast-schema-graph\">{\"@context\":\"https:\/\/schema.org\",\"@graph\":[{\"@type\":\"Article\",\"@id\":\"https:\/\/www.participacionciudadana.org\/web\/2023\/02\/10\/pc-presento-los-resultados-de-los-monitoreos-a-candidatos-y-sobre-la-participacion-de-la-mujer-en-elecciones\/#article\",\"isPartOf\":{\"@id\":\"https:\/\/www.participacionciudadana.org\/web\/2023\/02\/10\/pc-presento-los-resultados-de-los-monitoreos-a-candidatos-y-sobre-la-participacion-de-la-mujer-en-elecciones\/\"},\"author\":{\"name\":\"Karen Ramos\",\"@id\":\"https:\/\/www.participacionciudadana.org\/web\/#\/schema\/person\/7d1c54696e041e527f8fbfd6c9b513ae\"},\"headline\":\"PC present\u00f3 los resultados de los monitoreos a candidatos y sobre la participaci\u00f3n de la mujer en elecciones\",\"datePublished\":\"2023-02-10T13:39:37+00:00\",\"dateModified\":\"2023-02-10T14:21:19+00:00\",\"mainEntityOfPage\":{\"@id\":\"https:\/\/www.participacionciudadana.org\/web\/2023\/02\/10\/pc-presento-los-resultados-de-los-monitoreos-a-candidatos-y-sobre-la-participacion-de-la-mujer-en-elecciones\/\"},\"wordCount\":460,\"commentCount\":0,\"publisher\":{\"@id\":\"https:\/\/www.participacionciudadana.org\/web\/#organization\"},\"image\":{\"@id\":\"https:\/\/www.participacionciudadana.org\/web\/2023\/02\/10\/pc-presento-los-resultados-de-los-monitoreos-a-candidatos-y-sobre-la-participacion-de-la-mujer-en-elecciones\/#primaryimage\"},\"thumbnailUrl\":\"https:\/\/www.participacionciudadana.org\/web\/wp-content\/uploads\/2023\/02\/CAMILA.jpeg\",\"articleSection\":[\"Boletines\",\"Comunicaci\u00f3n\"],\"inLanguage\":\"es\",\"potentialAction\":[{\"@type\":\"CommentAction\",\"name\":\"Comment\",\"target\":[\"https:\/\/www.participacionciudadana.org\/web\/2023\/02\/10\/pc-presento-los-resultados-de-los-monitoreos-a-candidatos-y-sobre-la-participacion-de-la-mujer-en-elecciones\/#respond\"]}]},{\"@type\":\"WebPage\",\"@id\":\"https:\/\/www.participacionciudadana.org\/web\/2023\/02\/10\/pc-presento-los-resultados-de-los-monitoreos-a-candidatos-y-sobre-la-participacion-de-la-mujer-en-elecciones\/\",\"url\":\"https:\/\/www.participacionciudadana.org\/web\/2023\/02\/10\/pc-presento-los-resultados-de-los-monitoreos-a-candidatos-y-sobre-la-participacion-de-la-mujer-en-elecciones\/\",\"name\":\"PC present\u00f3 los resultados de los monitoreos a candidatos y sobre la participaci\u00f3n de la mujer en elecciones - Participaci\u00f3n Ciudadana\",\"isPartOf\":{\"@id\":\"https:\/\/www.participacionciudadana.org\/web\/#website\"},\"primaryImageOfPage\":{\"@id\":\"https:\/\/www.participacionciudadana.org\/web\/2023\/02\/10\/pc-presento-los-resultados-de-los-monitoreos-a-candidatos-y-sobre-la-participacion-de-la-mujer-en-elecciones\/#primaryimage\"},\"image\":{\"@id\":\"https:\/\/www.participacionciudadana.org\/web\/2023\/02\/10\/pc-presento-los-resultados-de-los-monitoreos-a-candidatos-y-sobre-la-participacion-de-la-mujer-en-elecciones\/#primaryimage\"},\"thumbnailUrl\":\"https:\/\/www.participacionciudadana.org\/web\/wp-content\/uploads\/2023\/02\/CAMILA.jpeg\",\"datePublished\":\"2023-02-10T13:39:37+00:00\",\"dateModified\":\"2023-02-10T14:21:19+00:00\",\"breadcrumb\":{\"@id\":\"https:\/\/www.participacionciudadana.org\/web\/2023\/02\/10\/pc-presento-los-resultados-de-los-monitoreos-a-candidatos-y-sobre-la-participacion-de-la-mujer-en-elecciones\/#breadcrumb\"},\"inLanguage\":\"es\",\"potentialAction\":[{\"@type\":\"ReadAction\",\"target\":[\"https:\/\/www.participacionciudadana.org\/web\/2023\/02\/10\/pc-presento-los-resultados-de-los-monitoreos-a-candidatos-y-sobre-la-participacion-de-la-mujer-en-elecciones\/\"]}]},{\"@type\":\"ImageObject\",\"inLanguage\":\"es\",\"@id\":\"https:\/\/www.participacionciudadana.org\/web\/2023\/02\/10\/pc-presento-los-resultados-de-los-monitoreos-a-candidatos-y-sobre-la-participacion-de-la-mujer-en-elecciones\/#primaryimage\",\"url\":\"https:\/\/www.participacionciudadana.org\/web\/wp-content\/uploads\/2023\/02\/CAMILA.jpeg\",\"contentUrl\":\"https:\/\/www.participacionciudadana.org\/web\/wp-content\/uploads\/2023\/02\/CAMILA.jpeg\",\"width\":1517,\"height\":663},{\"@type\":\"BreadcrumbList\",\"@id\":\"https:\/\/www.participacionciudadana.org\/web\/2023\/02\/10\/pc-presento-los-resultados-de-los-monitoreos-a-candidatos-y-sobre-la-participacion-de-la-mujer-en-elecciones\/#breadcrumb\",\"itemListElement\":[{\"@type\":\"ListItem\",\"position\":1,\"name\":\"Portada\",\"item\":\"https:\/\/www.participacionciudadana.org\/web\/\"},{\"@type\":\"ListItem\",\"position\":2,\"name\":\"PC present\u00f3 los resultados de los monitoreos a candidatos y sobre la participaci\u00f3n de la mujer en elecciones\"}]},{\"@type\":\"WebSite\",\"@id\":\"https:\/\/www.participacionciudadana.org\/web\/#website\",\"url\":\"https:\/\/www.participacionciudadana.org\/web\/\",\"name\":\"Participaci\u00f3n Ciudadana\",\"description\":\"Comprometidos con la democracia\",\"publisher\":{\"@id\":\"https:\/\/www.participacionciudadana.org\/web\/#organization\"},\"potentialAction\":[{\"@type\":\"SearchAction\",\"target\":{\"@type\":\"EntryPoint\",\"urlTemplate\":\"https:\/\/www.participacionciudadana.org\/web\/?s={search_term_string}\"},\"query-input\":{\"@type\":\"PropertyValueSpecification\",\"valueRequired\":true,\"valueName\":\"search_term_string\"}}],\"inLanguage\":\"es\"},{\"@type\":\"Organization\",\"@id\":\"https:\/\/www.participacionciudadana.org\/web\/#organization\",\"name\":\"Participaci\u00f3n Ciudadana\",\"url\":\"https:\/\/www.participacionciudadana.org\/web\/\",\"logo\":{\"@type\":\"ImageObject\",\"inLanguage\":\"es\",\"@id\":\"https:\/\/www.participacionciudadana.org\/web\/#\/schema\/logo\/image\/\",\"url\":\"https:\/\/www.participacionciudadana.org\/web\/wp-content\/uploads\/2021\/11\/cropped-logo_pc-1.png\",\"contentUrl\":\"https:\/\/www.participacionciudadana.org\/web\/wp-content\/uploads\/2021\/11\/cropped-logo_pc-1.png\",\"width\":340,\"height\":114,\"caption\":\"Participaci\u00f3n Ciudadana\"},\"image\":{\"@id\":\"https:\/\/www.participacionciudadana.org\/web\/#\/schema\/logo\/image\/\"},\"sameAs\":[\"https:\/\/www.facebook.com\/ParticipacionPC\/\",\"https:\/\/x.com\/ParticipacionPC\"]},{\"@type\":\"Person\",\"@id\":\"https:\/\/www.participacionciudadana.org\/web\/#\/schema\/person\/7d1c54696e041e527f8fbfd6c9b513ae\",\"name\":\"Karen Ramos\",\"image\":{\"@type\":\"ImageObject\",\"inLanguage\":\"es\",\"@id\":\"https:\/\/www.participacionciudadana.org\/web\/#\/schema\/person\/image\/\",\"url\":\"https:\/\/secure.gravatar.com\/avatar\/286968dbb3bb60217f1c7034fda5fe010f5c132ea9d76191d7dbe615e76f9e88?s=96&d=mm&r=g\",\"contentUrl\":\"https:\/\/secure.gravatar.com\/avatar\/286968dbb3bb60217f1c7034fda5fe010f5c132ea9d76191d7dbe615e76f9e88?s=96&d=mm&r=g\",\"caption\":\"Karen Ramos\"},\"url\":\"https:\/\/www.participacionciudadana.org\/web\/author\/karenliz\/\"}]}<\/script>\n<!-- \/ Yoast SEO plugin. -->","yoast_head_json":{"title":"PC present\u00f3 los resultados de los monitoreos a candidatos y sobre la participaci\u00f3n de la mujer en elecciones - Participaci\u00f3n Ciudadana","robots":{"index":"index","follow":"follow","max-snippet":"max-snippet:-1","max-image-preview":"max-image-preview:large","max-video-preview":"max-video-preview:-1"},"canonical":"https:\/\/www.participacionciudadana.org\/web\/2023\/02\/10\/pc-presento-los-resultados-de-los-monitoreos-a-candidatos-y-sobre-la-participacion-de-la-mujer-en-elecciones\/","og_locale":"es_ES","og_type":"article","og_title":"PC present\u00f3 los resultados de los monitoreos a candidatos y sobre la participaci\u00f3n de la mujer en elecciones - Participaci\u00f3n Ciudadana","og_description":"Viernes, 10 de febrero de 2023 La Corporaci\u00f3n Participaci\u00f3n Ciudadana (PC) present\u00f3 los resultados de los monitoreos realizados a candidatos y candidatas, durante la campa\u00f1a electoral; as\u00ed como un an\u00e1lisis de la observaci\u00f3n al cumplimiento de la participaci\u00f3n e inclusi\u00f3n de la mujer, en las elecciones de 2023. PC, durante la campa\u00f1a electoral y a [&hellip;]","og_url":"https:\/\/www.participacionciudadana.org\/web\/2023\/02\/10\/pc-presento-los-resultados-de-los-monitoreos-a-candidatos-y-sobre-la-participacion-de-la-mujer-en-elecciones\/","og_site_name":"Participaci\u00f3n Ciudadana","article_publisher":"https:\/\/www.facebook.com\/ParticipacionPC\/","article_published_time":"2023-02-10T13:39:37+00:00","article_modified_time":"2023-02-10T14:21:19+00:00","og_image":[{"width":1517,"height":663,"url":"https:\/\/www.participacionciudadana.org\/web\/wp-content\/uploads\/2023\/02\/CAMILA.jpeg","type":"image\/jpeg"}],"author":"Karen Ramos","twitter_card":"summary_large_image","twitter_creator":"@ParticipacionPC","twitter_site":"@ParticipacionPC","twitter_misc":{"Escrito por":"Karen Ramos","Tiempo de lectura":"2 minutos"},"schema":{"@context":"https:\/\/schema.org","@graph":[{"@type":"Article","@id":"https:\/\/www.participacionciudadana.org\/web\/2023\/02\/10\/pc-presento-los-resultados-de-los-monitoreos-a-candidatos-y-sobre-la-participacion-de-la-mujer-en-elecciones\/#article","isPartOf":{"@id":"https:\/\/www.participacionciudadana.org\/web\/2023\/02\/10\/pc-presento-los-resultados-de-los-monitoreos-a-candidatos-y-sobre-la-participacion-de-la-mujer-en-elecciones\/"},"author":{"name":"Karen Ramos","@id":"https:\/\/www.participacionciudadana.org\/web\/#\/schema\/person\/7d1c54696e041e527f8fbfd6c9b513ae"},"headline":"PC present\u00f3 los resultados de los monitoreos a candidatos y sobre la participaci\u00f3n de la mujer en elecciones","datePublished":"2023-02-10T13:39:37+00:00","dateModified":"2023-02-10T14:21:19+00:00","mainEntityOfPage":{"@id":"https:\/\/www.participacionciudadana.org\/web\/2023\/02\/10\/pc-presento-los-resultados-de-los-monitoreos-a-candidatos-y-sobre-la-participacion-de-la-mujer-en-elecciones\/"},"wordCount":460,"commentCount":0,"publisher":{"@id":"https:\/\/www.participacionciudadana.org\/web\/#organization"},"image":{"@id":"https:\/\/www.participacionciudadana.org\/web\/2023\/02\/10\/pc-presento-los-resultados-de-los-monitoreos-a-candidatos-y-sobre-la-participacion-de-la-mujer-en-elecciones\/#primaryimage"},"thumbnailUrl":"https:\/\/www.participacionciudadana.org\/web\/wp-content\/uploads\/2023\/02\/CAMILA.jpeg","articleSection":["Boletines","Comunicaci\u00f3n"],"inLanguage":"es","potentialAction":[{"@type":"CommentAction","name":"Comment","target":["https:\/\/www.participacionciudadana.org\/web\/2023\/02\/10\/pc-presento-los-resultados-de-los-monitoreos-a-candidatos-y-sobre-la-participacion-de-la-mujer-en-elecciones\/#respond"]}]},{"@type":"WebPage","@id":"https:\/\/www.participacionciudadana.org\/web\/2023\/02\/10\/pc-presento-los-resultados-de-los-monitoreos-a-candidatos-y-sobre-la-participacion-de-la-mujer-en-elecciones\/","url":"https:\/\/www.participacionciudadana.org\/web\/2023\/02\/10\/pc-presento-los-resultados-de-los-monitoreos-a-candidatos-y-sobre-la-participacion-de-la-mujer-en-elecciones\/","name":"PC present\u00f3 los resultados de los monitoreos a candidatos y sobre la participaci\u00f3n de la mujer en elecciones - Participaci\u00f3n Ciudadana","isPartOf":{"@id":"https:\/\/www.participacionciudadana.org\/web\/#website"},"primaryImageOfPage":{"@id":"https:\/\/www.participacionciudadana.org\/web\/2023\/02\/10\/pc-presento-los-resultados-de-los-monitoreos-a-candidatos-y-sobre-la-participacion-de-la-mujer-en-elecciones\/#primaryimage"},"image":{"@id":"https:\/\/www.participacionciudadana.org\/web\/2023\/02\/10\/pc-presento-los-resultados-de-los-monitoreos-a-candidatos-y-sobre-la-participacion-de-la-mujer-en-elecciones\/#primaryimage"},"thumbnailUrl":"https:\/\/www.participacionciudadana.org\/web\/wp-content\/uploads\/2023\/02\/CAMILA.jpeg","datePublished":"2023-02-10T13:39:37+00:00","dateModified":"2023-02-10T14:21:19+00:00","breadcrumb":{"@id":"https:\/\/www.participacionciudadana.org\/web\/2023\/02\/10\/pc-presento-los-resultados-de-los-monitoreos-a-candidatos-y-sobre-la-participacion-de-la-mujer-en-elecciones\/#breadcrumb"},"inLanguage":"es","potentialAction":[{"@type":"ReadAction","target":["https:\/\/www.participacionciudadana.org\/web\/2023\/02\/10\/pc-presento-los-resultados-de-los-monitoreos-a-candidatos-y-sobre-la-participacion-de-la-mujer-en-elecciones\/"]}]},{"@type":"ImageObject","inLanguage":"es","@id":"https:\/\/www.participacionciudadana.org\/web\/2023\/02\/10\/pc-presento-los-resultados-de-los-monitoreos-a-candidatos-y-sobre-la-participacion-de-la-mujer-en-elecciones\/#primaryimage","url":"https:\/\/www.participacionciudadana.org\/web\/wp-content\/uploads\/2023\/02\/CAMILA.jpeg","contentUrl":"https:\/\/www.participacionciudadana.org\/web\/wp-content\/uploads\/2023\/02\/CAMILA.jpeg","width":1517,"height":663},{"@type":"BreadcrumbList","@id":"https:\/\/www.participacionciudadana.org\/web\/2023\/02\/10\/pc-presento-los-resultados-de-los-monitoreos-a-candidatos-y-sobre-la-participacion-de-la-mujer-en-elecciones\/#breadcrumb","itemListElement":[{"@type":"ListItem","position":1,"name":"Portada","item":"https:\/\/www.participacionciudadana.org\/web\/"},{"@type":"ListItem","position":2,"name":"PC present\u00f3 los resultados de los monitoreos a candidatos y sobre la participaci\u00f3n de la mujer en elecciones"}]},{"@type":"WebSite","@id":"https:\/\/www.participacionciudadana.org\/web\/#website","url":"https:\/\/www.participacionciudadana.org\/web\/","name":"Participaci\u00f3n Ciudadana","description":"Comprometidos con la democracia","publisher":{"@id":"https:\/\/www.participacionciudadana.org\/web\/#organization"},"potentialAction":[{"@type":"SearchAction","target":{"@type":"EntryPoint","urlTemplate":"https:\/\/www.participacionciudadana.org\/web\/?s={search_term_string}"},"query-input":{"@type":"PropertyValueSpecification","valueRequired":true,"valueName":"search_term_string"}}],"inLanguage":"es"},{"@type":"Organization","@id":"https:\/\/www.participacionciudadana.org\/web\/#organization","name":"Participaci\u00f3n Ciudadana","url":"https:\/\/www.participacionciudadana.org\/web\/","logo":{"@type":"ImageObject","inLanguage":"es","@id":"https:\/\/www.participacionciudadana.org\/web\/#\/schema\/logo\/image\/","url":"https:\/\/www.participacionciudadana.org\/web\/wp-content\/uploads\/2021\/11\/cropped-logo_pc-1.png","contentUrl":"https:\/\/www.participacionciudadana.org\/web\/wp-content\/uploads\/2021\/11\/cropped-logo_pc-1.png","width":340,"height":114,"caption":"Participaci\u00f3n Ciudadana"},"image":{"@id":"https:\/\/www.participacionciudadana.org\/web\/#\/schema\/logo\/image\/"},"sameAs":["https:\/\/www.facebook.com\/ParticipacionPC\/","https:\/\/x.com\/ParticipacionPC"]},{"@type":"Person","@id":"https:\/\/www.participacionciudadana.org\/web\/#\/schema\/person\/7d1c54696e041e527f8fbfd6c9b513ae","name":"Karen Ramos","image":{"@type":"ImageObject","inLanguage":"es","@id":"https:\/\/www.participacionciudadana.org\/web\/#\/schema\/person\/image\/","url":"https:\/\/secure.gravatar.com\/avatar\/286968dbb3bb60217f1c7034fda5fe010f5c132ea9d76191d7dbe615e76f9e88?s=96&d=mm&r=g","contentUrl":"https:\/\/secure.gravatar.com\/avatar\/286968dbb3bb60217f1c7034fda5fe010f5c132ea9d76191d7dbe615e76f9e88?s=96&d=mm&r=g","caption":"Karen Ramos"},"url":"https:\/\/www.participacionciudadana.org\/web\/author\/karenliz\/"}]}},"_links":{"self":[{"href":"https:\/\/www.participacionciudadana.org\/web\/wp-json\/wp\/v2\/posts\/4775","targetHints":{"allow":["GET"]}}],"collection":[{"href":"https:\/\/www.participacionciudadana.org\/web\/wp-json\/wp\/v2\/posts"}],"about":[{"href":"https:\/\/www.participacionciudadana.org\/web\/wp-json\/wp\/v2\/types\/post"}],"author":[{"embeddable":true,"href":"https:\/\/www.participacionciudadana.org\/web\/wp-json\/wp\/v2\/users\/7"}],"replies":[{"embeddable":true,"href":"https:\/\/www.participacionciudadana.org\/web\/wp-json\/wp\/v2\/comments?post=4775"}],"version-history":[{"count":0,"href":"https:\/\/www.participacionciudadana.org\/web\/wp-json\/wp\/v2\/posts\/4775\/revisions"}],"wp:featuredmedia":[{"embeddable":true,"href":"https:\/\/www.participacionciudadana.org\/web\/wp-json\/wp\/v2\/media\/4776"}],"wp:attachment":[{"href":"https:\/\/www.participacionciudadana.org\/web\/wp-json\/wp\/v2\/media?parent=4775"}],"wp:term":[{"taxonomy":"category","embeddable":true,"href":"https:\/\/www.participacionciudadana.org\/web\/wp-json\/wp\/v2\/categories?post=4775"},{"taxonomy":"post_tag","embeddable":true,"href":"https:\/\/www.participacionciudadana.org\/web\/wp-json\/wp\/v2\/tags?post=4775"}],"curies":[{"name":"wp","href":"https:\/\/api.w.org\/{rel}","templated":true}]}}