{"id":4858,"date":"2023-02-28T13:49:06","date_gmt":"2023-02-28T18:49:06","guid":{"rendered":"https:\/\/www.participacionciudadana.org\/web\/?p=4858"},"modified":"2023-03-08T14:52:29","modified_gmt":"2023-03-08T19:52:29","slug":"rechazar-la-violencia-y-defender-la-democracia","status":"publish","type":"post","link":"https:\/\/www.participacionciudadana.org\/web\/2023\/02\/28\/rechazar-la-violencia-y-defender-la-democracia\/","title":{"rendered":"RECHAZAR LA VIOLENCIA Y DEFENDER LA DEMOCRACIA"},"content":{"rendered":"\n<p class=\"has-text-align-right\">Martes, 28 de febrero de 2023<\/p>\n\n\n\n<p>La Corporaci\u00f3n Participaci\u00f3n Ciudadana (PC) hace un llamado a los ciudadanos a rechazar la violencia y los intentos de promover la inestabilidad en el pa\u00eds. La democracia ecuatoriana necesita de instancias de di\u00e1logo, en donde se incluyan las voces de todos los sectores. Espacios que garanticen la convergencia; pero tambi\u00e9n, el disenso respetuoso, y en donde todos los ciudadanos se sientan representados.<\/p>\n\n\n\n<p>Los paros violentos que pusieron al pa\u00eds bajo el caos y destrucci\u00f3n <strong>NO <\/strong>pueden volver a ocurrir, <strong>NUNCA M\u00c1S<\/strong>. El Ecuador necesita trabajo, seguridad y progreso. Y esto no se lograr\u00e1 jam\u00e1s con violencia y vandalismo.<\/p>\n\n\n\n<p>Ratificamos el derecho a la protesta pac\u00edfica como canalizadora de visibilizaci\u00f3n de demandas justas; pero condenamos todo fomento de violencia, venga de donde venga. Es momento de apostarle, como sociedad, a la promoci\u00f3n de una cultura pol\u00edtica, que impulse la paz y el di\u00e1logo para solventar los graves problemas econ\u00f3micos, sociales y de inseguridad, que tanto preocupan a los ecuatorianos.<\/p>\n\n\n\n<p>Consideramos que la inestabilidad que provoca un paro nacional no beneficia a nadie, pues promueve enormes p\u00e9rdidas econ\u00f3micas para todos, adem\u00e1s de destrucci\u00f3n de bienes p\u00fablicos y privados y crea una gran fractura social.<\/p>\n\n\n\n<p>Hacemos un llamado a todos los actores pol\u00edticos y sociales a defender la democracia y la paz en el pa\u00eds.<\/p>\n\n\n\n<p>Ratificamos al di\u00e1logo como la \u00fanica v\u00eda para solucionar los conflictos, en el marco del respeto al que piensa distinto. DEFENDER LA DEMOCRACIA Y RECHAZAR LA VIOLENCIA.<\/p>\n","protected":false},"excerpt":{"rendered":"<p>Martes, 28 de febrero de 2023 La Corporaci\u00f3n Participaci\u00f3n Ciudadana (PC) hace un llamado a los ciudadanos a rechazar la violencia y los intentos de promover la inestabilidad en el pa\u00eds. La democracia ecuatoriana necesita de instancias de di\u00e1logo, en donde se incluyan las voces de todos los sectores. Espacios que garanticen la convergencia; pero [&hellip;]<\/p>\n","protected":false},"author":7,"featured_media":4862,"comment_status":"open","ping_status":"open","sticky":false,"template":"","format":"standard","meta":{"site-sidebar-layout":"default","site-content-layout":"","ast-site-content-layout":"default","site-content-style":"default","site-sidebar-style":"default","ast-global-header-display":"","ast-banner-title-visibility":"","ast-main-header-display":"","ast-hfb-above-header-display":"","ast-hfb-below-header-display":"","ast-hfb-mobile-header-display":"","site-post-title":"","ast-breadcrumbs-content":"","ast-featured-img":"","footer-sml-layout":"","ast-disable-related-posts":"","theme-transparent-header-meta":"","adv-header-id-meta":"","stick-header-meta":"","header-above-stick-meta":"","header-main-stick-meta":"","header-below-stick-meta":"","astra-migrate-meta-layouts":"default","ast-page-background-enabled":"default","ast-page-background-meta":{"desktop":{"background-color":"","background-image":"","background-repeat":"repeat","background-position":"center center","background-size":"auto","background-attachment":"scroll","background-type":"","background-media":"","overlay-type":"","overlay-color":"","overlay-opacity":"","overlay-gradient":""},"tablet":{"background-color":"","background-image":"","background-repeat":"repeat","background-position":"center center","background-size":"auto","background-attachment":"scroll","background-type":"","background-media":"","overlay-type":"","overlay-color":"","overlay-opacity":"","overlay-gradient":""},"mobile":{"background-color":"","background-image":"","background-repeat":"repeat","background-position":"center center","background-size":"auto","background-attachment":"scroll","background-type":"","background-media":"","overlay-type":"","overlay-color":"","overlay-opacity":"","overlay-gradient":""}},"ast-content-background-meta":{"desktop":{"background-color":"var(--ast-global-color-5)","background-image":"","background-repeat":"repeat","background-position":"center center","background-size":"auto","background-attachment":"scroll","background-type":"","background-media":"","overlay-type":"","overlay-color":"","overlay-opacity":"","overlay-gradient":""},"tablet":{"background-color":"var(--ast-global-color-5)","background-image":"","background-repeat":"repeat","background-position":"center center","background-size":"auto","background-attachment":"scroll","background-type":"","background-media":"","overlay-type":"","overlay-color":"","overlay-opacity":"","overlay-gradient":""},"mobile":{"background-color":"var(--ast-global-color-5)","background-image":"","background-repeat":"repeat","background-position":"center center","background-size":"auto","background-attachment":"scroll","background-type":"","background-media":"","overlay-type":"","overlay-color":"","overlay-opacity":"","overlay-gradient":""}},"_joinchat":[],"footnotes":""},"categories":[77,1],"tags":[],"class_list":["post-4858","post","type-post","status-publish","format-standard","has-post-thumbnail","hentry","category-comunicados","category-sin-categoria"],"yoast_head":"<!-- This site is optimized with the Yoast SEO plugin v26.5 - https:\/\/yoast.com\/wordpress\/plugins\/seo\/ -->\n<title>RECHAZAR LA VIOLENCIA Y DEFENDER LA DEMOCRACIA - Participaci\u00f3n Ciudadana<\/title>\n<meta name=\"robots\" content=\"index, follow, max-snippet:-1, max-image-preview:large, max-video-preview:-1\" \/>\n<link rel=\"canonical\" href=\"https:\/\/www.participacionciudadana.org\/web\/2023\/02\/28\/rechazar-la-violencia-y-defender-la-democracia\/\" \/>\n<meta property=\"og:locale\" content=\"es_ES\" \/>\n<meta property=\"og:type\" content=\"article\" \/>\n<meta property=\"og:title\" content=\"RECHAZAR LA VIOLENCIA Y DEFENDER LA DEMOCRACIA - Participaci\u00f3n Ciudadana\" \/>\n<meta property=\"og:description\" content=\"Martes, 28 de febrero de 2023 La Corporaci\u00f3n Participaci\u00f3n Ciudadana (PC) hace un llamado a los ciudadanos a rechazar la violencia y los intentos de promover la inestabilidad en el pa\u00eds. La democracia ecuatoriana necesita de instancias de di\u00e1logo, en donde se incluyan las voces de todos los sectores. Espacios que garanticen la convergencia; pero [&hellip;]\" \/>\n<meta property=\"og:url\" content=\"https:\/\/www.participacionciudadana.org\/web\/2023\/02\/28\/rechazar-la-violencia-y-defender-la-democracia\/\" \/>\n<meta property=\"og:site_name\" content=\"Participaci\u00f3n Ciudadana\" \/>\n<meta property=\"article:publisher\" content=\"https:\/\/www.facebook.com\/ParticipacionPC\/\" \/>\n<meta property=\"article:published_time\" content=\"2023-02-28T18:49:06+00:00\" \/>\n<meta property=\"article:modified_time\" content=\"2023-03-08T19:52:29+00:00\" \/>\n<meta property=\"og:image\" content=\"https:\/\/www.participacionciudadana.org\/web\/wp-content\/uploads\/2023\/02\/ok-comunicado.jpg\" \/>\n\t<meta property=\"og:image:width\" content=\"851\" \/>\n\t<meta property=\"og:image:height\" content=\"919\" \/>\n\t<meta property=\"og:image:type\" content=\"image\/jpeg\" \/>\n<meta name=\"author\" content=\"Karen Ramos\" \/>\n<meta name=\"twitter:card\" content=\"summary_large_image\" \/>\n<meta name=\"twitter:creator\" content=\"@ParticipacionPC\" \/>\n<meta name=\"twitter:site\" content=\"@ParticipacionPC\" \/>\n<meta name=\"twitter:label1\" content=\"Escrito por\" \/>\n\t<meta name=\"twitter:data1\" content=\"Karen Ramos\" \/>\n\t<meta name=\"twitter:label2\" content=\"Tiempo de lectura\" \/>\n\t<meta name=\"twitter:data2\" content=\"1 minuto\" \/>\n<script type=\"application\/ld+json\" class=\"yoast-schema-graph\">{\"@context\":\"https:\/\/schema.org\",\"@graph\":[{\"@type\":\"Article\",\"@id\":\"https:\/\/www.participacionciudadana.org\/web\/2023\/02\/28\/rechazar-la-violencia-y-defender-la-democracia\/#article\",\"isPartOf\":{\"@id\":\"https:\/\/www.participacionciudadana.org\/web\/2023\/02\/28\/rechazar-la-violencia-y-defender-la-democracia\/\"},\"author\":{\"name\":\"Karen Ramos\",\"@id\":\"https:\/\/www.participacionciudadana.org\/web\/#\/schema\/person\/7d1c54696e041e527f8fbfd6c9b513ae\"},\"headline\":\"RECHAZAR LA VIOLENCIA Y DEFENDER LA DEMOCRACIA\",\"datePublished\":\"2023-02-28T18:49:06+00:00\",\"dateModified\":\"2023-03-08T19:52:29+00:00\",\"mainEntityOfPage\":{\"@id\":\"https:\/\/www.participacionciudadana.org\/web\/2023\/02\/28\/rechazar-la-violencia-y-defender-la-democracia\/\"},\"wordCount\":274,\"commentCount\":0,\"publisher\":{\"@id\":\"https:\/\/www.participacionciudadana.org\/web\/#organization\"},\"image\":{\"@id\":\"https:\/\/www.participacionciudadana.org\/web\/2023\/02\/28\/rechazar-la-violencia-y-defender-la-democracia\/#primaryimage\"},\"thumbnailUrl\":\"https:\/\/www.participacionciudadana.org\/web\/wp-content\/uploads\/2023\/02\/ok-comunicado.jpg\",\"articleSection\":[\"Comunicados\"],\"inLanguage\":\"es\",\"potentialAction\":[{\"@type\":\"CommentAction\",\"name\":\"Comment\",\"target\":[\"https:\/\/www.participacionciudadana.org\/web\/2023\/02\/28\/rechazar-la-violencia-y-defender-la-democracia\/#respond\"]}]},{\"@type\":\"WebPage\",\"@id\":\"https:\/\/www.participacionciudadana.org\/web\/2023\/02\/28\/rechazar-la-violencia-y-defender-la-democracia\/\",\"url\":\"https:\/\/www.participacionciudadana.org\/web\/2023\/02\/28\/rechazar-la-violencia-y-defender-la-democracia\/\",\"name\":\"RECHAZAR LA VIOLENCIA Y DEFENDER LA DEMOCRACIA - Participaci\u00f3n Ciudadana\",\"isPartOf\":{\"@id\":\"https:\/\/www.participacionciudadana.org\/web\/#website\"},\"primaryImageOfPage\":{\"@id\":\"https:\/\/www.participacionciudadana.org\/web\/2023\/02\/28\/rechazar-la-violencia-y-defender-la-democracia\/#primaryimage\"},\"image\":{\"@id\":\"https:\/\/www.participacionciudadana.org\/web\/2023\/02\/28\/rechazar-la-violencia-y-defender-la-democracia\/#primaryimage\"},\"thumbnailUrl\":\"https:\/\/www.participacionciudadana.org\/web\/wp-content\/uploads\/2023\/02\/ok-comunicado.jpg\",\"datePublished\":\"2023-02-28T18:49:06+00:00\",\"dateModified\":\"2023-03-08T19:52:29+00:00\",\"breadcrumb\":{\"@id\":\"https:\/\/www.participacionciudadana.org\/web\/2023\/02\/28\/rechazar-la-violencia-y-defender-la-democracia\/#breadcrumb\"},\"inLanguage\":\"es\",\"potentialAction\":[{\"@type\":\"ReadAction\",\"target\":[\"https:\/\/www.participacionciudadana.org\/web\/2023\/02\/28\/rechazar-la-violencia-y-defender-la-democracia\/\"]}]},{\"@type\":\"ImageObject\",\"inLanguage\":\"es\",\"@id\":\"https:\/\/www.participacionciudadana.org\/web\/2023\/02\/28\/rechazar-la-violencia-y-defender-la-democracia\/#primaryimage\",\"url\":\"https:\/\/www.participacionciudadana.org\/web\/wp-content\/uploads\/2023\/02\/ok-comunicado.jpg\",\"contentUrl\":\"https:\/\/www.participacionciudadana.org\/web\/wp-content\/uploads\/2023\/02\/ok-comunicado.jpg\",\"width\":851,\"height\":919},{\"@type\":\"BreadcrumbList\",\"@id\":\"https:\/\/www.participacionciudadana.org\/web\/2023\/02\/28\/rechazar-la-violencia-y-defender-la-democracia\/#breadcrumb\",\"itemListElement\":[{\"@type\":\"ListItem\",\"position\":1,\"name\":\"Portada\",\"item\":\"https:\/\/www.participacionciudadana.org\/web\/\"},{\"@type\":\"ListItem\",\"position\":2,\"name\":\"RECHAZAR LA VIOLENCIA Y DEFENDER LA DEMOCRACIA\"}]},{\"@type\":\"WebSite\",\"@id\":\"https:\/\/www.participacionciudadana.org\/web\/#website\",\"url\":\"https:\/\/www.participacionciudadana.org\/web\/\",\"name\":\"Participaci\u00f3n Ciudadana\",\"description\":\"Comprometidos con la democracia\",\"publisher\":{\"@id\":\"https:\/\/www.participacionciudadana.org\/web\/#organization\"},\"potentialAction\":[{\"@type\":\"SearchAction\",\"target\":{\"@type\":\"EntryPoint\",\"urlTemplate\":\"https:\/\/www.participacionciudadana.org\/web\/?s={search_term_string}\"},\"query-input\":{\"@type\":\"PropertyValueSpecification\",\"valueRequired\":true,\"valueName\":\"search_term_string\"}}],\"inLanguage\":\"es\"},{\"@type\":\"Organization\",\"@id\":\"https:\/\/www.participacionciudadana.org\/web\/#organization\",\"name\":\"Participaci\u00f3n Ciudadana\",\"url\":\"https:\/\/www.participacionciudadana.org\/web\/\",\"logo\":{\"@type\":\"ImageObject\",\"inLanguage\":\"es\",\"@id\":\"https:\/\/www.participacionciudadana.org\/web\/#\/schema\/logo\/image\/\",\"url\":\"https:\/\/www.participacionciudadana.org\/web\/wp-content\/uploads\/2021\/11\/cropped-logo_pc-1.png\",\"contentUrl\":\"https:\/\/www.participacionciudadana.org\/web\/wp-content\/uploads\/2021\/11\/cropped-logo_pc-1.png\",\"width\":340,\"height\":114,\"caption\":\"Participaci\u00f3n Ciudadana\"},\"image\":{\"@id\":\"https:\/\/www.participacionciudadana.org\/web\/#\/schema\/logo\/image\/\"},\"sameAs\":[\"https:\/\/www.facebook.com\/ParticipacionPC\/\",\"https:\/\/x.com\/ParticipacionPC\"]},{\"@type\":\"Person\",\"@id\":\"https:\/\/www.participacionciudadana.org\/web\/#\/schema\/person\/7d1c54696e041e527f8fbfd6c9b513ae\",\"name\":\"Karen Ramos\",\"image\":{\"@type\":\"ImageObject\",\"inLanguage\":\"es\",\"@id\":\"https:\/\/www.participacionciudadana.org\/web\/#\/schema\/person\/image\/\",\"url\":\"https:\/\/secure.gravatar.com\/avatar\/286968dbb3bb60217f1c7034fda5fe010f5c132ea9d76191d7dbe615e76f9e88?s=96&d=mm&r=g\",\"contentUrl\":\"https:\/\/secure.gravatar.com\/avatar\/286968dbb3bb60217f1c7034fda5fe010f5c132ea9d76191d7dbe615e76f9e88?s=96&d=mm&r=g\",\"caption\":\"Karen Ramos\"},\"url\":\"https:\/\/www.participacionciudadana.org\/web\/author\/karenliz\/\"}]}<\/script>\n<!-- \/ Yoast SEO plugin. -->","yoast_head_json":{"title":"RECHAZAR LA VIOLENCIA Y DEFENDER LA DEMOCRACIA - Participaci\u00f3n Ciudadana","robots":{"index":"index","follow":"follow","max-snippet":"max-snippet:-1","max-image-preview":"max-image-preview:large","max-video-preview":"max-video-preview:-1"},"canonical":"https:\/\/www.participacionciudadana.org\/web\/2023\/02\/28\/rechazar-la-violencia-y-defender-la-democracia\/","og_locale":"es_ES","og_type":"article","og_title":"RECHAZAR LA VIOLENCIA Y DEFENDER LA DEMOCRACIA - Participaci\u00f3n Ciudadana","og_description":"Martes, 28 de febrero de 2023 La Corporaci\u00f3n Participaci\u00f3n Ciudadana (PC) hace un llamado a los ciudadanos a rechazar la violencia y los intentos de promover la inestabilidad en el pa\u00eds. La democracia ecuatoriana necesita de instancias de di\u00e1logo, en donde se incluyan las voces de todos los sectores. Espacios que garanticen la convergencia; pero [&hellip;]","og_url":"https:\/\/www.participacionciudadana.org\/web\/2023\/02\/28\/rechazar-la-violencia-y-defender-la-democracia\/","og_site_name":"Participaci\u00f3n Ciudadana","article_publisher":"https:\/\/www.facebook.com\/ParticipacionPC\/","article_published_time":"2023-02-28T18:49:06+00:00","article_modified_time":"2023-03-08T19:52:29+00:00","og_image":[{"width":851,"height":919,"url":"https:\/\/www.participacionciudadana.org\/web\/wp-content\/uploads\/2023\/02\/ok-comunicado.jpg","type":"image\/jpeg"}],"author":"Karen Ramos","twitter_card":"summary_large_image","twitter_creator":"@ParticipacionPC","twitter_site":"@ParticipacionPC","twitter_misc":{"Escrito por":"Karen Ramos","Tiempo de lectura":"1 minuto"},"schema":{"@context":"https:\/\/schema.org","@graph":[{"@type":"Article","@id":"https:\/\/www.participacionciudadana.org\/web\/2023\/02\/28\/rechazar-la-violencia-y-defender-la-democracia\/#article","isPartOf":{"@id":"https:\/\/www.participacionciudadana.org\/web\/2023\/02\/28\/rechazar-la-violencia-y-defender-la-democracia\/"},"author":{"name":"Karen Ramos","@id":"https:\/\/www.participacionciudadana.org\/web\/#\/schema\/person\/7d1c54696e041e527f8fbfd6c9b513ae"},"headline":"RECHAZAR LA VIOLENCIA Y DEFENDER LA DEMOCRACIA","datePublished":"2023-02-28T18:49:06+00:00","dateModified":"2023-03-08T19:52:29+00:00","mainEntityOfPage":{"@id":"https:\/\/www.participacionciudadana.org\/web\/2023\/02\/28\/rechazar-la-violencia-y-defender-la-democracia\/"},"wordCount":274,"commentCount":0,"publisher":{"@id":"https:\/\/www.participacionciudadana.org\/web\/#organization"},"image":{"@id":"https:\/\/www.participacionciudadana.org\/web\/2023\/02\/28\/rechazar-la-violencia-y-defender-la-democracia\/#primaryimage"},"thumbnailUrl":"https:\/\/www.participacionciudadana.org\/web\/wp-content\/uploads\/2023\/02\/ok-comunicado.jpg","articleSection":["Comunicados"],"inLanguage":"es","potentialAction":[{"@type":"CommentAction","name":"Comment","target":["https:\/\/www.participacionciudadana.org\/web\/2023\/02\/28\/rechazar-la-violencia-y-defender-la-democracia\/#respond"]}]},{"@type":"WebPage","@id":"https:\/\/www.participacionciudadana.org\/web\/2023\/02\/28\/rechazar-la-violencia-y-defender-la-democracia\/","url":"https:\/\/www.participacionciudadana.org\/web\/2023\/02\/28\/rechazar-la-violencia-y-defender-la-democracia\/","name":"RECHAZAR LA VIOLENCIA Y DEFENDER LA DEMOCRACIA - Participaci\u00f3n Ciudadana","isPartOf":{"@id":"https:\/\/www.participacionciudadana.org\/web\/#website"},"primaryImageOfPage":{"@id":"https:\/\/www.participacionciudadana.org\/web\/2023\/02\/28\/rechazar-la-violencia-y-defender-la-democracia\/#primaryimage"},"image":{"@id":"https:\/\/www.participacionciudadana.org\/web\/2023\/02\/28\/rechazar-la-violencia-y-defender-la-democracia\/#primaryimage"},"thumbnailUrl":"https:\/\/www.participacionciudadana.org\/web\/wp-content\/uploads\/2023\/02\/ok-comunicado.jpg","datePublished":"2023-02-28T18:49:06+00:00","dateModified":"2023-03-08T19:52:29+00:00","breadcrumb":{"@id":"https:\/\/www.participacionciudadana.org\/web\/2023\/02\/28\/rechazar-la-violencia-y-defender-la-democracia\/#breadcrumb"},"inLanguage":"es","potentialAction":[{"@type":"ReadAction","target":["https:\/\/www.participacionciudadana.org\/web\/2023\/02\/28\/rechazar-la-violencia-y-defender-la-democracia\/"]}]},{"@type":"ImageObject","inLanguage":"es","@id":"https:\/\/www.participacionciudadana.org\/web\/2023\/02\/28\/rechazar-la-violencia-y-defender-la-democracia\/#primaryimage","url":"https:\/\/www.participacionciudadana.org\/web\/wp-content\/uploads\/2023\/02\/ok-comunicado.jpg","contentUrl":"https:\/\/www.participacionciudadana.org\/web\/wp-content\/uploads\/2023\/02\/ok-comunicado.jpg","width":851,"height":919},{"@type":"BreadcrumbList","@id":"https:\/\/www.participacionciudadana.org\/web\/2023\/02\/28\/rechazar-la-violencia-y-defender-la-democracia\/#breadcrumb","itemListElement":[{"@type":"ListItem","position":1,"name":"Portada","item":"https:\/\/www.participacionciudadana.org\/web\/"},{"@type":"ListItem","position":2,"name":"RECHAZAR LA VIOLENCIA Y DEFENDER LA DEMOCRACIA"}]},{"@type":"WebSite","@id":"https:\/\/www.participacionciudadana.org\/web\/#website","url":"https:\/\/www.participacionciudadana.org\/web\/","name":"Participaci\u00f3n Ciudadana","description":"Comprometidos con la democracia","publisher":{"@id":"https:\/\/www.participacionciudadana.org\/web\/#organization"},"potentialAction":[{"@type":"SearchAction","target":{"@type":"EntryPoint","urlTemplate":"https:\/\/www.participacionciudadana.org\/web\/?s={search_term_string}"},"query-input":{"@type":"PropertyValueSpecification","valueRequired":true,"valueName":"search_term_string"}}],"inLanguage":"es"},{"@type":"Organization","@id":"https:\/\/www.participacionciudadana.org\/web\/#organization","name":"Participaci\u00f3n Ciudadana","url":"https:\/\/www.participacionciudadana.org\/web\/","logo":{"@type":"ImageObject","inLanguage":"es","@id":"https:\/\/www.participacionciudadana.org\/web\/#\/schema\/logo\/image\/","url":"https:\/\/www.participacionciudadana.org\/web\/wp-content\/uploads\/2021\/11\/cropped-logo_pc-1.png","contentUrl":"https:\/\/www.participacionciudadana.org\/web\/wp-content\/uploads\/2021\/11\/cropped-logo_pc-1.png","width":340,"height":114,"caption":"Participaci\u00f3n Ciudadana"},"image":{"@id":"https:\/\/www.participacionciudadana.org\/web\/#\/schema\/logo\/image\/"},"sameAs":["https:\/\/www.facebook.com\/ParticipacionPC\/","https:\/\/x.com\/ParticipacionPC"]},{"@type":"Person","@id":"https:\/\/www.participacionciudadana.org\/web\/#\/schema\/person\/7d1c54696e041e527f8fbfd6c9b513ae","name":"Karen Ramos","image":{"@type":"ImageObject","inLanguage":"es","@id":"https:\/\/www.participacionciudadana.org\/web\/#\/schema\/person\/image\/","url":"https:\/\/secure.gravatar.com\/avatar\/286968dbb3bb60217f1c7034fda5fe010f5c132ea9d76191d7dbe615e76f9e88?s=96&d=mm&r=g","contentUrl":"https:\/\/secure.gravatar.com\/avatar\/286968dbb3bb60217f1c7034fda5fe010f5c132ea9d76191d7dbe615e76f9e88?s=96&d=mm&r=g","caption":"Karen Ramos"},"url":"https:\/\/www.participacionciudadana.org\/web\/author\/karenliz\/"}]}},"_links":{"self":[{"href":"https:\/\/www.participacionciudadana.org\/web\/wp-json\/wp\/v2\/posts\/4858","targetHints":{"allow":["GET"]}}],"collection":[{"href":"https:\/\/www.participacionciudadana.org\/web\/wp-json\/wp\/v2\/posts"}],"about":[{"href":"https:\/\/www.participacionciudadana.org\/web\/wp-json\/wp\/v2\/types\/post"}],"author":[{"embeddable":true,"href":"https:\/\/www.participacionciudadana.org\/web\/wp-json\/wp\/v2\/users\/7"}],"replies":[{"embeddable":true,"href":"https:\/\/www.participacionciudadana.org\/web\/wp-json\/wp\/v2\/comments?post=4858"}],"version-history":[{"count":0,"href":"https:\/\/www.participacionciudadana.org\/web\/wp-json\/wp\/v2\/posts\/4858\/revisions"}],"wp:featuredmedia":[{"embeddable":true,"href":"https:\/\/www.participacionciudadana.org\/web\/wp-json\/wp\/v2\/media\/4862"}],"wp:attachment":[{"href":"https:\/\/www.participacionciudadana.org\/web\/wp-json\/wp\/v2\/media?parent=4858"}],"wp:term":[{"taxonomy":"category","embeddable":true,"href":"https:\/\/www.participacionciudadana.org\/web\/wp-json\/wp\/v2\/categories?post=4858"},{"taxonomy":"post_tag","embeddable":true,"href":"https:\/\/www.participacionciudadana.org\/web\/wp-json\/wp\/v2\/tags?post=4858"}],"curies":[{"name":"wp","href":"https:\/\/api.w.org\/{rel}","templated":true}]}}