{"id":4866,"date":"2023-03-02T08:26:50","date_gmt":"2023-03-02T13:26:50","guid":{"rendered":"https:\/\/www.participacionciudadana.org\/web\/?p=4866"},"modified":"2023-03-02T08:26:53","modified_gmt":"2023-03-02T13:26:53","slug":"pc-capacito-a-funcionarios-del-municipio-de-palora-en-temas-de-transparencia-y-acceso-a-la-informacion-publica","status":"publish","type":"post","link":"https:\/\/www.participacionciudadana.org\/web\/2023\/03\/02\/pc-capacito-a-funcionarios-del-municipio-de-palora-en-temas-de-transparencia-y-acceso-a-la-informacion-publica\/","title":{"rendered":"PC capacit\u00f3 a funcionarios del Municipio de Palora, en temas de transparencia y acceso a la informaci\u00f3n p\u00fablica"},"content":{"rendered":"\n<p class=\"has-text-align-right\">Jueves, 02 de marzo de 2023<\/p>\n\n\n\n<p>El equipo t\u00e9cnico de la Corporaci\u00f3n Participaci\u00f3n Ciudadana (PC) capacit\u00f3 a los miembros del Comit\u00e9 de Transparencia del Gobierno Aut\u00f3nomo Descentralizado Municipal de Palora, en la provincia de Morona Santiago, sobre los contenidos y adecuada aplicaci\u00f3n de la Ley Org\u00e1nica de Transparencia y Acceso a la Informaci\u00f3n P\u00fablica, LOTAIP.<\/p>\n\n\n\n<p>Participaci\u00f3n Ciudadana, a trav\u00e9s de su Centro de Monitoreo, lleva a cabo un registro de cumplimiento con el art\u00edculo 7 de la LOTAIP, por parte de las instituciones p\u00fablicas, que dispone que todas las entidades p\u00fablicas deben difundir en sus p\u00e1ginas web la informaci\u00f3n actualizada sobre su gesti\u00f3n..<\/p>\n\n\n\n<p>\u201cLa capacitaci\u00f3n nos permite fortalecer nuestros conocimientos y dar un mejor servicio a la ciudadan\u00eda\u201d, as\u00ed lo se\u00f1al\u00f3 Marjorie Hidrobo, miembro del Comit\u00e9 de Transparencia del Municipio de Palora.<\/p>\n\n\n\n<p>\u201cEstas capacitaciones nos sirven para implementar las normativas de transparencia a la informaci\u00f3n\u201d, inform\u00f3 Eduardo Mayorga, miembro del Comit\u00e9 de Transparencia del Municipio de Palora.<\/p>\n\n\n\n<p>En estas jornadas, en las que se habl\u00f3 acerca de la labor del Comit\u00e9 de Transparencia de las instituciones, para cumplir con el art\u00edculo 7 de la LOTAIP, se present\u00f3 tambi\u00e9n el portal <a href=\"http:\/\/impulsoalatransparencia.info\">&#8220;Fortalecimiento de la Transparencia\u201d<\/a>, herramienta que tiene el fin de apoyar el trabajo de los comit\u00e9s de transparencia de las instituciones, para mejorar el cumplimiento de la LOTAIP, con informaci\u00f3n de calidad.<\/p>\n\n\n\n<p>Estos talleres de capacitaci\u00f3n, que buscan fomentar la transparencia, se llevan a cabo en el marco del proyecto Amazon\u00eda Transparente, con el apoyo de la Embajada de Estados Unidos en Ecuador, y junto a la Corporaci\u00f3n de Gesti\u00f3n y Derecho Ambiental (Ecolex), la Corporaci\u00f3n de Estudios para el Desarrollo (Cordes) y la Fundaci\u00f3n Ciudadan\u00eda y Desarrollo (FCD).<\/p>\n","protected":false},"excerpt":{"rendered":"<p>Jueves, 02 de marzo de 2023 El equipo t\u00e9cnico de la Corporaci\u00f3n Participaci\u00f3n Ciudadana (PC) capacit\u00f3 a los miembros del Comit\u00e9 de Transparencia del Gobierno Aut\u00f3nomo Descentralizado Municipal de Palora, en la provincia de Morona Santiago, sobre los contenidos y adecuada aplicaci\u00f3n de la Ley Org\u00e1nica de Transparencia y Acceso a la Informaci\u00f3n P\u00fablica, LOTAIP. [&hellip;]<\/p>\n","protected":false},"author":7,"featured_media":0,"comment_status":"open","ping_status":"open","sticky":false,"template":"","format":"standard","meta":{"site-sidebar-layout":"default","site-content-layout":"","ast-site-content-layout":"default","site-content-style":"default","site-sidebar-style":"default","ast-global-header-display":"","ast-banner-title-visibility":"","ast-main-header-display":"","ast-hfb-above-header-display":"","ast-hfb-below-header-display":"","ast-hfb-mobile-header-display":"","site-post-title":"","ast-breadcrumbs-content":"","ast-featured-img":"","footer-sml-layout":"","ast-disable-related-posts":"","theme-transparent-header-meta":"","adv-header-id-meta":"","stick-header-meta":"","header-above-stick-meta":"","header-main-stick-meta":"","header-below-stick-meta":"","astra-migrate-meta-layouts":"default","ast-page-background-enabled":"default","ast-page-background-meta":{"desktop":{"background-color":"","background-image":"","background-repeat":"repeat","background-position":"center center","background-size":"auto","background-attachment":"scroll","background-type":"","background-media":"","overlay-type":"","overlay-color":"","overlay-opacity":"","overlay-gradient":""},"tablet":{"background-color":"","background-image":"","background-repeat":"repeat","background-position":"center center","background-size":"auto","background-attachment":"scroll","background-type":"","background-media":"","overlay-type":"","overlay-color":"","overlay-opacity":"","overlay-gradient":""},"mobile":{"background-color":"","background-image":"","background-repeat":"repeat","background-position":"center center","background-size":"auto","background-attachment":"scroll","background-type":"","background-media":"","overlay-type":"","overlay-color":"","overlay-opacity":"","overlay-gradient":""}},"ast-content-background-meta":{"desktop":{"background-color":"var(--ast-global-color-5)","background-image":"","background-repeat":"repeat","background-position":"center center","background-size":"auto","background-attachment":"scroll","background-type":"","background-media":"","overlay-type":"","overlay-color":"","overlay-opacity":"","overlay-gradient":""},"tablet":{"background-color":"var(--ast-global-color-5)","background-image":"","background-repeat":"repeat","background-position":"center center","background-size":"auto","background-attachment":"scroll","background-type":"","background-media":"","overlay-type":"","overlay-color":"","overlay-opacity":"","overlay-gradient":""},"mobile":{"background-color":"var(--ast-global-color-5)","background-image":"","background-repeat":"repeat","background-position":"center center","background-size":"auto","background-attachment":"scroll","background-type":"","background-media":"","overlay-type":"","overlay-color":"","overlay-opacity":"","overlay-gradient":""}},"_joinchat":[],"footnotes":""},"categories":[78],"tags":[],"class_list":["post-4866","post","type-post","status-publish","format-standard","hentry","category-boletines"],"yoast_head":"<!-- This site is optimized with the Yoast SEO plugin v26.5 - https:\/\/yoast.com\/wordpress\/plugins\/seo\/ -->\n<title>PC capacit\u00f3 a funcionarios del Municipio de Palora, en temas de transparencia y acceso a la informaci\u00f3n p\u00fablica - Participaci\u00f3n Ciudadana<\/title>\n<meta name=\"robots\" content=\"index, follow, max-snippet:-1, max-image-preview:large, max-video-preview:-1\" \/>\n<link rel=\"canonical\" href=\"https:\/\/www.participacionciudadana.org\/web\/2023\/03\/02\/pc-capacito-a-funcionarios-del-municipio-de-palora-en-temas-de-transparencia-y-acceso-a-la-informacion-publica\/\" \/>\n<meta property=\"og:locale\" content=\"es_ES\" \/>\n<meta property=\"og:type\" content=\"article\" \/>\n<meta property=\"og:title\" content=\"PC capacit\u00f3 a funcionarios del Municipio de Palora, en temas de transparencia y acceso a la informaci\u00f3n p\u00fablica - Participaci\u00f3n Ciudadana\" \/>\n<meta property=\"og:description\" content=\"Jueves, 02 de marzo de 2023 El equipo t\u00e9cnico de la Corporaci\u00f3n Participaci\u00f3n Ciudadana (PC) capacit\u00f3 a los miembros del Comit\u00e9 de Transparencia del Gobierno Aut\u00f3nomo Descentralizado Municipal de Palora, en la provincia de Morona Santiago, sobre los contenidos y adecuada aplicaci\u00f3n de la Ley Org\u00e1nica de Transparencia y Acceso a la Informaci\u00f3n P\u00fablica, LOTAIP. [&hellip;]\" \/>\n<meta property=\"og:url\" content=\"https:\/\/www.participacionciudadana.org\/web\/2023\/03\/02\/pc-capacito-a-funcionarios-del-municipio-de-palora-en-temas-de-transparencia-y-acceso-a-la-informacion-publica\/\" \/>\n<meta property=\"og:site_name\" content=\"Participaci\u00f3n Ciudadana\" \/>\n<meta property=\"article:publisher\" content=\"https:\/\/www.facebook.com\/ParticipacionPC\/\" \/>\n<meta property=\"article:published_time\" content=\"2023-03-02T13:26:50+00:00\" \/>\n<meta property=\"article:modified_time\" content=\"2023-03-02T13:26:53+00:00\" \/>\n<meta name=\"author\" content=\"Karen Ramos\" \/>\n<meta name=\"twitter:card\" content=\"summary_large_image\" \/>\n<meta name=\"twitter:creator\" content=\"@ParticipacionPC\" \/>\n<meta name=\"twitter:site\" content=\"@ParticipacionPC\" \/>\n<meta name=\"twitter:label1\" content=\"Escrito por\" \/>\n\t<meta name=\"twitter:data1\" content=\"Karen Ramos\" \/>\n\t<meta name=\"twitter:label2\" content=\"Tiempo de lectura\" \/>\n\t<meta name=\"twitter:data2\" content=\"2 minutos\" \/>\n<script type=\"application\/ld+json\" class=\"yoast-schema-graph\">{\"@context\":\"https:\/\/schema.org\",\"@graph\":[{\"@type\":\"Article\",\"@id\":\"https:\/\/www.participacionciudadana.org\/web\/2023\/03\/02\/pc-capacito-a-funcionarios-del-municipio-de-palora-en-temas-de-transparencia-y-acceso-a-la-informacion-publica\/#article\",\"isPartOf\":{\"@id\":\"https:\/\/www.participacionciudadana.org\/web\/2023\/03\/02\/pc-capacito-a-funcionarios-del-municipio-de-palora-en-temas-de-transparencia-y-acceso-a-la-informacion-publica\/\"},\"author\":{\"name\":\"Karen Ramos\",\"@id\":\"https:\/\/www.participacionciudadana.org\/web\/#\/schema\/person\/7d1c54696e041e527f8fbfd6c9b513ae\"},\"headline\":\"PC capacit\u00f3 a funcionarios del Municipio de Palora, en temas de transparencia y acceso a la informaci\u00f3n p\u00fablica\",\"datePublished\":\"2023-03-02T13:26:50+00:00\",\"dateModified\":\"2023-03-02T13:26:53+00:00\",\"mainEntityOfPage\":{\"@id\":\"https:\/\/www.participacionciudadana.org\/web\/2023\/03\/02\/pc-capacito-a-funcionarios-del-municipio-de-palora-en-temas-de-transparencia-y-acceso-a-la-informacion-publica\/\"},\"wordCount\":326,\"commentCount\":0,\"publisher\":{\"@id\":\"https:\/\/www.participacionciudadana.org\/web\/#organization\"},\"articleSection\":[\"Boletines\"],\"inLanguage\":\"es\",\"potentialAction\":[{\"@type\":\"CommentAction\",\"name\":\"Comment\",\"target\":[\"https:\/\/www.participacionciudadana.org\/web\/2023\/03\/02\/pc-capacito-a-funcionarios-del-municipio-de-palora-en-temas-de-transparencia-y-acceso-a-la-informacion-publica\/#respond\"]}]},{\"@type\":\"WebPage\",\"@id\":\"https:\/\/www.participacionciudadana.org\/web\/2023\/03\/02\/pc-capacito-a-funcionarios-del-municipio-de-palora-en-temas-de-transparencia-y-acceso-a-la-informacion-publica\/\",\"url\":\"https:\/\/www.participacionciudadana.org\/web\/2023\/03\/02\/pc-capacito-a-funcionarios-del-municipio-de-palora-en-temas-de-transparencia-y-acceso-a-la-informacion-publica\/\",\"name\":\"PC capacit\u00f3 a funcionarios del Municipio de Palora, en temas de transparencia y acceso a la informaci\u00f3n p\u00fablica - Participaci\u00f3n Ciudadana\",\"isPartOf\":{\"@id\":\"https:\/\/www.participacionciudadana.org\/web\/#website\"},\"datePublished\":\"2023-03-02T13:26:50+00:00\",\"dateModified\":\"2023-03-02T13:26:53+00:00\",\"breadcrumb\":{\"@id\":\"https:\/\/www.participacionciudadana.org\/web\/2023\/03\/02\/pc-capacito-a-funcionarios-del-municipio-de-palora-en-temas-de-transparencia-y-acceso-a-la-informacion-publica\/#breadcrumb\"},\"inLanguage\":\"es\",\"potentialAction\":[{\"@type\":\"ReadAction\",\"target\":[\"https:\/\/www.participacionciudadana.org\/web\/2023\/03\/02\/pc-capacito-a-funcionarios-del-municipio-de-palora-en-temas-de-transparencia-y-acceso-a-la-informacion-publica\/\"]}]},{\"@type\":\"BreadcrumbList\",\"@id\":\"https:\/\/www.participacionciudadana.org\/web\/2023\/03\/02\/pc-capacito-a-funcionarios-del-municipio-de-palora-en-temas-de-transparencia-y-acceso-a-la-informacion-publica\/#breadcrumb\",\"itemListElement\":[{\"@type\":\"ListItem\",\"position\":1,\"name\":\"Portada\",\"item\":\"https:\/\/www.participacionciudadana.org\/web\/\"},{\"@type\":\"ListItem\",\"position\":2,\"name\":\"PC capacit\u00f3 a funcionarios del Municipio de Palora, en temas de transparencia y acceso a la informaci\u00f3n p\u00fablica\"}]},{\"@type\":\"WebSite\",\"@id\":\"https:\/\/www.participacionciudadana.org\/web\/#website\",\"url\":\"https:\/\/www.participacionciudadana.org\/web\/\",\"name\":\"Participaci\u00f3n Ciudadana\",\"description\":\"Comprometidos con la democracia\",\"publisher\":{\"@id\":\"https:\/\/www.participacionciudadana.org\/web\/#organization\"},\"potentialAction\":[{\"@type\":\"SearchAction\",\"target\":{\"@type\":\"EntryPoint\",\"urlTemplate\":\"https:\/\/www.participacionciudadana.org\/web\/?s={search_term_string}\"},\"query-input\":{\"@type\":\"PropertyValueSpecification\",\"valueRequired\":true,\"valueName\":\"search_term_string\"}}],\"inLanguage\":\"es\"},{\"@type\":\"Organization\",\"@id\":\"https:\/\/www.participacionciudadana.org\/web\/#organization\",\"name\":\"Participaci\u00f3n Ciudadana\",\"url\":\"https:\/\/www.participacionciudadana.org\/web\/\",\"logo\":{\"@type\":\"ImageObject\",\"inLanguage\":\"es\",\"@id\":\"https:\/\/www.participacionciudadana.org\/web\/#\/schema\/logo\/image\/\",\"url\":\"https:\/\/www.participacionciudadana.org\/web\/wp-content\/uploads\/2021\/11\/cropped-logo_pc-1.png\",\"contentUrl\":\"https:\/\/www.participacionciudadana.org\/web\/wp-content\/uploads\/2021\/11\/cropped-logo_pc-1.png\",\"width\":340,\"height\":114,\"caption\":\"Participaci\u00f3n Ciudadana\"},\"image\":{\"@id\":\"https:\/\/www.participacionciudadana.org\/web\/#\/schema\/logo\/image\/\"},\"sameAs\":[\"https:\/\/www.facebook.com\/ParticipacionPC\/\",\"https:\/\/x.com\/ParticipacionPC\"]},{\"@type\":\"Person\",\"@id\":\"https:\/\/www.participacionciudadana.org\/web\/#\/schema\/person\/7d1c54696e041e527f8fbfd6c9b513ae\",\"name\":\"Karen Ramos\",\"image\":{\"@type\":\"ImageObject\",\"inLanguage\":\"es\",\"@id\":\"https:\/\/www.participacionciudadana.org\/web\/#\/schema\/person\/image\/\",\"url\":\"https:\/\/secure.gravatar.com\/avatar\/286968dbb3bb60217f1c7034fda5fe010f5c132ea9d76191d7dbe615e76f9e88?s=96&d=mm&r=g\",\"contentUrl\":\"https:\/\/secure.gravatar.com\/avatar\/286968dbb3bb60217f1c7034fda5fe010f5c132ea9d76191d7dbe615e76f9e88?s=96&d=mm&r=g\",\"caption\":\"Karen Ramos\"},\"url\":\"https:\/\/www.participacionciudadana.org\/web\/author\/karenliz\/\"}]}<\/script>\n<!-- \/ Yoast SEO plugin. -->","yoast_head_json":{"title":"PC capacit\u00f3 a funcionarios del Municipio de Palora, en temas de transparencia y acceso a la informaci\u00f3n p\u00fablica - Participaci\u00f3n Ciudadana","robots":{"index":"index","follow":"follow","max-snippet":"max-snippet:-1","max-image-preview":"max-image-preview:large","max-video-preview":"max-video-preview:-1"},"canonical":"https:\/\/www.participacionciudadana.org\/web\/2023\/03\/02\/pc-capacito-a-funcionarios-del-municipio-de-palora-en-temas-de-transparencia-y-acceso-a-la-informacion-publica\/","og_locale":"es_ES","og_type":"article","og_title":"PC capacit\u00f3 a funcionarios del Municipio de Palora, en temas de transparencia y acceso a la informaci\u00f3n p\u00fablica - Participaci\u00f3n Ciudadana","og_description":"Jueves, 02 de marzo de 2023 El equipo t\u00e9cnico de la Corporaci\u00f3n Participaci\u00f3n Ciudadana (PC) capacit\u00f3 a los miembros del Comit\u00e9 de Transparencia del Gobierno Aut\u00f3nomo Descentralizado Municipal de Palora, en la provincia de Morona Santiago, sobre los contenidos y adecuada aplicaci\u00f3n de la Ley Org\u00e1nica de Transparencia y Acceso a la Informaci\u00f3n P\u00fablica, LOTAIP. [&hellip;]","og_url":"https:\/\/www.participacionciudadana.org\/web\/2023\/03\/02\/pc-capacito-a-funcionarios-del-municipio-de-palora-en-temas-de-transparencia-y-acceso-a-la-informacion-publica\/","og_site_name":"Participaci\u00f3n Ciudadana","article_publisher":"https:\/\/www.facebook.com\/ParticipacionPC\/","article_published_time":"2023-03-02T13:26:50+00:00","article_modified_time":"2023-03-02T13:26:53+00:00","author":"Karen Ramos","twitter_card":"summary_large_image","twitter_creator":"@ParticipacionPC","twitter_site":"@ParticipacionPC","twitter_misc":{"Escrito por":"Karen Ramos","Tiempo de lectura":"2 minutos"},"schema":{"@context":"https:\/\/schema.org","@graph":[{"@type":"Article","@id":"https:\/\/www.participacionciudadana.org\/web\/2023\/03\/02\/pc-capacito-a-funcionarios-del-municipio-de-palora-en-temas-de-transparencia-y-acceso-a-la-informacion-publica\/#article","isPartOf":{"@id":"https:\/\/www.participacionciudadana.org\/web\/2023\/03\/02\/pc-capacito-a-funcionarios-del-municipio-de-palora-en-temas-de-transparencia-y-acceso-a-la-informacion-publica\/"},"author":{"name":"Karen Ramos","@id":"https:\/\/www.participacionciudadana.org\/web\/#\/schema\/person\/7d1c54696e041e527f8fbfd6c9b513ae"},"headline":"PC capacit\u00f3 a funcionarios del Municipio de Palora, en temas de transparencia y acceso a la informaci\u00f3n p\u00fablica","datePublished":"2023-03-02T13:26:50+00:00","dateModified":"2023-03-02T13:26:53+00:00","mainEntityOfPage":{"@id":"https:\/\/www.participacionciudadana.org\/web\/2023\/03\/02\/pc-capacito-a-funcionarios-del-municipio-de-palora-en-temas-de-transparencia-y-acceso-a-la-informacion-publica\/"},"wordCount":326,"commentCount":0,"publisher":{"@id":"https:\/\/www.participacionciudadana.org\/web\/#organization"},"articleSection":["Boletines"],"inLanguage":"es","potentialAction":[{"@type":"CommentAction","name":"Comment","target":["https:\/\/www.participacionciudadana.org\/web\/2023\/03\/02\/pc-capacito-a-funcionarios-del-municipio-de-palora-en-temas-de-transparencia-y-acceso-a-la-informacion-publica\/#respond"]}]},{"@type":"WebPage","@id":"https:\/\/www.participacionciudadana.org\/web\/2023\/03\/02\/pc-capacito-a-funcionarios-del-municipio-de-palora-en-temas-de-transparencia-y-acceso-a-la-informacion-publica\/","url":"https:\/\/www.participacionciudadana.org\/web\/2023\/03\/02\/pc-capacito-a-funcionarios-del-municipio-de-palora-en-temas-de-transparencia-y-acceso-a-la-informacion-publica\/","name":"PC capacit\u00f3 a funcionarios del Municipio de Palora, en temas de transparencia y acceso a la informaci\u00f3n p\u00fablica - Participaci\u00f3n Ciudadana","isPartOf":{"@id":"https:\/\/www.participacionciudadana.org\/web\/#website"},"datePublished":"2023-03-02T13:26:50+00:00","dateModified":"2023-03-02T13:26:53+00:00","breadcrumb":{"@id":"https:\/\/www.participacionciudadana.org\/web\/2023\/03\/02\/pc-capacito-a-funcionarios-del-municipio-de-palora-en-temas-de-transparencia-y-acceso-a-la-informacion-publica\/#breadcrumb"},"inLanguage":"es","potentialAction":[{"@type":"ReadAction","target":["https:\/\/www.participacionciudadana.org\/web\/2023\/03\/02\/pc-capacito-a-funcionarios-del-municipio-de-palora-en-temas-de-transparencia-y-acceso-a-la-informacion-publica\/"]}]},{"@type":"BreadcrumbList","@id":"https:\/\/www.participacionciudadana.org\/web\/2023\/03\/02\/pc-capacito-a-funcionarios-del-municipio-de-palora-en-temas-de-transparencia-y-acceso-a-la-informacion-publica\/#breadcrumb","itemListElement":[{"@type":"ListItem","position":1,"name":"Portada","item":"https:\/\/www.participacionciudadana.org\/web\/"},{"@type":"ListItem","position":2,"name":"PC capacit\u00f3 a funcionarios del Municipio de Palora, en temas de transparencia y acceso a la informaci\u00f3n p\u00fablica"}]},{"@type":"WebSite","@id":"https:\/\/www.participacionciudadana.org\/web\/#website","url":"https:\/\/www.participacionciudadana.org\/web\/","name":"Participaci\u00f3n Ciudadana","description":"Comprometidos con la democracia","publisher":{"@id":"https:\/\/www.participacionciudadana.org\/web\/#organization"},"potentialAction":[{"@type":"SearchAction","target":{"@type":"EntryPoint","urlTemplate":"https:\/\/www.participacionciudadana.org\/web\/?s={search_term_string}"},"query-input":{"@type":"PropertyValueSpecification","valueRequired":true,"valueName":"search_term_string"}}],"inLanguage":"es"},{"@type":"Organization","@id":"https:\/\/www.participacionciudadana.org\/web\/#organization","name":"Participaci\u00f3n Ciudadana","url":"https:\/\/www.participacionciudadana.org\/web\/","logo":{"@type":"ImageObject","inLanguage":"es","@id":"https:\/\/www.participacionciudadana.org\/web\/#\/schema\/logo\/image\/","url":"https:\/\/www.participacionciudadana.org\/web\/wp-content\/uploads\/2021\/11\/cropped-logo_pc-1.png","contentUrl":"https:\/\/www.participacionciudadana.org\/web\/wp-content\/uploads\/2021\/11\/cropped-logo_pc-1.png","width":340,"height":114,"caption":"Participaci\u00f3n Ciudadana"},"image":{"@id":"https:\/\/www.participacionciudadana.org\/web\/#\/schema\/logo\/image\/"},"sameAs":["https:\/\/www.facebook.com\/ParticipacionPC\/","https:\/\/x.com\/ParticipacionPC"]},{"@type":"Person","@id":"https:\/\/www.participacionciudadana.org\/web\/#\/schema\/person\/7d1c54696e041e527f8fbfd6c9b513ae","name":"Karen Ramos","image":{"@type":"ImageObject","inLanguage":"es","@id":"https:\/\/www.participacionciudadana.org\/web\/#\/schema\/person\/image\/","url":"https:\/\/secure.gravatar.com\/avatar\/286968dbb3bb60217f1c7034fda5fe010f5c132ea9d76191d7dbe615e76f9e88?s=96&d=mm&r=g","contentUrl":"https:\/\/secure.gravatar.com\/avatar\/286968dbb3bb60217f1c7034fda5fe010f5c132ea9d76191d7dbe615e76f9e88?s=96&d=mm&r=g","caption":"Karen Ramos"},"url":"https:\/\/www.participacionciudadana.org\/web\/author\/karenliz\/"}]}},"_links":{"self":[{"href":"https:\/\/www.participacionciudadana.org\/web\/wp-json\/wp\/v2\/posts\/4866","targetHints":{"allow":["GET"]}}],"collection":[{"href":"https:\/\/www.participacionciudadana.org\/web\/wp-json\/wp\/v2\/posts"}],"about":[{"href":"https:\/\/www.participacionciudadana.org\/web\/wp-json\/wp\/v2\/types\/post"}],"author":[{"embeddable":true,"href":"https:\/\/www.participacionciudadana.org\/web\/wp-json\/wp\/v2\/users\/7"}],"replies":[{"embeddable":true,"href":"https:\/\/www.participacionciudadana.org\/web\/wp-json\/wp\/v2\/comments?post=4866"}],"version-history":[{"count":0,"href":"https:\/\/www.participacionciudadana.org\/web\/wp-json\/wp\/v2\/posts\/4866\/revisions"}],"wp:attachment":[{"href":"https:\/\/www.participacionciudadana.org\/web\/wp-json\/wp\/v2\/media?parent=4866"}],"wp:term":[{"taxonomy":"category","embeddable":true,"href":"https:\/\/www.participacionciudadana.org\/web\/wp-json\/wp\/v2\/categories?post=4866"},{"taxonomy":"post_tag","embeddable":true,"href":"https:\/\/www.participacionciudadana.org\/web\/wp-json\/wp\/v2\/tags?post=4866"}],"curies":[{"name":"wp","href":"https:\/\/api.w.org\/{rel}","templated":true}]}}