{"id":5225,"date":"2023-04-19T10:52:25","date_gmt":"2023-04-19T15:52:25","guid":{"rendered":"https:\/\/www.participacionciudadana.org\/web\/?p=5225"},"modified":"2023-05-04T10:22:44","modified_gmt":"2023-05-04T15:22:44","slug":"dialogos-sin-violencia-son-promovidos-por-participacion-ciudadana","status":"publish","type":"post","link":"https:\/\/www.participacionciudadana.org\/web\/2023\/04\/19\/dialogos-sin-violencia-son-promovidos-por-participacion-ciudadana\/","title":{"rendered":"Di\u00e1logos sin Violencia son promovidos por Participaci\u00f3n Ciudadana"},"content":{"rendered":"\n<p class=\"has-text-align-right\">Mi\u00e9rcoles, 19 de abril de 2023<\/p>\n\n\n\n<p>La Corporaci\u00f3n Participaci\u00f3n Ciudadana promueve di\u00e1logos sin violencia, con la intervenci\u00f3n de distintas voces y con el objetivo de impulsar una ciudadan\u00eda informada sobre los temas fundamentales para el pa\u00eds. Estos encuentros se desarrollan dentro de los espacios \u201cY La Democracia Qu\u00e9\u201d, que se llevan a cabo en el cine 8 y medio.<\/p>\n\n\n\n<p>En este di\u00e1logo, en el que Participaci\u00f3n Ciudadana present\u00f3 como tema de an\u00e1lisis \u201c\u00bfEs posible una concertaci\u00f3n nacional para salir de la crisis?\u201d, participaron los analistas: Sim\u00f3n Pachano, Bernarda Callejas, Pedro Donoso y Ruth Hidalgo.<\/p>\n\n\n\n<p>&nbsp;\u201cPor dif\u00edcil que suene, creemos que se deber\u00eda proponer una concertaci\u00f3n nacional, desde sociedad civil, con acuerdos transparentes y con di\u00e1logos sin violencia, encaminados a acuerdos nacionales\u201d, as\u00ed lo se\u00f1al\u00f3 Ruth Hidalgo, directora de Participaci\u00f3n Ciudadana.<\/p>\n\n\n\n<p>&nbsp;\u201cCreo que de una u otra manera hay que recomponer el tejido social para poder hablar de una concertaci\u00f3n\u201d, enfatiz\u00f3 Pedro Donoso, analista y director de ICARE.<\/p>\n\n\n\n<p>Ante la pregunta sobre qu\u00e9 hacer frente a la d\u00e9bil institucionalidad del pa\u00eds, Sim\u00f3n Pachano, analista pol\u00edtico, resalt\u00f3 que \u201ctenemos una situaci\u00f3n tremendamente compleja, ante la cual la \u00fanica situaci\u00f3n es que haya un manejo maduro, democr\u00e1tico y responsable de los partidos que han estado conversando con el Gobierno\u201d.<\/p>\n\n\n\n<p>Por su parte, Bernarda Callejas, internacionalista, resalt\u00f3 que para hablar de una concertaci\u00f3n se tienen que \u201catender primero los problemas de fondo, que permitan tener una estabilidad democr\u00e1tica\u201d.<\/p>\n\n\n\n<p>En este evento, que se desarroll\u00f3 en conjunto con la Escuela de Ciencias Pol\u00edticas y Relaciones Internacionales de la UDLA, estuvieron presentes representantes de sociedad civil, academia, medios de comunicaci\u00f3n y ciudadan\u00eda en general.<\/p>\n\n\n\n<p>Participaci\u00f3n Ciudadana continuar\u00e1 realizando estos di\u00e1logos plurales y ciudadanos, con el objetivo de aportar al an\u00e1lisis de temas fundamentales para el pa\u00eds y la sociedad.<\/p>\n\n\n\n<p>Revisa el panel completo aqu\u00ed: https:\/\/www.youtube.com\/live\/UwVxTatPjT8?feature=share<\/p>\n","protected":false},"excerpt":{"rendered":"<p>Mi\u00e9rcoles, 19 de abril de 2023 La Corporaci\u00f3n Participaci\u00f3n Ciudadana promueve di\u00e1logos sin violencia, con la intervenci\u00f3n de distintas voces y con el objetivo de impulsar una ciudadan\u00eda informada sobre los temas fundamentales para el pa\u00eds. Estos encuentros se desarrollan dentro de los espacios \u201cY La Democracia Qu\u00e9\u201d, que se llevan a cabo en el [&hellip;]<\/p>\n","protected":false},"author":7,"featured_media":5250,"comment_status":"open","ping_status":"open","sticky":false,"template":"","format":"standard","meta":{"site-sidebar-layout":"default","site-content-layout":"","ast-site-content-layout":"default","site-content-style":"default","site-sidebar-style":"default","ast-global-header-display":"","ast-banner-title-visibility":"","ast-main-header-display":"","ast-hfb-above-header-display":"","ast-hfb-below-header-display":"","ast-hfb-mobile-header-display":"","site-post-title":"","ast-breadcrumbs-content":"","ast-featured-img":"","footer-sml-layout":"","ast-disable-related-posts":"","theme-transparent-header-meta":"","adv-header-id-meta":"","stick-header-meta":"","header-above-stick-meta":"","header-main-stick-meta":"","header-below-stick-meta":"","astra-migrate-meta-layouts":"default","ast-page-background-enabled":"default","ast-page-background-meta":{"desktop":{"background-color":"","background-image":"","background-repeat":"repeat","background-position":"center center","background-size":"auto","background-attachment":"scroll","background-type":"","background-media":"","overlay-type":"","overlay-color":"","overlay-opacity":"","overlay-gradient":""},"tablet":{"background-color":"","background-image":"","background-repeat":"repeat","background-position":"center center","background-size":"auto","background-attachment":"scroll","background-type":"","background-media":"","overlay-type":"","overlay-color":"","overlay-opacity":"","overlay-gradient":""},"mobile":{"background-color":"","background-image":"","background-repeat":"repeat","background-position":"center center","background-size":"auto","background-attachment":"scroll","background-type":"","background-media":"","overlay-type":"","overlay-color":"","overlay-opacity":"","overlay-gradient":""}},"ast-content-background-meta":{"desktop":{"background-color":"var(--ast-global-color-5)","background-image":"","background-repeat":"repeat","background-position":"center center","background-size":"auto","background-attachment":"scroll","background-type":"","background-media":"","overlay-type":"","overlay-color":"","overlay-opacity":"","overlay-gradient":""},"tablet":{"background-color":"var(--ast-global-color-5)","background-image":"","background-repeat":"repeat","background-position":"center center","background-size":"auto","background-attachment":"scroll","background-type":"","background-media":"","overlay-type":"","overlay-color":"","overlay-opacity":"","overlay-gradient":""},"mobile":{"background-color":"var(--ast-global-color-5)","background-image":"","background-repeat":"repeat","background-position":"center center","background-size":"auto","background-attachment":"scroll","background-type":"","background-media":"","overlay-type":"","overlay-color":"","overlay-opacity":"","overlay-gradient":""}},"_joinchat":[],"footnotes":""},"categories":[78,23],"tags":[],"class_list":["post-5225","post","type-post","status-publish","format-standard","has-post-thumbnail","hentry","category-boletines","category-comunicacion"],"yoast_head":"<!-- This site is optimized with the Yoast SEO plugin v26.5 - https:\/\/yoast.com\/wordpress\/plugins\/seo\/ -->\n<title>Di\u00e1logos sin Violencia son promovidos por Participaci\u00f3n Ciudadana - Participaci\u00f3n Ciudadana<\/title>\n<meta name=\"robots\" content=\"index, follow, max-snippet:-1, max-image-preview:large, max-video-preview:-1\" \/>\n<link rel=\"canonical\" href=\"https:\/\/www.participacionciudadana.org\/web\/2023\/04\/19\/dialogos-sin-violencia-son-promovidos-por-participacion-ciudadana\/\" \/>\n<meta property=\"og:locale\" content=\"es_ES\" \/>\n<meta property=\"og:type\" content=\"article\" \/>\n<meta property=\"og:title\" content=\"Di\u00e1logos sin Violencia son promovidos por Participaci\u00f3n Ciudadana - Participaci\u00f3n Ciudadana\" \/>\n<meta property=\"og:description\" content=\"Mi\u00e9rcoles, 19 de abril de 2023 La Corporaci\u00f3n Participaci\u00f3n Ciudadana promueve di\u00e1logos sin violencia, con la intervenci\u00f3n de distintas voces y con el objetivo de impulsar una ciudadan\u00eda informada sobre los temas fundamentales para el pa\u00eds. Estos encuentros se desarrollan dentro de los espacios \u201cY La Democracia Qu\u00e9\u201d, que se llevan a cabo en el [&hellip;]\" \/>\n<meta property=\"og:url\" content=\"https:\/\/www.participacionciudadana.org\/web\/2023\/04\/19\/dialogos-sin-violencia-son-promovidos-por-participacion-ciudadana\/\" \/>\n<meta property=\"og:site_name\" content=\"Participaci\u00f3n Ciudadana\" \/>\n<meta property=\"article:publisher\" content=\"https:\/\/www.facebook.com\/ParticipacionPC\/\" \/>\n<meta property=\"article:published_time\" content=\"2023-04-19T15:52:25+00:00\" \/>\n<meta property=\"article:modified_time\" content=\"2023-05-04T15:22:44+00:00\" \/>\n<meta property=\"og:image\" content=\"https:\/\/www.participacionciudadana.org\/web\/wp-content\/uploads\/2023\/04\/dialogos.jpeg\" \/>\n\t<meta property=\"og:image:width\" content=\"900\" \/>\n\t<meta property=\"og:image:height\" content=\"900\" \/>\n\t<meta property=\"og:image:type\" content=\"image\/jpeg\" \/>\n<meta name=\"author\" content=\"Karen Ramos\" \/>\n<meta name=\"twitter:card\" content=\"summary_large_image\" \/>\n<meta name=\"twitter:creator\" content=\"@ParticipacionPC\" \/>\n<meta name=\"twitter:site\" content=\"@ParticipacionPC\" \/>\n<meta name=\"twitter:label1\" content=\"Escrito por\" \/>\n\t<meta name=\"twitter:data1\" content=\"Karen Ramos\" \/>\n\t<meta name=\"twitter:label2\" content=\"Tiempo de lectura\" \/>\n\t<meta name=\"twitter:data2\" content=\"2 minutos\" \/>\n<script type=\"application\/ld+json\" class=\"yoast-schema-graph\">{\"@context\":\"https:\/\/schema.org\",\"@graph\":[{\"@type\":\"Article\",\"@id\":\"https:\/\/www.participacionciudadana.org\/web\/2023\/04\/19\/dialogos-sin-violencia-son-promovidos-por-participacion-ciudadana\/#article\",\"isPartOf\":{\"@id\":\"https:\/\/www.participacionciudadana.org\/web\/2023\/04\/19\/dialogos-sin-violencia-son-promovidos-por-participacion-ciudadana\/\"},\"author\":{\"name\":\"Karen Ramos\",\"@id\":\"https:\/\/www.participacionciudadana.org\/web\/#\/schema\/person\/7d1c54696e041e527f8fbfd6c9b513ae\"},\"headline\":\"Di\u00e1logos sin Violencia son promovidos por Participaci\u00f3n Ciudadana\",\"datePublished\":\"2023-04-19T15:52:25+00:00\",\"dateModified\":\"2023-05-04T15:22:44+00:00\",\"mainEntityOfPage\":{\"@id\":\"https:\/\/www.participacionciudadana.org\/web\/2023\/04\/19\/dialogos-sin-violencia-son-promovidos-por-participacion-ciudadana\/\"},\"wordCount\":350,\"commentCount\":0,\"publisher\":{\"@id\":\"https:\/\/www.participacionciudadana.org\/web\/#organization\"},\"image\":{\"@id\":\"https:\/\/www.participacionciudadana.org\/web\/2023\/04\/19\/dialogos-sin-violencia-son-promovidos-por-participacion-ciudadana\/#primaryimage\"},\"thumbnailUrl\":\"https:\/\/www.participacionciudadana.org\/web\/wp-content\/uploads\/2023\/04\/dialogos.jpeg\",\"articleSection\":[\"Boletines\",\"Comunicaci\u00f3n\"],\"inLanguage\":\"es\",\"potentialAction\":[{\"@type\":\"CommentAction\",\"name\":\"Comment\",\"target\":[\"https:\/\/www.participacionciudadana.org\/web\/2023\/04\/19\/dialogos-sin-violencia-son-promovidos-por-participacion-ciudadana\/#respond\"]}]},{\"@type\":\"WebPage\",\"@id\":\"https:\/\/www.participacionciudadana.org\/web\/2023\/04\/19\/dialogos-sin-violencia-son-promovidos-por-participacion-ciudadana\/\",\"url\":\"https:\/\/www.participacionciudadana.org\/web\/2023\/04\/19\/dialogos-sin-violencia-son-promovidos-por-participacion-ciudadana\/\",\"name\":\"Di\u00e1logos sin Violencia son promovidos por Participaci\u00f3n Ciudadana - Participaci\u00f3n Ciudadana\",\"isPartOf\":{\"@id\":\"https:\/\/www.participacionciudadana.org\/web\/#website\"},\"primaryImageOfPage\":{\"@id\":\"https:\/\/www.participacionciudadana.org\/web\/2023\/04\/19\/dialogos-sin-violencia-son-promovidos-por-participacion-ciudadana\/#primaryimage\"},\"image\":{\"@id\":\"https:\/\/www.participacionciudadana.org\/web\/2023\/04\/19\/dialogos-sin-violencia-son-promovidos-por-participacion-ciudadana\/#primaryimage\"},\"thumbnailUrl\":\"https:\/\/www.participacionciudadana.org\/web\/wp-content\/uploads\/2023\/04\/dialogos.jpeg\",\"datePublished\":\"2023-04-19T15:52:25+00:00\",\"dateModified\":\"2023-05-04T15:22:44+00:00\",\"breadcrumb\":{\"@id\":\"https:\/\/www.participacionciudadana.org\/web\/2023\/04\/19\/dialogos-sin-violencia-son-promovidos-por-participacion-ciudadana\/#breadcrumb\"},\"inLanguage\":\"es\",\"potentialAction\":[{\"@type\":\"ReadAction\",\"target\":[\"https:\/\/www.participacionciudadana.org\/web\/2023\/04\/19\/dialogos-sin-violencia-son-promovidos-por-participacion-ciudadana\/\"]}]},{\"@type\":\"ImageObject\",\"inLanguage\":\"es\",\"@id\":\"https:\/\/www.participacionciudadana.org\/web\/2023\/04\/19\/dialogos-sin-violencia-son-promovidos-por-participacion-ciudadana\/#primaryimage\",\"url\":\"https:\/\/www.participacionciudadana.org\/web\/wp-content\/uploads\/2023\/04\/dialogos.jpeg\",\"contentUrl\":\"https:\/\/www.participacionciudadana.org\/web\/wp-content\/uploads\/2023\/04\/dialogos.jpeg\",\"width\":900,\"height\":900},{\"@type\":\"BreadcrumbList\",\"@id\":\"https:\/\/www.participacionciudadana.org\/web\/2023\/04\/19\/dialogos-sin-violencia-son-promovidos-por-participacion-ciudadana\/#breadcrumb\",\"itemListElement\":[{\"@type\":\"ListItem\",\"position\":1,\"name\":\"Portada\",\"item\":\"https:\/\/www.participacionciudadana.org\/web\/\"},{\"@type\":\"ListItem\",\"position\":2,\"name\":\"Di\u00e1logos sin Violencia son promovidos por Participaci\u00f3n Ciudadana\"}]},{\"@type\":\"WebSite\",\"@id\":\"https:\/\/www.participacionciudadana.org\/web\/#website\",\"url\":\"https:\/\/www.participacionciudadana.org\/web\/\",\"name\":\"Participaci\u00f3n Ciudadana\",\"description\":\"Comprometidos con la democracia\",\"publisher\":{\"@id\":\"https:\/\/www.participacionciudadana.org\/web\/#organization\"},\"potentialAction\":[{\"@type\":\"SearchAction\",\"target\":{\"@type\":\"EntryPoint\",\"urlTemplate\":\"https:\/\/www.participacionciudadana.org\/web\/?s={search_term_string}\"},\"query-input\":{\"@type\":\"PropertyValueSpecification\",\"valueRequired\":true,\"valueName\":\"search_term_string\"}}],\"inLanguage\":\"es\"},{\"@type\":\"Organization\",\"@id\":\"https:\/\/www.participacionciudadana.org\/web\/#organization\",\"name\":\"Participaci\u00f3n Ciudadana\",\"url\":\"https:\/\/www.participacionciudadana.org\/web\/\",\"logo\":{\"@type\":\"ImageObject\",\"inLanguage\":\"es\",\"@id\":\"https:\/\/www.participacionciudadana.org\/web\/#\/schema\/logo\/image\/\",\"url\":\"https:\/\/www.participacionciudadana.org\/web\/wp-content\/uploads\/2021\/11\/cropped-logo_pc-1.png\",\"contentUrl\":\"https:\/\/www.participacionciudadana.org\/web\/wp-content\/uploads\/2021\/11\/cropped-logo_pc-1.png\",\"width\":340,\"height\":114,\"caption\":\"Participaci\u00f3n Ciudadana\"},\"image\":{\"@id\":\"https:\/\/www.participacionciudadana.org\/web\/#\/schema\/logo\/image\/\"},\"sameAs\":[\"https:\/\/www.facebook.com\/ParticipacionPC\/\",\"https:\/\/x.com\/ParticipacionPC\"]},{\"@type\":\"Person\",\"@id\":\"https:\/\/www.participacionciudadana.org\/web\/#\/schema\/person\/7d1c54696e041e527f8fbfd6c9b513ae\",\"name\":\"Karen Ramos\",\"image\":{\"@type\":\"ImageObject\",\"inLanguage\":\"es\",\"@id\":\"https:\/\/www.participacionciudadana.org\/web\/#\/schema\/person\/image\/\",\"url\":\"https:\/\/secure.gravatar.com\/avatar\/286968dbb3bb60217f1c7034fda5fe010f5c132ea9d76191d7dbe615e76f9e88?s=96&d=mm&r=g\",\"contentUrl\":\"https:\/\/secure.gravatar.com\/avatar\/286968dbb3bb60217f1c7034fda5fe010f5c132ea9d76191d7dbe615e76f9e88?s=96&d=mm&r=g\",\"caption\":\"Karen Ramos\"},\"url\":\"https:\/\/www.participacionciudadana.org\/web\/author\/karenliz\/\"}]}<\/script>\n<!-- \/ Yoast SEO plugin. -->","yoast_head_json":{"title":"Di\u00e1logos sin Violencia son promovidos por Participaci\u00f3n Ciudadana - Participaci\u00f3n Ciudadana","robots":{"index":"index","follow":"follow","max-snippet":"max-snippet:-1","max-image-preview":"max-image-preview:large","max-video-preview":"max-video-preview:-1"},"canonical":"https:\/\/www.participacionciudadana.org\/web\/2023\/04\/19\/dialogos-sin-violencia-son-promovidos-por-participacion-ciudadana\/","og_locale":"es_ES","og_type":"article","og_title":"Di\u00e1logos sin Violencia son promovidos por Participaci\u00f3n Ciudadana - Participaci\u00f3n Ciudadana","og_description":"Mi\u00e9rcoles, 19 de abril de 2023 La Corporaci\u00f3n Participaci\u00f3n Ciudadana promueve di\u00e1logos sin violencia, con la intervenci\u00f3n de distintas voces y con el objetivo de impulsar una ciudadan\u00eda informada sobre los temas fundamentales para el pa\u00eds. Estos encuentros se desarrollan dentro de los espacios \u201cY La Democracia Qu\u00e9\u201d, que se llevan a cabo en el [&hellip;]","og_url":"https:\/\/www.participacionciudadana.org\/web\/2023\/04\/19\/dialogos-sin-violencia-son-promovidos-por-participacion-ciudadana\/","og_site_name":"Participaci\u00f3n Ciudadana","article_publisher":"https:\/\/www.facebook.com\/ParticipacionPC\/","article_published_time":"2023-04-19T15:52:25+00:00","article_modified_time":"2023-05-04T15:22:44+00:00","og_image":[{"width":900,"height":900,"url":"https:\/\/www.participacionciudadana.org\/web\/wp-content\/uploads\/2023\/04\/dialogos.jpeg","type":"image\/jpeg"}],"author":"Karen Ramos","twitter_card":"summary_large_image","twitter_creator":"@ParticipacionPC","twitter_site":"@ParticipacionPC","twitter_misc":{"Escrito por":"Karen Ramos","Tiempo de lectura":"2 minutos"},"schema":{"@context":"https:\/\/schema.org","@graph":[{"@type":"Article","@id":"https:\/\/www.participacionciudadana.org\/web\/2023\/04\/19\/dialogos-sin-violencia-son-promovidos-por-participacion-ciudadana\/#article","isPartOf":{"@id":"https:\/\/www.participacionciudadana.org\/web\/2023\/04\/19\/dialogos-sin-violencia-son-promovidos-por-participacion-ciudadana\/"},"author":{"name":"Karen Ramos","@id":"https:\/\/www.participacionciudadana.org\/web\/#\/schema\/person\/7d1c54696e041e527f8fbfd6c9b513ae"},"headline":"Di\u00e1logos sin Violencia son promovidos por Participaci\u00f3n Ciudadana","datePublished":"2023-04-19T15:52:25+00:00","dateModified":"2023-05-04T15:22:44+00:00","mainEntityOfPage":{"@id":"https:\/\/www.participacionciudadana.org\/web\/2023\/04\/19\/dialogos-sin-violencia-son-promovidos-por-participacion-ciudadana\/"},"wordCount":350,"commentCount":0,"publisher":{"@id":"https:\/\/www.participacionciudadana.org\/web\/#organization"},"image":{"@id":"https:\/\/www.participacionciudadana.org\/web\/2023\/04\/19\/dialogos-sin-violencia-son-promovidos-por-participacion-ciudadana\/#primaryimage"},"thumbnailUrl":"https:\/\/www.participacionciudadana.org\/web\/wp-content\/uploads\/2023\/04\/dialogos.jpeg","articleSection":["Boletines","Comunicaci\u00f3n"],"inLanguage":"es","potentialAction":[{"@type":"CommentAction","name":"Comment","target":["https:\/\/www.participacionciudadana.org\/web\/2023\/04\/19\/dialogos-sin-violencia-son-promovidos-por-participacion-ciudadana\/#respond"]}]},{"@type":"WebPage","@id":"https:\/\/www.participacionciudadana.org\/web\/2023\/04\/19\/dialogos-sin-violencia-son-promovidos-por-participacion-ciudadana\/","url":"https:\/\/www.participacionciudadana.org\/web\/2023\/04\/19\/dialogos-sin-violencia-son-promovidos-por-participacion-ciudadana\/","name":"Di\u00e1logos sin Violencia son promovidos por Participaci\u00f3n Ciudadana - Participaci\u00f3n Ciudadana","isPartOf":{"@id":"https:\/\/www.participacionciudadana.org\/web\/#website"},"primaryImageOfPage":{"@id":"https:\/\/www.participacionciudadana.org\/web\/2023\/04\/19\/dialogos-sin-violencia-son-promovidos-por-participacion-ciudadana\/#primaryimage"},"image":{"@id":"https:\/\/www.participacionciudadana.org\/web\/2023\/04\/19\/dialogos-sin-violencia-son-promovidos-por-participacion-ciudadana\/#primaryimage"},"thumbnailUrl":"https:\/\/www.participacionciudadana.org\/web\/wp-content\/uploads\/2023\/04\/dialogos.jpeg","datePublished":"2023-04-19T15:52:25+00:00","dateModified":"2023-05-04T15:22:44+00:00","breadcrumb":{"@id":"https:\/\/www.participacionciudadana.org\/web\/2023\/04\/19\/dialogos-sin-violencia-son-promovidos-por-participacion-ciudadana\/#breadcrumb"},"inLanguage":"es","potentialAction":[{"@type":"ReadAction","target":["https:\/\/www.participacionciudadana.org\/web\/2023\/04\/19\/dialogos-sin-violencia-son-promovidos-por-participacion-ciudadana\/"]}]},{"@type":"ImageObject","inLanguage":"es","@id":"https:\/\/www.participacionciudadana.org\/web\/2023\/04\/19\/dialogos-sin-violencia-son-promovidos-por-participacion-ciudadana\/#primaryimage","url":"https:\/\/www.participacionciudadana.org\/web\/wp-content\/uploads\/2023\/04\/dialogos.jpeg","contentUrl":"https:\/\/www.participacionciudadana.org\/web\/wp-content\/uploads\/2023\/04\/dialogos.jpeg","width":900,"height":900},{"@type":"BreadcrumbList","@id":"https:\/\/www.participacionciudadana.org\/web\/2023\/04\/19\/dialogos-sin-violencia-son-promovidos-por-participacion-ciudadana\/#breadcrumb","itemListElement":[{"@type":"ListItem","position":1,"name":"Portada","item":"https:\/\/www.participacionciudadana.org\/web\/"},{"@type":"ListItem","position":2,"name":"Di\u00e1logos sin Violencia son promovidos por Participaci\u00f3n Ciudadana"}]},{"@type":"WebSite","@id":"https:\/\/www.participacionciudadana.org\/web\/#website","url":"https:\/\/www.participacionciudadana.org\/web\/","name":"Participaci\u00f3n Ciudadana","description":"Comprometidos con la democracia","publisher":{"@id":"https:\/\/www.participacionciudadana.org\/web\/#organization"},"potentialAction":[{"@type":"SearchAction","target":{"@type":"EntryPoint","urlTemplate":"https:\/\/www.participacionciudadana.org\/web\/?s={search_term_string}"},"query-input":{"@type":"PropertyValueSpecification","valueRequired":true,"valueName":"search_term_string"}}],"inLanguage":"es"},{"@type":"Organization","@id":"https:\/\/www.participacionciudadana.org\/web\/#organization","name":"Participaci\u00f3n Ciudadana","url":"https:\/\/www.participacionciudadana.org\/web\/","logo":{"@type":"ImageObject","inLanguage":"es","@id":"https:\/\/www.participacionciudadana.org\/web\/#\/schema\/logo\/image\/","url":"https:\/\/www.participacionciudadana.org\/web\/wp-content\/uploads\/2021\/11\/cropped-logo_pc-1.png","contentUrl":"https:\/\/www.participacionciudadana.org\/web\/wp-content\/uploads\/2021\/11\/cropped-logo_pc-1.png","width":340,"height":114,"caption":"Participaci\u00f3n Ciudadana"},"image":{"@id":"https:\/\/www.participacionciudadana.org\/web\/#\/schema\/logo\/image\/"},"sameAs":["https:\/\/www.facebook.com\/ParticipacionPC\/","https:\/\/x.com\/ParticipacionPC"]},{"@type":"Person","@id":"https:\/\/www.participacionciudadana.org\/web\/#\/schema\/person\/7d1c54696e041e527f8fbfd6c9b513ae","name":"Karen Ramos","image":{"@type":"ImageObject","inLanguage":"es","@id":"https:\/\/www.participacionciudadana.org\/web\/#\/schema\/person\/image\/","url":"https:\/\/secure.gravatar.com\/avatar\/286968dbb3bb60217f1c7034fda5fe010f5c132ea9d76191d7dbe615e76f9e88?s=96&d=mm&r=g","contentUrl":"https:\/\/secure.gravatar.com\/avatar\/286968dbb3bb60217f1c7034fda5fe010f5c132ea9d76191d7dbe615e76f9e88?s=96&d=mm&r=g","caption":"Karen Ramos"},"url":"https:\/\/www.participacionciudadana.org\/web\/author\/karenliz\/"}]}},"_links":{"self":[{"href":"https:\/\/www.participacionciudadana.org\/web\/wp-json\/wp\/v2\/posts\/5225","targetHints":{"allow":["GET"]}}],"collection":[{"href":"https:\/\/www.participacionciudadana.org\/web\/wp-json\/wp\/v2\/posts"}],"about":[{"href":"https:\/\/www.participacionciudadana.org\/web\/wp-json\/wp\/v2\/types\/post"}],"author":[{"embeddable":true,"href":"https:\/\/www.participacionciudadana.org\/web\/wp-json\/wp\/v2\/users\/7"}],"replies":[{"embeddable":true,"href":"https:\/\/www.participacionciudadana.org\/web\/wp-json\/wp\/v2\/comments?post=5225"}],"version-history":[{"count":0,"href":"https:\/\/www.participacionciudadana.org\/web\/wp-json\/wp\/v2\/posts\/5225\/revisions"}],"wp:featuredmedia":[{"embeddable":true,"href":"https:\/\/www.participacionciudadana.org\/web\/wp-json\/wp\/v2\/media\/5250"}],"wp:attachment":[{"href":"https:\/\/www.participacionciudadana.org\/web\/wp-json\/wp\/v2\/media?parent=5225"}],"wp:term":[{"taxonomy":"category","embeddable":true,"href":"https:\/\/www.participacionciudadana.org\/web\/wp-json\/wp\/v2\/categories?post=5225"},{"taxonomy":"post_tag","embeddable":true,"href":"https:\/\/www.participacionciudadana.org\/web\/wp-json\/wp\/v2\/tags?post=5225"}],"curies":[{"name":"wp","href":"https:\/\/api.w.org\/{rel}","templated":true}]}}