{"id":5278,"date":"2023-05-17T12:17:41","date_gmt":"2023-05-17T17:17:41","guid":{"rendered":"https:\/\/www.participacionciudadana.org\/web\/?p=5278"},"modified":"2023-05-17T12:52:49","modified_gmt":"2023-05-17T17:52:49","slug":"pc-demanda-responsabilidad-politica-y-dialogo-nacional","status":"publish","type":"post","link":"https:\/\/www.participacionciudadana.org\/web\/2023\/05\/17\/pc-demanda-responsabilidad-politica-y-dialogo-nacional\/","title":{"rendered":"PC DEMANDA RESPONSABILIDAD POL\u00cdTICA Y DI\u00c1LOGO NACIONAL"},"content":{"rendered":"\n<p class=\"has-text-align-right\">Mi\u00e9rcoles, 17 de mayo de 2023<\/p>\n\n\n\n<p>La Corporaci\u00f3n Participaci\u00f3n Ciudadana, ante la firma del decreto 741, por parte \u00a0del Ejecutivo, en donde se llama a Muerte Cruzada, y siendo que \u00e9ste <strong>constituye un \u00a0mecanismo <\/strong><strong>previsto<\/strong><strong> en la Constituci\u00f3n<\/strong>, manifiesta lo siguiente:<\/p>\n\n\n\n<p>Hacemos un llamado a todos los actores sociales y pol\u00edticos <strong>a actuar con responsabilidad y a precautelar<\/strong><strong> la paz socia<\/strong>l, respetando el imperio de la norma constitucional y el estado de derecho.<\/p>\n\n\n\n<p>Ante la vigencia del decreto, exhortamos a todos los sectores pol\u00edticos y sociales del pa\u00eds, a instalar un proceso de di\u00e1logo para construir, en este tiempo, una <strong>agenda de temas prioritarios<\/strong> a ser implementados, antes de las nuevas elecciones.<\/p>\n\n\n\n<p>Creemos que s\u00f3lo el consenso nacional podr\u00e1 construir colectivamente soluciones efectivas a los problemas m\u00e1s urgentes &nbsp;&nbsp;como: &nbsp;la inseguridad, reactivaci\u00f3n econ\u00f3mica, salud, educaci\u00f3n y otros. &nbsp;<\/p>\n\n\n\n<p>Llamamos a que esta crisis sea vista &nbsp;como una oportunidad para <strong>impulsar acuerdos que beneficien a todos los ciudadanos,<\/strong> &nbsp;con una visi\u00f3n de corto y mediano plazo.<\/p>\n\n\n\n<p>Desde PC, <strong>hacemos un llamado a las autoridades electorales<\/strong>, a fin de que asuman el reto de garantizar al pa\u00eds, un proceso electoral equitativo, pero sobre todo transparente. Para ello, demandamos, desde ya, <strong>que se tomen los recaudos t\u00e9cnicos necesarios para que el proceso electoral que se avecina se desarrolle en paz, &nbsp;con transparencia, y que no genere duda alguna.<\/strong><\/p>\n\n\n\n<p>El momento pol\u00edtico que atraviesa el Ecuador nos exige a todos responsabilidad en el actuar y&nbsp; nos llama a convertirnos en agentes de paz, rechazando la violencia y el caos.<\/p>\n\n\n\n<p class=\"has-text-align-center\"><strong>\u00a1El pa\u00eds est\u00e1 primero!<\/strong><strong><\/strong><\/p>\n","protected":false},"excerpt":{"rendered":"<p>Mi\u00e9rcoles, 17 de mayo de 2023 La Corporaci\u00f3n Participaci\u00f3n Ciudadana, ante la firma del decreto 741, por parte \u00a0del Ejecutivo, en donde se llama a Muerte Cruzada, y siendo que \u00e9ste constituye un \u00a0mecanismo previsto en la Constituci\u00f3n, manifiesta lo siguiente: Hacemos un llamado a todos los actores sociales y pol\u00edticos a actuar con responsabilidad [&hellip;]<\/p>\n","protected":false},"author":7,"featured_media":0,"comment_status":"open","ping_status":"open","sticky":false,"template":"","format":"standard","meta":{"site-sidebar-layout":"default","site-content-layout":"","ast-site-content-layout":"default","site-content-style":"default","site-sidebar-style":"default","ast-global-header-display":"","ast-banner-title-visibility":"","ast-main-header-display":"","ast-hfb-above-header-display":"","ast-hfb-below-header-display":"","ast-hfb-mobile-header-display":"","site-post-title":"","ast-breadcrumbs-content":"","ast-featured-img":"","footer-sml-layout":"","ast-disable-related-posts":"","theme-transparent-header-meta":"","adv-header-id-meta":"","stick-header-meta":"","header-above-stick-meta":"","header-main-stick-meta":"","header-below-stick-meta":"","astra-migrate-meta-layouts":"default","ast-page-background-enabled":"default","ast-page-background-meta":{"desktop":{"background-color":"","background-image":"","background-repeat":"repeat","background-position":"center center","background-size":"auto","background-attachment":"scroll","background-type":"","background-media":"","overlay-type":"","overlay-color":"","overlay-opacity":"","overlay-gradient":""},"tablet":{"background-color":"","background-image":"","background-repeat":"repeat","background-position":"center center","background-size":"auto","background-attachment":"scroll","background-type":"","background-media":"","overlay-type":"","overlay-color":"","overlay-opacity":"","overlay-gradient":""},"mobile":{"background-color":"","background-image":"","background-repeat":"repeat","background-position":"center center","background-size":"auto","background-attachment":"scroll","background-type":"","background-media":"","overlay-type":"","overlay-color":"","overlay-opacity":"","overlay-gradient":""}},"ast-content-background-meta":{"desktop":{"background-color":"var(--ast-global-color-5)","background-image":"","background-repeat":"repeat","background-position":"center center","background-size":"auto","background-attachment":"scroll","background-type":"","background-media":"","overlay-type":"","overlay-color":"","overlay-opacity":"","overlay-gradient":""},"tablet":{"background-color":"var(--ast-global-color-5)","background-image":"","background-repeat":"repeat","background-position":"center center","background-size":"auto","background-attachment":"scroll","background-type":"","background-media":"","overlay-type":"","overlay-color":"","overlay-opacity":"","overlay-gradient":""},"mobile":{"background-color":"var(--ast-global-color-5)","background-image":"","background-repeat":"repeat","background-position":"center center","background-size":"auto","background-attachment":"scroll","background-type":"","background-media":"","overlay-type":"","overlay-color":"","overlay-opacity":"","overlay-gradient":""}},"_joinchat":[],"footnotes":""},"categories":[77],"tags":[],"class_list":["post-5278","post","type-post","status-publish","format-standard","hentry","category-comunicados"],"yoast_head":"<!-- This site is optimized with the Yoast SEO plugin v26.5 - https:\/\/yoast.com\/wordpress\/plugins\/seo\/ -->\n<title>PC DEMANDA RESPONSABILIDAD POL\u00cdTICA Y DI\u00c1LOGO NACIONAL - Participaci\u00f3n Ciudadana<\/title>\n<meta name=\"robots\" content=\"index, follow, max-snippet:-1, max-image-preview:large, max-video-preview:-1\" \/>\n<link rel=\"canonical\" href=\"https:\/\/www.participacionciudadana.org\/web\/2023\/05\/17\/pc-demanda-responsabilidad-politica-y-dialogo-nacional\/\" \/>\n<meta property=\"og:locale\" content=\"es_ES\" \/>\n<meta property=\"og:type\" content=\"article\" \/>\n<meta property=\"og:title\" content=\"PC DEMANDA RESPONSABILIDAD POL\u00cdTICA Y DI\u00c1LOGO NACIONAL - Participaci\u00f3n Ciudadana\" \/>\n<meta property=\"og:description\" content=\"Mi\u00e9rcoles, 17 de mayo de 2023 La Corporaci\u00f3n Participaci\u00f3n Ciudadana, ante la firma del decreto 741, por parte \u00a0del Ejecutivo, en donde se llama a Muerte Cruzada, y siendo que \u00e9ste constituye un \u00a0mecanismo previsto en la Constituci\u00f3n, manifiesta lo siguiente: Hacemos un llamado a todos los actores sociales y pol\u00edticos a actuar con responsabilidad [&hellip;]\" \/>\n<meta property=\"og:url\" content=\"https:\/\/www.participacionciudadana.org\/web\/2023\/05\/17\/pc-demanda-responsabilidad-politica-y-dialogo-nacional\/\" \/>\n<meta property=\"og:site_name\" content=\"Participaci\u00f3n Ciudadana\" \/>\n<meta property=\"article:publisher\" content=\"https:\/\/www.facebook.com\/ParticipacionPC\/\" \/>\n<meta property=\"article:published_time\" content=\"2023-05-17T17:17:41+00:00\" \/>\n<meta property=\"article:modified_time\" content=\"2023-05-17T17:52:49+00:00\" \/>\n<meta name=\"author\" content=\"Karen Ramos\" \/>\n<meta name=\"twitter:card\" content=\"summary_large_image\" \/>\n<meta name=\"twitter:creator\" content=\"@ParticipacionPC\" \/>\n<meta name=\"twitter:site\" content=\"@ParticipacionPC\" \/>\n<meta name=\"twitter:label1\" content=\"Escrito por\" \/>\n\t<meta name=\"twitter:data1\" content=\"Karen Ramos\" \/>\n\t<meta name=\"twitter:label2\" content=\"Tiempo de lectura\" \/>\n\t<meta name=\"twitter:data2\" content=\"1 minuto\" \/>\n<script type=\"application\/ld+json\" class=\"yoast-schema-graph\">{\"@context\":\"https:\/\/schema.org\",\"@graph\":[{\"@type\":\"Article\",\"@id\":\"https:\/\/www.participacionciudadana.org\/web\/2023\/05\/17\/pc-demanda-responsabilidad-politica-y-dialogo-nacional\/#article\",\"isPartOf\":{\"@id\":\"https:\/\/www.participacionciudadana.org\/web\/2023\/05\/17\/pc-demanda-responsabilidad-politica-y-dialogo-nacional\/\"},\"author\":{\"name\":\"Karen Ramos\",\"@id\":\"https:\/\/www.participacionciudadana.org\/web\/#\/schema\/person\/7d1c54696e041e527f8fbfd6c9b513ae\"},\"headline\":\"PC DEMANDA RESPONSABILIDAD POL\u00cdTICA Y DI\u00c1LOGO NACIONAL\",\"datePublished\":\"2023-05-17T17:17:41+00:00\",\"dateModified\":\"2023-05-17T17:52:49+00:00\",\"mainEntityOfPage\":{\"@id\":\"https:\/\/www.participacionciudadana.org\/web\/2023\/05\/17\/pc-demanda-responsabilidad-politica-y-dialogo-nacional\/\"},\"wordCount\":290,\"commentCount\":0,\"publisher\":{\"@id\":\"https:\/\/www.participacionciudadana.org\/web\/#organization\"},\"articleSection\":[\"Comunicados\"],\"inLanguage\":\"es\",\"potentialAction\":[{\"@type\":\"CommentAction\",\"name\":\"Comment\",\"target\":[\"https:\/\/www.participacionciudadana.org\/web\/2023\/05\/17\/pc-demanda-responsabilidad-politica-y-dialogo-nacional\/#respond\"]}]},{\"@type\":\"WebPage\",\"@id\":\"https:\/\/www.participacionciudadana.org\/web\/2023\/05\/17\/pc-demanda-responsabilidad-politica-y-dialogo-nacional\/\",\"url\":\"https:\/\/www.participacionciudadana.org\/web\/2023\/05\/17\/pc-demanda-responsabilidad-politica-y-dialogo-nacional\/\",\"name\":\"PC DEMANDA RESPONSABILIDAD POL\u00cdTICA Y DI\u00c1LOGO NACIONAL - Participaci\u00f3n Ciudadana\",\"isPartOf\":{\"@id\":\"https:\/\/www.participacionciudadana.org\/web\/#website\"},\"datePublished\":\"2023-05-17T17:17:41+00:00\",\"dateModified\":\"2023-05-17T17:52:49+00:00\",\"breadcrumb\":{\"@id\":\"https:\/\/www.participacionciudadana.org\/web\/2023\/05\/17\/pc-demanda-responsabilidad-politica-y-dialogo-nacional\/#breadcrumb\"},\"inLanguage\":\"es\",\"potentialAction\":[{\"@type\":\"ReadAction\",\"target\":[\"https:\/\/www.participacionciudadana.org\/web\/2023\/05\/17\/pc-demanda-responsabilidad-politica-y-dialogo-nacional\/\"]}]},{\"@type\":\"BreadcrumbList\",\"@id\":\"https:\/\/www.participacionciudadana.org\/web\/2023\/05\/17\/pc-demanda-responsabilidad-politica-y-dialogo-nacional\/#breadcrumb\",\"itemListElement\":[{\"@type\":\"ListItem\",\"position\":1,\"name\":\"Portada\",\"item\":\"https:\/\/www.participacionciudadana.org\/web\/\"},{\"@type\":\"ListItem\",\"position\":2,\"name\":\"PC DEMANDA RESPONSABILIDAD POL\u00cdTICA Y DI\u00c1LOGO NACIONAL\"}]},{\"@type\":\"WebSite\",\"@id\":\"https:\/\/www.participacionciudadana.org\/web\/#website\",\"url\":\"https:\/\/www.participacionciudadana.org\/web\/\",\"name\":\"Participaci\u00f3n Ciudadana\",\"description\":\"Comprometidos con la democracia\",\"publisher\":{\"@id\":\"https:\/\/www.participacionciudadana.org\/web\/#organization\"},\"potentialAction\":[{\"@type\":\"SearchAction\",\"target\":{\"@type\":\"EntryPoint\",\"urlTemplate\":\"https:\/\/www.participacionciudadana.org\/web\/?s={search_term_string}\"},\"query-input\":{\"@type\":\"PropertyValueSpecification\",\"valueRequired\":true,\"valueName\":\"search_term_string\"}}],\"inLanguage\":\"es\"},{\"@type\":\"Organization\",\"@id\":\"https:\/\/www.participacionciudadana.org\/web\/#organization\",\"name\":\"Participaci\u00f3n Ciudadana\",\"url\":\"https:\/\/www.participacionciudadana.org\/web\/\",\"logo\":{\"@type\":\"ImageObject\",\"inLanguage\":\"es\",\"@id\":\"https:\/\/www.participacionciudadana.org\/web\/#\/schema\/logo\/image\/\",\"url\":\"https:\/\/www.participacionciudadana.org\/web\/wp-content\/uploads\/2021\/11\/cropped-logo_pc-1.png\",\"contentUrl\":\"https:\/\/www.participacionciudadana.org\/web\/wp-content\/uploads\/2021\/11\/cropped-logo_pc-1.png\",\"width\":340,\"height\":114,\"caption\":\"Participaci\u00f3n Ciudadana\"},\"image\":{\"@id\":\"https:\/\/www.participacionciudadana.org\/web\/#\/schema\/logo\/image\/\"},\"sameAs\":[\"https:\/\/www.facebook.com\/ParticipacionPC\/\",\"https:\/\/x.com\/ParticipacionPC\"]},{\"@type\":\"Person\",\"@id\":\"https:\/\/www.participacionciudadana.org\/web\/#\/schema\/person\/7d1c54696e041e527f8fbfd6c9b513ae\",\"name\":\"Karen Ramos\",\"image\":{\"@type\":\"ImageObject\",\"inLanguage\":\"es\",\"@id\":\"https:\/\/www.participacionciudadana.org\/web\/#\/schema\/person\/image\/\",\"url\":\"https:\/\/secure.gravatar.com\/avatar\/286968dbb3bb60217f1c7034fda5fe010f5c132ea9d76191d7dbe615e76f9e88?s=96&d=mm&r=g\",\"contentUrl\":\"https:\/\/secure.gravatar.com\/avatar\/286968dbb3bb60217f1c7034fda5fe010f5c132ea9d76191d7dbe615e76f9e88?s=96&d=mm&r=g\",\"caption\":\"Karen Ramos\"},\"url\":\"https:\/\/www.participacionciudadana.org\/web\/author\/karenliz\/\"}]}<\/script>\n<!-- \/ Yoast SEO plugin. -->","yoast_head_json":{"title":"PC DEMANDA RESPONSABILIDAD POL\u00cdTICA Y DI\u00c1LOGO NACIONAL - Participaci\u00f3n Ciudadana","robots":{"index":"index","follow":"follow","max-snippet":"max-snippet:-1","max-image-preview":"max-image-preview:large","max-video-preview":"max-video-preview:-1"},"canonical":"https:\/\/www.participacionciudadana.org\/web\/2023\/05\/17\/pc-demanda-responsabilidad-politica-y-dialogo-nacional\/","og_locale":"es_ES","og_type":"article","og_title":"PC DEMANDA RESPONSABILIDAD POL\u00cdTICA Y DI\u00c1LOGO NACIONAL - Participaci\u00f3n Ciudadana","og_description":"Mi\u00e9rcoles, 17 de mayo de 2023 La Corporaci\u00f3n Participaci\u00f3n Ciudadana, ante la firma del decreto 741, por parte \u00a0del Ejecutivo, en donde se llama a Muerte Cruzada, y siendo que \u00e9ste constituye un \u00a0mecanismo previsto en la Constituci\u00f3n, manifiesta lo siguiente: Hacemos un llamado a todos los actores sociales y pol\u00edticos a actuar con responsabilidad [&hellip;]","og_url":"https:\/\/www.participacionciudadana.org\/web\/2023\/05\/17\/pc-demanda-responsabilidad-politica-y-dialogo-nacional\/","og_site_name":"Participaci\u00f3n Ciudadana","article_publisher":"https:\/\/www.facebook.com\/ParticipacionPC\/","article_published_time":"2023-05-17T17:17:41+00:00","article_modified_time":"2023-05-17T17:52:49+00:00","author":"Karen Ramos","twitter_card":"summary_large_image","twitter_creator":"@ParticipacionPC","twitter_site":"@ParticipacionPC","twitter_misc":{"Escrito por":"Karen Ramos","Tiempo de lectura":"1 minuto"},"schema":{"@context":"https:\/\/schema.org","@graph":[{"@type":"Article","@id":"https:\/\/www.participacionciudadana.org\/web\/2023\/05\/17\/pc-demanda-responsabilidad-politica-y-dialogo-nacional\/#article","isPartOf":{"@id":"https:\/\/www.participacionciudadana.org\/web\/2023\/05\/17\/pc-demanda-responsabilidad-politica-y-dialogo-nacional\/"},"author":{"name":"Karen Ramos","@id":"https:\/\/www.participacionciudadana.org\/web\/#\/schema\/person\/7d1c54696e041e527f8fbfd6c9b513ae"},"headline":"PC DEMANDA RESPONSABILIDAD POL\u00cdTICA Y DI\u00c1LOGO NACIONAL","datePublished":"2023-05-17T17:17:41+00:00","dateModified":"2023-05-17T17:52:49+00:00","mainEntityOfPage":{"@id":"https:\/\/www.participacionciudadana.org\/web\/2023\/05\/17\/pc-demanda-responsabilidad-politica-y-dialogo-nacional\/"},"wordCount":290,"commentCount":0,"publisher":{"@id":"https:\/\/www.participacionciudadana.org\/web\/#organization"},"articleSection":["Comunicados"],"inLanguage":"es","potentialAction":[{"@type":"CommentAction","name":"Comment","target":["https:\/\/www.participacionciudadana.org\/web\/2023\/05\/17\/pc-demanda-responsabilidad-politica-y-dialogo-nacional\/#respond"]}]},{"@type":"WebPage","@id":"https:\/\/www.participacionciudadana.org\/web\/2023\/05\/17\/pc-demanda-responsabilidad-politica-y-dialogo-nacional\/","url":"https:\/\/www.participacionciudadana.org\/web\/2023\/05\/17\/pc-demanda-responsabilidad-politica-y-dialogo-nacional\/","name":"PC DEMANDA RESPONSABILIDAD POL\u00cdTICA Y DI\u00c1LOGO NACIONAL - Participaci\u00f3n Ciudadana","isPartOf":{"@id":"https:\/\/www.participacionciudadana.org\/web\/#website"},"datePublished":"2023-05-17T17:17:41+00:00","dateModified":"2023-05-17T17:52:49+00:00","breadcrumb":{"@id":"https:\/\/www.participacionciudadana.org\/web\/2023\/05\/17\/pc-demanda-responsabilidad-politica-y-dialogo-nacional\/#breadcrumb"},"inLanguage":"es","potentialAction":[{"@type":"ReadAction","target":["https:\/\/www.participacionciudadana.org\/web\/2023\/05\/17\/pc-demanda-responsabilidad-politica-y-dialogo-nacional\/"]}]},{"@type":"BreadcrumbList","@id":"https:\/\/www.participacionciudadana.org\/web\/2023\/05\/17\/pc-demanda-responsabilidad-politica-y-dialogo-nacional\/#breadcrumb","itemListElement":[{"@type":"ListItem","position":1,"name":"Portada","item":"https:\/\/www.participacionciudadana.org\/web\/"},{"@type":"ListItem","position":2,"name":"PC DEMANDA RESPONSABILIDAD POL\u00cdTICA Y DI\u00c1LOGO NACIONAL"}]},{"@type":"WebSite","@id":"https:\/\/www.participacionciudadana.org\/web\/#website","url":"https:\/\/www.participacionciudadana.org\/web\/","name":"Participaci\u00f3n Ciudadana","description":"Comprometidos con la democracia","publisher":{"@id":"https:\/\/www.participacionciudadana.org\/web\/#organization"},"potentialAction":[{"@type":"SearchAction","target":{"@type":"EntryPoint","urlTemplate":"https:\/\/www.participacionciudadana.org\/web\/?s={search_term_string}"},"query-input":{"@type":"PropertyValueSpecification","valueRequired":true,"valueName":"search_term_string"}}],"inLanguage":"es"},{"@type":"Organization","@id":"https:\/\/www.participacionciudadana.org\/web\/#organization","name":"Participaci\u00f3n Ciudadana","url":"https:\/\/www.participacionciudadana.org\/web\/","logo":{"@type":"ImageObject","inLanguage":"es","@id":"https:\/\/www.participacionciudadana.org\/web\/#\/schema\/logo\/image\/","url":"https:\/\/www.participacionciudadana.org\/web\/wp-content\/uploads\/2021\/11\/cropped-logo_pc-1.png","contentUrl":"https:\/\/www.participacionciudadana.org\/web\/wp-content\/uploads\/2021\/11\/cropped-logo_pc-1.png","width":340,"height":114,"caption":"Participaci\u00f3n Ciudadana"},"image":{"@id":"https:\/\/www.participacionciudadana.org\/web\/#\/schema\/logo\/image\/"},"sameAs":["https:\/\/www.facebook.com\/ParticipacionPC\/","https:\/\/x.com\/ParticipacionPC"]},{"@type":"Person","@id":"https:\/\/www.participacionciudadana.org\/web\/#\/schema\/person\/7d1c54696e041e527f8fbfd6c9b513ae","name":"Karen Ramos","image":{"@type":"ImageObject","inLanguage":"es","@id":"https:\/\/www.participacionciudadana.org\/web\/#\/schema\/person\/image\/","url":"https:\/\/secure.gravatar.com\/avatar\/286968dbb3bb60217f1c7034fda5fe010f5c132ea9d76191d7dbe615e76f9e88?s=96&d=mm&r=g","contentUrl":"https:\/\/secure.gravatar.com\/avatar\/286968dbb3bb60217f1c7034fda5fe010f5c132ea9d76191d7dbe615e76f9e88?s=96&d=mm&r=g","caption":"Karen Ramos"},"url":"https:\/\/www.participacionciudadana.org\/web\/author\/karenliz\/"}]}},"_links":{"self":[{"href":"https:\/\/www.participacionciudadana.org\/web\/wp-json\/wp\/v2\/posts\/5278","targetHints":{"allow":["GET"]}}],"collection":[{"href":"https:\/\/www.participacionciudadana.org\/web\/wp-json\/wp\/v2\/posts"}],"about":[{"href":"https:\/\/www.participacionciudadana.org\/web\/wp-json\/wp\/v2\/types\/post"}],"author":[{"embeddable":true,"href":"https:\/\/www.participacionciudadana.org\/web\/wp-json\/wp\/v2\/users\/7"}],"replies":[{"embeddable":true,"href":"https:\/\/www.participacionciudadana.org\/web\/wp-json\/wp\/v2\/comments?post=5278"}],"version-history":[{"count":0,"href":"https:\/\/www.participacionciudadana.org\/web\/wp-json\/wp\/v2\/posts\/5278\/revisions"}],"wp:attachment":[{"href":"https:\/\/www.participacionciudadana.org\/web\/wp-json\/wp\/v2\/media?parent=5278"}],"wp:term":[{"taxonomy":"category","embeddable":true,"href":"https:\/\/www.participacionciudadana.org\/web\/wp-json\/wp\/v2\/categories?post=5278"},{"taxonomy":"post_tag","embeddable":true,"href":"https:\/\/www.participacionciudadana.org\/web\/wp-json\/wp\/v2\/tags?post=5278"}],"curies":[{"name":"wp","href":"https:\/\/api.w.org\/{rel}","templated":true}]}}