{"id":5514,"date":"2023-06-02T16:03:56","date_gmt":"2023-06-02T21:03:56","guid":{"rendered":"https:\/\/www.participacionciudadana.org\/web\/?p=5514"},"modified":"2023-06-02T16:06:56","modified_gmt":"2023-06-02T21:06:56","slug":"corporacion-ecolex-continua-su-compromiso-con-el-desarrollo-sostenible-en-la-amazonia","status":"publish","type":"post","link":"https:\/\/www.participacionciudadana.org\/web\/2023\/06\/02\/corporacion-ecolex-continua-su-compromiso-con-el-desarrollo-sostenible-en-la-amazonia\/","title":{"rendered":"Corporaci\u00f3n ECOLEX contin\u00faa su compromiso con el desarrollo sostenible en la Amazon\u00eda"},"content":{"rendered":"\n<p>En el marco del proyecto Amazon\u00eda Transparente, financiado por la Embajada de los Estados Unidos de Am\u00e9rica y ejecutado por la Corporaci\u00f3n Participaci\u00f3n Ciudadana, Fundaci\u00f3n Ciudadan\u00eda y Desarrollo, CORDES y la Corporaci\u00f3n ECOLEX, se est\u00e1 llevando a cabo un importante proceso de fortalecimiento de capacidades para que los Pueblos y Nacionalidades de la regi\u00f3n puedan acceder al Fondo Com\u00fan.<\/p>\n\n\n\n<p>El Fondo Com\u00fan es un mecanismo exclusivo de la Circunscripci\u00f3n Territorial Amaz\u00f3nica (CTE) que se nutre de los aportes de las industrias extractivas que operan en la Amazon\u00eda. Este fondo se destina a proyectos de desarrollo y remediaci\u00f3n socioambiental, y est\u00e1 abierto a la participaci\u00f3n de Gobiernos Aut\u00f3nomos Descentralizados, Pueblos y Nacionalidades, as\u00ed como otras organizaciones sociales.<\/p>\n\n\n\n<p>En este contexto, ECOLEX ha estado trabajando en estrecha colaboraci\u00f3n con diversos actores amaz\u00f3nicos para brindarles apoyo en el acceso a este fondo. Con el prop\u00f3sito de implementar proyectos en concordancia con sus Planes de Vida, se ha llevado a cabo un proceso de acompa\u00f1amiento en las provincias de Sucumb\u00edos, Orellana y Pastaza, dirigido a los T\u00e9cnicos de la Federaci\u00f3n Shuar de Sucumb\u00edos, Nacionalidad Cof\u00e1n, Federaci\u00f3n de Comunas Kichwa de la Amazonia, Federaci\u00f3n Shuar de Orellana, Nacionalidad Waorani y Nacionalidad Kichwa de Pastaza.<\/p>\n\n\n\n<p>Dicho proceso ha incluido reuniones con la dirigencia para seleccionar a dos t\u00e9cnicos por cada organizaci\u00f3n, la realizaci\u00f3n de un ciclo de capacitaci\u00f3n en gesti\u00f3n de proyectos con una duraci\u00f3n de 40 horas en la Amazon\u00eda, as\u00ed como la definici\u00f3n y seguimiento de los proyectos a desarrollar por cada organizaci\u00f3n, en l\u00ednea con sus respectivos Planes de Vida.<\/p>\n\n\n\n<p>Estas actividades se enfocan en el fortalecimiento de las capacidades de cada pueblo y nacionalidad, con el objetivo de empoderarlos como gestores de sus propias propuestas y proyectos. Los t\u00e9cnicos capacitados, designados por las organizaciones, tienen la responsabilidad de elaborar proyectos que representen a su colectivo, aborden los desaf\u00edos socioambientales, fomenten la participaci\u00f3n y mejoren la calidad de vida. Asimismo, ser\u00e1n las propias organizaciones quienes presentar\u00e1n los proyectos al Fondo Com\u00fan, lo que consolida su rol como agentes de su propio desarrollo.<\/p>\n\n\n\n<p>Este esfuerzo se extender\u00e1 a los dirigentes de las comunidades de cada Federaci\u00f3n\/Nacionalidad, a trav\u00e9s de talleres locales de r\u00e9plica para la gesti\u00f3n de proyectos, que se llevar\u00e1n a cabo en los pr\u00f3ximos meses dentro del marco de Amazon\u00eda Transparente. De esta manera, se busca promover un conocimiento inclusivo y democr\u00e1tico, reducir las brechas de participaci\u00f3n y, a trav\u00e9s de estos proyectos, generar oportunidades para toda la poblaci\u00f3n, especialmente para los pueblos y nacionalidades ind\u00edgenas.<\/p>\n\n\n\n<p>ECOLEX reafirma su compromiso de seguir trabajando de la mano con los actores amaz\u00f3nicos en la b\u00fasqueda de un desarrollo sostenible y equitativo en la regi\u00f3n. El proceso de fortalecimiento de capacidades es fundamental para garantizar la participaci\u00f3n activa y el empoderamiento de los Pueblos y Nacionalidades en la construcci\u00f3n de un futuro pr\u00f3spero y en armon\u00eda con la naturaleza en la Amazon\u00eda.<\/p>\n","protected":false},"excerpt":{"rendered":"<p>En el marco del proyecto Amazon\u00eda Transparente, financiado por la Embajada de los Estados Unidos de Am\u00e9rica y ejecutado por la Corporaci\u00f3n Participaci\u00f3n Ciudadana, Fundaci\u00f3n Ciudadan\u00eda y Desarrollo, CORDES y la Corporaci\u00f3n ECOLEX, se est\u00e1 llevando a cabo un importante proceso de fortalecimiento de capacidades para que los Pueblos y Nacionalidades de la regi\u00f3n puedan [&hellip;]<\/p>\n","protected":false},"author":7,"featured_media":5521,"comment_status":"open","ping_status":"open","sticky":false,"template":"","format":"standard","meta":{"site-sidebar-layout":"default","site-content-layout":"","ast-site-content-layout":"default","site-content-style":"default","site-sidebar-style":"default","ast-global-header-display":"","ast-banner-title-visibility":"","ast-main-header-display":"","ast-hfb-above-header-display":"","ast-hfb-below-header-display":"","ast-hfb-mobile-header-display":"","site-post-title":"","ast-breadcrumbs-content":"","ast-featured-img":"","footer-sml-layout":"","ast-disable-related-posts":"","theme-transparent-header-meta":"","adv-header-id-meta":"","stick-header-meta":"","header-above-stick-meta":"","header-main-stick-meta":"","header-below-stick-meta":"","astra-migrate-meta-layouts":"default","ast-page-background-enabled":"default","ast-page-background-meta":{"desktop":{"background-color":"","background-image":"","background-repeat":"repeat","background-position":"center center","background-size":"auto","background-attachment":"scroll","background-type":"","background-media":"","overlay-type":"","overlay-color":"","overlay-opacity":"","overlay-gradient":""},"tablet":{"background-color":"","background-image":"","background-repeat":"repeat","background-position":"center center","background-size":"auto","background-attachment":"scroll","background-type":"","background-media":"","overlay-type":"","overlay-color":"","overlay-opacity":"","overlay-gradient":""},"mobile":{"background-color":"","background-image":"","background-repeat":"repeat","background-position":"center center","background-size":"auto","background-attachment":"scroll","background-type":"","background-media":"","overlay-type":"","overlay-color":"","overlay-opacity":"","overlay-gradient":""}},"ast-content-background-meta":{"desktop":{"background-color":"var(--ast-global-color-5)","background-image":"","background-repeat":"repeat","background-position":"center center","background-size":"auto","background-attachment":"scroll","background-type":"","background-media":"","overlay-type":"","overlay-color":"","overlay-opacity":"","overlay-gradient":""},"tablet":{"background-color":"var(--ast-global-color-5)","background-image":"","background-repeat":"repeat","background-position":"center center","background-size":"auto","background-attachment":"scroll","background-type":"","background-media":"","overlay-type":"","overlay-color":"","overlay-opacity":"","overlay-gradient":""},"mobile":{"background-color":"var(--ast-global-color-5)","background-image":"","background-repeat":"repeat","background-position":"center center","background-size":"auto","background-attachment":"scroll","background-type":"","background-media":"","overlay-type":"","overlay-color":"","overlay-opacity":"","overlay-gradient":""}},"_joinchat":[],"footnotes":""},"categories":[29],"tags":[],"class_list":["post-5514","post","type-post","status-publish","format-standard","has-post-thumbnail","hentry","category-amazonia-transparente"],"yoast_head":"<!-- This site is optimized with the Yoast SEO plugin v26.5 - https:\/\/yoast.com\/wordpress\/plugins\/seo\/ -->\n<title>Corporaci\u00f3n ECOLEX contin\u00faa su compromiso con el desarrollo sostenible en la Amazon\u00eda - Participaci\u00f3n Ciudadana<\/title>\n<meta name=\"robots\" content=\"index, follow, max-snippet:-1, max-image-preview:large, max-video-preview:-1\" \/>\n<link rel=\"canonical\" href=\"https:\/\/www.participacionciudadana.org\/web\/2023\/06\/02\/corporacion-ecolex-continua-su-compromiso-con-el-desarrollo-sostenible-en-la-amazonia\/\" \/>\n<meta property=\"og:locale\" content=\"es_ES\" \/>\n<meta property=\"og:type\" content=\"article\" \/>\n<meta property=\"og:title\" content=\"Corporaci\u00f3n ECOLEX contin\u00faa su compromiso con el desarrollo sostenible en la Amazon\u00eda - Participaci\u00f3n Ciudadana\" \/>\n<meta property=\"og:description\" content=\"En el marco del proyecto Amazon\u00eda Transparente, financiado por la Embajada de los Estados Unidos de Am\u00e9rica y ejecutado por la Corporaci\u00f3n Participaci\u00f3n Ciudadana, Fundaci\u00f3n Ciudadan\u00eda y Desarrollo, CORDES y la Corporaci\u00f3n ECOLEX, se est\u00e1 llevando a cabo un importante proceso de fortalecimiento de capacidades para que los Pueblos y Nacionalidades de la regi\u00f3n puedan [&hellip;]\" \/>\n<meta property=\"og:url\" content=\"https:\/\/www.participacionciudadana.org\/web\/2023\/06\/02\/corporacion-ecolex-continua-su-compromiso-con-el-desarrollo-sostenible-en-la-amazonia\/\" \/>\n<meta property=\"og:site_name\" content=\"Participaci\u00f3n Ciudadana\" \/>\n<meta property=\"article:publisher\" content=\"https:\/\/www.facebook.com\/ParticipacionPC\/\" \/>\n<meta property=\"article:published_time\" content=\"2023-06-02T21:03:56+00:00\" \/>\n<meta property=\"article:modified_time\" content=\"2023-06-02T21:06:56+00:00\" \/>\n<meta property=\"og:image\" content=\"https:\/\/www.participacionciudadana.org\/web\/wp-content\/uploads\/2023\/06\/capacitaciones-nacionalidades.png\" \/>\n\t<meta property=\"og:image:width\" content=\"575\" \/>\n\t<meta property=\"og:image:height\" content=\"324\" \/>\n\t<meta property=\"og:image:type\" content=\"image\/png\" \/>\n<meta name=\"author\" content=\"Karen Ramos\" \/>\n<meta name=\"twitter:card\" content=\"summary_large_image\" \/>\n<meta name=\"twitter:creator\" content=\"@ParticipacionPC\" \/>\n<meta name=\"twitter:site\" content=\"@ParticipacionPC\" \/>\n<meta name=\"twitter:label1\" content=\"Escrito por\" \/>\n\t<meta name=\"twitter:data1\" content=\"Karen Ramos\" \/>\n\t<meta name=\"twitter:label2\" content=\"Tiempo de lectura\" \/>\n\t<meta name=\"twitter:data2\" content=\"3 minutos\" \/>\n<script type=\"application\/ld+json\" class=\"yoast-schema-graph\">{\"@context\":\"https:\/\/schema.org\",\"@graph\":[{\"@type\":\"Article\",\"@id\":\"https:\/\/www.participacionciudadana.org\/web\/2023\/06\/02\/corporacion-ecolex-continua-su-compromiso-con-el-desarrollo-sostenible-en-la-amazonia\/#article\",\"isPartOf\":{\"@id\":\"https:\/\/www.participacionciudadana.org\/web\/2023\/06\/02\/corporacion-ecolex-continua-su-compromiso-con-el-desarrollo-sostenible-en-la-amazonia\/\"},\"author\":{\"name\":\"Karen Ramos\",\"@id\":\"https:\/\/www.participacionciudadana.org\/web\/#\/schema\/person\/7d1c54696e041e527f8fbfd6c9b513ae\"},\"headline\":\"Corporaci\u00f3n ECOLEX contin\u00faa su compromiso con el desarrollo sostenible en la Amazon\u00eda\",\"datePublished\":\"2023-06-02T21:03:56+00:00\",\"dateModified\":\"2023-06-02T21:06:56+00:00\",\"mainEntityOfPage\":{\"@id\":\"https:\/\/www.participacionciudadana.org\/web\/2023\/06\/02\/corporacion-ecolex-continua-su-compromiso-con-el-desarrollo-sostenible-en-la-amazonia\/\"},\"wordCount\":555,\"commentCount\":0,\"publisher\":{\"@id\":\"https:\/\/www.participacionciudadana.org\/web\/#organization\"},\"image\":{\"@id\":\"https:\/\/www.participacionciudadana.org\/web\/2023\/06\/02\/corporacion-ecolex-continua-su-compromiso-con-el-desarrollo-sostenible-en-la-amazonia\/#primaryimage\"},\"thumbnailUrl\":\"https:\/\/www.participacionciudadana.org\/web\/wp-content\/uploads\/2023\/06\/capacitaciones-nacionalidades.png\",\"articleSection\":[\"Amazonia Transparente\"],\"inLanguage\":\"es\",\"potentialAction\":[{\"@type\":\"CommentAction\",\"name\":\"Comment\",\"target\":[\"https:\/\/www.participacionciudadana.org\/web\/2023\/06\/02\/corporacion-ecolex-continua-su-compromiso-con-el-desarrollo-sostenible-en-la-amazonia\/#respond\"]}]},{\"@type\":\"WebPage\",\"@id\":\"https:\/\/www.participacionciudadana.org\/web\/2023\/06\/02\/corporacion-ecolex-continua-su-compromiso-con-el-desarrollo-sostenible-en-la-amazonia\/\",\"url\":\"https:\/\/www.participacionciudadana.org\/web\/2023\/06\/02\/corporacion-ecolex-continua-su-compromiso-con-el-desarrollo-sostenible-en-la-amazonia\/\",\"name\":\"Corporaci\u00f3n ECOLEX contin\u00faa su compromiso con el desarrollo sostenible en la Amazon\u00eda - Participaci\u00f3n Ciudadana\",\"isPartOf\":{\"@id\":\"https:\/\/www.participacionciudadana.org\/web\/#website\"},\"primaryImageOfPage\":{\"@id\":\"https:\/\/www.participacionciudadana.org\/web\/2023\/06\/02\/corporacion-ecolex-continua-su-compromiso-con-el-desarrollo-sostenible-en-la-amazonia\/#primaryimage\"},\"image\":{\"@id\":\"https:\/\/www.participacionciudadana.org\/web\/2023\/06\/02\/corporacion-ecolex-continua-su-compromiso-con-el-desarrollo-sostenible-en-la-amazonia\/#primaryimage\"},\"thumbnailUrl\":\"https:\/\/www.participacionciudadana.org\/web\/wp-content\/uploads\/2023\/06\/capacitaciones-nacionalidades.png\",\"datePublished\":\"2023-06-02T21:03:56+00:00\",\"dateModified\":\"2023-06-02T21:06:56+00:00\",\"breadcrumb\":{\"@id\":\"https:\/\/www.participacionciudadana.org\/web\/2023\/06\/02\/corporacion-ecolex-continua-su-compromiso-con-el-desarrollo-sostenible-en-la-amazonia\/#breadcrumb\"},\"inLanguage\":\"es\",\"potentialAction\":[{\"@type\":\"ReadAction\",\"target\":[\"https:\/\/www.participacionciudadana.org\/web\/2023\/06\/02\/corporacion-ecolex-continua-su-compromiso-con-el-desarrollo-sostenible-en-la-amazonia\/\"]}]},{\"@type\":\"ImageObject\",\"inLanguage\":\"es\",\"@id\":\"https:\/\/www.participacionciudadana.org\/web\/2023\/06\/02\/corporacion-ecolex-continua-su-compromiso-con-el-desarrollo-sostenible-en-la-amazonia\/#primaryimage\",\"url\":\"https:\/\/www.participacionciudadana.org\/web\/wp-content\/uploads\/2023\/06\/capacitaciones-nacionalidades.png\",\"contentUrl\":\"https:\/\/www.participacionciudadana.org\/web\/wp-content\/uploads\/2023\/06\/capacitaciones-nacionalidades.png\",\"width\":575,\"height\":324},{\"@type\":\"BreadcrumbList\",\"@id\":\"https:\/\/www.participacionciudadana.org\/web\/2023\/06\/02\/corporacion-ecolex-continua-su-compromiso-con-el-desarrollo-sostenible-en-la-amazonia\/#breadcrumb\",\"itemListElement\":[{\"@type\":\"ListItem\",\"position\":1,\"name\":\"Portada\",\"item\":\"https:\/\/www.participacionciudadana.org\/web\/\"},{\"@type\":\"ListItem\",\"position\":2,\"name\":\"Corporaci\u00f3n ECOLEX contin\u00faa su compromiso con el desarrollo sostenible en la Amazon\u00eda\"}]},{\"@type\":\"WebSite\",\"@id\":\"https:\/\/www.participacionciudadana.org\/web\/#website\",\"url\":\"https:\/\/www.participacionciudadana.org\/web\/\",\"name\":\"Participaci\u00f3n Ciudadana\",\"description\":\"Comprometidos con la democracia\",\"publisher\":{\"@id\":\"https:\/\/www.participacionciudadana.org\/web\/#organization\"},\"potentialAction\":[{\"@type\":\"SearchAction\",\"target\":{\"@type\":\"EntryPoint\",\"urlTemplate\":\"https:\/\/www.participacionciudadana.org\/web\/?s={search_term_string}\"},\"query-input\":{\"@type\":\"PropertyValueSpecification\",\"valueRequired\":true,\"valueName\":\"search_term_string\"}}],\"inLanguage\":\"es\"},{\"@type\":\"Organization\",\"@id\":\"https:\/\/www.participacionciudadana.org\/web\/#organization\",\"name\":\"Participaci\u00f3n Ciudadana\",\"url\":\"https:\/\/www.participacionciudadana.org\/web\/\",\"logo\":{\"@type\":\"ImageObject\",\"inLanguage\":\"es\",\"@id\":\"https:\/\/www.participacionciudadana.org\/web\/#\/schema\/logo\/image\/\",\"url\":\"https:\/\/www.participacionciudadana.org\/web\/wp-content\/uploads\/2021\/11\/cropped-logo_pc-1.png\",\"contentUrl\":\"https:\/\/www.participacionciudadana.org\/web\/wp-content\/uploads\/2021\/11\/cropped-logo_pc-1.png\",\"width\":340,\"height\":114,\"caption\":\"Participaci\u00f3n Ciudadana\"},\"image\":{\"@id\":\"https:\/\/www.participacionciudadana.org\/web\/#\/schema\/logo\/image\/\"},\"sameAs\":[\"https:\/\/www.facebook.com\/ParticipacionPC\/\",\"https:\/\/x.com\/ParticipacionPC\"]},{\"@type\":\"Person\",\"@id\":\"https:\/\/www.participacionciudadana.org\/web\/#\/schema\/person\/7d1c54696e041e527f8fbfd6c9b513ae\",\"name\":\"Karen Ramos\",\"image\":{\"@type\":\"ImageObject\",\"inLanguage\":\"es\",\"@id\":\"https:\/\/www.participacionciudadana.org\/web\/#\/schema\/person\/image\/\",\"url\":\"https:\/\/secure.gravatar.com\/avatar\/286968dbb3bb60217f1c7034fda5fe010f5c132ea9d76191d7dbe615e76f9e88?s=96&d=mm&r=g\",\"contentUrl\":\"https:\/\/secure.gravatar.com\/avatar\/286968dbb3bb60217f1c7034fda5fe010f5c132ea9d76191d7dbe615e76f9e88?s=96&d=mm&r=g\",\"caption\":\"Karen Ramos\"},\"url\":\"https:\/\/www.participacionciudadana.org\/web\/author\/karenliz\/\"}]}<\/script>\n<!-- \/ Yoast SEO plugin. -->","yoast_head_json":{"title":"Corporaci\u00f3n ECOLEX contin\u00faa su compromiso con el desarrollo sostenible en la Amazon\u00eda - Participaci\u00f3n Ciudadana","robots":{"index":"index","follow":"follow","max-snippet":"max-snippet:-1","max-image-preview":"max-image-preview:large","max-video-preview":"max-video-preview:-1"},"canonical":"https:\/\/www.participacionciudadana.org\/web\/2023\/06\/02\/corporacion-ecolex-continua-su-compromiso-con-el-desarrollo-sostenible-en-la-amazonia\/","og_locale":"es_ES","og_type":"article","og_title":"Corporaci\u00f3n ECOLEX contin\u00faa su compromiso con el desarrollo sostenible en la Amazon\u00eda - Participaci\u00f3n Ciudadana","og_description":"En el marco del proyecto Amazon\u00eda Transparente, financiado por la Embajada de los Estados Unidos de Am\u00e9rica y ejecutado por la Corporaci\u00f3n Participaci\u00f3n Ciudadana, Fundaci\u00f3n Ciudadan\u00eda y Desarrollo, CORDES y la Corporaci\u00f3n ECOLEX, se est\u00e1 llevando a cabo un importante proceso de fortalecimiento de capacidades para que los Pueblos y Nacionalidades de la regi\u00f3n puedan [&hellip;]","og_url":"https:\/\/www.participacionciudadana.org\/web\/2023\/06\/02\/corporacion-ecolex-continua-su-compromiso-con-el-desarrollo-sostenible-en-la-amazonia\/","og_site_name":"Participaci\u00f3n Ciudadana","article_publisher":"https:\/\/www.facebook.com\/ParticipacionPC\/","article_published_time":"2023-06-02T21:03:56+00:00","article_modified_time":"2023-06-02T21:06:56+00:00","og_image":[{"width":575,"height":324,"url":"https:\/\/www.participacionciudadana.org\/web\/wp-content\/uploads\/2023\/06\/capacitaciones-nacionalidades.png","type":"image\/png"}],"author":"Karen Ramos","twitter_card":"summary_large_image","twitter_creator":"@ParticipacionPC","twitter_site":"@ParticipacionPC","twitter_misc":{"Escrito por":"Karen Ramos","Tiempo de lectura":"3 minutos"},"schema":{"@context":"https:\/\/schema.org","@graph":[{"@type":"Article","@id":"https:\/\/www.participacionciudadana.org\/web\/2023\/06\/02\/corporacion-ecolex-continua-su-compromiso-con-el-desarrollo-sostenible-en-la-amazonia\/#article","isPartOf":{"@id":"https:\/\/www.participacionciudadana.org\/web\/2023\/06\/02\/corporacion-ecolex-continua-su-compromiso-con-el-desarrollo-sostenible-en-la-amazonia\/"},"author":{"name":"Karen Ramos","@id":"https:\/\/www.participacionciudadana.org\/web\/#\/schema\/person\/7d1c54696e041e527f8fbfd6c9b513ae"},"headline":"Corporaci\u00f3n ECOLEX contin\u00faa su compromiso con el desarrollo sostenible en la Amazon\u00eda","datePublished":"2023-06-02T21:03:56+00:00","dateModified":"2023-06-02T21:06:56+00:00","mainEntityOfPage":{"@id":"https:\/\/www.participacionciudadana.org\/web\/2023\/06\/02\/corporacion-ecolex-continua-su-compromiso-con-el-desarrollo-sostenible-en-la-amazonia\/"},"wordCount":555,"commentCount":0,"publisher":{"@id":"https:\/\/www.participacionciudadana.org\/web\/#organization"},"image":{"@id":"https:\/\/www.participacionciudadana.org\/web\/2023\/06\/02\/corporacion-ecolex-continua-su-compromiso-con-el-desarrollo-sostenible-en-la-amazonia\/#primaryimage"},"thumbnailUrl":"https:\/\/www.participacionciudadana.org\/web\/wp-content\/uploads\/2023\/06\/capacitaciones-nacionalidades.png","articleSection":["Amazonia Transparente"],"inLanguage":"es","potentialAction":[{"@type":"CommentAction","name":"Comment","target":["https:\/\/www.participacionciudadana.org\/web\/2023\/06\/02\/corporacion-ecolex-continua-su-compromiso-con-el-desarrollo-sostenible-en-la-amazonia\/#respond"]}]},{"@type":"WebPage","@id":"https:\/\/www.participacionciudadana.org\/web\/2023\/06\/02\/corporacion-ecolex-continua-su-compromiso-con-el-desarrollo-sostenible-en-la-amazonia\/","url":"https:\/\/www.participacionciudadana.org\/web\/2023\/06\/02\/corporacion-ecolex-continua-su-compromiso-con-el-desarrollo-sostenible-en-la-amazonia\/","name":"Corporaci\u00f3n ECOLEX contin\u00faa su compromiso con el desarrollo sostenible en la Amazon\u00eda - Participaci\u00f3n Ciudadana","isPartOf":{"@id":"https:\/\/www.participacionciudadana.org\/web\/#website"},"primaryImageOfPage":{"@id":"https:\/\/www.participacionciudadana.org\/web\/2023\/06\/02\/corporacion-ecolex-continua-su-compromiso-con-el-desarrollo-sostenible-en-la-amazonia\/#primaryimage"},"image":{"@id":"https:\/\/www.participacionciudadana.org\/web\/2023\/06\/02\/corporacion-ecolex-continua-su-compromiso-con-el-desarrollo-sostenible-en-la-amazonia\/#primaryimage"},"thumbnailUrl":"https:\/\/www.participacionciudadana.org\/web\/wp-content\/uploads\/2023\/06\/capacitaciones-nacionalidades.png","datePublished":"2023-06-02T21:03:56+00:00","dateModified":"2023-06-02T21:06:56+00:00","breadcrumb":{"@id":"https:\/\/www.participacionciudadana.org\/web\/2023\/06\/02\/corporacion-ecolex-continua-su-compromiso-con-el-desarrollo-sostenible-en-la-amazonia\/#breadcrumb"},"inLanguage":"es","potentialAction":[{"@type":"ReadAction","target":["https:\/\/www.participacionciudadana.org\/web\/2023\/06\/02\/corporacion-ecolex-continua-su-compromiso-con-el-desarrollo-sostenible-en-la-amazonia\/"]}]},{"@type":"ImageObject","inLanguage":"es","@id":"https:\/\/www.participacionciudadana.org\/web\/2023\/06\/02\/corporacion-ecolex-continua-su-compromiso-con-el-desarrollo-sostenible-en-la-amazonia\/#primaryimage","url":"https:\/\/www.participacionciudadana.org\/web\/wp-content\/uploads\/2023\/06\/capacitaciones-nacionalidades.png","contentUrl":"https:\/\/www.participacionciudadana.org\/web\/wp-content\/uploads\/2023\/06\/capacitaciones-nacionalidades.png","width":575,"height":324},{"@type":"BreadcrumbList","@id":"https:\/\/www.participacionciudadana.org\/web\/2023\/06\/02\/corporacion-ecolex-continua-su-compromiso-con-el-desarrollo-sostenible-en-la-amazonia\/#breadcrumb","itemListElement":[{"@type":"ListItem","position":1,"name":"Portada","item":"https:\/\/www.participacionciudadana.org\/web\/"},{"@type":"ListItem","position":2,"name":"Corporaci\u00f3n ECOLEX contin\u00faa su compromiso con el desarrollo sostenible en la Amazon\u00eda"}]},{"@type":"WebSite","@id":"https:\/\/www.participacionciudadana.org\/web\/#website","url":"https:\/\/www.participacionciudadana.org\/web\/","name":"Participaci\u00f3n Ciudadana","description":"Comprometidos con la democracia","publisher":{"@id":"https:\/\/www.participacionciudadana.org\/web\/#organization"},"potentialAction":[{"@type":"SearchAction","target":{"@type":"EntryPoint","urlTemplate":"https:\/\/www.participacionciudadana.org\/web\/?s={search_term_string}"},"query-input":{"@type":"PropertyValueSpecification","valueRequired":true,"valueName":"search_term_string"}}],"inLanguage":"es"},{"@type":"Organization","@id":"https:\/\/www.participacionciudadana.org\/web\/#organization","name":"Participaci\u00f3n Ciudadana","url":"https:\/\/www.participacionciudadana.org\/web\/","logo":{"@type":"ImageObject","inLanguage":"es","@id":"https:\/\/www.participacionciudadana.org\/web\/#\/schema\/logo\/image\/","url":"https:\/\/www.participacionciudadana.org\/web\/wp-content\/uploads\/2021\/11\/cropped-logo_pc-1.png","contentUrl":"https:\/\/www.participacionciudadana.org\/web\/wp-content\/uploads\/2021\/11\/cropped-logo_pc-1.png","width":340,"height":114,"caption":"Participaci\u00f3n Ciudadana"},"image":{"@id":"https:\/\/www.participacionciudadana.org\/web\/#\/schema\/logo\/image\/"},"sameAs":["https:\/\/www.facebook.com\/ParticipacionPC\/","https:\/\/x.com\/ParticipacionPC"]},{"@type":"Person","@id":"https:\/\/www.participacionciudadana.org\/web\/#\/schema\/person\/7d1c54696e041e527f8fbfd6c9b513ae","name":"Karen Ramos","image":{"@type":"ImageObject","inLanguage":"es","@id":"https:\/\/www.participacionciudadana.org\/web\/#\/schema\/person\/image\/","url":"https:\/\/secure.gravatar.com\/avatar\/286968dbb3bb60217f1c7034fda5fe010f5c132ea9d76191d7dbe615e76f9e88?s=96&d=mm&r=g","contentUrl":"https:\/\/secure.gravatar.com\/avatar\/286968dbb3bb60217f1c7034fda5fe010f5c132ea9d76191d7dbe615e76f9e88?s=96&d=mm&r=g","caption":"Karen Ramos"},"url":"https:\/\/www.participacionciudadana.org\/web\/author\/karenliz\/"}]}},"_links":{"self":[{"href":"https:\/\/www.participacionciudadana.org\/web\/wp-json\/wp\/v2\/posts\/5514","targetHints":{"allow":["GET"]}}],"collection":[{"href":"https:\/\/www.participacionciudadana.org\/web\/wp-json\/wp\/v2\/posts"}],"about":[{"href":"https:\/\/www.participacionciudadana.org\/web\/wp-json\/wp\/v2\/types\/post"}],"author":[{"embeddable":true,"href":"https:\/\/www.participacionciudadana.org\/web\/wp-json\/wp\/v2\/users\/7"}],"replies":[{"embeddable":true,"href":"https:\/\/www.participacionciudadana.org\/web\/wp-json\/wp\/v2\/comments?post=5514"}],"version-history":[{"count":0,"href":"https:\/\/www.participacionciudadana.org\/web\/wp-json\/wp\/v2\/posts\/5514\/revisions"}],"wp:featuredmedia":[{"embeddable":true,"href":"https:\/\/www.participacionciudadana.org\/web\/wp-json\/wp\/v2\/media\/5521"}],"wp:attachment":[{"href":"https:\/\/www.participacionciudadana.org\/web\/wp-json\/wp\/v2\/media?parent=5514"}],"wp:term":[{"taxonomy":"category","embeddable":true,"href":"https:\/\/www.participacionciudadana.org\/web\/wp-json\/wp\/v2\/categories?post=5514"},{"taxonomy":"post_tag","embeddable":true,"href":"https:\/\/www.participacionciudadana.org\/web\/wp-json\/wp\/v2\/tags?post=5514"}],"curies":[{"name":"wp","href":"https:\/\/api.w.org\/{rel}","templated":true}]}}