{"id":5548,"date":"2023-06-09T09:29:37","date_gmt":"2023-06-09T14:29:37","guid":{"rendered":"https:\/\/www.participacionciudadana.org\/web\/?p=5548"},"modified":"2023-06-12T11:33:39","modified_gmt":"2023-06-12T16:33:39","slug":"el-panorama-del-pais-para-las-proximas-elecciones-fue-analizado-con-expertas-del-sector-empresarial-la-gestion-cultural-y-el-periodismo","status":"publish","type":"post","link":"https:\/\/www.participacionciudadana.org\/web\/2023\/06\/09\/el-panorama-del-pais-para-las-proximas-elecciones-fue-analizado-con-expertas-del-sector-empresarial-la-gestion-cultural-y-el-periodismo\/","title":{"rendered":"El panorama del pa\u00eds para las pr\u00f3ximas elecciones fue analizado con expertas del sector empresarial, la gesti\u00f3n cultural y el periodismo"},"content":{"rendered":"\n<p class=\"has-text-align-right\">Viernes, 9 de junio de 2023<\/p>\n\n\n\n<p>En un di\u00e1logo m\u00e1s de \u201cY La Democracia Qu\u00e9\u201d participaron panelistas con amplia experiencia en el sector empresarial, la gesti\u00f3n cultural y el periodismo, para analizar el panorama del pa\u00eds de cara a las pr\u00f3ximas elecciones, que se realizar\u00e1n el 20 de agosto. Este encuentro, se lleva a cabo en conjunto con la Corporaci\u00f3n Participaci\u00f3n Ciudadana (PC) y la Escuela de Ciencias Pol\u00edticas y Relaciones Internacionales de la UDLA.<\/p>\n\n\n\n<p>Las analistas que participaron en este espacio fueron Gabriela Sommerfeld, empresaria y vicepresidenta de la C\u00e1mara de Comercio de Quito; Mar\u00eda Bel\u00e9n Arroyo, editora de la Revista Vistazo; y Mariana Andrade, gestora cultural, directora del cine 8 y Medio.<\/p>\n\n\n\n<p>Ruth Hidalgo, directora ejecutiva de Participaci\u00f3n Ciudadana inici\u00f3 el di\u00e1logo saludando la existencia de paridad en las pr\u00f3ximas elecciones. \u201cLa democracia con mujeres es una mejor democracia\u201d, enfatiz\u00f3 y a\u00f1adi\u00f3 que estos di\u00e1logos buscan salir de la polarizaci\u00f3n y promover el debate de diversas voces con la ciudadan\u00eda.<\/p>\n\n\n\n<p>Gabriela Sommerfeld coment\u00f3 que el hecho de tener \u201cun territorio peque\u00f1o, no tiene nada que ver con las oportunidades que podemos generar y exportar. Tenemos oportunidades infinitamente enormes\u201d Destac\u00f3 tambi\u00e9n que una correcta estructura tributaria que beneficie al pa\u00eds, nos permitir\u00eda ser competitivos con el exterior.<\/p>\n\n\n\n<p>\u201cLos partidos pol\u00edticos se han convertido en veh\u00edculos electorales de ocasi\u00f3n, en organizaciones taxi para llevar a la puerta del Palacio de Carondelet a una persona o hasta la puerta de la Asamblea a unos asamble\u00edstas\u201d, as\u00ed lo se\u00f1al\u00f3 Mar\u00eda Bel\u00e9n Arroyo, al referirse a la situaci\u00f3n de los partidos pol\u00edticos en Ecuador. A\u00f1adi\u00f3 tambi\u00e9n que se deber\u00eda cuestionar a los candidatos acerca de \u201ccu\u00e1l es el modelo econ\u00f3mico de desarrollo, de aqu\u00ed a tres generaciones, sabiendo que en el 2030 se acaba el petr\u00f3leo\u201d.<\/p>\n\n\n\n<p>Por su parte, Mariana Andrade resalt\u00f3 que para recuperar la participaci\u00f3n de la ciudadan\u00eda se debe \u201chacer barrio, hacer comunidad. Los barrios son organizaciones que responden a un modelo de organizaci\u00f3n civil y es ah\u00ed donde somos necesarios para generar cambio\u201d.<\/p>\n\n\n\n<p>Estos di\u00e1logos sin violencia, con la intervenci\u00f3n de distintas voces y con el objetivo de impulsar una ciudadan\u00eda informada sobre los temas fundamentales para el pa\u00eds, se desarrollan con el apoyo de la Agencia de los Estados Unidos para el Desarrollo Internacional, USAID<\/p>\n\n\n\n<p>Te invitamos a revisar el <a href=\"https:\/\/www.youtube.com\/live\/EPZ_KADKKCM?feature=share\">panel completo<\/a> en: https:\/\/www.youtube.com\/live\/EPZ_KADKKCM?feature=share<\/p>\n\n\n\n<figure class=\"wp-block-gallery has-nested-images columns-default is-cropped wp-block-gallery-1 is-layout-flex wp-block-gallery-is-layout-flex\">\n<figure class=\"wp-block-image size-large\"><img fetchpriority=\"high\" decoding=\"async\" width=\"360\" height=\"257\" data-id=\"5553\" src=\"https:\/\/www.participacionciudadana.org\/web\/wp-content\/uploads\/2023\/06\/1.jpeg\" alt=\"\" class=\"wp-image-5553\" srcset=\"https:\/\/www.participacionciudadana.org\/web\/wp-content\/uploads\/2023\/06\/1.jpeg 360w, https:\/\/www.participacionciudadana.org\/web\/wp-content\/uploads\/2023\/06\/1-300x214.jpeg 300w\" sizes=\"(max-width: 360px) 100vw, 360px\" \/><\/figure>\n\n\n\n<figure class=\"wp-block-image size-large\"><img decoding=\"async\" width=\"360\" height=\"238\" data-id=\"5554\" src=\"https:\/\/www.participacionciudadana.org\/web\/wp-content\/uploads\/2023\/06\/4.jpeg\" alt=\"\" class=\"wp-image-5554\" srcset=\"https:\/\/www.participacionciudadana.org\/web\/wp-content\/uploads\/2023\/06\/4.jpeg 360w, https:\/\/www.participacionciudadana.org\/web\/wp-content\/uploads\/2023\/06\/4-300x198.jpeg 300w\" sizes=\"(max-width: 360px) 100vw, 360px\" \/><\/figure>\n\n\n\n<figure class=\"wp-block-image\"><img decoding=\"async\" src=\"https:\/\/www.participacionciudadana.org\/web\/wp-content\/uploads\/2023\/06\/2.jpeg\" alt=\"Esta imagen tiene un atributo ALT vac\u00edo; su nombre de archivo es 2.jpeg\"\/><\/figure>\n\n\n\n<figure class=\"wp-block-image size-large\"><img decoding=\"async\" width=\"360\" height=\"268\" data-id=\"5552\" src=\"https:\/\/www.participacionciudadana.org\/web\/wp-content\/uploads\/2023\/06\/2.jpeg\" alt=\"\" class=\"wp-image-5552\" srcset=\"https:\/\/www.participacionciudadana.org\/web\/wp-content\/uploads\/2023\/06\/2.jpeg 360w, https:\/\/www.participacionciudadana.org\/web\/wp-content\/uploads\/2023\/06\/2-300x223.jpeg 300w\" sizes=\"(max-width: 360px) 100vw, 360px\" \/><\/figure>\n\n\n\n<figure class=\"wp-block-image size-large\"><img loading=\"lazy\" decoding=\"async\" width=\"360\" height=\"238\" data-id=\"5551\" src=\"https:\/\/www.participacionciudadana.org\/web\/wp-content\/uploads\/2023\/06\/3.jpeg\" alt=\"\" class=\"wp-image-5551\" srcset=\"https:\/\/www.participacionciudadana.org\/web\/wp-content\/uploads\/2023\/06\/3.jpeg 360w, https:\/\/www.participacionciudadana.org\/web\/wp-content\/uploads\/2023\/06\/3-300x198.jpeg 300w\" sizes=\"(max-width: 360px) 100vw, 360px\" \/><\/figure>\n<\/figure>\n","protected":false},"excerpt":{"rendered":"<p>Viernes, 9 de junio de 2023 En un di\u00e1logo m\u00e1s de \u201cY La Democracia Qu\u00e9\u201d participaron panelistas con amplia experiencia en el sector empresarial, la gesti\u00f3n cultural y el periodismo, para analizar el panorama del pa\u00eds de cara a las pr\u00f3ximas elecciones, que se realizar\u00e1n el 20 de agosto. Este encuentro, se lleva a cabo [&hellip;]<\/p>\n","protected":false},"author":7,"featured_media":5559,"comment_status":"open","ping_status":"open","sticky":false,"template":"","format":"standard","meta":{"site-sidebar-layout":"default","site-content-layout":"","ast-site-content-layout":"default","site-content-style":"default","site-sidebar-style":"default","ast-global-header-display":"","ast-banner-title-visibility":"","ast-main-header-display":"","ast-hfb-above-header-display":"","ast-hfb-below-header-display":"","ast-hfb-mobile-header-display":"","site-post-title":"","ast-breadcrumbs-content":"","ast-featured-img":"","footer-sml-layout":"","ast-disable-related-posts":"","theme-transparent-header-meta":"","adv-header-id-meta":"","stick-header-meta":"","header-above-stick-meta":"","header-main-stick-meta":"","header-below-stick-meta":"","astra-migrate-meta-layouts":"default","ast-page-background-enabled":"default","ast-page-background-meta":{"desktop":{"background-color":"","background-image":"","background-repeat":"repeat","background-position":"center center","background-size":"auto","background-attachment":"scroll","background-type":"","background-media":"","overlay-type":"","overlay-color":"","overlay-opacity":"","overlay-gradient":""},"tablet":{"background-color":"","background-image":"","background-repeat":"repeat","background-position":"center center","background-size":"auto","background-attachment":"scroll","background-type":"","background-media":"","overlay-type":"","overlay-color":"","overlay-opacity":"","overlay-gradient":""},"mobile":{"background-color":"","background-image":"","background-repeat":"repeat","background-position":"center center","background-size":"auto","background-attachment":"scroll","background-type":"","background-media":"","overlay-type":"","overlay-color":"","overlay-opacity":"","overlay-gradient":""}},"ast-content-background-meta":{"desktop":{"background-color":"var(--ast-global-color-5)","background-image":"","background-repeat":"repeat","background-position":"center center","background-size":"auto","background-attachment":"scroll","background-type":"","background-media":"","overlay-type":"","overlay-color":"","overlay-opacity":"","overlay-gradient":""},"tablet":{"background-color":"var(--ast-global-color-5)","background-image":"","background-repeat":"repeat","background-position":"center center","background-size":"auto","background-attachment":"scroll","background-type":"","background-media":"","overlay-type":"","overlay-color":"","overlay-opacity":"","overlay-gradient":""},"mobile":{"background-color":"var(--ast-global-color-5)","background-image":"","background-repeat":"repeat","background-position":"center center","background-size":"auto","background-attachment":"scroll","background-type":"","background-media":"","overlay-type":"","overlay-color":"","overlay-opacity":"","overlay-gradient":""}},"_joinchat":[],"footnotes":""},"categories":[16,78,23,1],"tags":[],"class_list":["post-5548","post","type-post","status-publish","format-standard","has-post-thumbnail","hentry","category-actualidad","category-boletines","category-comunicacion","category-sin-categoria"],"yoast_head":"<!-- This site is optimized with the Yoast SEO plugin v26.5 - https:\/\/yoast.com\/wordpress\/plugins\/seo\/ -->\n<title>El panorama del pa\u00eds para las pr\u00f3ximas elecciones fue analizado con expertas del sector empresarial, la gesti\u00f3n cultural y el periodismo - Participaci\u00f3n Ciudadana<\/title>\n<meta name=\"robots\" content=\"index, follow, max-snippet:-1, max-image-preview:large, max-video-preview:-1\" \/>\n<link rel=\"canonical\" href=\"https:\/\/www.participacionciudadana.org\/web\/2023\/06\/09\/el-panorama-del-pais-para-las-proximas-elecciones-fue-analizado-con-expertas-del-sector-empresarial-la-gestion-cultural-y-el-periodismo\/\" \/>\n<meta property=\"og:locale\" content=\"es_ES\" \/>\n<meta property=\"og:type\" content=\"article\" \/>\n<meta property=\"og:title\" content=\"El panorama del pa\u00eds para las pr\u00f3ximas elecciones fue analizado con expertas del sector empresarial, la gesti\u00f3n cultural y el periodismo - Participaci\u00f3n Ciudadana\" \/>\n<meta property=\"og:description\" content=\"Viernes, 9 de junio de 2023 En un di\u00e1logo m\u00e1s de \u201cY La Democracia Qu\u00e9\u201d participaron panelistas con amplia experiencia en el sector empresarial, la gesti\u00f3n cultural y el periodismo, para analizar el panorama del pa\u00eds de cara a las pr\u00f3ximas elecciones, que se realizar\u00e1n el 20 de agosto. Este encuentro, se lleva a cabo [&hellip;]\" \/>\n<meta property=\"og:url\" content=\"https:\/\/www.participacionciudadana.org\/web\/2023\/06\/09\/el-panorama-del-pais-para-las-proximas-elecciones-fue-analizado-con-expertas-del-sector-empresarial-la-gestion-cultural-y-el-periodismo\/\" \/>\n<meta property=\"og:site_name\" content=\"Participaci\u00f3n Ciudadana\" \/>\n<meta property=\"article:publisher\" content=\"https:\/\/www.facebook.com\/ParticipacionPC\/\" \/>\n<meta property=\"article:published_time\" content=\"2023-06-09T14:29:37+00:00\" \/>\n<meta property=\"article:modified_time\" content=\"2023-06-12T16:33:39+00:00\" \/>\n<meta property=\"og:image\" content=\"https:\/\/www.participacionciudadana.org\/web\/wp-content\/uploads\/2023\/06\/panorama.jpeg\" \/>\n\t<meta property=\"og:image:width\" content=\"680\" \/>\n\t<meta property=\"og:image:height\" content=\"680\" \/>\n\t<meta property=\"og:image:type\" content=\"image\/jpeg\" \/>\n<meta name=\"author\" content=\"Karen Ramos\" \/>\n<meta name=\"twitter:card\" content=\"summary_large_image\" \/>\n<meta name=\"twitter:creator\" content=\"@ParticipacionPC\" \/>\n<meta name=\"twitter:site\" content=\"@ParticipacionPC\" \/>\n<meta name=\"twitter:label1\" content=\"Escrito por\" \/>\n\t<meta name=\"twitter:data1\" content=\"Karen Ramos\" \/>\n\t<meta name=\"twitter:label2\" content=\"Tiempo de lectura\" \/>\n\t<meta name=\"twitter:data2\" content=\"2 minutos\" \/>\n<script type=\"application\/ld+json\" class=\"yoast-schema-graph\">{\"@context\":\"https:\/\/schema.org\",\"@graph\":[{\"@type\":\"Article\",\"@id\":\"https:\/\/www.participacionciudadana.org\/web\/2023\/06\/09\/el-panorama-del-pais-para-las-proximas-elecciones-fue-analizado-con-expertas-del-sector-empresarial-la-gestion-cultural-y-el-periodismo\/#article\",\"isPartOf\":{\"@id\":\"https:\/\/www.participacionciudadana.org\/web\/2023\/06\/09\/el-panorama-del-pais-para-las-proximas-elecciones-fue-analizado-con-expertas-del-sector-empresarial-la-gestion-cultural-y-el-periodismo\/\"},\"author\":{\"name\":\"Karen Ramos\",\"@id\":\"https:\/\/www.participacionciudadana.org\/web\/#\/schema\/person\/7d1c54696e041e527f8fbfd6c9b513ae\"},\"headline\":\"El panorama del pa\u00eds para las pr\u00f3ximas elecciones fue analizado con expertas del sector empresarial, la gesti\u00f3n cultural y el periodismo\",\"datePublished\":\"2023-06-09T14:29:37+00:00\",\"dateModified\":\"2023-06-12T16:33:39+00:00\",\"mainEntityOfPage\":{\"@id\":\"https:\/\/www.participacionciudadana.org\/web\/2023\/06\/09\/el-panorama-del-pais-para-las-proximas-elecciones-fue-analizado-con-expertas-del-sector-empresarial-la-gestion-cultural-y-el-periodismo\/\"},\"wordCount\":458,\"commentCount\":0,\"publisher\":{\"@id\":\"https:\/\/www.participacionciudadana.org\/web\/#organization\"},\"image\":{\"@id\":\"https:\/\/www.participacionciudadana.org\/web\/2023\/06\/09\/el-panorama-del-pais-para-las-proximas-elecciones-fue-analizado-con-expertas-del-sector-empresarial-la-gestion-cultural-y-el-periodismo\/#primaryimage\"},\"thumbnailUrl\":\"https:\/\/www.participacionciudadana.org\/web\/wp-content\/uploads\/2023\/06\/panorama.jpeg\",\"articleSection\":[\"Actualidad\",\"Boletines\",\"Comunicaci\u00f3n\"],\"inLanguage\":\"es\",\"potentialAction\":[{\"@type\":\"CommentAction\",\"name\":\"Comment\",\"target\":[\"https:\/\/www.participacionciudadana.org\/web\/2023\/06\/09\/el-panorama-del-pais-para-las-proximas-elecciones-fue-analizado-con-expertas-del-sector-empresarial-la-gestion-cultural-y-el-periodismo\/#respond\"]}]},{\"@type\":\"WebPage\",\"@id\":\"https:\/\/www.participacionciudadana.org\/web\/2023\/06\/09\/el-panorama-del-pais-para-las-proximas-elecciones-fue-analizado-con-expertas-del-sector-empresarial-la-gestion-cultural-y-el-periodismo\/\",\"url\":\"https:\/\/www.participacionciudadana.org\/web\/2023\/06\/09\/el-panorama-del-pais-para-las-proximas-elecciones-fue-analizado-con-expertas-del-sector-empresarial-la-gestion-cultural-y-el-periodismo\/\",\"name\":\"El panorama del pa\u00eds para las pr\u00f3ximas elecciones fue analizado con expertas del sector empresarial, la gesti\u00f3n cultural y el periodismo - Participaci\u00f3n Ciudadana\",\"isPartOf\":{\"@id\":\"https:\/\/www.participacionciudadana.org\/web\/#website\"},\"primaryImageOfPage\":{\"@id\":\"https:\/\/www.participacionciudadana.org\/web\/2023\/06\/09\/el-panorama-del-pais-para-las-proximas-elecciones-fue-analizado-con-expertas-del-sector-empresarial-la-gestion-cultural-y-el-periodismo\/#primaryimage\"},\"image\":{\"@id\":\"https:\/\/www.participacionciudadana.org\/web\/2023\/06\/09\/el-panorama-del-pais-para-las-proximas-elecciones-fue-analizado-con-expertas-del-sector-empresarial-la-gestion-cultural-y-el-periodismo\/#primaryimage\"},\"thumbnailUrl\":\"https:\/\/www.participacionciudadana.org\/web\/wp-content\/uploads\/2023\/06\/panorama.jpeg\",\"datePublished\":\"2023-06-09T14:29:37+00:00\",\"dateModified\":\"2023-06-12T16:33:39+00:00\",\"breadcrumb\":{\"@id\":\"https:\/\/www.participacionciudadana.org\/web\/2023\/06\/09\/el-panorama-del-pais-para-las-proximas-elecciones-fue-analizado-con-expertas-del-sector-empresarial-la-gestion-cultural-y-el-periodismo\/#breadcrumb\"},\"inLanguage\":\"es\",\"potentialAction\":[{\"@type\":\"ReadAction\",\"target\":[\"https:\/\/www.participacionciudadana.org\/web\/2023\/06\/09\/el-panorama-del-pais-para-las-proximas-elecciones-fue-analizado-con-expertas-del-sector-empresarial-la-gestion-cultural-y-el-periodismo\/\"]}]},{\"@type\":\"ImageObject\",\"inLanguage\":\"es\",\"@id\":\"https:\/\/www.participacionciudadana.org\/web\/2023\/06\/09\/el-panorama-del-pais-para-las-proximas-elecciones-fue-analizado-con-expertas-del-sector-empresarial-la-gestion-cultural-y-el-periodismo\/#primaryimage\",\"url\":\"https:\/\/www.participacionciudadana.org\/web\/wp-content\/uploads\/2023\/06\/panorama.jpeg\",\"contentUrl\":\"https:\/\/www.participacionciudadana.org\/web\/wp-content\/uploads\/2023\/06\/panorama.jpeg\",\"width\":680,\"height\":680},{\"@type\":\"BreadcrumbList\",\"@id\":\"https:\/\/www.participacionciudadana.org\/web\/2023\/06\/09\/el-panorama-del-pais-para-las-proximas-elecciones-fue-analizado-con-expertas-del-sector-empresarial-la-gestion-cultural-y-el-periodismo\/#breadcrumb\",\"itemListElement\":[{\"@type\":\"ListItem\",\"position\":1,\"name\":\"Portada\",\"item\":\"https:\/\/www.participacionciudadana.org\/web\/\"},{\"@type\":\"ListItem\",\"position\":2,\"name\":\"El panorama del pa\u00eds para las pr\u00f3ximas elecciones fue analizado con expertas del sector empresarial, la gesti\u00f3n cultural y el periodismo\"}]},{\"@type\":\"WebSite\",\"@id\":\"https:\/\/www.participacionciudadana.org\/web\/#website\",\"url\":\"https:\/\/www.participacionciudadana.org\/web\/\",\"name\":\"Participaci\u00f3n Ciudadana\",\"description\":\"Comprometidos con la democracia\",\"publisher\":{\"@id\":\"https:\/\/www.participacionciudadana.org\/web\/#organization\"},\"potentialAction\":[{\"@type\":\"SearchAction\",\"target\":{\"@type\":\"EntryPoint\",\"urlTemplate\":\"https:\/\/www.participacionciudadana.org\/web\/?s={search_term_string}\"},\"query-input\":{\"@type\":\"PropertyValueSpecification\",\"valueRequired\":true,\"valueName\":\"search_term_string\"}}],\"inLanguage\":\"es\"},{\"@type\":\"Organization\",\"@id\":\"https:\/\/www.participacionciudadana.org\/web\/#organization\",\"name\":\"Participaci\u00f3n Ciudadana\",\"url\":\"https:\/\/www.participacionciudadana.org\/web\/\",\"logo\":{\"@type\":\"ImageObject\",\"inLanguage\":\"es\",\"@id\":\"https:\/\/www.participacionciudadana.org\/web\/#\/schema\/logo\/image\/\",\"url\":\"https:\/\/www.participacionciudadana.org\/web\/wp-content\/uploads\/2021\/11\/cropped-logo_pc-1.png\",\"contentUrl\":\"https:\/\/www.participacionciudadana.org\/web\/wp-content\/uploads\/2021\/11\/cropped-logo_pc-1.png\",\"width\":340,\"height\":114,\"caption\":\"Participaci\u00f3n Ciudadana\"},\"image\":{\"@id\":\"https:\/\/www.participacionciudadana.org\/web\/#\/schema\/logo\/image\/\"},\"sameAs\":[\"https:\/\/www.facebook.com\/ParticipacionPC\/\",\"https:\/\/x.com\/ParticipacionPC\"]},{\"@type\":\"Person\",\"@id\":\"https:\/\/www.participacionciudadana.org\/web\/#\/schema\/person\/7d1c54696e041e527f8fbfd6c9b513ae\",\"name\":\"Karen Ramos\",\"image\":{\"@type\":\"ImageObject\",\"inLanguage\":\"es\",\"@id\":\"https:\/\/www.participacionciudadana.org\/web\/#\/schema\/person\/image\/\",\"url\":\"https:\/\/secure.gravatar.com\/avatar\/286968dbb3bb60217f1c7034fda5fe010f5c132ea9d76191d7dbe615e76f9e88?s=96&d=mm&r=g\",\"contentUrl\":\"https:\/\/secure.gravatar.com\/avatar\/286968dbb3bb60217f1c7034fda5fe010f5c132ea9d76191d7dbe615e76f9e88?s=96&d=mm&r=g\",\"caption\":\"Karen Ramos\"},\"url\":\"https:\/\/www.participacionciudadana.org\/web\/author\/karenliz\/\"}]}<\/script>\n<!-- \/ Yoast SEO plugin. -->","yoast_head_json":{"title":"El panorama del pa\u00eds para las pr\u00f3ximas elecciones fue analizado con expertas del sector empresarial, la gesti\u00f3n cultural y el periodismo - Participaci\u00f3n Ciudadana","robots":{"index":"index","follow":"follow","max-snippet":"max-snippet:-1","max-image-preview":"max-image-preview:large","max-video-preview":"max-video-preview:-1"},"canonical":"https:\/\/www.participacionciudadana.org\/web\/2023\/06\/09\/el-panorama-del-pais-para-las-proximas-elecciones-fue-analizado-con-expertas-del-sector-empresarial-la-gestion-cultural-y-el-periodismo\/","og_locale":"es_ES","og_type":"article","og_title":"El panorama del pa\u00eds para las pr\u00f3ximas elecciones fue analizado con expertas del sector empresarial, la gesti\u00f3n cultural y el periodismo - Participaci\u00f3n Ciudadana","og_description":"Viernes, 9 de junio de 2023 En un di\u00e1logo m\u00e1s de \u201cY La Democracia Qu\u00e9\u201d participaron panelistas con amplia experiencia en el sector empresarial, la gesti\u00f3n cultural y el periodismo, para analizar el panorama del pa\u00eds de cara a las pr\u00f3ximas elecciones, que se realizar\u00e1n el 20 de agosto. Este encuentro, se lleva a cabo [&hellip;]","og_url":"https:\/\/www.participacionciudadana.org\/web\/2023\/06\/09\/el-panorama-del-pais-para-las-proximas-elecciones-fue-analizado-con-expertas-del-sector-empresarial-la-gestion-cultural-y-el-periodismo\/","og_site_name":"Participaci\u00f3n Ciudadana","article_publisher":"https:\/\/www.facebook.com\/ParticipacionPC\/","article_published_time":"2023-06-09T14:29:37+00:00","article_modified_time":"2023-06-12T16:33:39+00:00","og_image":[{"width":680,"height":680,"url":"https:\/\/www.participacionciudadana.org\/web\/wp-content\/uploads\/2023\/06\/panorama.jpeg","type":"image\/jpeg"}],"author":"Karen Ramos","twitter_card":"summary_large_image","twitter_creator":"@ParticipacionPC","twitter_site":"@ParticipacionPC","twitter_misc":{"Escrito por":"Karen Ramos","Tiempo de lectura":"2 minutos"},"schema":{"@context":"https:\/\/schema.org","@graph":[{"@type":"Article","@id":"https:\/\/www.participacionciudadana.org\/web\/2023\/06\/09\/el-panorama-del-pais-para-las-proximas-elecciones-fue-analizado-con-expertas-del-sector-empresarial-la-gestion-cultural-y-el-periodismo\/#article","isPartOf":{"@id":"https:\/\/www.participacionciudadana.org\/web\/2023\/06\/09\/el-panorama-del-pais-para-las-proximas-elecciones-fue-analizado-con-expertas-del-sector-empresarial-la-gestion-cultural-y-el-periodismo\/"},"author":{"name":"Karen Ramos","@id":"https:\/\/www.participacionciudadana.org\/web\/#\/schema\/person\/7d1c54696e041e527f8fbfd6c9b513ae"},"headline":"El panorama del pa\u00eds para las pr\u00f3ximas elecciones fue analizado con expertas del sector empresarial, la gesti\u00f3n cultural y el periodismo","datePublished":"2023-06-09T14:29:37+00:00","dateModified":"2023-06-12T16:33:39+00:00","mainEntityOfPage":{"@id":"https:\/\/www.participacionciudadana.org\/web\/2023\/06\/09\/el-panorama-del-pais-para-las-proximas-elecciones-fue-analizado-con-expertas-del-sector-empresarial-la-gestion-cultural-y-el-periodismo\/"},"wordCount":458,"commentCount":0,"publisher":{"@id":"https:\/\/www.participacionciudadana.org\/web\/#organization"},"image":{"@id":"https:\/\/www.participacionciudadana.org\/web\/2023\/06\/09\/el-panorama-del-pais-para-las-proximas-elecciones-fue-analizado-con-expertas-del-sector-empresarial-la-gestion-cultural-y-el-periodismo\/#primaryimage"},"thumbnailUrl":"https:\/\/www.participacionciudadana.org\/web\/wp-content\/uploads\/2023\/06\/panorama.jpeg","articleSection":["Actualidad","Boletines","Comunicaci\u00f3n"],"inLanguage":"es","potentialAction":[{"@type":"CommentAction","name":"Comment","target":["https:\/\/www.participacionciudadana.org\/web\/2023\/06\/09\/el-panorama-del-pais-para-las-proximas-elecciones-fue-analizado-con-expertas-del-sector-empresarial-la-gestion-cultural-y-el-periodismo\/#respond"]}]},{"@type":"WebPage","@id":"https:\/\/www.participacionciudadana.org\/web\/2023\/06\/09\/el-panorama-del-pais-para-las-proximas-elecciones-fue-analizado-con-expertas-del-sector-empresarial-la-gestion-cultural-y-el-periodismo\/","url":"https:\/\/www.participacionciudadana.org\/web\/2023\/06\/09\/el-panorama-del-pais-para-las-proximas-elecciones-fue-analizado-con-expertas-del-sector-empresarial-la-gestion-cultural-y-el-periodismo\/","name":"El panorama del pa\u00eds para las pr\u00f3ximas elecciones fue analizado con expertas del sector empresarial, la gesti\u00f3n cultural y el periodismo - Participaci\u00f3n Ciudadana","isPartOf":{"@id":"https:\/\/www.participacionciudadana.org\/web\/#website"},"primaryImageOfPage":{"@id":"https:\/\/www.participacionciudadana.org\/web\/2023\/06\/09\/el-panorama-del-pais-para-las-proximas-elecciones-fue-analizado-con-expertas-del-sector-empresarial-la-gestion-cultural-y-el-periodismo\/#primaryimage"},"image":{"@id":"https:\/\/www.participacionciudadana.org\/web\/2023\/06\/09\/el-panorama-del-pais-para-las-proximas-elecciones-fue-analizado-con-expertas-del-sector-empresarial-la-gestion-cultural-y-el-periodismo\/#primaryimage"},"thumbnailUrl":"https:\/\/www.participacionciudadana.org\/web\/wp-content\/uploads\/2023\/06\/panorama.jpeg","datePublished":"2023-06-09T14:29:37+00:00","dateModified":"2023-06-12T16:33:39+00:00","breadcrumb":{"@id":"https:\/\/www.participacionciudadana.org\/web\/2023\/06\/09\/el-panorama-del-pais-para-las-proximas-elecciones-fue-analizado-con-expertas-del-sector-empresarial-la-gestion-cultural-y-el-periodismo\/#breadcrumb"},"inLanguage":"es","potentialAction":[{"@type":"ReadAction","target":["https:\/\/www.participacionciudadana.org\/web\/2023\/06\/09\/el-panorama-del-pais-para-las-proximas-elecciones-fue-analizado-con-expertas-del-sector-empresarial-la-gestion-cultural-y-el-periodismo\/"]}]},{"@type":"ImageObject","inLanguage":"es","@id":"https:\/\/www.participacionciudadana.org\/web\/2023\/06\/09\/el-panorama-del-pais-para-las-proximas-elecciones-fue-analizado-con-expertas-del-sector-empresarial-la-gestion-cultural-y-el-periodismo\/#primaryimage","url":"https:\/\/www.participacionciudadana.org\/web\/wp-content\/uploads\/2023\/06\/panorama.jpeg","contentUrl":"https:\/\/www.participacionciudadana.org\/web\/wp-content\/uploads\/2023\/06\/panorama.jpeg","width":680,"height":680},{"@type":"BreadcrumbList","@id":"https:\/\/www.participacionciudadana.org\/web\/2023\/06\/09\/el-panorama-del-pais-para-las-proximas-elecciones-fue-analizado-con-expertas-del-sector-empresarial-la-gestion-cultural-y-el-periodismo\/#breadcrumb","itemListElement":[{"@type":"ListItem","position":1,"name":"Portada","item":"https:\/\/www.participacionciudadana.org\/web\/"},{"@type":"ListItem","position":2,"name":"El panorama del pa\u00eds para las pr\u00f3ximas elecciones fue analizado con expertas del sector empresarial, la gesti\u00f3n cultural y el periodismo"}]},{"@type":"WebSite","@id":"https:\/\/www.participacionciudadana.org\/web\/#website","url":"https:\/\/www.participacionciudadana.org\/web\/","name":"Participaci\u00f3n Ciudadana","description":"Comprometidos con la democracia","publisher":{"@id":"https:\/\/www.participacionciudadana.org\/web\/#organization"},"potentialAction":[{"@type":"SearchAction","target":{"@type":"EntryPoint","urlTemplate":"https:\/\/www.participacionciudadana.org\/web\/?s={search_term_string}"},"query-input":{"@type":"PropertyValueSpecification","valueRequired":true,"valueName":"search_term_string"}}],"inLanguage":"es"},{"@type":"Organization","@id":"https:\/\/www.participacionciudadana.org\/web\/#organization","name":"Participaci\u00f3n Ciudadana","url":"https:\/\/www.participacionciudadana.org\/web\/","logo":{"@type":"ImageObject","inLanguage":"es","@id":"https:\/\/www.participacionciudadana.org\/web\/#\/schema\/logo\/image\/","url":"https:\/\/www.participacionciudadana.org\/web\/wp-content\/uploads\/2021\/11\/cropped-logo_pc-1.png","contentUrl":"https:\/\/www.participacionciudadana.org\/web\/wp-content\/uploads\/2021\/11\/cropped-logo_pc-1.png","width":340,"height":114,"caption":"Participaci\u00f3n Ciudadana"},"image":{"@id":"https:\/\/www.participacionciudadana.org\/web\/#\/schema\/logo\/image\/"},"sameAs":["https:\/\/www.facebook.com\/ParticipacionPC\/","https:\/\/x.com\/ParticipacionPC"]},{"@type":"Person","@id":"https:\/\/www.participacionciudadana.org\/web\/#\/schema\/person\/7d1c54696e041e527f8fbfd6c9b513ae","name":"Karen Ramos","image":{"@type":"ImageObject","inLanguage":"es","@id":"https:\/\/www.participacionciudadana.org\/web\/#\/schema\/person\/image\/","url":"https:\/\/secure.gravatar.com\/avatar\/286968dbb3bb60217f1c7034fda5fe010f5c132ea9d76191d7dbe615e76f9e88?s=96&d=mm&r=g","contentUrl":"https:\/\/secure.gravatar.com\/avatar\/286968dbb3bb60217f1c7034fda5fe010f5c132ea9d76191d7dbe615e76f9e88?s=96&d=mm&r=g","caption":"Karen Ramos"},"url":"https:\/\/www.participacionciudadana.org\/web\/author\/karenliz\/"}]}},"_links":{"self":[{"href":"https:\/\/www.participacionciudadana.org\/web\/wp-json\/wp\/v2\/posts\/5548","targetHints":{"allow":["GET"]}}],"collection":[{"href":"https:\/\/www.participacionciudadana.org\/web\/wp-json\/wp\/v2\/posts"}],"about":[{"href":"https:\/\/www.participacionciudadana.org\/web\/wp-json\/wp\/v2\/types\/post"}],"author":[{"embeddable":true,"href":"https:\/\/www.participacionciudadana.org\/web\/wp-json\/wp\/v2\/users\/7"}],"replies":[{"embeddable":true,"href":"https:\/\/www.participacionciudadana.org\/web\/wp-json\/wp\/v2\/comments?post=5548"}],"version-history":[{"count":0,"href":"https:\/\/www.participacionciudadana.org\/web\/wp-json\/wp\/v2\/posts\/5548\/revisions"}],"wp:featuredmedia":[{"embeddable":true,"href":"https:\/\/www.participacionciudadana.org\/web\/wp-json\/wp\/v2\/media\/5559"}],"wp:attachment":[{"href":"https:\/\/www.participacionciudadana.org\/web\/wp-json\/wp\/v2\/media?parent=5548"}],"wp:term":[{"taxonomy":"category","embeddable":true,"href":"https:\/\/www.participacionciudadana.org\/web\/wp-json\/wp\/v2\/categories?post=5548"},{"taxonomy":"post_tag","embeddable":true,"href":"https:\/\/www.participacionciudadana.org\/web\/wp-json\/wp\/v2\/tags?post=5548"}],"curies":[{"name":"wp","href":"https:\/\/api.w.org\/{rel}","templated":true}]}}