{"id":5560,"date":"2023-06-12T12:02:09","date_gmt":"2023-06-12T17:02:09","guid":{"rendered":"https:\/\/www.participacionciudadana.org\/web\/?p=5560"},"modified":"2023-06-14T11:08:16","modified_gmt":"2023-06-14T16:08:16","slug":"proyecto-amazonia-transparente-se-presento-en-el-coca-ante-mas-de-100-representantes-de-sociedad-civil","status":"publish","type":"post","link":"https:\/\/www.participacionciudadana.org\/web\/2023\/06\/12\/proyecto-amazonia-transparente-se-presento-en-el-coca-ante-mas-de-100-representantes-de-sociedad-civil\/","title":{"rendered":"Sociedad civil de Orellana conoci\u00f3 como acceder al Fondo Com\u00fan"},"content":{"rendered":"\n<p>El proyecto Amazon\u00eda Transparente se present\u00f3 en El Coca, provincia de Orellana, ante m\u00e1s de 100 representantes de distintos sectores de sociedad civil. En este encuentro se imparti\u00f3 el taller &#8220;Conociendo el Fondo Com\u00fan&#8221; con el objetivo de brindar herramientas para acceder a los recursos del Fondo Com\u00fan, proveniente de las regal\u00edas de la industria extractiva.<\/p>\n\n\n\n<p>En esta jornada, en la que se habl\u00f3 tambi\u00e9n acerca de la importancia de promover la transparencia de los recursos provenientes de la industria extractiva, participaron dirigentes de nacionalidades ind\u00edgenas, organizaciones sociales, gobiernos locales, academia y medios de comunicaci\u00f3n.<\/p>\n\n\n\n<p>En el evento se abord\u00f3 sobre el marco legal para acceder al Fondo Com\u00fan, recomendaciones para elaborar proyectos de calidad, as\u00ed como elementos de convocatoria al Fondo Com\u00fan 2023, realizado por la Secretaria T\u00e9cnica Amaz\u00f3nica. <\/p>\n\n\n\n<p>Dirigentes ind\u00edgenas y de sociedad civil agradecieron por el taller y pidieron continuar realizando este tipo de capacitaciones para que las comunidades puedan seguir creando conciencia y mejorando las capacidades de sus comunidades, a trav\u00e9s de la formaci\u00f3n de t\u00e9cnicos en proyectos, y de esa forma hacer respetar sus derechos y poder presentar proyectos de calidad para acceder al Fondo Com\u00fan, producto de las extracci\u00f3n de recursos naturales de la zona.<\/p>\n\n\n\n<p>La iniciativa Amazon\u00eda Transparente ha llevado a cabo capacitaciones en las seis provincias de la Amazon\u00eda, en temas legales y elaboraci\u00f3n de proyectos de calidad, para acceder a los recursos del Fondo Com\u00fan, que es convocado por la Secretaria T\u00e9cnica Amaz\u00f3nica.<\/p>\n\n\n\n<p>En el evento en el que se presentaron tambi\u00e9n los resultados logrados con Amazon\u00eda Transparente y la web del proyecto, intervinieron Pablo Villac\u00eds, coordinador del proyecto, Manolo Morales, director de Ecolex y Paulina Rivera, Especialista en Econom\u00eda de la Embajada de los Estados Unidos en Ecuador.<\/p>\n\n\n\n<p>La iniciativa Amazon\u00eda Transparente es ejecutada por cuatro organizaciones de sociedad civil, La Corporaci\u00f3n Participaci\u00f3n Ciudadana, Ecolex, FCD y Cordes, con el apoyo de la Embajada de Estados Unidos en Ecuador, desde hace tres a\u00f1os.<\/p>\n\n\n\n<figure class=\"wp-block-gallery has-nested-images columns-default is-cropped wp-block-gallery-1 is-layout-flex wp-block-gallery-is-layout-flex\">\n<figure class=\"wp-block-image size-large\"><img fetchpriority=\"high\" decoding=\"async\" width=\"800\" height=\"800\" data-id=\"5562\" src=\"https:\/\/www.participacionciudadana.org\/web\/wp-content\/uploads\/2023\/06\/foto-2.jpg\" alt=\"\" class=\"wp-image-5562\" srcset=\"https:\/\/www.participacionciudadana.org\/web\/wp-content\/uploads\/2023\/06\/foto-2.jpg 800w, https:\/\/www.participacionciudadana.org\/web\/wp-content\/uploads\/2023\/06\/foto-2-300x300.jpg 300w, https:\/\/www.participacionciudadana.org\/web\/wp-content\/uploads\/2023\/06\/foto-2-150x150.jpg 150w, https:\/\/www.participacionciudadana.org\/web\/wp-content\/uploads\/2023\/06\/foto-2-768x768.jpg 768w, https:\/\/www.participacionciudadana.org\/web\/wp-content\/uploads\/2023\/06\/foto-2-600x600.jpg 600w\" sizes=\"(max-width: 800px) 100vw, 800px\" \/><\/figure>\n\n\n\n<figure class=\"wp-block-image size-large\"><img decoding=\"async\" width=\"800\" height=\"800\" data-id=\"5561\" src=\"https:\/\/www.participacionciudadana.org\/web\/wp-content\/uploads\/2023\/06\/Foto-portada.jpg\" alt=\"\" class=\"wp-image-5561\" srcset=\"https:\/\/www.participacionciudadana.org\/web\/wp-content\/uploads\/2023\/06\/Foto-portada.jpg 800w, https:\/\/www.participacionciudadana.org\/web\/wp-content\/uploads\/2023\/06\/Foto-portada-300x300.jpg 300w, https:\/\/www.participacionciudadana.org\/web\/wp-content\/uploads\/2023\/06\/Foto-portada-150x150.jpg 150w, https:\/\/www.participacionciudadana.org\/web\/wp-content\/uploads\/2023\/06\/Foto-portada-768x768.jpg 768w, https:\/\/www.participacionciudadana.org\/web\/wp-content\/uploads\/2023\/06\/Foto-portada-600x600.jpg 600w\" sizes=\"(max-width: 800px) 100vw, 800px\" \/><\/figure>\n<\/figure>\n","protected":false},"excerpt":{"rendered":"<p>El proyecto Amazon\u00eda Transparente se present\u00f3 en El Coca, provincia de Orellana, ante m\u00e1s de 100 representantes de distintos sectores de sociedad civil. En este encuentro se imparti\u00f3 el taller &#8220;Conociendo el Fondo Com\u00fan&#8221; con el objetivo de brindar herramientas para acceder a los recursos del Fondo Com\u00fan, proveniente de las regal\u00edas de la industria [&hellip;]<\/p>\n","protected":false},"author":7,"featured_media":5561,"comment_status":"open","ping_status":"open","sticky":false,"template":"","format":"standard","meta":{"site-sidebar-layout":"default","site-content-layout":"","ast-site-content-layout":"default","site-content-style":"default","site-sidebar-style":"default","ast-global-header-display":"","ast-banner-title-visibility":"","ast-main-header-display":"","ast-hfb-above-header-display":"","ast-hfb-below-header-display":"","ast-hfb-mobile-header-display":"","site-post-title":"","ast-breadcrumbs-content":"","ast-featured-img":"","footer-sml-layout":"","ast-disable-related-posts":"","theme-transparent-header-meta":"","adv-header-id-meta":"","stick-header-meta":"","header-above-stick-meta":"","header-main-stick-meta":"","header-below-stick-meta":"","astra-migrate-meta-layouts":"default","ast-page-background-enabled":"default","ast-page-background-meta":{"desktop":{"background-color":"","background-image":"","background-repeat":"repeat","background-position":"center center","background-size":"auto","background-attachment":"scroll","background-type":"","background-media":"","overlay-type":"","overlay-color":"","overlay-opacity":"","overlay-gradient":""},"tablet":{"background-color":"","background-image":"","background-repeat":"repeat","background-position":"center center","background-size":"auto","background-attachment":"scroll","background-type":"","background-media":"","overlay-type":"","overlay-color":"","overlay-opacity":"","overlay-gradient":""},"mobile":{"background-color":"","background-image":"","background-repeat":"repeat","background-position":"center center","background-size":"auto","background-attachment":"scroll","background-type":"","background-media":"","overlay-type":"","overlay-color":"","overlay-opacity":"","overlay-gradient":""}},"ast-content-background-meta":{"desktop":{"background-color":"var(--ast-global-color-5)","background-image":"","background-repeat":"repeat","background-position":"center center","background-size":"auto","background-attachment":"scroll","background-type":"","background-media":"","overlay-type":"","overlay-color":"","overlay-opacity":"","overlay-gradient":""},"tablet":{"background-color":"var(--ast-global-color-5)","background-image":"","background-repeat":"repeat","background-position":"center center","background-size":"auto","background-attachment":"scroll","background-type":"","background-media":"","overlay-type":"","overlay-color":"","overlay-opacity":"","overlay-gradient":""},"mobile":{"background-color":"var(--ast-global-color-5)","background-image":"","background-repeat":"repeat","background-position":"center center","background-size":"auto","background-attachment":"scroll","background-type":"","background-media":"","overlay-type":"","overlay-color":"","overlay-opacity":"","overlay-gradient":""}},"_joinchat":[],"footnotes":""},"categories":[16,29,23],"tags":[75],"class_list":["post-5560","post","type-post","status-publish","format-standard","has-post-thumbnail","hentry","category-actualidad","category-amazonia-transparente","category-comunicacion","tag-amazonia-transparente"],"yoast_head":"<!-- This site is optimized with the Yoast SEO plugin v26.5 - https:\/\/yoast.com\/wordpress\/plugins\/seo\/ -->\n<title>Sociedad civil de Orellana conoci\u00f3 como acceder al Fondo Com\u00fan - Participaci\u00f3n Ciudadana<\/title>\n<meta name=\"robots\" content=\"index, follow, max-snippet:-1, max-image-preview:large, max-video-preview:-1\" \/>\n<link rel=\"canonical\" href=\"https:\/\/www.participacionciudadana.org\/web\/2023\/06\/12\/proyecto-amazonia-transparente-se-presento-en-el-coca-ante-mas-de-100-representantes-de-sociedad-civil\/\" \/>\n<meta property=\"og:locale\" content=\"es_ES\" \/>\n<meta property=\"og:type\" content=\"article\" \/>\n<meta property=\"og:title\" content=\"Sociedad civil de Orellana conoci\u00f3 como acceder al Fondo Com\u00fan - Participaci\u00f3n Ciudadana\" \/>\n<meta property=\"og:description\" content=\"El proyecto Amazon\u00eda Transparente se present\u00f3 en El Coca, provincia de Orellana, ante m\u00e1s de 100 representantes de distintos sectores de sociedad civil. En este encuentro se imparti\u00f3 el taller &#8220;Conociendo el Fondo Com\u00fan&#8221; con el objetivo de brindar herramientas para acceder a los recursos del Fondo Com\u00fan, proveniente de las regal\u00edas de la industria [&hellip;]\" \/>\n<meta property=\"og:url\" content=\"https:\/\/www.participacionciudadana.org\/web\/2023\/06\/12\/proyecto-amazonia-transparente-se-presento-en-el-coca-ante-mas-de-100-representantes-de-sociedad-civil\/\" \/>\n<meta property=\"og:site_name\" content=\"Participaci\u00f3n Ciudadana\" \/>\n<meta property=\"article:publisher\" content=\"https:\/\/www.facebook.com\/ParticipacionPC\/\" \/>\n<meta property=\"article:published_time\" content=\"2023-06-12T17:02:09+00:00\" \/>\n<meta property=\"article:modified_time\" content=\"2023-06-14T16:08:16+00:00\" \/>\n<meta property=\"og:image\" content=\"https:\/\/www.participacionciudadana.org\/web\/wp-content\/uploads\/2023\/06\/Foto-portada.jpg\" \/>\n\t<meta property=\"og:image:width\" content=\"800\" \/>\n\t<meta property=\"og:image:height\" content=\"800\" \/>\n\t<meta property=\"og:image:type\" content=\"image\/jpeg\" \/>\n<meta name=\"author\" content=\"Karen Ramos\" \/>\n<meta name=\"twitter:card\" content=\"summary_large_image\" \/>\n<meta name=\"twitter:creator\" content=\"@ParticipacionPC\" \/>\n<meta name=\"twitter:site\" content=\"@ParticipacionPC\" \/>\n<meta name=\"twitter:label1\" content=\"Escrito por\" \/>\n\t<meta name=\"twitter:data1\" content=\"Karen Ramos\" \/>\n\t<meta name=\"twitter:label2\" content=\"Tiempo de lectura\" \/>\n\t<meta name=\"twitter:data2\" content=\"2 minutos\" \/>\n<script type=\"application\/ld+json\" class=\"yoast-schema-graph\">{\"@context\":\"https:\/\/schema.org\",\"@graph\":[{\"@type\":\"Article\",\"@id\":\"https:\/\/www.participacionciudadana.org\/web\/2023\/06\/12\/proyecto-amazonia-transparente-se-presento-en-el-coca-ante-mas-de-100-representantes-de-sociedad-civil\/#article\",\"isPartOf\":{\"@id\":\"https:\/\/www.participacionciudadana.org\/web\/2023\/06\/12\/proyecto-amazonia-transparente-se-presento-en-el-coca-ante-mas-de-100-representantes-de-sociedad-civil\/\"},\"author\":{\"name\":\"Karen Ramos\",\"@id\":\"https:\/\/www.participacionciudadana.org\/web\/#\/schema\/person\/7d1c54696e041e527f8fbfd6c9b513ae\"},\"headline\":\"Sociedad civil de Orellana conoci\u00f3 como acceder al Fondo Com\u00fan\",\"datePublished\":\"2023-06-12T17:02:09+00:00\",\"dateModified\":\"2023-06-14T16:08:16+00:00\",\"mainEntityOfPage\":{\"@id\":\"https:\/\/www.participacionciudadana.org\/web\/2023\/06\/12\/proyecto-amazonia-transparente-se-presento-en-el-coca-ante-mas-de-100-representantes-de-sociedad-civil\/\"},\"wordCount\":364,\"commentCount\":0,\"publisher\":{\"@id\":\"https:\/\/www.participacionciudadana.org\/web\/#organization\"},\"image\":{\"@id\":\"https:\/\/www.participacionciudadana.org\/web\/2023\/06\/12\/proyecto-amazonia-transparente-se-presento-en-el-coca-ante-mas-de-100-representantes-de-sociedad-civil\/#primaryimage\"},\"thumbnailUrl\":\"https:\/\/www.participacionciudadana.org\/web\/wp-content\/uploads\/2023\/06\/Foto-portada.jpg\",\"keywords\":[\"Amazon\u00eda Transparente\"],\"articleSection\":[\"Actualidad\",\"Amazonia Transparente\",\"Comunicaci\u00f3n\"],\"inLanguage\":\"es\",\"potentialAction\":[{\"@type\":\"CommentAction\",\"name\":\"Comment\",\"target\":[\"https:\/\/www.participacionciudadana.org\/web\/2023\/06\/12\/proyecto-amazonia-transparente-se-presento-en-el-coca-ante-mas-de-100-representantes-de-sociedad-civil\/#respond\"]}]},{\"@type\":\"WebPage\",\"@id\":\"https:\/\/www.participacionciudadana.org\/web\/2023\/06\/12\/proyecto-amazonia-transparente-se-presento-en-el-coca-ante-mas-de-100-representantes-de-sociedad-civil\/\",\"url\":\"https:\/\/www.participacionciudadana.org\/web\/2023\/06\/12\/proyecto-amazonia-transparente-se-presento-en-el-coca-ante-mas-de-100-representantes-de-sociedad-civil\/\",\"name\":\"Sociedad civil de Orellana conoci\u00f3 como acceder al Fondo Com\u00fan - Participaci\u00f3n Ciudadana\",\"isPartOf\":{\"@id\":\"https:\/\/www.participacionciudadana.org\/web\/#website\"},\"primaryImageOfPage\":{\"@id\":\"https:\/\/www.participacionciudadana.org\/web\/2023\/06\/12\/proyecto-amazonia-transparente-se-presento-en-el-coca-ante-mas-de-100-representantes-de-sociedad-civil\/#primaryimage\"},\"image\":{\"@id\":\"https:\/\/www.participacionciudadana.org\/web\/2023\/06\/12\/proyecto-amazonia-transparente-se-presento-en-el-coca-ante-mas-de-100-representantes-de-sociedad-civil\/#primaryimage\"},\"thumbnailUrl\":\"https:\/\/www.participacionciudadana.org\/web\/wp-content\/uploads\/2023\/06\/Foto-portada.jpg\",\"datePublished\":\"2023-06-12T17:02:09+00:00\",\"dateModified\":\"2023-06-14T16:08:16+00:00\",\"breadcrumb\":{\"@id\":\"https:\/\/www.participacionciudadana.org\/web\/2023\/06\/12\/proyecto-amazonia-transparente-se-presento-en-el-coca-ante-mas-de-100-representantes-de-sociedad-civil\/#breadcrumb\"},\"inLanguage\":\"es\",\"potentialAction\":[{\"@type\":\"ReadAction\",\"target\":[\"https:\/\/www.participacionciudadana.org\/web\/2023\/06\/12\/proyecto-amazonia-transparente-se-presento-en-el-coca-ante-mas-de-100-representantes-de-sociedad-civil\/\"]}]},{\"@type\":\"ImageObject\",\"inLanguage\":\"es\",\"@id\":\"https:\/\/www.participacionciudadana.org\/web\/2023\/06\/12\/proyecto-amazonia-transparente-se-presento-en-el-coca-ante-mas-de-100-representantes-de-sociedad-civil\/#primaryimage\",\"url\":\"https:\/\/www.participacionciudadana.org\/web\/wp-content\/uploads\/2023\/06\/Foto-portada.jpg\",\"contentUrl\":\"https:\/\/www.participacionciudadana.org\/web\/wp-content\/uploads\/2023\/06\/Foto-portada.jpg\",\"width\":800,\"height\":800},{\"@type\":\"BreadcrumbList\",\"@id\":\"https:\/\/www.participacionciudadana.org\/web\/2023\/06\/12\/proyecto-amazonia-transparente-se-presento-en-el-coca-ante-mas-de-100-representantes-de-sociedad-civil\/#breadcrumb\",\"itemListElement\":[{\"@type\":\"ListItem\",\"position\":1,\"name\":\"Portada\",\"item\":\"https:\/\/www.participacionciudadana.org\/web\/\"},{\"@type\":\"ListItem\",\"position\":2,\"name\":\"Sociedad civil de Orellana conoci\u00f3 como acceder al Fondo Com\u00fan\"}]},{\"@type\":\"WebSite\",\"@id\":\"https:\/\/www.participacionciudadana.org\/web\/#website\",\"url\":\"https:\/\/www.participacionciudadana.org\/web\/\",\"name\":\"Participaci\u00f3n Ciudadana\",\"description\":\"Comprometidos con la democracia\",\"publisher\":{\"@id\":\"https:\/\/www.participacionciudadana.org\/web\/#organization\"},\"potentialAction\":[{\"@type\":\"SearchAction\",\"target\":{\"@type\":\"EntryPoint\",\"urlTemplate\":\"https:\/\/www.participacionciudadana.org\/web\/?s={search_term_string}\"},\"query-input\":{\"@type\":\"PropertyValueSpecification\",\"valueRequired\":true,\"valueName\":\"search_term_string\"}}],\"inLanguage\":\"es\"},{\"@type\":\"Organization\",\"@id\":\"https:\/\/www.participacionciudadana.org\/web\/#organization\",\"name\":\"Participaci\u00f3n Ciudadana\",\"url\":\"https:\/\/www.participacionciudadana.org\/web\/\",\"logo\":{\"@type\":\"ImageObject\",\"inLanguage\":\"es\",\"@id\":\"https:\/\/www.participacionciudadana.org\/web\/#\/schema\/logo\/image\/\",\"url\":\"https:\/\/www.participacionciudadana.org\/web\/wp-content\/uploads\/2021\/11\/cropped-logo_pc-1.png\",\"contentUrl\":\"https:\/\/www.participacionciudadana.org\/web\/wp-content\/uploads\/2021\/11\/cropped-logo_pc-1.png\",\"width\":340,\"height\":114,\"caption\":\"Participaci\u00f3n Ciudadana\"},\"image\":{\"@id\":\"https:\/\/www.participacionciudadana.org\/web\/#\/schema\/logo\/image\/\"},\"sameAs\":[\"https:\/\/www.facebook.com\/ParticipacionPC\/\",\"https:\/\/x.com\/ParticipacionPC\"]},{\"@type\":\"Person\",\"@id\":\"https:\/\/www.participacionciudadana.org\/web\/#\/schema\/person\/7d1c54696e041e527f8fbfd6c9b513ae\",\"name\":\"Karen Ramos\",\"image\":{\"@type\":\"ImageObject\",\"inLanguage\":\"es\",\"@id\":\"https:\/\/www.participacionciudadana.org\/web\/#\/schema\/person\/image\/\",\"url\":\"https:\/\/secure.gravatar.com\/avatar\/286968dbb3bb60217f1c7034fda5fe010f5c132ea9d76191d7dbe615e76f9e88?s=96&d=mm&r=g\",\"contentUrl\":\"https:\/\/secure.gravatar.com\/avatar\/286968dbb3bb60217f1c7034fda5fe010f5c132ea9d76191d7dbe615e76f9e88?s=96&d=mm&r=g\",\"caption\":\"Karen Ramos\"},\"url\":\"https:\/\/www.participacionciudadana.org\/web\/author\/karenliz\/\"}]}<\/script>\n<!-- \/ Yoast SEO plugin. -->","yoast_head_json":{"title":"Sociedad civil de Orellana conoci\u00f3 como acceder al Fondo Com\u00fan - Participaci\u00f3n Ciudadana","robots":{"index":"index","follow":"follow","max-snippet":"max-snippet:-1","max-image-preview":"max-image-preview:large","max-video-preview":"max-video-preview:-1"},"canonical":"https:\/\/www.participacionciudadana.org\/web\/2023\/06\/12\/proyecto-amazonia-transparente-se-presento-en-el-coca-ante-mas-de-100-representantes-de-sociedad-civil\/","og_locale":"es_ES","og_type":"article","og_title":"Sociedad civil de Orellana conoci\u00f3 como acceder al Fondo Com\u00fan - Participaci\u00f3n Ciudadana","og_description":"El proyecto Amazon\u00eda Transparente se present\u00f3 en El Coca, provincia de Orellana, ante m\u00e1s de 100 representantes de distintos sectores de sociedad civil. En este encuentro se imparti\u00f3 el taller &#8220;Conociendo el Fondo Com\u00fan&#8221; con el objetivo de brindar herramientas para acceder a los recursos del Fondo Com\u00fan, proveniente de las regal\u00edas de la industria [&hellip;]","og_url":"https:\/\/www.participacionciudadana.org\/web\/2023\/06\/12\/proyecto-amazonia-transparente-se-presento-en-el-coca-ante-mas-de-100-representantes-de-sociedad-civil\/","og_site_name":"Participaci\u00f3n Ciudadana","article_publisher":"https:\/\/www.facebook.com\/ParticipacionPC\/","article_published_time":"2023-06-12T17:02:09+00:00","article_modified_time":"2023-06-14T16:08:16+00:00","og_image":[{"width":800,"height":800,"url":"https:\/\/www.participacionciudadana.org\/web\/wp-content\/uploads\/2023\/06\/Foto-portada.jpg","type":"image\/jpeg"}],"author":"Karen Ramos","twitter_card":"summary_large_image","twitter_creator":"@ParticipacionPC","twitter_site":"@ParticipacionPC","twitter_misc":{"Escrito por":"Karen Ramos","Tiempo de lectura":"2 minutos"},"schema":{"@context":"https:\/\/schema.org","@graph":[{"@type":"Article","@id":"https:\/\/www.participacionciudadana.org\/web\/2023\/06\/12\/proyecto-amazonia-transparente-se-presento-en-el-coca-ante-mas-de-100-representantes-de-sociedad-civil\/#article","isPartOf":{"@id":"https:\/\/www.participacionciudadana.org\/web\/2023\/06\/12\/proyecto-amazonia-transparente-se-presento-en-el-coca-ante-mas-de-100-representantes-de-sociedad-civil\/"},"author":{"name":"Karen Ramos","@id":"https:\/\/www.participacionciudadana.org\/web\/#\/schema\/person\/7d1c54696e041e527f8fbfd6c9b513ae"},"headline":"Sociedad civil de Orellana conoci\u00f3 como acceder al Fondo Com\u00fan","datePublished":"2023-06-12T17:02:09+00:00","dateModified":"2023-06-14T16:08:16+00:00","mainEntityOfPage":{"@id":"https:\/\/www.participacionciudadana.org\/web\/2023\/06\/12\/proyecto-amazonia-transparente-se-presento-en-el-coca-ante-mas-de-100-representantes-de-sociedad-civil\/"},"wordCount":364,"commentCount":0,"publisher":{"@id":"https:\/\/www.participacionciudadana.org\/web\/#organization"},"image":{"@id":"https:\/\/www.participacionciudadana.org\/web\/2023\/06\/12\/proyecto-amazonia-transparente-se-presento-en-el-coca-ante-mas-de-100-representantes-de-sociedad-civil\/#primaryimage"},"thumbnailUrl":"https:\/\/www.participacionciudadana.org\/web\/wp-content\/uploads\/2023\/06\/Foto-portada.jpg","keywords":["Amazon\u00eda Transparente"],"articleSection":["Actualidad","Amazonia Transparente","Comunicaci\u00f3n"],"inLanguage":"es","potentialAction":[{"@type":"CommentAction","name":"Comment","target":["https:\/\/www.participacionciudadana.org\/web\/2023\/06\/12\/proyecto-amazonia-transparente-se-presento-en-el-coca-ante-mas-de-100-representantes-de-sociedad-civil\/#respond"]}]},{"@type":"WebPage","@id":"https:\/\/www.participacionciudadana.org\/web\/2023\/06\/12\/proyecto-amazonia-transparente-se-presento-en-el-coca-ante-mas-de-100-representantes-de-sociedad-civil\/","url":"https:\/\/www.participacionciudadana.org\/web\/2023\/06\/12\/proyecto-amazonia-transparente-se-presento-en-el-coca-ante-mas-de-100-representantes-de-sociedad-civil\/","name":"Sociedad civil de Orellana conoci\u00f3 como acceder al Fondo Com\u00fan - Participaci\u00f3n Ciudadana","isPartOf":{"@id":"https:\/\/www.participacionciudadana.org\/web\/#website"},"primaryImageOfPage":{"@id":"https:\/\/www.participacionciudadana.org\/web\/2023\/06\/12\/proyecto-amazonia-transparente-se-presento-en-el-coca-ante-mas-de-100-representantes-de-sociedad-civil\/#primaryimage"},"image":{"@id":"https:\/\/www.participacionciudadana.org\/web\/2023\/06\/12\/proyecto-amazonia-transparente-se-presento-en-el-coca-ante-mas-de-100-representantes-de-sociedad-civil\/#primaryimage"},"thumbnailUrl":"https:\/\/www.participacionciudadana.org\/web\/wp-content\/uploads\/2023\/06\/Foto-portada.jpg","datePublished":"2023-06-12T17:02:09+00:00","dateModified":"2023-06-14T16:08:16+00:00","breadcrumb":{"@id":"https:\/\/www.participacionciudadana.org\/web\/2023\/06\/12\/proyecto-amazonia-transparente-se-presento-en-el-coca-ante-mas-de-100-representantes-de-sociedad-civil\/#breadcrumb"},"inLanguage":"es","potentialAction":[{"@type":"ReadAction","target":["https:\/\/www.participacionciudadana.org\/web\/2023\/06\/12\/proyecto-amazonia-transparente-se-presento-en-el-coca-ante-mas-de-100-representantes-de-sociedad-civil\/"]}]},{"@type":"ImageObject","inLanguage":"es","@id":"https:\/\/www.participacionciudadana.org\/web\/2023\/06\/12\/proyecto-amazonia-transparente-se-presento-en-el-coca-ante-mas-de-100-representantes-de-sociedad-civil\/#primaryimage","url":"https:\/\/www.participacionciudadana.org\/web\/wp-content\/uploads\/2023\/06\/Foto-portada.jpg","contentUrl":"https:\/\/www.participacionciudadana.org\/web\/wp-content\/uploads\/2023\/06\/Foto-portada.jpg","width":800,"height":800},{"@type":"BreadcrumbList","@id":"https:\/\/www.participacionciudadana.org\/web\/2023\/06\/12\/proyecto-amazonia-transparente-se-presento-en-el-coca-ante-mas-de-100-representantes-de-sociedad-civil\/#breadcrumb","itemListElement":[{"@type":"ListItem","position":1,"name":"Portada","item":"https:\/\/www.participacionciudadana.org\/web\/"},{"@type":"ListItem","position":2,"name":"Sociedad civil de Orellana conoci\u00f3 como acceder al Fondo Com\u00fan"}]},{"@type":"WebSite","@id":"https:\/\/www.participacionciudadana.org\/web\/#website","url":"https:\/\/www.participacionciudadana.org\/web\/","name":"Participaci\u00f3n Ciudadana","description":"Comprometidos con la democracia","publisher":{"@id":"https:\/\/www.participacionciudadana.org\/web\/#organization"},"potentialAction":[{"@type":"SearchAction","target":{"@type":"EntryPoint","urlTemplate":"https:\/\/www.participacionciudadana.org\/web\/?s={search_term_string}"},"query-input":{"@type":"PropertyValueSpecification","valueRequired":true,"valueName":"search_term_string"}}],"inLanguage":"es"},{"@type":"Organization","@id":"https:\/\/www.participacionciudadana.org\/web\/#organization","name":"Participaci\u00f3n Ciudadana","url":"https:\/\/www.participacionciudadana.org\/web\/","logo":{"@type":"ImageObject","inLanguage":"es","@id":"https:\/\/www.participacionciudadana.org\/web\/#\/schema\/logo\/image\/","url":"https:\/\/www.participacionciudadana.org\/web\/wp-content\/uploads\/2021\/11\/cropped-logo_pc-1.png","contentUrl":"https:\/\/www.participacionciudadana.org\/web\/wp-content\/uploads\/2021\/11\/cropped-logo_pc-1.png","width":340,"height":114,"caption":"Participaci\u00f3n Ciudadana"},"image":{"@id":"https:\/\/www.participacionciudadana.org\/web\/#\/schema\/logo\/image\/"},"sameAs":["https:\/\/www.facebook.com\/ParticipacionPC\/","https:\/\/x.com\/ParticipacionPC"]},{"@type":"Person","@id":"https:\/\/www.participacionciudadana.org\/web\/#\/schema\/person\/7d1c54696e041e527f8fbfd6c9b513ae","name":"Karen Ramos","image":{"@type":"ImageObject","inLanguage":"es","@id":"https:\/\/www.participacionciudadana.org\/web\/#\/schema\/person\/image\/","url":"https:\/\/secure.gravatar.com\/avatar\/286968dbb3bb60217f1c7034fda5fe010f5c132ea9d76191d7dbe615e76f9e88?s=96&d=mm&r=g","contentUrl":"https:\/\/secure.gravatar.com\/avatar\/286968dbb3bb60217f1c7034fda5fe010f5c132ea9d76191d7dbe615e76f9e88?s=96&d=mm&r=g","caption":"Karen Ramos"},"url":"https:\/\/www.participacionciudadana.org\/web\/author\/karenliz\/"}]}},"_links":{"self":[{"href":"https:\/\/www.participacionciudadana.org\/web\/wp-json\/wp\/v2\/posts\/5560","targetHints":{"allow":["GET"]}}],"collection":[{"href":"https:\/\/www.participacionciudadana.org\/web\/wp-json\/wp\/v2\/posts"}],"about":[{"href":"https:\/\/www.participacionciudadana.org\/web\/wp-json\/wp\/v2\/types\/post"}],"author":[{"embeddable":true,"href":"https:\/\/www.participacionciudadana.org\/web\/wp-json\/wp\/v2\/users\/7"}],"replies":[{"embeddable":true,"href":"https:\/\/www.participacionciudadana.org\/web\/wp-json\/wp\/v2\/comments?post=5560"}],"version-history":[{"count":0,"href":"https:\/\/www.participacionciudadana.org\/web\/wp-json\/wp\/v2\/posts\/5560\/revisions"}],"wp:featuredmedia":[{"embeddable":true,"href":"https:\/\/www.participacionciudadana.org\/web\/wp-json\/wp\/v2\/media\/5561"}],"wp:attachment":[{"href":"https:\/\/www.participacionciudadana.org\/web\/wp-json\/wp\/v2\/media?parent=5560"}],"wp:term":[{"taxonomy":"category","embeddable":true,"href":"https:\/\/www.participacionciudadana.org\/web\/wp-json\/wp\/v2\/categories?post=5560"},{"taxonomy":"post_tag","embeddable":true,"href":"https:\/\/www.participacionciudadana.org\/web\/wp-json\/wp\/v2\/tags?post=5560"}],"curies":[{"name":"wp","href":"https:\/\/api.w.org\/{rel}","templated":true}]}}