{"id":5701,"date":"2023-07-12T14:37:51","date_gmt":"2023-07-12T19:37:51","guid":{"rendered":"https:\/\/www.participacionciudadana.org\/web\/?p=5701"},"modified":"2023-07-12T14:42:06","modified_gmt":"2023-07-12T19:42:06","slug":"6-229-minutos-en-publicidad-oficial-se-han-emitido-en-junio-de-2023","status":"publish","type":"post","link":"https:\/\/www.participacionciudadana.org\/web\/2023\/07\/12\/6-229-minutos-en-publicidad-oficial-se-han-emitido-en-junio-de-2023\/","title":{"rendered":"6.229 minutos en publicidad oficial se han emitido en junio de 2023"},"content":{"rendered":"\n<p>El Centro de Monitoreo de Medios de la Corporaci\u00f3n Participaci\u00f3n Ciudadana presenta el informe de publicidad oficial, en el mes de junio 2023, con base en los 11 canales de televisi\u00f3n monitoreados.<\/p>\n\n\n\n<figure class=\"wp-block-gallery has-nested-images columns-default is-cropped wp-block-gallery-1 is-layout-flex wp-block-gallery-is-layout-flex\">\n<figure class=\"wp-block-image size-large\"><img fetchpriority=\"high\" decoding=\"async\" width=\"600\" height=\"600\" data-id=\"5703\" src=\"https:\/\/www.participacionciudadana.org\/web\/wp-content\/uploads\/2023\/07\/1i-1.jpeg\" alt=\"\" class=\"wp-image-5703\" srcset=\"https:\/\/www.participacionciudadana.org\/web\/wp-content\/uploads\/2023\/07\/1i-1.jpeg 600w, https:\/\/www.participacionciudadana.org\/web\/wp-content\/uploads\/2023\/07\/1i-1-300x300.jpeg 300w, https:\/\/www.participacionciudadana.org\/web\/wp-content\/uploads\/2023\/07\/1i-1-150x150.jpeg 150w\" sizes=\"(max-width: 600px) 100vw, 600px\" \/><\/figure>\n\n\n\n<figure class=\"wp-block-image size-large\"><img decoding=\"async\" width=\"600\" height=\"600\" data-id=\"5702\" src=\"https:\/\/www.participacionciudadana.org\/web\/wp-content\/uploads\/2023\/07\/2i-1.jpeg\" alt=\"\" class=\"wp-image-5702\" srcset=\"https:\/\/www.participacionciudadana.org\/web\/wp-content\/uploads\/2023\/07\/2i-1.jpeg 600w, https:\/\/www.participacionciudadana.org\/web\/wp-content\/uploads\/2023\/07\/2i-1-300x300.jpeg 300w, https:\/\/www.participacionciudadana.org\/web\/wp-content\/uploads\/2023\/07\/2i-1-150x150.jpeg 150w\" sizes=\"(max-width: 600px) 100vw, 600px\" \/><\/figure>\n<\/figure>\n\n\n\n<figure class=\"wp-block-gallery has-nested-images columns-default is-cropped wp-block-gallery-2 is-layout-flex wp-block-gallery-is-layout-flex\">\n<figure class=\"wp-block-image size-large\"><img decoding=\"async\" width=\"600\" height=\"600\" data-id=\"5704\" src=\"https:\/\/www.participacionciudadana.org\/web\/wp-content\/uploads\/2023\/07\/3i-1.jpeg\" alt=\"\" class=\"wp-image-5704\" srcset=\"https:\/\/www.participacionciudadana.org\/web\/wp-content\/uploads\/2023\/07\/3i-1.jpeg 600w, https:\/\/www.participacionciudadana.org\/web\/wp-content\/uploads\/2023\/07\/3i-1-300x300.jpeg 300w, https:\/\/www.participacionciudadana.org\/web\/wp-content\/uploads\/2023\/07\/3i-1-150x150.jpeg 150w\" sizes=\"(max-width: 600px) 100vw, 600px\" \/><\/figure>\n\n\n\n<figure class=\"wp-block-image size-large\"><img loading=\"lazy\" decoding=\"async\" width=\"600\" height=\"600\" data-id=\"5705\" src=\"https:\/\/www.participacionciudadana.org\/web\/wp-content\/uploads\/2023\/07\/4i-1.jpeg\" alt=\"\" class=\"wp-image-5705\" srcset=\"https:\/\/www.participacionciudadana.org\/web\/wp-content\/uploads\/2023\/07\/4i-1.jpeg 600w, https:\/\/www.participacionciudadana.org\/web\/wp-content\/uploads\/2023\/07\/4i-1-300x300.jpeg 300w, https:\/\/www.participacionciudadana.org\/web\/wp-content\/uploads\/2023\/07\/4i-1-150x150.jpeg 150w\" sizes=\"(max-width: 600px) 100vw, 600px\" \/><\/figure>\n<\/figure>\n\n\n\n<p>Accede al reporte completo aqu\u00ed<\/p>\n\n\n\n<div data-wp-interactive=\"core\/file\" class=\"wp-block-file\"><object data-wp-bind--hidden=\"!state.hasPdfPreview\" hidden class=\"wp-block-file__embed\" data=\"https:\/\/www.participacionciudadana.org\/web\/wp-content\/uploads\/2023\/07\/PUBLICIDAD-OFICIAL-JUNIO-2023.pdf\" type=\"application\/pdf\" style=\"width:100%;height:600px\" aria-label=\"Incrustado de PUBLICIDAD-OFICIAL-JUNIO-2023.\"><\/object><a id=\"wp-block-file--media-2f555a7e-1084-4220-ac02-73db7665184c\" href=\"https:\/\/www.participacionciudadana.org\/web\/wp-content\/uploads\/2023\/07\/PUBLICIDAD-OFICIAL-JUNIO-2023.pdf\">PUBLICIDAD-OFICIAL-JUNIO-2023<\/a><a href=\"https:\/\/www.participacionciudadana.org\/web\/wp-content\/uploads\/2023\/07\/PUBLICIDAD-OFICIAL-JUNIO-2023.pdf\" class=\"wp-block-file__button wp-element-button\" download aria-describedby=\"wp-block-file--media-2f555a7e-1084-4220-ac02-73db7665184c\">Descarga<\/a><\/div>\n","protected":false},"excerpt":{"rendered":"<p>El Centro de Monitoreo de Medios de la Corporaci\u00f3n Participaci\u00f3n Ciudadana presenta el informe de publicidad oficial, en el mes de junio 2023, con base en los 11 canales de televisi\u00f3n monitoreados. Accede al reporte completo aqu\u00ed<\/p>\n","protected":false},"author":1,"featured_media":5703,"comment_status":"open","ping_status":"open","sticky":false,"template":"","format":"standard","meta":{"site-sidebar-layout":"default","site-content-layout":"","ast-site-content-layout":"default","site-content-style":"default","site-sidebar-style":"default","ast-global-header-display":"","ast-banner-title-visibility":"","ast-main-header-display":"","ast-hfb-above-header-display":"","ast-hfb-below-header-display":"","ast-hfb-mobile-header-display":"","site-post-title":"","ast-breadcrumbs-content":"","ast-featured-img":"","footer-sml-layout":"","ast-disable-related-posts":"","theme-transparent-header-meta":"","adv-header-id-meta":"","stick-header-meta":"","header-above-stick-meta":"","header-main-stick-meta":"","header-below-stick-meta":"","astra-migrate-meta-layouts":"default","ast-page-background-enabled":"default","ast-page-background-meta":{"desktop":{"background-color":"","background-image":"","background-repeat":"repeat","background-position":"center center","background-size":"auto","background-attachment":"scroll","background-type":"","background-media":"","overlay-type":"","overlay-color":"","overlay-opacity":"","overlay-gradient":""},"tablet":{"background-color":"","background-image":"","background-repeat":"repeat","background-position":"center center","background-size":"auto","background-attachment":"scroll","background-type":"","background-media":"","overlay-type":"","overlay-color":"","overlay-opacity":"","overlay-gradient":""},"mobile":{"background-color":"","background-image":"","background-repeat":"repeat","background-position":"center center","background-size":"auto","background-attachment":"scroll","background-type":"","background-media":"","overlay-type":"","overlay-color":"","overlay-opacity":"","overlay-gradient":""}},"ast-content-background-meta":{"desktop":{"background-color":"var(--ast-global-color-5)","background-image":"","background-repeat":"repeat","background-position":"center center","background-size":"auto","background-attachment":"scroll","background-type":"","background-media":"","overlay-type":"","overlay-color":"","overlay-opacity":"","overlay-gradient":""},"tablet":{"background-color":"var(--ast-global-color-5)","background-image":"","background-repeat":"repeat","background-position":"center center","background-size":"auto","background-attachment":"scroll","background-type":"","background-media":"","overlay-type":"","overlay-color":"","overlay-opacity":"","overlay-gradient":""},"mobile":{"background-color":"var(--ast-global-color-5)","background-image":"","background-repeat":"repeat","background-position":"center center","background-size":"auto","background-attachment":"scroll","background-type":"","background-media":"","overlay-type":"","overlay-color":"","overlay-opacity":"","overlay-gradient":""}},"_joinchat":[],"footnotes":""},"categories":[16,23],"tags":[87],"class_list":["post-5701","post","type-post","status-publish","format-standard","has-post-thumbnail","hentry","category-actualidad","category-comunicacion","tag-monitoreo-publicidad-oficial-2023"],"yoast_head":"<!-- This site is optimized with the Yoast SEO plugin v26.5 - https:\/\/yoast.com\/wordpress\/plugins\/seo\/ -->\n<title>6.229 minutos en publicidad oficial se han emitido en junio de 2023 - Participaci\u00f3n Ciudadana<\/title>\n<meta name=\"robots\" content=\"index, follow, max-snippet:-1, max-image-preview:large, max-video-preview:-1\" \/>\n<link rel=\"canonical\" href=\"https:\/\/www.participacionciudadana.org\/web\/2023\/07\/12\/6-229-minutos-en-publicidad-oficial-se-han-emitido-en-junio-de-2023\/\" \/>\n<meta property=\"og:locale\" content=\"es_ES\" \/>\n<meta property=\"og:type\" content=\"article\" \/>\n<meta property=\"og:title\" content=\"6.229 minutos en publicidad oficial se han emitido en junio de 2023 - Participaci\u00f3n Ciudadana\" \/>\n<meta property=\"og:description\" content=\"El Centro de Monitoreo de Medios de la Corporaci\u00f3n Participaci\u00f3n Ciudadana presenta el informe de publicidad oficial, en el mes de junio 2023, con base en los 11 canales de televisi\u00f3n monitoreados. Accede al reporte completo aqu\u00ed\" \/>\n<meta property=\"og:url\" content=\"https:\/\/www.participacionciudadana.org\/web\/2023\/07\/12\/6-229-minutos-en-publicidad-oficial-se-han-emitido-en-junio-de-2023\/\" \/>\n<meta property=\"og:site_name\" content=\"Participaci\u00f3n Ciudadana\" \/>\n<meta property=\"article:publisher\" content=\"https:\/\/www.facebook.com\/ParticipacionPC\/\" \/>\n<meta property=\"article:published_time\" content=\"2023-07-12T19:37:51+00:00\" \/>\n<meta property=\"article:modified_time\" content=\"2023-07-12T19:42:06+00:00\" \/>\n<meta property=\"og:image\" content=\"https:\/\/www.participacionciudadana.org\/web\/wp-content\/uploads\/2023\/07\/1i-1.jpeg\" \/>\n\t<meta property=\"og:image:width\" content=\"600\" \/>\n\t<meta property=\"og:image:height\" content=\"600\" \/>\n\t<meta property=\"og:image:type\" content=\"image\/jpeg\" \/>\n<meta name=\"author\" content=\"auzfabian\" \/>\n<meta name=\"twitter:card\" content=\"summary_large_image\" \/>\n<meta name=\"twitter:creator\" content=\"@ParticipacionPC\" \/>\n<meta name=\"twitter:site\" content=\"@ParticipacionPC\" \/>\n<meta name=\"twitter:label1\" content=\"Escrito por\" \/>\n\t<meta name=\"twitter:data1\" content=\"auzfabian\" \/>\n<script type=\"application\/ld+json\" class=\"yoast-schema-graph\">{\"@context\":\"https:\/\/schema.org\",\"@graph\":[{\"@type\":\"Article\",\"@id\":\"https:\/\/www.participacionciudadana.org\/web\/2023\/07\/12\/6-229-minutos-en-publicidad-oficial-se-han-emitido-en-junio-de-2023\/#article\",\"isPartOf\":{\"@id\":\"https:\/\/www.participacionciudadana.org\/web\/2023\/07\/12\/6-229-minutos-en-publicidad-oficial-se-han-emitido-en-junio-de-2023\/\"},\"author\":{\"name\":\"auzfabian\",\"@id\":\"https:\/\/www.participacionciudadana.org\/web\/#\/schema\/person\/67ded4b29f4c10d217a0e025340d23ea\"},\"headline\":\"6.229 minutos en publicidad oficial se han emitido en junio de 2023\",\"datePublished\":\"2023-07-12T19:37:51+00:00\",\"dateModified\":\"2023-07-12T19:42:06+00:00\",\"mainEntityOfPage\":{\"@id\":\"https:\/\/www.participacionciudadana.org\/web\/2023\/07\/12\/6-229-minutos-en-publicidad-oficial-se-han-emitido-en-junio-de-2023\/\"},\"wordCount\":50,\"commentCount\":0,\"publisher\":{\"@id\":\"https:\/\/www.participacionciudadana.org\/web\/#organization\"},\"image\":{\"@id\":\"https:\/\/www.participacionciudadana.org\/web\/2023\/07\/12\/6-229-minutos-en-publicidad-oficial-se-han-emitido-en-junio-de-2023\/#primaryimage\"},\"thumbnailUrl\":\"https:\/\/www.participacionciudadana.org\/web\/wp-content\/uploads\/2023\/07\/1i-1.jpeg\",\"keywords\":[\"monitoreo publicidad oficial 2023\"],\"articleSection\":[\"Actualidad\",\"Comunicaci\u00f3n\"],\"inLanguage\":\"es\",\"potentialAction\":[{\"@type\":\"CommentAction\",\"name\":\"Comment\",\"target\":[\"https:\/\/www.participacionciudadana.org\/web\/2023\/07\/12\/6-229-minutos-en-publicidad-oficial-se-han-emitido-en-junio-de-2023\/#respond\"]}]},{\"@type\":\"WebPage\",\"@id\":\"https:\/\/www.participacionciudadana.org\/web\/2023\/07\/12\/6-229-minutos-en-publicidad-oficial-se-han-emitido-en-junio-de-2023\/\",\"url\":\"https:\/\/www.participacionciudadana.org\/web\/2023\/07\/12\/6-229-minutos-en-publicidad-oficial-se-han-emitido-en-junio-de-2023\/\",\"name\":\"6.229 minutos en publicidad oficial se han emitido en junio de 2023 - Participaci\u00f3n Ciudadana\",\"isPartOf\":{\"@id\":\"https:\/\/www.participacionciudadana.org\/web\/#website\"},\"primaryImageOfPage\":{\"@id\":\"https:\/\/www.participacionciudadana.org\/web\/2023\/07\/12\/6-229-minutos-en-publicidad-oficial-se-han-emitido-en-junio-de-2023\/#primaryimage\"},\"image\":{\"@id\":\"https:\/\/www.participacionciudadana.org\/web\/2023\/07\/12\/6-229-minutos-en-publicidad-oficial-se-han-emitido-en-junio-de-2023\/#primaryimage\"},\"thumbnailUrl\":\"https:\/\/www.participacionciudadana.org\/web\/wp-content\/uploads\/2023\/07\/1i-1.jpeg\",\"datePublished\":\"2023-07-12T19:37:51+00:00\",\"dateModified\":\"2023-07-12T19:42:06+00:00\",\"breadcrumb\":{\"@id\":\"https:\/\/www.participacionciudadana.org\/web\/2023\/07\/12\/6-229-minutos-en-publicidad-oficial-se-han-emitido-en-junio-de-2023\/#breadcrumb\"},\"inLanguage\":\"es\",\"potentialAction\":[{\"@type\":\"ReadAction\",\"target\":[\"https:\/\/www.participacionciudadana.org\/web\/2023\/07\/12\/6-229-minutos-en-publicidad-oficial-se-han-emitido-en-junio-de-2023\/\"]}]},{\"@type\":\"ImageObject\",\"inLanguage\":\"es\",\"@id\":\"https:\/\/www.participacionciudadana.org\/web\/2023\/07\/12\/6-229-minutos-en-publicidad-oficial-se-han-emitido-en-junio-de-2023\/#primaryimage\",\"url\":\"https:\/\/www.participacionciudadana.org\/web\/wp-content\/uploads\/2023\/07\/1i-1.jpeg\",\"contentUrl\":\"https:\/\/www.participacionciudadana.org\/web\/wp-content\/uploads\/2023\/07\/1i-1.jpeg\",\"width\":600,\"height\":600},{\"@type\":\"BreadcrumbList\",\"@id\":\"https:\/\/www.participacionciudadana.org\/web\/2023\/07\/12\/6-229-minutos-en-publicidad-oficial-se-han-emitido-en-junio-de-2023\/#breadcrumb\",\"itemListElement\":[{\"@type\":\"ListItem\",\"position\":1,\"name\":\"Portada\",\"item\":\"https:\/\/www.participacionciudadana.org\/web\/\"},{\"@type\":\"ListItem\",\"position\":2,\"name\":\"6.229 minutos en publicidad oficial se han emitido en junio de 2023\"}]},{\"@type\":\"WebSite\",\"@id\":\"https:\/\/www.participacionciudadana.org\/web\/#website\",\"url\":\"https:\/\/www.participacionciudadana.org\/web\/\",\"name\":\"Participaci\u00f3n Ciudadana\",\"description\":\"Comprometidos con la democracia\",\"publisher\":{\"@id\":\"https:\/\/www.participacionciudadana.org\/web\/#organization\"},\"potentialAction\":[{\"@type\":\"SearchAction\",\"target\":{\"@type\":\"EntryPoint\",\"urlTemplate\":\"https:\/\/www.participacionciudadana.org\/web\/?s={search_term_string}\"},\"query-input\":{\"@type\":\"PropertyValueSpecification\",\"valueRequired\":true,\"valueName\":\"search_term_string\"}}],\"inLanguage\":\"es\"},{\"@type\":\"Organization\",\"@id\":\"https:\/\/www.participacionciudadana.org\/web\/#organization\",\"name\":\"Participaci\u00f3n Ciudadana\",\"url\":\"https:\/\/www.participacionciudadana.org\/web\/\",\"logo\":{\"@type\":\"ImageObject\",\"inLanguage\":\"es\",\"@id\":\"https:\/\/www.participacionciudadana.org\/web\/#\/schema\/logo\/image\/\",\"url\":\"https:\/\/www.participacionciudadana.org\/web\/wp-content\/uploads\/2021\/11\/cropped-logo_pc-1.png\",\"contentUrl\":\"https:\/\/www.participacionciudadana.org\/web\/wp-content\/uploads\/2021\/11\/cropped-logo_pc-1.png\",\"width\":340,\"height\":114,\"caption\":\"Participaci\u00f3n Ciudadana\"},\"image\":{\"@id\":\"https:\/\/www.participacionciudadana.org\/web\/#\/schema\/logo\/image\/\"},\"sameAs\":[\"https:\/\/www.facebook.com\/ParticipacionPC\/\",\"https:\/\/x.com\/ParticipacionPC\"]},{\"@type\":\"Person\",\"@id\":\"https:\/\/www.participacionciudadana.org\/web\/#\/schema\/person\/67ded4b29f4c10d217a0e025340d23ea\",\"name\":\"auzfabian\",\"image\":{\"@type\":\"ImageObject\",\"inLanguage\":\"es\",\"@id\":\"https:\/\/www.participacionciudadana.org\/web\/#\/schema\/person\/image\/\",\"url\":\"https:\/\/secure.gravatar.com\/avatar\/b07eacb2fae81fba8818d35abde16f5d26c3e833d77fabbeeb8d53523e796bde?s=96&d=mm&r=g\",\"contentUrl\":\"https:\/\/secure.gravatar.com\/avatar\/b07eacb2fae81fba8818d35abde16f5d26c3e833d77fabbeeb8d53523e796bde?s=96&d=mm&r=g\",\"caption\":\"auzfabian\"},\"sameAs\":[\"https:\/\/www.participacionciudadana.org\/web\"],\"url\":\"https:\/\/www.participacionciudadana.org\/web\/author\/auzfabian\/\"}]}<\/script>\n<!-- \/ Yoast SEO plugin. -->","yoast_head_json":{"title":"6.229 minutos en publicidad oficial se han emitido en junio de 2023 - Participaci\u00f3n Ciudadana","robots":{"index":"index","follow":"follow","max-snippet":"max-snippet:-1","max-image-preview":"max-image-preview:large","max-video-preview":"max-video-preview:-1"},"canonical":"https:\/\/www.participacionciudadana.org\/web\/2023\/07\/12\/6-229-minutos-en-publicidad-oficial-se-han-emitido-en-junio-de-2023\/","og_locale":"es_ES","og_type":"article","og_title":"6.229 minutos en publicidad oficial se han emitido en junio de 2023 - Participaci\u00f3n Ciudadana","og_description":"El Centro de Monitoreo de Medios de la Corporaci\u00f3n Participaci\u00f3n Ciudadana presenta el informe de publicidad oficial, en el mes de junio 2023, con base en los 11 canales de televisi\u00f3n monitoreados. Accede al reporte completo aqu\u00ed","og_url":"https:\/\/www.participacionciudadana.org\/web\/2023\/07\/12\/6-229-minutos-en-publicidad-oficial-se-han-emitido-en-junio-de-2023\/","og_site_name":"Participaci\u00f3n Ciudadana","article_publisher":"https:\/\/www.facebook.com\/ParticipacionPC\/","article_published_time":"2023-07-12T19:37:51+00:00","article_modified_time":"2023-07-12T19:42:06+00:00","og_image":[{"width":600,"height":600,"url":"https:\/\/www.participacionciudadana.org\/web\/wp-content\/uploads\/2023\/07\/1i-1.jpeg","type":"image\/jpeg"}],"author":"auzfabian","twitter_card":"summary_large_image","twitter_creator":"@ParticipacionPC","twitter_site":"@ParticipacionPC","twitter_misc":{"Escrito por":"auzfabian"},"schema":{"@context":"https:\/\/schema.org","@graph":[{"@type":"Article","@id":"https:\/\/www.participacionciudadana.org\/web\/2023\/07\/12\/6-229-minutos-en-publicidad-oficial-se-han-emitido-en-junio-de-2023\/#article","isPartOf":{"@id":"https:\/\/www.participacionciudadana.org\/web\/2023\/07\/12\/6-229-minutos-en-publicidad-oficial-se-han-emitido-en-junio-de-2023\/"},"author":{"name":"auzfabian","@id":"https:\/\/www.participacionciudadana.org\/web\/#\/schema\/person\/67ded4b29f4c10d217a0e025340d23ea"},"headline":"6.229 minutos en publicidad oficial se han emitido en junio de 2023","datePublished":"2023-07-12T19:37:51+00:00","dateModified":"2023-07-12T19:42:06+00:00","mainEntityOfPage":{"@id":"https:\/\/www.participacionciudadana.org\/web\/2023\/07\/12\/6-229-minutos-en-publicidad-oficial-se-han-emitido-en-junio-de-2023\/"},"wordCount":50,"commentCount":0,"publisher":{"@id":"https:\/\/www.participacionciudadana.org\/web\/#organization"},"image":{"@id":"https:\/\/www.participacionciudadana.org\/web\/2023\/07\/12\/6-229-minutos-en-publicidad-oficial-se-han-emitido-en-junio-de-2023\/#primaryimage"},"thumbnailUrl":"https:\/\/www.participacionciudadana.org\/web\/wp-content\/uploads\/2023\/07\/1i-1.jpeg","keywords":["monitoreo publicidad oficial 2023"],"articleSection":["Actualidad","Comunicaci\u00f3n"],"inLanguage":"es","potentialAction":[{"@type":"CommentAction","name":"Comment","target":["https:\/\/www.participacionciudadana.org\/web\/2023\/07\/12\/6-229-minutos-en-publicidad-oficial-se-han-emitido-en-junio-de-2023\/#respond"]}]},{"@type":"WebPage","@id":"https:\/\/www.participacionciudadana.org\/web\/2023\/07\/12\/6-229-minutos-en-publicidad-oficial-se-han-emitido-en-junio-de-2023\/","url":"https:\/\/www.participacionciudadana.org\/web\/2023\/07\/12\/6-229-minutos-en-publicidad-oficial-se-han-emitido-en-junio-de-2023\/","name":"6.229 minutos en publicidad oficial se han emitido en junio de 2023 - Participaci\u00f3n Ciudadana","isPartOf":{"@id":"https:\/\/www.participacionciudadana.org\/web\/#website"},"primaryImageOfPage":{"@id":"https:\/\/www.participacionciudadana.org\/web\/2023\/07\/12\/6-229-minutos-en-publicidad-oficial-se-han-emitido-en-junio-de-2023\/#primaryimage"},"image":{"@id":"https:\/\/www.participacionciudadana.org\/web\/2023\/07\/12\/6-229-minutos-en-publicidad-oficial-se-han-emitido-en-junio-de-2023\/#primaryimage"},"thumbnailUrl":"https:\/\/www.participacionciudadana.org\/web\/wp-content\/uploads\/2023\/07\/1i-1.jpeg","datePublished":"2023-07-12T19:37:51+00:00","dateModified":"2023-07-12T19:42:06+00:00","breadcrumb":{"@id":"https:\/\/www.participacionciudadana.org\/web\/2023\/07\/12\/6-229-minutos-en-publicidad-oficial-se-han-emitido-en-junio-de-2023\/#breadcrumb"},"inLanguage":"es","potentialAction":[{"@type":"ReadAction","target":["https:\/\/www.participacionciudadana.org\/web\/2023\/07\/12\/6-229-minutos-en-publicidad-oficial-se-han-emitido-en-junio-de-2023\/"]}]},{"@type":"ImageObject","inLanguage":"es","@id":"https:\/\/www.participacionciudadana.org\/web\/2023\/07\/12\/6-229-minutos-en-publicidad-oficial-se-han-emitido-en-junio-de-2023\/#primaryimage","url":"https:\/\/www.participacionciudadana.org\/web\/wp-content\/uploads\/2023\/07\/1i-1.jpeg","contentUrl":"https:\/\/www.participacionciudadana.org\/web\/wp-content\/uploads\/2023\/07\/1i-1.jpeg","width":600,"height":600},{"@type":"BreadcrumbList","@id":"https:\/\/www.participacionciudadana.org\/web\/2023\/07\/12\/6-229-minutos-en-publicidad-oficial-se-han-emitido-en-junio-de-2023\/#breadcrumb","itemListElement":[{"@type":"ListItem","position":1,"name":"Portada","item":"https:\/\/www.participacionciudadana.org\/web\/"},{"@type":"ListItem","position":2,"name":"6.229 minutos en publicidad oficial se han emitido en junio de 2023"}]},{"@type":"WebSite","@id":"https:\/\/www.participacionciudadana.org\/web\/#website","url":"https:\/\/www.participacionciudadana.org\/web\/","name":"Participaci\u00f3n Ciudadana","description":"Comprometidos con la democracia","publisher":{"@id":"https:\/\/www.participacionciudadana.org\/web\/#organization"},"potentialAction":[{"@type":"SearchAction","target":{"@type":"EntryPoint","urlTemplate":"https:\/\/www.participacionciudadana.org\/web\/?s={search_term_string}"},"query-input":{"@type":"PropertyValueSpecification","valueRequired":true,"valueName":"search_term_string"}}],"inLanguage":"es"},{"@type":"Organization","@id":"https:\/\/www.participacionciudadana.org\/web\/#organization","name":"Participaci\u00f3n Ciudadana","url":"https:\/\/www.participacionciudadana.org\/web\/","logo":{"@type":"ImageObject","inLanguage":"es","@id":"https:\/\/www.participacionciudadana.org\/web\/#\/schema\/logo\/image\/","url":"https:\/\/www.participacionciudadana.org\/web\/wp-content\/uploads\/2021\/11\/cropped-logo_pc-1.png","contentUrl":"https:\/\/www.participacionciudadana.org\/web\/wp-content\/uploads\/2021\/11\/cropped-logo_pc-1.png","width":340,"height":114,"caption":"Participaci\u00f3n Ciudadana"},"image":{"@id":"https:\/\/www.participacionciudadana.org\/web\/#\/schema\/logo\/image\/"},"sameAs":["https:\/\/www.facebook.com\/ParticipacionPC\/","https:\/\/x.com\/ParticipacionPC"]},{"@type":"Person","@id":"https:\/\/www.participacionciudadana.org\/web\/#\/schema\/person\/67ded4b29f4c10d217a0e025340d23ea","name":"auzfabian","image":{"@type":"ImageObject","inLanguage":"es","@id":"https:\/\/www.participacionciudadana.org\/web\/#\/schema\/person\/image\/","url":"https:\/\/secure.gravatar.com\/avatar\/b07eacb2fae81fba8818d35abde16f5d26c3e833d77fabbeeb8d53523e796bde?s=96&d=mm&r=g","contentUrl":"https:\/\/secure.gravatar.com\/avatar\/b07eacb2fae81fba8818d35abde16f5d26c3e833d77fabbeeb8d53523e796bde?s=96&d=mm&r=g","caption":"auzfabian"},"sameAs":["https:\/\/www.participacionciudadana.org\/web"],"url":"https:\/\/www.participacionciudadana.org\/web\/author\/auzfabian\/"}]}},"_links":{"self":[{"href":"https:\/\/www.participacionciudadana.org\/web\/wp-json\/wp\/v2\/posts\/5701","targetHints":{"allow":["GET"]}}],"collection":[{"href":"https:\/\/www.participacionciudadana.org\/web\/wp-json\/wp\/v2\/posts"}],"about":[{"href":"https:\/\/www.participacionciudadana.org\/web\/wp-json\/wp\/v2\/types\/post"}],"author":[{"embeddable":true,"href":"https:\/\/www.participacionciudadana.org\/web\/wp-json\/wp\/v2\/users\/1"}],"replies":[{"embeddable":true,"href":"https:\/\/www.participacionciudadana.org\/web\/wp-json\/wp\/v2\/comments?post=5701"}],"version-history":[{"count":0,"href":"https:\/\/www.participacionciudadana.org\/web\/wp-json\/wp\/v2\/posts\/5701\/revisions"}],"wp:featuredmedia":[{"embeddable":true,"href":"https:\/\/www.participacionciudadana.org\/web\/wp-json\/wp\/v2\/media\/5703"}],"wp:attachment":[{"href":"https:\/\/www.participacionciudadana.org\/web\/wp-json\/wp\/v2\/media?parent=5701"}],"wp:term":[{"taxonomy":"category","embeddable":true,"href":"https:\/\/www.participacionciudadana.org\/web\/wp-json\/wp\/v2\/categories?post=5701"},{"taxonomy":"post_tag","embeddable":true,"href":"https:\/\/www.participacionciudadana.org\/web\/wp-json\/wp\/v2\/tags?post=5701"}],"curies":[{"name":"wp","href":"https:\/\/api.w.org\/{rel}","templated":true}]}}