{"id":5989,"date":"2023-08-20T20:35:38","date_gmt":"2023-08-21T01:35:38","guid":{"rendered":"https:\/\/www.participacionciudadana.org\/web\/?p=5989"},"modified":"2023-09-01T09:56:46","modified_gmt":"2023-09-01T14:56:46","slug":"pc-destaca-la-actitud-civica-y-democratica-de-los-ciudadanos-en-la-jornada-electoral","status":"publish","type":"post","link":"https:\/\/www.participacionciudadana.org\/web\/2023\/08\/20\/pc-destaca-la-actitud-civica-y-democratica-de-los-ciudadanos-en-la-jornada-electoral\/","title":{"rendered":"PC destaca la actitud c\u00edvica y democr\u00e1tica de los ciudadanos, en la jornada electoral"},"content":{"rendered":"\n<p class=\"has-text-align-right\">Domingo, 20 de agosto de 2023<\/p>\n\n\n\n<p>PC present\u00f3 el informe de cierre de la observaci\u00f3n electoral cualitativa, transmitida en tiempo real, por parte de los cerca de 700 observadores electorales, desplegados en 10 ciudades del Ecuador.<\/p>\n\n\n\n<p>En cuanto al cierre de la jornada, se registr\u00f3 que el <strong>86 por ciento de juntas receptoras del voto cerraron a las 17:00, mientras que un nueve por ciento, antes de las 17:00 y un cinco por ciento, despu\u00e9s de las 17:00<\/strong><\/p>\n\n\n\n<p>En los recintos observados, se registr\u00f3 que el <strong>92 por ciento de ciudadanos,<\/strong> al cierre del proceso, ejerci\u00f3 su derecho al voto; mientras que un ocho por ciento no sufrag\u00f3<\/p>\n\n\n\n<p>La observaci\u00f3n reflej\u00f3 tambi\u00e9n que un 85 por ciento de las urnas se abrieron en presencia de observadores y delegados de partidos y movimientos pol\u00edticos<\/p>\n\n\n\n<p>En un 98 por ciento se registra que el conteo de votos inici\u00f3 de manera ordenada y organizada. <\/p>\n\n\n\n<p>La directora de Participaci\u00f3n Ciudadana, Ruth Hidalgo, destac\u00f3 la participaci\u00f3n democr\u00e1tica y c\u00edvica de los ecuatorianos, en una jornada que se desarroll\u00f3 con normalidad, sin actos de violencia, ni f\u00edsica, ni verbal, en los recintos electorales.<\/p>\n\n\n\n<p>En cuanto al voto telem\u00e1tico en el exterior, Ruth Hidalgo, reiter\u00f3 su preocupaci\u00f3n por las alertas ciudadanas reportadas, as\u00ed como hizo un llamado a las autoridades electorales a adoptar medidas que garanticen el sufragio de los ecuatorianos en el exterior.<\/p>\n\n\n\n<p>PC agradece la labor y el compromiso de la red de observadores electorales, quienes han vigilado, desde el inicio hasta el final, el desarrollo de la jornada electoral<\/p>\n\n\n\n<p>Participaci\u00f3n Ciudadana, como una organizaci\u00f3n veedora del proceso electoral, reiter\u00f3 su compromiso con la veedur\u00eda social y el fortalecimiento de la democracia, a trav\u00e9s de la observaci\u00f3n electoral<\/p>\n\n\n\n<figure class=\"wp-block-gallery has-nested-images columns-default is-cropped wp-block-gallery-1 is-layout-flex wp-block-gallery-is-layout-flex\">\n<figure class=\"wp-block-image size-large\"><img fetchpriority=\"high\" decoding=\"async\" width=\"1000\" height=\"1000\" data-id=\"6007\" src=\"https:\/\/www.participacionciudadana.org\/web\/wp-content\/uploads\/2023\/08\/16.jpeg\" alt=\"\" class=\"wp-image-6007\" srcset=\"https:\/\/www.participacionciudadana.org\/web\/wp-content\/uploads\/2023\/08\/16.jpeg 1000w, https:\/\/www.participacionciudadana.org\/web\/wp-content\/uploads\/2023\/08\/16-300x300.jpeg 300w, https:\/\/www.participacionciudadana.org\/web\/wp-content\/uploads\/2023\/08\/16-150x150.jpeg 150w, https:\/\/www.participacionciudadana.org\/web\/wp-content\/uploads\/2023\/08\/16-768x768.jpeg 768w, https:\/\/www.participacionciudadana.org\/web\/wp-content\/uploads\/2023\/08\/16-600x600.jpeg 600w\" sizes=\"(max-width: 1000px) 100vw, 1000px\" \/><\/figure>\n\n\n\n<figure class=\"wp-block-image size-large\"><img decoding=\"async\" width=\"1000\" height=\"1000\" data-id=\"6008\" src=\"https:\/\/www.participacionciudadana.org\/web\/wp-content\/uploads\/2023\/08\/17.jpeg\" alt=\"\" class=\"wp-image-6008\" srcset=\"https:\/\/www.participacionciudadana.org\/web\/wp-content\/uploads\/2023\/08\/17.jpeg 1000w, https:\/\/www.participacionciudadana.org\/web\/wp-content\/uploads\/2023\/08\/17-300x300.jpeg 300w, https:\/\/www.participacionciudadana.org\/web\/wp-content\/uploads\/2023\/08\/17-150x150.jpeg 150w, https:\/\/www.participacionciudadana.org\/web\/wp-content\/uploads\/2023\/08\/17-768x768.jpeg 768w, https:\/\/www.participacionciudadana.org\/web\/wp-content\/uploads\/2023\/08\/17-600x600.jpeg 600w\" sizes=\"(max-width: 1000px) 100vw, 1000px\" \/><\/figure>\n<\/figure>\n\n\n\n<figure class=\"wp-block-gallery has-nested-images columns-default is-cropped wp-block-gallery-2 is-layout-flex wp-block-gallery-is-layout-flex\">\n<figure class=\"wp-block-image size-large\"><img decoding=\"async\" width=\"1000\" height=\"1000\" data-id=\"6009\" src=\"https:\/\/www.participacionciudadana.org\/web\/wp-content\/uploads\/2023\/08\/18.jpeg\" alt=\"\" class=\"wp-image-6009\" srcset=\"https:\/\/www.participacionciudadana.org\/web\/wp-content\/uploads\/2023\/08\/18.jpeg 1000w, https:\/\/www.participacionciudadana.org\/web\/wp-content\/uploads\/2023\/08\/18-300x300.jpeg 300w, https:\/\/www.participacionciudadana.org\/web\/wp-content\/uploads\/2023\/08\/18-150x150.jpeg 150w, https:\/\/www.participacionciudadana.org\/web\/wp-content\/uploads\/2023\/08\/18-768x768.jpeg 768w, https:\/\/www.participacionciudadana.org\/web\/wp-content\/uploads\/2023\/08\/18-600x600.jpeg 600w\" sizes=\"(max-width: 1000px) 100vw, 1000px\" \/><\/figure>\n\n\n\n<figure class=\"wp-block-image size-large\"><img loading=\"lazy\" decoding=\"async\" width=\"1000\" height=\"1000\" data-id=\"6010\" src=\"https:\/\/www.participacionciudadana.org\/web\/wp-content\/uploads\/2023\/08\/19.jpeg\" alt=\"\" class=\"wp-image-6010\" srcset=\"https:\/\/www.participacionciudadana.org\/web\/wp-content\/uploads\/2023\/08\/19.jpeg 1000w, https:\/\/www.participacionciudadana.org\/web\/wp-content\/uploads\/2023\/08\/19-300x300.jpeg 300w, https:\/\/www.participacionciudadana.org\/web\/wp-content\/uploads\/2023\/08\/19-150x150.jpeg 150w, https:\/\/www.participacionciudadana.org\/web\/wp-content\/uploads\/2023\/08\/19-768x768.jpeg 768w, https:\/\/www.participacionciudadana.org\/web\/wp-content\/uploads\/2023\/08\/19-600x600.jpeg 600w\" sizes=\"(max-width: 1000px) 100vw, 1000px\" \/><\/figure>\n<\/figure>\n\n\n\n<figure class=\"wp-block-gallery has-nested-images columns-default is-cropped wp-block-gallery-3 is-layout-flex wp-block-gallery-is-layout-flex\">\n<figure class=\"wp-block-image size-large\"><img loading=\"lazy\" decoding=\"async\" width=\"1000\" height=\"1000\" data-id=\"6011\" src=\"https:\/\/www.participacionciudadana.org\/web\/wp-content\/uploads\/2023\/08\/20.jpeg\" alt=\"\" class=\"wp-image-6011\" srcset=\"https:\/\/www.participacionciudadana.org\/web\/wp-content\/uploads\/2023\/08\/20.jpeg 1000w, https:\/\/www.participacionciudadana.org\/web\/wp-content\/uploads\/2023\/08\/20-300x300.jpeg 300w, https:\/\/www.participacionciudadana.org\/web\/wp-content\/uploads\/2023\/08\/20-150x150.jpeg 150w, https:\/\/www.participacionciudadana.org\/web\/wp-content\/uploads\/2023\/08\/20-768x768.jpeg 768w, https:\/\/www.participacionciudadana.org\/web\/wp-content\/uploads\/2023\/08\/20-600x600.jpeg 600w\" sizes=\"(max-width: 1000px) 100vw, 1000px\" \/><\/figure>\n\n\n\n<figure class=\"wp-block-image size-large\"><img loading=\"lazy\" decoding=\"async\" width=\"1000\" height=\"1000\" data-id=\"6012\" src=\"https:\/\/www.participacionciudadana.org\/web\/wp-content\/uploads\/2023\/08\/21.jpeg\" alt=\"\" class=\"wp-image-6012\" srcset=\"https:\/\/www.participacionciudadana.org\/web\/wp-content\/uploads\/2023\/08\/21.jpeg 1000w, https:\/\/www.participacionciudadana.org\/web\/wp-content\/uploads\/2023\/08\/21-300x300.jpeg 300w, https:\/\/www.participacionciudadana.org\/web\/wp-content\/uploads\/2023\/08\/21-150x150.jpeg 150w, https:\/\/www.participacionciudadana.org\/web\/wp-content\/uploads\/2023\/08\/21-768x768.jpeg 768w, https:\/\/www.participacionciudadana.org\/web\/wp-content\/uploads\/2023\/08\/21-600x600.jpeg 600w\" sizes=\"(max-width: 1000px) 100vw, 1000px\" \/><\/figure>\n<\/figure>\n\n\n\n<figure class=\"wp-block-gallery has-nested-images columns-default is-cropped wp-block-gallery-4 is-layout-flex wp-block-gallery-is-layout-flex\">\n<figure class=\"wp-block-image size-large\"><img loading=\"lazy\" decoding=\"async\" width=\"1000\" height=\"1000\" data-id=\"6013\" src=\"https:\/\/www.participacionciudadana.org\/web\/wp-content\/uploads\/2023\/08\/p4-1.jpg\" alt=\"\" class=\"wp-image-6013\" srcset=\"https:\/\/www.participacionciudadana.org\/web\/wp-content\/uploads\/2023\/08\/p4-1.jpg 1000w, https:\/\/www.participacionciudadana.org\/web\/wp-content\/uploads\/2023\/08\/p4-1-300x300.jpg 300w, https:\/\/www.participacionciudadana.org\/web\/wp-content\/uploads\/2023\/08\/p4-1-150x150.jpg 150w, https:\/\/www.participacionciudadana.org\/web\/wp-content\/uploads\/2023\/08\/p4-1-768x768.jpg 768w, https:\/\/www.participacionciudadana.org\/web\/wp-content\/uploads\/2023\/08\/p4-1-600x600.jpg 600w\" sizes=\"(max-width: 1000px) 100vw, 1000px\" \/><\/figure>\n\n\n\n<figure class=\"wp-block-image size-large\"><img loading=\"lazy\" decoding=\"async\" width=\"1000\" height=\"1000\" data-id=\"6014\" src=\"https:\/\/www.participacionciudadana.org\/web\/wp-content\/uploads\/2023\/08\/p5.jpg\" alt=\"\" class=\"wp-image-6014\" srcset=\"https:\/\/www.participacionciudadana.org\/web\/wp-content\/uploads\/2023\/08\/p5.jpg 1000w, https:\/\/www.participacionciudadana.org\/web\/wp-content\/uploads\/2023\/08\/p5-300x300.jpg 300w, https:\/\/www.participacionciudadana.org\/web\/wp-content\/uploads\/2023\/08\/p5-150x150.jpg 150w, https:\/\/www.participacionciudadana.org\/web\/wp-content\/uploads\/2023\/08\/p5-768x768.jpg 768w, https:\/\/www.participacionciudadana.org\/web\/wp-content\/uploads\/2023\/08\/p5-600x600.jpg 600w\" sizes=\"(max-width: 1000px) 100vw, 1000px\" \/><\/figure>\n<\/figure>\n","protected":false},"excerpt":{"rendered":"<p>Domingo, 20 de agosto de 2023 PC present\u00f3 el informe de cierre de la observaci\u00f3n electoral cualitativa, transmitida en tiempo real, por parte de los cerca de 700 observadores electorales, desplegados en 10 ciudades del Ecuador. En cuanto al cierre de la jornada, se registr\u00f3 que el 86 por ciento de juntas receptoras del voto [&hellip;]<\/p>\n","protected":false},"author":7,"featured_media":5990,"comment_status":"open","ping_status":"open","sticky":false,"template":"","format":"standard","meta":{"site-sidebar-layout":"default","site-content-layout":"","ast-site-content-layout":"default","site-content-style":"default","site-sidebar-style":"default","ast-global-header-display":"","ast-banner-title-visibility":"","ast-main-header-display":"","ast-hfb-above-header-display":"","ast-hfb-below-header-display":"","ast-hfb-mobile-header-display":"","site-post-title":"","ast-breadcrumbs-content":"","ast-featured-img":"","footer-sml-layout":"","ast-disable-related-posts":"","theme-transparent-header-meta":"","adv-header-id-meta":"","stick-header-meta":"","header-above-stick-meta":"","header-main-stick-meta":"","header-below-stick-meta":"","astra-migrate-meta-layouts":"set","ast-page-background-enabled":"default","ast-page-background-meta":{"desktop":{"background-color":"","background-image":"","background-repeat":"repeat","background-position":"center center","background-size":"auto","background-attachment":"scroll","background-type":"","background-media":"","overlay-type":"","overlay-color":"","overlay-opacity":"","overlay-gradient":""},"tablet":{"background-color":"","background-image":"","background-repeat":"repeat","background-position":"center center","background-size":"auto","background-attachment":"scroll","background-type":"","background-media":"","overlay-type":"","overlay-color":"","overlay-opacity":"","overlay-gradient":""},"mobile":{"background-color":"","background-image":"","background-repeat":"repeat","background-position":"center center","background-size":"auto","background-attachment":"scroll","background-type":"","background-media":"","overlay-type":"","overlay-color":"","overlay-opacity":"","overlay-gradient":""}},"ast-content-background-meta":{"desktop":{"background-color":"var(--ast-global-color-5)","background-image":"","background-repeat":"repeat","background-position":"center center","background-size":"auto","background-attachment":"scroll","background-type":"","background-media":"","overlay-type":"","overlay-color":"","overlay-opacity":"","overlay-gradient":""},"tablet":{"background-color":"var(--ast-global-color-5)","background-image":"","background-repeat":"repeat","background-position":"center center","background-size":"auto","background-attachment":"scroll","background-type":"","background-media":"","overlay-type":"","overlay-color":"","overlay-opacity":"","overlay-gradient":""},"mobile":{"background-color":"var(--ast-global-color-5)","background-image":"","background-repeat":"repeat","background-position":"center center","background-size":"auto","background-attachment":"scroll","background-type":"","background-media":"","overlay-type":"","overlay-color":"","overlay-opacity":"","overlay-gradient":""}},"_joinchat":[],"footnotes":""},"categories":[78,23],"tags":[],"class_list":["post-5989","post","type-post","status-publish","format-standard","has-post-thumbnail","hentry","category-boletines","category-comunicacion"],"yoast_head":"<!-- This site is optimized with the Yoast SEO plugin v26.5 - https:\/\/yoast.com\/wordpress\/plugins\/seo\/ -->\n<title>PC destaca la actitud c\u00edvica y democr\u00e1tica de los ciudadanos, en la jornada electoral - Participaci\u00f3n Ciudadana<\/title>\n<meta name=\"robots\" content=\"index, follow, max-snippet:-1, max-image-preview:large, max-video-preview:-1\" \/>\n<link rel=\"canonical\" href=\"https:\/\/www.participacionciudadana.org\/web\/2023\/08\/20\/pc-destaca-la-actitud-civica-y-democratica-de-los-ciudadanos-en-la-jornada-electoral\/\" \/>\n<meta property=\"og:locale\" content=\"es_ES\" \/>\n<meta property=\"og:type\" content=\"article\" \/>\n<meta property=\"og:title\" content=\"PC destaca la actitud c\u00edvica y democr\u00e1tica de los ciudadanos, en la jornada electoral - Participaci\u00f3n Ciudadana\" \/>\n<meta property=\"og:description\" content=\"Domingo, 20 de agosto de 2023 PC present\u00f3 el informe de cierre de la observaci\u00f3n electoral cualitativa, transmitida en tiempo real, por parte de los cerca de 700 observadores electorales, desplegados en 10 ciudades del Ecuador. En cuanto al cierre de la jornada, se registr\u00f3 que el 86 por ciento de juntas receptoras del voto [&hellip;]\" \/>\n<meta property=\"og:url\" content=\"https:\/\/www.participacionciudadana.org\/web\/2023\/08\/20\/pc-destaca-la-actitud-civica-y-democratica-de-los-ciudadanos-en-la-jornada-electoral\/\" \/>\n<meta property=\"og:site_name\" content=\"Participaci\u00f3n Ciudadana\" \/>\n<meta property=\"article:publisher\" content=\"https:\/\/www.facebook.com\/ParticipacionPC\/\" \/>\n<meta property=\"article:published_time\" content=\"2023-08-21T01:35:38+00:00\" \/>\n<meta property=\"article:modified_time\" content=\"2023-09-01T14:56:46+00:00\" \/>\n<meta property=\"og:image\" content=\"https:\/\/www.participacionciudadana.org\/web\/wp-content\/uploads\/2023\/08\/bole-3.jpeg\" \/>\n\t<meta property=\"og:image:width\" content=\"800\" \/>\n\t<meta property=\"og:image:height\" content=\"800\" \/>\n\t<meta property=\"og:image:type\" content=\"image\/jpeg\" \/>\n<meta name=\"author\" content=\"Karen Ramos\" \/>\n<meta name=\"twitter:card\" content=\"summary_large_image\" \/>\n<meta name=\"twitter:image\" content=\"https:\/\/www.participacionciudadana.org\/web\/wp-content\/uploads\/2023\/08\/bole-3.jpeg\" \/>\n<meta name=\"twitter:creator\" content=\"@ParticipacionPC\" \/>\n<meta name=\"twitter:site\" content=\"@ParticipacionPC\" \/>\n<meta name=\"twitter:label1\" content=\"Escrito por\" \/>\n\t<meta name=\"twitter:data1\" content=\"Karen Ramos\" \/>\n\t<meta name=\"twitter:label2\" content=\"Tiempo de lectura\" \/>\n\t<meta name=\"twitter:data2\" content=\"3 minutos\" \/>\n<script type=\"application\/ld+json\" class=\"yoast-schema-graph\">{\"@context\":\"https:\/\/schema.org\",\"@graph\":[{\"@type\":\"Article\",\"@id\":\"https:\/\/www.participacionciudadana.org\/web\/2023\/08\/20\/pc-destaca-la-actitud-civica-y-democratica-de-los-ciudadanos-en-la-jornada-electoral\/#article\",\"isPartOf\":{\"@id\":\"https:\/\/www.participacionciudadana.org\/web\/2023\/08\/20\/pc-destaca-la-actitud-civica-y-democratica-de-los-ciudadanos-en-la-jornada-electoral\/\"},\"author\":{\"name\":\"Karen Ramos\",\"@id\":\"https:\/\/www.participacionciudadana.org\/web\/#\/schema\/person\/7d1c54696e041e527f8fbfd6c9b513ae\"},\"headline\":\"PC destaca la actitud c\u00edvica y democr\u00e1tica de los ciudadanos, en la jornada electoral\",\"datePublished\":\"2023-08-21T01:35:38+00:00\",\"dateModified\":\"2023-09-01T14:56:46+00:00\",\"mainEntityOfPage\":{\"@id\":\"https:\/\/www.participacionciudadana.org\/web\/2023\/08\/20\/pc-destaca-la-actitud-civica-y-democratica-de-los-ciudadanos-en-la-jornada-electoral\/\"},\"wordCount\":305,\"commentCount\":0,\"publisher\":{\"@id\":\"https:\/\/www.participacionciudadana.org\/web\/#organization\"},\"image\":{\"@id\":\"https:\/\/www.participacionciudadana.org\/web\/2023\/08\/20\/pc-destaca-la-actitud-civica-y-democratica-de-los-ciudadanos-en-la-jornada-electoral\/#primaryimage\"},\"thumbnailUrl\":\"https:\/\/www.participacionciudadana.org\/web\/wp-content\/uploads\/2023\/08\/bole-3.jpeg\",\"articleSection\":[\"Boletines\",\"Comunicaci\u00f3n\"],\"inLanguage\":\"es\",\"potentialAction\":[{\"@type\":\"CommentAction\",\"name\":\"Comment\",\"target\":[\"https:\/\/www.participacionciudadana.org\/web\/2023\/08\/20\/pc-destaca-la-actitud-civica-y-democratica-de-los-ciudadanos-en-la-jornada-electoral\/#respond\"]}]},{\"@type\":\"WebPage\",\"@id\":\"https:\/\/www.participacionciudadana.org\/web\/2023\/08\/20\/pc-destaca-la-actitud-civica-y-democratica-de-los-ciudadanos-en-la-jornada-electoral\/\",\"url\":\"https:\/\/www.participacionciudadana.org\/web\/2023\/08\/20\/pc-destaca-la-actitud-civica-y-democratica-de-los-ciudadanos-en-la-jornada-electoral\/\",\"name\":\"PC destaca la actitud c\u00edvica y democr\u00e1tica de los ciudadanos, en la jornada electoral - Participaci\u00f3n Ciudadana\",\"isPartOf\":{\"@id\":\"https:\/\/www.participacionciudadana.org\/web\/#website\"},\"primaryImageOfPage\":{\"@id\":\"https:\/\/www.participacionciudadana.org\/web\/2023\/08\/20\/pc-destaca-la-actitud-civica-y-democratica-de-los-ciudadanos-en-la-jornada-electoral\/#primaryimage\"},\"image\":{\"@id\":\"https:\/\/www.participacionciudadana.org\/web\/2023\/08\/20\/pc-destaca-la-actitud-civica-y-democratica-de-los-ciudadanos-en-la-jornada-electoral\/#primaryimage\"},\"thumbnailUrl\":\"https:\/\/www.participacionciudadana.org\/web\/wp-content\/uploads\/2023\/08\/bole-3.jpeg\",\"datePublished\":\"2023-08-21T01:35:38+00:00\",\"dateModified\":\"2023-09-01T14:56:46+00:00\",\"breadcrumb\":{\"@id\":\"https:\/\/www.participacionciudadana.org\/web\/2023\/08\/20\/pc-destaca-la-actitud-civica-y-democratica-de-los-ciudadanos-en-la-jornada-electoral\/#breadcrumb\"},\"inLanguage\":\"es\",\"potentialAction\":[{\"@type\":\"ReadAction\",\"target\":[\"https:\/\/www.participacionciudadana.org\/web\/2023\/08\/20\/pc-destaca-la-actitud-civica-y-democratica-de-los-ciudadanos-en-la-jornada-electoral\/\"]}]},{\"@type\":\"ImageObject\",\"inLanguage\":\"es\",\"@id\":\"https:\/\/www.participacionciudadana.org\/web\/2023\/08\/20\/pc-destaca-la-actitud-civica-y-democratica-de-los-ciudadanos-en-la-jornada-electoral\/#primaryimage\",\"url\":\"https:\/\/www.participacionciudadana.org\/web\/wp-content\/uploads\/2023\/08\/bole-3.jpeg\",\"contentUrl\":\"https:\/\/www.participacionciudadana.org\/web\/wp-content\/uploads\/2023\/08\/bole-3.jpeg\",\"width\":800,\"height\":800},{\"@type\":\"BreadcrumbList\",\"@id\":\"https:\/\/www.participacionciudadana.org\/web\/2023\/08\/20\/pc-destaca-la-actitud-civica-y-democratica-de-los-ciudadanos-en-la-jornada-electoral\/#breadcrumb\",\"itemListElement\":[{\"@type\":\"ListItem\",\"position\":1,\"name\":\"Portada\",\"item\":\"https:\/\/www.participacionciudadana.org\/web\/\"},{\"@type\":\"ListItem\",\"position\":2,\"name\":\"PC destaca la actitud c\u00edvica y democr\u00e1tica de los ciudadanos, en la jornada electoral\"}]},{\"@type\":\"WebSite\",\"@id\":\"https:\/\/www.participacionciudadana.org\/web\/#website\",\"url\":\"https:\/\/www.participacionciudadana.org\/web\/\",\"name\":\"Participaci\u00f3n Ciudadana\",\"description\":\"Comprometidos con la democracia\",\"publisher\":{\"@id\":\"https:\/\/www.participacionciudadana.org\/web\/#organization\"},\"potentialAction\":[{\"@type\":\"SearchAction\",\"target\":{\"@type\":\"EntryPoint\",\"urlTemplate\":\"https:\/\/www.participacionciudadana.org\/web\/?s={search_term_string}\"},\"query-input\":{\"@type\":\"PropertyValueSpecification\",\"valueRequired\":true,\"valueName\":\"search_term_string\"}}],\"inLanguage\":\"es\"},{\"@type\":\"Organization\",\"@id\":\"https:\/\/www.participacionciudadana.org\/web\/#organization\",\"name\":\"Participaci\u00f3n Ciudadana\",\"url\":\"https:\/\/www.participacionciudadana.org\/web\/\",\"logo\":{\"@type\":\"ImageObject\",\"inLanguage\":\"es\",\"@id\":\"https:\/\/www.participacionciudadana.org\/web\/#\/schema\/logo\/image\/\",\"url\":\"https:\/\/www.participacionciudadana.org\/web\/wp-content\/uploads\/2021\/11\/cropped-logo_pc-1.png\",\"contentUrl\":\"https:\/\/www.participacionciudadana.org\/web\/wp-content\/uploads\/2021\/11\/cropped-logo_pc-1.png\",\"width\":340,\"height\":114,\"caption\":\"Participaci\u00f3n Ciudadana\"},\"image\":{\"@id\":\"https:\/\/www.participacionciudadana.org\/web\/#\/schema\/logo\/image\/\"},\"sameAs\":[\"https:\/\/www.facebook.com\/ParticipacionPC\/\",\"https:\/\/x.com\/ParticipacionPC\"]},{\"@type\":\"Person\",\"@id\":\"https:\/\/www.participacionciudadana.org\/web\/#\/schema\/person\/7d1c54696e041e527f8fbfd6c9b513ae\",\"name\":\"Karen Ramos\",\"image\":{\"@type\":\"ImageObject\",\"inLanguage\":\"es\",\"@id\":\"https:\/\/www.participacionciudadana.org\/web\/#\/schema\/person\/image\/\",\"url\":\"https:\/\/secure.gravatar.com\/avatar\/286968dbb3bb60217f1c7034fda5fe010f5c132ea9d76191d7dbe615e76f9e88?s=96&d=mm&r=g\",\"contentUrl\":\"https:\/\/secure.gravatar.com\/avatar\/286968dbb3bb60217f1c7034fda5fe010f5c132ea9d76191d7dbe615e76f9e88?s=96&d=mm&r=g\",\"caption\":\"Karen Ramos\"},\"url\":\"https:\/\/www.participacionciudadana.org\/web\/author\/karenliz\/\"}]}<\/script>\n<!-- \/ Yoast SEO plugin. -->","yoast_head_json":{"title":"PC destaca la actitud c\u00edvica y democr\u00e1tica de los ciudadanos, en la jornada electoral - Participaci\u00f3n Ciudadana","robots":{"index":"index","follow":"follow","max-snippet":"max-snippet:-1","max-image-preview":"max-image-preview:large","max-video-preview":"max-video-preview:-1"},"canonical":"https:\/\/www.participacionciudadana.org\/web\/2023\/08\/20\/pc-destaca-la-actitud-civica-y-democratica-de-los-ciudadanos-en-la-jornada-electoral\/","og_locale":"es_ES","og_type":"article","og_title":"PC destaca la actitud c\u00edvica y democr\u00e1tica de los ciudadanos, en la jornada electoral - Participaci\u00f3n Ciudadana","og_description":"Domingo, 20 de agosto de 2023 PC present\u00f3 el informe de cierre de la observaci\u00f3n electoral cualitativa, transmitida en tiempo real, por parte de los cerca de 700 observadores electorales, desplegados en 10 ciudades del Ecuador. En cuanto al cierre de la jornada, se registr\u00f3 que el 86 por ciento de juntas receptoras del voto [&hellip;]","og_url":"https:\/\/www.participacionciudadana.org\/web\/2023\/08\/20\/pc-destaca-la-actitud-civica-y-democratica-de-los-ciudadanos-en-la-jornada-electoral\/","og_site_name":"Participaci\u00f3n Ciudadana","article_publisher":"https:\/\/www.facebook.com\/ParticipacionPC\/","article_published_time":"2023-08-21T01:35:38+00:00","article_modified_time":"2023-09-01T14:56:46+00:00","og_image":[{"width":800,"height":800,"url":"https:\/\/www.participacionciudadana.org\/web\/wp-content\/uploads\/2023\/08\/bole-3.jpeg","type":"image\/jpeg"}],"author":"Karen Ramos","twitter_card":"summary_large_image","twitter_image":"https:\/\/www.participacionciudadana.org\/web\/wp-content\/uploads\/2023\/08\/bole-3.jpeg","twitter_creator":"@ParticipacionPC","twitter_site":"@ParticipacionPC","twitter_misc":{"Escrito por":"Karen Ramos","Tiempo de lectura":"3 minutos"},"schema":{"@context":"https:\/\/schema.org","@graph":[{"@type":"Article","@id":"https:\/\/www.participacionciudadana.org\/web\/2023\/08\/20\/pc-destaca-la-actitud-civica-y-democratica-de-los-ciudadanos-en-la-jornada-electoral\/#article","isPartOf":{"@id":"https:\/\/www.participacionciudadana.org\/web\/2023\/08\/20\/pc-destaca-la-actitud-civica-y-democratica-de-los-ciudadanos-en-la-jornada-electoral\/"},"author":{"name":"Karen Ramos","@id":"https:\/\/www.participacionciudadana.org\/web\/#\/schema\/person\/7d1c54696e041e527f8fbfd6c9b513ae"},"headline":"PC destaca la actitud c\u00edvica y democr\u00e1tica de los ciudadanos, en la jornada electoral","datePublished":"2023-08-21T01:35:38+00:00","dateModified":"2023-09-01T14:56:46+00:00","mainEntityOfPage":{"@id":"https:\/\/www.participacionciudadana.org\/web\/2023\/08\/20\/pc-destaca-la-actitud-civica-y-democratica-de-los-ciudadanos-en-la-jornada-electoral\/"},"wordCount":305,"commentCount":0,"publisher":{"@id":"https:\/\/www.participacionciudadana.org\/web\/#organization"},"image":{"@id":"https:\/\/www.participacionciudadana.org\/web\/2023\/08\/20\/pc-destaca-la-actitud-civica-y-democratica-de-los-ciudadanos-en-la-jornada-electoral\/#primaryimage"},"thumbnailUrl":"https:\/\/www.participacionciudadana.org\/web\/wp-content\/uploads\/2023\/08\/bole-3.jpeg","articleSection":["Boletines","Comunicaci\u00f3n"],"inLanguage":"es","potentialAction":[{"@type":"CommentAction","name":"Comment","target":["https:\/\/www.participacionciudadana.org\/web\/2023\/08\/20\/pc-destaca-la-actitud-civica-y-democratica-de-los-ciudadanos-en-la-jornada-electoral\/#respond"]}]},{"@type":"WebPage","@id":"https:\/\/www.participacionciudadana.org\/web\/2023\/08\/20\/pc-destaca-la-actitud-civica-y-democratica-de-los-ciudadanos-en-la-jornada-electoral\/","url":"https:\/\/www.participacionciudadana.org\/web\/2023\/08\/20\/pc-destaca-la-actitud-civica-y-democratica-de-los-ciudadanos-en-la-jornada-electoral\/","name":"PC destaca la actitud c\u00edvica y democr\u00e1tica de los ciudadanos, en la jornada electoral - Participaci\u00f3n Ciudadana","isPartOf":{"@id":"https:\/\/www.participacionciudadana.org\/web\/#website"},"primaryImageOfPage":{"@id":"https:\/\/www.participacionciudadana.org\/web\/2023\/08\/20\/pc-destaca-la-actitud-civica-y-democratica-de-los-ciudadanos-en-la-jornada-electoral\/#primaryimage"},"image":{"@id":"https:\/\/www.participacionciudadana.org\/web\/2023\/08\/20\/pc-destaca-la-actitud-civica-y-democratica-de-los-ciudadanos-en-la-jornada-electoral\/#primaryimage"},"thumbnailUrl":"https:\/\/www.participacionciudadana.org\/web\/wp-content\/uploads\/2023\/08\/bole-3.jpeg","datePublished":"2023-08-21T01:35:38+00:00","dateModified":"2023-09-01T14:56:46+00:00","breadcrumb":{"@id":"https:\/\/www.participacionciudadana.org\/web\/2023\/08\/20\/pc-destaca-la-actitud-civica-y-democratica-de-los-ciudadanos-en-la-jornada-electoral\/#breadcrumb"},"inLanguage":"es","potentialAction":[{"@type":"ReadAction","target":["https:\/\/www.participacionciudadana.org\/web\/2023\/08\/20\/pc-destaca-la-actitud-civica-y-democratica-de-los-ciudadanos-en-la-jornada-electoral\/"]}]},{"@type":"ImageObject","inLanguage":"es","@id":"https:\/\/www.participacionciudadana.org\/web\/2023\/08\/20\/pc-destaca-la-actitud-civica-y-democratica-de-los-ciudadanos-en-la-jornada-electoral\/#primaryimage","url":"https:\/\/www.participacionciudadana.org\/web\/wp-content\/uploads\/2023\/08\/bole-3.jpeg","contentUrl":"https:\/\/www.participacionciudadana.org\/web\/wp-content\/uploads\/2023\/08\/bole-3.jpeg","width":800,"height":800},{"@type":"BreadcrumbList","@id":"https:\/\/www.participacionciudadana.org\/web\/2023\/08\/20\/pc-destaca-la-actitud-civica-y-democratica-de-los-ciudadanos-en-la-jornada-electoral\/#breadcrumb","itemListElement":[{"@type":"ListItem","position":1,"name":"Portada","item":"https:\/\/www.participacionciudadana.org\/web\/"},{"@type":"ListItem","position":2,"name":"PC destaca la actitud c\u00edvica y democr\u00e1tica de los ciudadanos, en la jornada electoral"}]},{"@type":"WebSite","@id":"https:\/\/www.participacionciudadana.org\/web\/#website","url":"https:\/\/www.participacionciudadana.org\/web\/","name":"Participaci\u00f3n Ciudadana","description":"Comprometidos con la democracia","publisher":{"@id":"https:\/\/www.participacionciudadana.org\/web\/#organization"},"potentialAction":[{"@type":"SearchAction","target":{"@type":"EntryPoint","urlTemplate":"https:\/\/www.participacionciudadana.org\/web\/?s={search_term_string}"},"query-input":{"@type":"PropertyValueSpecification","valueRequired":true,"valueName":"search_term_string"}}],"inLanguage":"es"},{"@type":"Organization","@id":"https:\/\/www.participacionciudadana.org\/web\/#organization","name":"Participaci\u00f3n Ciudadana","url":"https:\/\/www.participacionciudadana.org\/web\/","logo":{"@type":"ImageObject","inLanguage":"es","@id":"https:\/\/www.participacionciudadana.org\/web\/#\/schema\/logo\/image\/","url":"https:\/\/www.participacionciudadana.org\/web\/wp-content\/uploads\/2021\/11\/cropped-logo_pc-1.png","contentUrl":"https:\/\/www.participacionciudadana.org\/web\/wp-content\/uploads\/2021\/11\/cropped-logo_pc-1.png","width":340,"height":114,"caption":"Participaci\u00f3n Ciudadana"},"image":{"@id":"https:\/\/www.participacionciudadana.org\/web\/#\/schema\/logo\/image\/"},"sameAs":["https:\/\/www.facebook.com\/ParticipacionPC\/","https:\/\/x.com\/ParticipacionPC"]},{"@type":"Person","@id":"https:\/\/www.participacionciudadana.org\/web\/#\/schema\/person\/7d1c54696e041e527f8fbfd6c9b513ae","name":"Karen Ramos","image":{"@type":"ImageObject","inLanguage":"es","@id":"https:\/\/www.participacionciudadana.org\/web\/#\/schema\/person\/image\/","url":"https:\/\/secure.gravatar.com\/avatar\/286968dbb3bb60217f1c7034fda5fe010f5c132ea9d76191d7dbe615e76f9e88?s=96&d=mm&r=g","contentUrl":"https:\/\/secure.gravatar.com\/avatar\/286968dbb3bb60217f1c7034fda5fe010f5c132ea9d76191d7dbe615e76f9e88?s=96&d=mm&r=g","caption":"Karen Ramos"},"url":"https:\/\/www.participacionciudadana.org\/web\/author\/karenliz\/"}]}},"_links":{"self":[{"href":"https:\/\/www.participacionciudadana.org\/web\/wp-json\/wp\/v2\/posts\/5989","targetHints":{"allow":["GET"]}}],"collection":[{"href":"https:\/\/www.participacionciudadana.org\/web\/wp-json\/wp\/v2\/posts"}],"about":[{"href":"https:\/\/www.participacionciudadana.org\/web\/wp-json\/wp\/v2\/types\/post"}],"author":[{"embeddable":true,"href":"https:\/\/www.participacionciudadana.org\/web\/wp-json\/wp\/v2\/users\/7"}],"replies":[{"embeddable":true,"href":"https:\/\/www.participacionciudadana.org\/web\/wp-json\/wp\/v2\/comments?post=5989"}],"version-history":[{"count":0,"href":"https:\/\/www.participacionciudadana.org\/web\/wp-json\/wp\/v2\/posts\/5989\/revisions"}],"wp:featuredmedia":[{"embeddable":true,"href":"https:\/\/www.participacionciudadana.org\/web\/wp-json\/wp\/v2\/media\/5990"}],"wp:attachment":[{"href":"https:\/\/www.participacionciudadana.org\/web\/wp-json\/wp\/v2\/media?parent=5989"}],"wp:term":[{"taxonomy":"category","embeddable":true,"href":"https:\/\/www.participacionciudadana.org\/web\/wp-json\/wp\/v2\/categories?post=5989"},{"taxonomy":"post_tag","embeddable":true,"href":"https:\/\/www.participacionciudadana.org\/web\/wp-json\/wp\/v2\/tags?post=5989"}],"curies":[{"name":"wp","href":"https:\/\/api.w.org\/{rel}","templated":true}]}}