{"id":6074,"date":"2023-09-04T14:53:26","date_gmt":"2023-09-04T19:53:26","guid":{"rendered":"https:\/\/www.participacionciudadana.org\/web\/?p=6074"},"modified":"2023-09-04T14:53:29","modified_gmt":"2023-09-04T19:53:29","slug":"jornada-de-capacitacion-a-la-organizacion-pakkiru","status":"publish","type":"post","link":"https:\/\/www.participacionciudadana.org\/web\/2023\/09\/04\/jornada-de-capacitacion-a-la-organizacion-pakkiru\/","title":{"rendered":"Jornada de capacitaci\u00f3n a la Organizaci\u00f3n\u00a0Pakkiru"},"content":{"rendered":"\n<p>En la ciudad del Puyo, 40 personas pertenecientes a las diferentes comunas y pueblos de la Organizaci\u00f3n Pakkiru, realizaron una jornada de capacitaci\u00f3n y acompa\u00f1amiento t\u00e9cnico en materia de Elaboraci\u00f3n, control y seguimiento de proyectos, desarrollada por la Corporaci\u00f3n ECOLEX, en el marco del proyecto Amazonia Transparente.<\/p>\n\n\n\n<p><br>Por primera vez los representantes tuvieron acceso al marco legal y a las herramientas t\u00e9cnicas necesarias para postular proyectos al Fondo Com\u00fan amaz\u00f3nico. Como resultado de este taller se levantaron varias propuestas que buscan cubrir necesidades y apoyar el desarrollo del pueblo Pakkiru.<\/p>\n\n\n\n<figure class=\"wp-block-gallery has-nested-images columns-default is-cropped wp-block-gallery-1 is-layout-flex wp-block-gallery-is-layout-flex\">\n<figure class=\"wp-block-image size-large\"><img fetchpriority=\"high\" decoding=\"async\" width=\"1024\" height=\"491\" data-id=\"6079\" src=\"https:\/\/www.participacionciudadana.org\/web\/wp-content\/uploads\/2023\/09\/boletin-4-sep-2-1-1024x491.jpg\" alt=\"\" class=\"wp-image-6079\" srcset=\"https:\/\/www.participacionciudadana.org\/web\/wp-content\/uploads\/2023\/09\/boletin-4-sep-2-1-1024x491.jpg 1024w, https:\/\/www.participacionciudadana.org\/web\/wp-content\/uploads\/2023\/09\/boletin-4-sep-2-1-300x144.jpg 300w, https:\/\/www.participacionciudadana.org\/web\/wp-content\/uploads\/2023\/09\/boletin-4-sep-2-1-768x368.jpg 768w, https:\/\/www.participacionciudadana.org\/web\/wp-content\/uploads\/2023\/09\/boletin-4-sep-2-1-1536x736.jpg 1536w, https:\/\/www.participacionciudadana.org\/web\/wp-content\/uploads\/2023\/09\/boletin-4-sep-2-1.jpg 1600w\" sizes=\"(max-width: 1024px) 100vw, 1024px\" \/><\/figure>\n\n\n\n<figure class=\"wp-block-image size-large\"><img decoding=\"async\" width=\"1024\" height=\"461\" data-id=\"6078\" src=\"https:\/\/www.participacionciudadana.org\/web\/wp-content\/uploads\/2023\/09\/boletin-4-sep-3-1024x461.jpg\" alt=\"\" class=\"wp-image-6078\" srcset=\"https:\/\/www.participacionciudadana.org\/web\/wp-content\/uploads\/2023\/09\/boletin-4-sep-3-1024x461.jpg 1024w, https:\/\/www.participacionciudadana.org\/web\/wp-content\/uploads\/2023\/09\/boletin-4-sep-3-300x135.jpg 300w, https:\/\/www.participacionciudadana.org\/web\/wp-content\/uploads\/2023\/09\/boletin-4-sep-3-768x346.jpg 768w, https:\/\/www.participacionciudadana.org\/web\/wp-content\/uploads\/2023\/09\/boletin-4-sep-3-1536x691.jpg 1536w, https:\/\/www.participacionciudadana.org\/web\/wp-content\/uploads\/2023\/09\/boletin-4-sep-3.jpg 1600w\" sizes=\"(max-width: 1024px) 100vw, 1024px\" \/><\/figure>\n\n\n\n<figure class=\"wp-block-image size-large\"><img decoding=\"async\" width=\"1024\" height=\"601\" data-id=\"6076\" src=\"https:\/\/www.participacionciudadana.org\/web\/wp-content\/uploads\/2023\/09\/boletin-4-sep-4-1024x601.jpg\" alt=\"\" class=\"wp-image-6076\" srcset=\"https:\/\/www.participacionciudadana.org\/web\/wp-content\/uploads\/2023\/09\/boletin-4-sep-4-1024x601.jpg 1024w, https:\/\/www.participacionciudadana.org\/web\/wp-content\/uploads\/2023\/09\/boletin-4-sep-4-300x176.jpg 300w, https:\/\/www.participacionciudadana.org\/web\/wp-content\/uploads\/2023\/09\/boletin-4-sep-4-768x451.jpg 768w, https:\/\/www.participacionciudadana.org\/web\/wp-content\/uploads\/2023\/09\/boletin-4-sep-4.jpg 1395w\" sizes=\"(max-width: 1024px) 100vw, 1024px\" \/><\/figure>\n\n\n\n<figure class=\"wp-block-image size-large\"><img loading=\"lazy\" decoding=\"async\" width=\"1024\" height=\"633\" data-id=\"6077\" src=\"https:\/\/www.participacionciudadana.org\/web\/wp-content\/uploads\/2023\/09\/boletin-4-sep-5-1024x633.jpg\" alt=\"\" class=\"wp-image-6077\" srcset=\"https:\/\/www.participacionciudadana.org\/web\/wp-content\/uploads\/2023\/09\/boletin-4-sep-5-1024x633.jpg 1024w, https:\/\/www.participacionciudadana.org\/web\/wp-content\/uploads\/2023\/09\/boletin-4-sep-5-300x185.jpg 300w, https:\/\/www.participacionciudadana.org\/web\/wp-content\/uploads\/2023\/09\/boletin-4-sep-5-768x475.jpg 768w, https:\/\/www.participacionciudadana.org\/web\/wp-content\/uploads\/2023\/09\/boletin-4-sep-5.jpg 1379w\" sizes=\"(max-width: 1024px) 100vw, 1024px\" \/><\/figure>\n\n\n\n<figure class=\"wp-block-image size-large\"><img loading=\"lazy\" decoding=\"async\" width=\"1024\" height=\"461\" data-id=\"6080\" src=\"https:\/\/www.participacionciudadana.org\/web\/wp-content\/uploads\/2023\/09\/boletin-9-sep-1-1024x461.jpg\" alt=\"\" class=\"wp-image-6080\" srcset=\"https:\/\/www.participacionciudadana.org\/web\/wp-content\/uploads\/2023\/09\/boletin-9-sep-1-1024x461.jpg 1024w, https:\/\/www.participacionciudadana.org\/web\/wp-content\/uploads\/2023\/09\/boletin-9-sep-1-300x135.jpg 300w, https:\/\/www.participacionciudadana.org\/web\/wp-content\/uploads\/2023\/09\/boletin-9-sep-1-768x346.jpg 768w, https:\/\/www.participacionciudadana.org\/web\/wp-content\/uploads\/2023\/09\/boletin-9-sep-1-1536x691.jpg 1536w, https:\/\/www.participacionciudadana.org\/web\/wp-content\/uploads\/2023\/09\/boletin-9-sep-1.jpg 1600w\" sizes=\"(max-width: 1024px) 100vw, 1024px\" \/><\/figure>\n<\/figure>\n","protected":false},"excerpt":{"rendered":"<p>En la ciudad del Puyo, 40 personas pertenecientes a las diferentes comunas y pueblos de la Organizaci\u00f3n Pakkiru, realizaron una jornada de capacitaci\u00f3n y acompa\u00f1amiento t\u00e9cnico en materia de Elaboraci\u00f3n, control y seguimiento de proyectos, desarrollada por la Corporaci\u00f3n ECOLEX, en el marco del proyecto Amazonia Transparente. Por primera vez los representantes tuvieron acceso al [&hellip;]<\/p>\n","protected":false},"author":7,"featured_media":6080,"comment_status":"open","ping_status":"open","sticky":false,"template":"","format":"standard","meta":{"site-sidebar-layout":"default","site-content-layout":"","ast-site-content-layout":"default","site-content-style":"default","site-sidebar-style":"default","ast-global-header-display":"","ast-banner-title-visibility":"","ast-main-header-display":"","ast-hfb-above-header-display":"","ast-hfb-below-header-display":"","ast-hfb-mobile-header-display":"","site-post-title":"","ast-breadcrumbs-content":"","ast-featured-img":"","footer-sml-layout":"","ast-disable-related-posts":"","theme-transparent-header-meta":"","adv-header-id-meta":"","stick-header-meta":"","header-above-stick-meta":"","header-main-stick-meta":"","header-below-stick-meta":"","astra-migrate-meta-layouts":"set","ast-page-background-enabled":"default","ast-page-background-meta":{"desktop":{"background-color":"","background-image":"","background-repeat":"repeat","background-position":"center center","background-size":"auto","background-attachment":"scroll","background-type":"","background-media":"","overlay-type":"","overlay-color":"","overlay-opacity":"","overlay-gradient":""},"tablet":{"background-color":"","background-image":"","background-repeat":"repeat","background-position":"center center","background-size":"auto","background-attachment":"scroll","background-type":"","background-media":"","overlay-type":"","overlay-color":"","overlay-opacity":"","overlay-gradient":""},"mobile":{"background-color":"","background-image":"","background-repeat":"repeat","background-position":"center center","background-size":"auto","background-attachment":"scroll","background-type":"","background-media":"","overlay-type":"","overlay-color":"","overlay-opacity":"","overlay-gradient":""}},"ast-content-background-meta":{"desktop":{"background-color":"var(--ast-global-color-5)","background-image":"","background-repeat":"repeat","background-position":"center center","background-size":"auto","background-attachment":"scroll","background-type":"","background-media":"","overlay-type":"","overlay-color":"","overlay-opacity":"","overlay-gradient":""},"tablet":{"background-color":"var(--ast-global-color-5)","background-image":"","background-repeat":"repeat","background-position":"center center","background-size":"auto","background-attachment":"scroll","background-type":"","background-media":"","overlay-type":"","overlay-color":"","overlay-opacity":"","overlay-gradient":""},"mobile":{"background-color":"var(--ast-global-color-5)","background-image":"","background-repeat":"repeat","background-position":"center center","background-size":"auto","background-attachment":"scroll","background-type":"","background-media":"","overlay-type":"","overlay-color":"","overlay-opacity":"","overlay-gradient":""}},"_joinchat":[],"footnotes":""},"categories":[29],"tags":[75],"class_list":["post-6074","post","type-post","status-publish","format-standard","has-post-thumbnail","hentry","category-amazonia-transparente","tag-amazonia-transparente"],"yoast_head":"<!-- This site is optimized with the Yoast SEO plugin v26.5 - https:\/\/yoast.com\/wordpress\/plugins\/seo\/ -->\n<title>Jornada de capacitaci\u00f3n a la Organizaci\u00f3n\u00a0Pakkiru - Participaci\u00f3n Ciudadana<\/title>\n<meta name=\"robots\" content=\"index, follow, max-snippet:-1, max-image-preview:large, max-video-preview:-1\" \/>\n<link rel=\"canonical\" href=\"https:\/\/www.participacionciudadana.org\/web\/2023\/09\/04\/jornada-de-capacitacion-a-la-organizacion-pakkiru\/\" \/>\n<meta property=\"og:locale\" content=\"es_ES\" \/>\n<meta property=\"og:type\" content=\"article\" \/>\n<meta property=\"og:title\" content=\"Jornada de capacitaci\u00f3n a la Organizaci\u00f3n\u00a0Pakkiru - Participaci\u00f3n Ciudadana\" \/>\n<meta property=\"og:description\" content=\"En la ciudad del Puyo, 40 personas pertenecientes a las diferentes comunas y pueblos de la Organizaci\u00f3n Pakkiru, realizaron una jornada de capacitaci\u00f3n y acompa\u00f1amiento t\u00e9cnico en materia de Elaboraci\u00f3n, control y seguimiento de proyectos, desarrollada por la Corporaci\u00f3n ECOLEX, en el marco del proyecto Amazonia Transparente. Por primera vez los representantes tuvieron acceso al [&hellip;]\" \/>\n<meta property=\"og:url\" content=\"https:\/\/www.participacionciudadana.org\/web\/2023\/09\/04\/jornada-de-capacitacion-a-la-organizacion-pakkiru\/\" \/>\n<meta property=\"og:site_name\" content=\"Participaci\u00f3n Ciudadana\" \/>\n<meta property=\"article:publisher\" content=\"https:\/\/www.facebook.com\/ParticipacionPC\/\" \/>\n<meta property=\"article:published_time\" content=\"2023-09-04T19:53:26+00:00\" \/>\n<meta property=\"article:modified_time\" content=\"2023-09-04T19:53:29+00:00\" \/>\n<meta property=\"og:image\" content=\"https:\/\/www.participacionciudadana.org\/web\/wp-content\/uploads\/2023\/09\/boletin-9-sep-1.jpg\" \/>\n\t<meta property=\"og:image:width\" content=\"1600\" \/>\n\t<meta property=\"og:image:height\" content=\"720\" \/>\n\t<meta property=\"og:image:type\" content=\"image\/jpeg\" \/>\n<meta name=\"author\" content=\"Karen Ramos\" \/>\n<meta name=\"twitter:card\" content=\"summary_large_image\" \/>\n<meta name=\"twitter:image\" content=\"https:\/\/www.participacionciudadana.org\/web\/wp-content\/uploads\/2023\/09\/boletin-9-sep-1.jpg\" \/>\n<meta name=\"twitter:creator\" content=\"@ParticipacionPC\" \/>\n<meta name=\"twitter:site\" content=\"@ParticipacionPC\" \/>\n<meta name=\"twitter:label1\" content=\"Escrito por\" \/>\n\t<meta name=\"twitter:data1\" content=\"Karen Ramos\" \/>\n\t<meta name=\"twitter:label2\" content=\"Tiempo de lectura\" \/>\n\t<meta name=\"twitter:data2\" content=\"2 minutos\" \/>\n<script type=\"application\/ld+json\" class=\"yoast-schema-graph\">{\"@context\":\"https:\/\/schema.org\",\"@graph\":[{\"@type\":\"Article\",\"@id\":\"https:\/\/www.participacionciudadana.org\/web\/2023\/09\/04\/jornada-de-capacitacion-a-la-organizacion-pakkiru\/#article\",\"isPartOf\":{\"@id\":\"https:\/\/www.participacionciudadana.org\/web\/2023\/09\/04\/jornada-de-capacitacion-a-la-organizacion-pakkiru\/\"},\"author\":{\"name\":\"Karen Ramos\",\"@id\":\"https:\/\/www.participacionciudadana.org\/web\/#\/schema\/person\/7d1c54696e041e527f8fbfd6c9b513ae\"},\"headline\":\"Jornada de capacitaci\u00f3n a la Organizaci\u00f3n\u00a0Pakkiru\",\"datePublished\":\"2023-09-04T19:53:26+00:00\",\"dateModified\":\"2023-09-04T19:53:29+00:00\",\"mainEntityOfPage\":{\"@id\":\"https:\/\/www.participacionciudadana.org\/web\/2023\/09\/04\/jornada-de-capacitacion-a-la-organizacion-pakkiru\/\"},\"wordCount\":107,\"commentCount\":0,\"publisher\":{\"@id\":\"https:\/\/www.participacionciudadana.org\/web\/#organization\"},\"image\":{\"@id\":\"https:\/\/www.participacionciudadana.org\/web\/2023\/09\/04\/jornada-de-capacitacion-a-la-organizacion-pakkiru\/#primaryimage\"},\"thumbnailUrl\":\"https:\/\/www.participacionciudadana.org\/web\/wp-content\/uploads\/2023\/09\/boletin-9-sep-1.jpg\",\"keywords\":[\"Amazon\u00eda Transparente\"],\"articleSection\":[\"Amazonia Transparente\"],\"inLanguage\":\"es\",\"potentialAction\":[{\"@type\":\"CommentAction\",\"name\":\"Comment\",\"target\":[\"https:\/\/www.participacionciudadana.org\/web\/2023\/09\/04\/jornada-de-capacitacion-a-la-organizacion-pakkiru\/#respond\"]}]},{\"@type\":\"WebPage\",\"@id\":\"https:\/\/www.participacionciudadana.org\/web\/2023\/09\/04\/jornada-de-capacitacion-a-la-organizacion-pakkiru\/\",\"url\":\"https:\/\/www.participacionciudadana.org\/web\/2023\/09\/04\/jornada-de-capacitacion-a-la-organizacion-pakkiru\/\",\"name\":\"Jornada de capacitaci\u00f3n a la Organizaci\u00f3n\u00a0Pakkiru - Participaci\u00f3n Ciudadana\",\"isPartOf\":{\"@id\":\"https:\/\/www.participacionciudadana.org\/web\/#website\"},\"primaryImageOfPage\":{\"@id\":\"https:\/\/www.participacionciudadana.org\/web\/2023\/09\/04\/jornada-de-capacitacion-a-la-organizacion-pakkiru\/#primaryimage\"},\"image\":{\"@id\":\"https:\/\/www.participacionciudadana.org\/web\/2023\/09\/04\/jornada-de-capacitacion-a-la-organizacion-pakkiru\/#primaryimage\"},\"thumbnailUrl\":\"https:\/\/www.participacionciudadana.org\/web\/wp-content\/uploads\/2023\/09\/boletin-9-sep-1.jpg\",\"datePublished\":\"2023-09-04T19:53:26+00:00\",\"dateModified\":\"2023-09-04T19:53:29+00:00\",\"breadcrumb\":{\"@id\":\"https:\/\/www.participacionciudadana.org\/web\/2023\/09\/04\/jornada-de-capacitacion-a-la-organizacion-pakkiru\/#breadcrumb\"},\"inLanguage\":\"es\",\"potentialAction\":[{\"@type\":\"ReadAction\",\"target\":[\"https:\/\/www.participacionciudadana.org\/web\/2023\/09\/04\/jornada-de-capacitacion-a-la-organizacion-pakkiru\/\"]}]},{\"@type\":\"ImageObject\",\"inLanguage\":\"es\",\"@id\":\"https:\/\/www.participacionciudadana.org\/web\/2023\/09\/04\/jornada-de-capacitacion-a-la-organizacion-pakkiru\/#primaryimage\",\"url\":\"https:\/\/www.participacionciudadana.org\/web\/wp-content\/uploads\/2023\/09\/boletin-9-sep-1.jpg\",\"contentUrl\":\"https:\/\/www.participacionciudadana.org\/web\/wp-content\/uploads\/2023\/09\/boletin-9-sep-1.jpg\",\"width\":1600,\"height\":720},{\"@type\":\"BreadcrumbList\",\"@id\":\"https:\/\/www.participacionciudadana.org\/web\/2023\/09\/04\/jornada-de-capacitacion-a-la-organizacion-pakkiru\/#breadcrumb\",\"itemListElement\":[{\"@type\":\"ListItem\",\"position\":1,\"name\":\"Portada\",\"item\":\"https:\/\/www.participacionciudadana.org\/web\/\"},{\"@type\":\"ListItem\",\"position\":2,\"name\":\"Jornada de capacitaci\u00f3n a la Organizaci\u00f3n\u00a0Pakkiru\"}]},{\"@type\":\"WebSite\",\"@id\":\"https:\/\/www.participacionciudadana.org\/web\/#website\",\"url\":\"https:\/\/www.participacionciudadana.org\/web\/\",\"name\":\"Participaci\u00f3n Ciudadana\",\"description\":\"Comprometidos con la democracia\",\"publisher\":{\"@id\":\"https:\/\/www.participacionciudadana.org\/web\/#organization\"},\"potentialAction\":[{\"@type\":\"SearchAction\",\"target\":{\"@type\":\"EntryPoint\",\"urlTemplate\":\"https:\/\/www.participacionciudadana.org\/web\/?s={search_term_string}\"},\"query-input\":{\"@type\":\"PropertyValueSpecification\",\"valueRequired\":true,\"valueName\":\"search_term_string\"}}],\"inLanguage\":\"es\"},{\"@type\":\"Organization\",\"@id\":\"https:\/\/www.participacionciudadana.org\/web\/#organization\",\"name\":\"Participaci\u00f3n Ciudadana\",\"url\":\"https:\/\/www.participacionciudadana.org\/web\/\",\"logo\":{\"@type\":\"ImageObject\",\"inLanguage\":\"es\",\"@id\":\"https:\/\/www.participacionciudadana.org\/web\/#\/schema\/logo\/image\/\",\"url\":\"https:\/\/www.participacionciudadana.org\/web\/wp-content\/uploads\/2021\/11\/cropped-logo_pc-1.png\",\"contentUrl\":\"https:\/\/www.participacionciudadana.org\/web\/wp-content\/uploads\/2021\/11\/cropped-logo_pc-1.png\",\"width\":340,\"height\":114,\"caption\":\"Participaci\u00f3n Ciudadana\"},\"image\":{\"@id\":\"https:\/\/www.participacionciudadana.org\/web\/#\/schema\/logo\/image\/\"},\"sameAs\":[\"https:\/\/www.facebook.com\/ParticipacionPC\/\",\"https:\/\/x.com\/ParticipacionPC\"]},{\"@type\":\"Person\",\"@id\":\"https:\/\/www.participacionciudadana.org\/web\/#\/schema\/person\/7d1c54696e041e527f8fbfd6c9b513ae\",\"name\":\"Karen Ramos\",\"image\":{\"@type\":\"ImageObject\",\"inLanguage\":\"es\",\"@id\":\"https:\/\/www.participacionciudadana.org\/web\/#\/schema\/person\/image\/\",\"url\":\"https:\/\/secure.gravatar.com\/avatar\/286968dbb3bb60217f1c7034fda5fe010f5c132ea9d76191d7dbe615e76f9e88?s=96&d=mm&r=g\",\"contentUrl\":\"https:\/\/secure.gravatar.com\/avatar\/286968dbb3bb60217f1c7034fda5fe010f5c132ea9d76191d7dbe615e76f9e88?s=96&d=mm&r=g\",\"caption\":\"Karen Ramos\"},\"url\":\"https:\/\/www.participacionciudadana.org\/web\/author\/karenliz\/\"}]}<\/script>\n<!-- \/ Yoast SEO plugin. -->","yoast_head_json":{"title":"Jornada de capacitaci\u00f3n a la Organizaci\u00f3n\u00a0Pakkiru - Participaci\u00f3n Ciudadana","robots":{"index":"index","follow":"follow","max-snippet":"max-snippet:-1","max-image-preview":"max-image-preview:large","max-video-preview":"max-video-preview:-1"},"canonical":"https:\/\/www.participacionciudadana.org\/web\/2023\/09\/04\/jornada-de-capacitacion-a-la-organizacion-pakkiru\/","og_locale":"es_ES","og_type":"article","og_title":"Jornada de capacitaci\u00f3n a la Organizaci\u00f3n\u00a0Pakkiru - Participaci\u00f3n Ciudadana","og_description":"En la ciudad del Puyo, 40 personas pertenecientes a las diferentes comunas y pueblos de la Organizaci\u00f3n Pakkiru, realizaron una jornada de capacitaci\u00f3n y acompa\u00f1amiento t\u00e9cnico en materia de Elaboraci\u00f3n, control y seguimiento de proyectos, desarrollada por la Corporaci\u00f3n ECOLEX, en el marco del proyecto Amazonia Transparente. Por primera vez los representantes tuvieron acceso al [&hellip;]","og_url":"https:\/\/www.participacionciudadana.org\/web\/2023\/09\/04\/jornada-de-capacitacion-a-la-organizacion-pakkiru\/","og_site_name":"Participaci\u00f3n Ciudadana","article_publisher":"https:\/\/www.facebook.com\/ParticipacionPC\/","article_published_time":"2023-09-04T19:53:26+00:00","article_modified_time":"2023-09-04T19:53:29+00:00","og_image":[{"width":1600,"height":720,"url":"https:\/\/www.participacionciudadana.org\/web\/wp-content\/uploads\/2023\/09\/boletin-9-sep-1.jpg","type":"image\/jpeg"}],"author":"Karen Ramos","twitter_card":"summary_large_image","twitter_image":"https:\/\/www.participacionciudadana.org\/web\/wp-content\/uploads\/2023\/09\/boletin-9-sep-1.jpg","twitter_creator":"@ParticipacionPC","twitter_site":"@ParticipacionPC","twitter_misc":{"Escrito por":"Karen Ramos","Tiempo de lectura":"2 minutos"},"schema":{"@context":"https:\/\/schema.org","@graph":[{"@type":"Article","@id":"https:\/\/www.participacionciudadana.org\/web\/2023\/09\/04\/jornada-de-capacitacion-a-la-organizacion-pakkiru\/#article","isPartOf":{"@id":"https:\/\/www.participacionciudadana.org\/web\/2023\/09\/04\/jornada-de-capacitacion-a-la-organizacion-pakkiru\/"},"author":{"name":"Karen Ramos","@id":"https:\/\/www.participacionciudadana.org\/web\/#\/schema\/person\/7d1c54696e041e527f8fbfd6c9b513ae"},"headline":"Jornada de capacitaci\u00f3n a la Organizaci\u00f3n\u00a0Pakkiru","datePublished":"2023-09-04T19:53:26+00:00","dateModified":"2023-09-04T19:53:29+00:00","mainEntityOfPage":{"@id":"https:\/\/www.participacionciudadana.org\/web\/2023\/09\/04\/jornada-de-capacitacion-a-la-organizacion-pakkiru\/"},"wordCount":107,"commentCount":0,"publisher":{"@id":"https:\/\/www.participacionciudadana.org\/web\/#organization"},"image":{"@id":"https:\/\/www.participacionciudadana.org\/web\/2023\/09\/04\/jornada-de-capacitacion-a-la-organizacion-pakkiru\/#primaryimage"},"thumbnailUrl":"https:\/\/www.participacionciudadana.org\/web\/wp-content\/uploads\/2023\/09\/boletin-9-sep-1.jpg","keywords":["Amazon\u00eda Transparente"],"articleSection":["Amazonia Transparente"],"inLanguage":"es","potentialAction":[{"@type":"CommentAction","name":"Comment","target":["https:\/\/www.participacionciudadana.org\/web\/2023\/09\/04\/jornada-de-capacitacion-a-la-organizacion-pakkiru\/#respond"]}]},{"@type":"WebPage","@id":"https:\/\/www.participacionciudadana.org\/web\/2023\/09\/04\/jornada-de-capacitacion-a-la-organizacion-pakkiru\/","url":"https:\/\/www.participacionciudadana.org\/web\/2023\/09\/04\/jornada-de-capacitacion-a-la-organizacion-pakkiru\/","name":"Jornada de capacitaci\u00f3n a la Organizaci\u00f3n\u00a0Pakkiru - Participaci\u00f3n Ciudadana","isPartOf":{"@id":"https:\/\/www.participacionciudadana.org\/web\/#website"},"primaryImageOfPage":{"@id":"https:\/\/www.participacionciudadana.org\/web\/2023\/09\/04\/jornada-de-capacitacion-a-la-organizacion-pakkiru\/#primaryimage"},"image":{"@id":"https:\/\/www.participacionciudadana.org\/web\/2023\/09\/04\/jornada-de-capacitacion-a-la-organizacion-pakkiru\/#primaryimage"},"thumbnailUrl":"https:\/\/www.participacionciudadana.org\/web\/wp-content\/uploads\/2023\/09\/boletin-9-sep-1.jpg","datePublished":"2023-09-04T19:53:26+00:00","dateModified":"2023-09-04T19:53:29+00:00","breadcrumb":{"@id":"https:\/\/www.participacionciudadana.org\/web\/2023\/09\/04\/jornada-de-capacitacion-a-la-organizacion-pakkiru\/#breadcrumb"},"inLanguage":"es","potentialAction":[{"@type":"ReadAction","target":["https:\/\/www.participacionciudadana.org\/web\/2023\/09\/04\/jornada-de-capacitacion-a-la-organizacion-pakkiru\/"]}]},{"@type":"ImageObject","inLanguage":"es","@id":"https:\/\/www.participacionciudadana.org\/web\/2023\/09\/04\/jornada-de-capacitacion-a-la-organizacion-pakkiru\/#primaryimage","url":"https:\/\/www.participacionciudadana.org\/web\/wp-content\/uploads\/2023\/09\/boletin-9-sep-1.jpg","contentUrl":"https:\/\/www.participacionciudadana.org\/web\/wp-content\/uploads\/2023\/09\/boletin-9-sep-1.jpg","width":1600,"height":720},{"@type":"BreadcrumbList","@id":"https:\/\/www.participacionciudadana.org\/web\/2023\/09\/04\/jornada-de-capacitacion-a-la-organizacion-pakkiru\/#breadcrumb","itemListElement":[{"@type":"ListItem","position":1,"name":"Portada","item":"https:\/\/www.participacionciudadana.org\/web\/"},{"@type":"ListItem","position":2,"name":"Jornada de capacitaci\u00f3n a la Organizaci\u00f3n\u00a0Pakkiru"}]},{"@type":"WebSite","@id":"https:\/\/www.participacionciudadana.org\/web\/#website","url":"https:\/\/www.participacionciudadana.org\/web\/","name":"Participaci\u00f3n Ciudadana","description":"Comprometidos con la democracia","publisher":{"@id":"https:\/\/www.participacionciudadana.org\/web\/#organization"},"potentialAction":[{"@type":"SearchAction","target":{"@type":"EntryPoint","urlTemplate":"https:\/\/www.participacionciudadana.org\/web\/?s={search_term_string}"},"query-input":{"@type":"PropertyValueSpecification","valueRequired":true,"valueName":"search_term_string"}}],"inLanguage":"es"},{"@type":"Organization","@id":"https:\/\/www.participacionciudadana.org\/web\/#organization","name":"Participaci\u00f3n Ciudadana","url":"https:\/\/www.participacionciudadana.org\/web\/","logo":{"@type":"ImageObject","inLanguage":"es","@id":"https:\/\/www.participacionciudadana.org\/web\/#\/schema\/logo\/image\/","url":"https:\/\/www.participacionciudadana.org\/web\/wp-content\/uploads\/2021\/11\/cropped-logo_pc-1.png","contentUrl":"https:\/\/www.participacionciudadana.org\/web\/wp-content\/uploads\/2021\/11\/cropped-logo_pc-1.png","width":340,"height":114,"caption":"Participaci\u00f3n Ciudadana"},"image":{"@id":"https:\/\/www.participacionciudadana.org\/web\/#\/schema\/logo\/image\/"},"sameAs":["https:\/\/www.facebook.com\/ParticipacionPC\/","https:\/\/x.com\/ParticipacionPC"]},{"@type":"Person","@id":"https:\/\/www.participacionciudadana.org\/web\/#\/schema\/person\/7d1c54696e041e527f8fbfd6c9b513ae","name":"Karen Ramos","image":{"@type":"ImageObject","inLanguage":"es","@id":"https:\/\/www.participacionciudadana.org\/web\/#\/schema\/person\/image\/","url":"https:\/\/secure.gravatar.com\/avatar\/286968dbb3bb60217f1c7034fda5fe010f5c132ea9d76191d7dbe615e76f9e88?s=96&d=mm&r=g","contentUrl":"https:\/\/secure.gravatar.com\/avatar\/286968dbb3bb60217f1c7034fda5fe010f5c132ea9d76191d7dbe615e76f9e88?s=96&d=mm&r=g","caption":"Karen Ramos"},"url":"https:\/\/www.participacionciudadana.org\/web\/author\/karenliz\/"}]}},"_links":{"self":[{"href":"https:\/\/www.participacionciudadana.org\/web\/wp-json\/wp\/v2\/posts\/6074","targetHints":{"allow":["GET"]}}],"collection":[{"href":"https:\/\/www.participacionciudadana.org\/web\/wp-json\/wp\/v2\/posts"}],"about":[{"href":"https:\/\/www.participacionciudadana.org\/web\/wp-json\/wp\/v2\/types\/post"}],"author":[{"embeddable":true,"href":"https:\/\/www.participacionciudadana.org\/web\/wp-json\/wp\/v2\/users\/7"}],"replies":[{"embeddable":true,"href":"https:\/\/www.participacionciudadana.org\/web\/wp-json\/wp\/v2\/comments?post=6074"}],"version-history":[{"count":0,"href":"https:\/\/www.participacionciudadana.org\/web\/wp-json\/wp\/v2\/posts\/6074\/revisions"}],"wp:featuredmedia":[{"embeddable":true,"href":"https:\/\/www.participacionciudadana.org\/web\/wp-json\/wp\/v2\/media\/6080"}],"wp:attachment":[{"href":"https:\/\/www.participacionciudadana.org\/web\/wp-json\/wp\/v2\/media?parent=6074"}],"wp:term":[{"taxonomy":"category","embeddable":true,"href":"https:\/\/www.participacionciudadana.org\/web\/wp-json\/wp\/v2\/categories?post=6074"},{"taxonomy":"post_tag","embeddable":true,"href":"https:\/\/www.participacionciudadana.org\/web\/wp-json\/wp\/v2\/tags?post=6074"}],"curies":[{"name":"wp","href":"https:\/\/api.w.org\/{rel}","templated":true}]}}