{"id":6114,"date":"2023-09-14T12:40:36","date_gmt":"2023-09-14T17:40:36","guid":{"rendered":"https:\/\/www.participacionciudadana.org\/web\/?p=6114"},"modified":"2023-09-14T12:42:03","modified_gmt":"2023-09-14T17:42:03","slug":"capacitamos-en-temas-de-transparencia-a-las-alcaldias-de-santa-elena-la-libertad-y-salinas","status":"publish","type":"post","link":"https:\/\/www.participacionciudadana.org\/web\/2023\/09\/14\/capacitamos-en-temas-de-transparencia-a-las-alcaldias-de-santa-elena-la-libertad-y-salinas\/","title":{"rendered":"Capacitamos en temas de transparencia a las alcald\u00edas de Santa Elena, La Libertad y Salinas"},"content":{"rendered":"\n<p>PC capacit\u00f3 a los GAD municipales de Santa Elena, La Libertad y Salinas, en la provincia de Santa Elena, en torno al cumplimiento e implementaci\u00f3n de la Ley Org\u00e1nica de Transparencia y Acceso a la Informaci\u00f3n P\u00fablica, LOTAIP.<\/p>\n\n\n\n<p>\u201cAgradecemos por este enriquecedor taller. Realmente es muy necesario para que la transparencia de los GAD municipales se pueda ver reflejada\u201d, as\u00ed lo se\u00f1al\u00f3 Arlynes Lainez, funcionaria del GAD municipal de Salinas.<br>En las capacitaciones, guiamos a los comit\u00e9s de transparencia de las instituciones en c\u00f3mo responder adecuadamente a los pedidos de informaci\u00f3n p\u00fablica, as\u00ed como en la informaci\u00f3n que debe estar subida en las p\u00e1ginas web.<br>\u201cHemos podido conformar un equipo de trabajo, para tener la informaci\u00f3n al servicio de los ciudadanos de Santa Elena\u201d, as\u00ed lo resalt\u00f3 la alcaldesa del cant\u00f3n Santa Elena, Mar\u00eda del Carmen Aquino.<br>El equipo t\u00e9cnico de PC present\u00f3 tambi\u00e9n la plataforma \u201cFortalecimiento de la Transparencia, una herramienta que tiene el objetivo de ayudar en el mejoramiento de los niveles de transparencia y rendici\u00f3n de cuentas de las instituciones.<br>Por su parte, la vicealcaldesa del cant\u00f3n La Libertad, Winellys Naranjo, resalt\u00f3 que \u201cestas capacitaciones son muy necesarias, para poder dar una mejor atenci\u00f3n a los libertenses&#8221;.<br>Estos talleres, que Participaci\u00f3n Ciudadana imparte, a nivel nacional, buscan mejorar los niveles de transparencia de las instituciones y una mejor gesti\u00f3n en cuanto a pedidos de informaci\u00f3n p\u00fablica.<\/p>\n\n\n\n<p>\u00a1Por la democracia siempre!<\/p>\n","protected":false},"excerpt":{"rendered":"<p>PC capacit\u00f3 a los GAD municipales de Santa Elena, La Libertad y Salinas, en la provincia de Santa Elena, en torno al cumplimiento e implementaci\u00f3n de la Ley Org\u00e1nica de Transparencia y Acceso a la Informaci\u00f3n P\u00fablica, LOTAIP. \u201cAgradecemos por este enriquecedor taller. Realmente es muy necesario para que la transparencia de los GAD municipales [&hellip;]<\/p>\n","protected":false},"author":7,"featured_media":6115,"comment_status":"open","ping_status":"open","sticky":false,"template":"","format":"standard","meta":{"site-sidebar-layout":"default","site-content-layout":"","ast-site-content-layout":"default","site-content-style":"default","site-sidebar-style":"default","ast-global-header-display":"","ast-banner-title-visibility":"","ast-main-header-display":"","ast-hfb-above-header-display":"","ast-hfb-below-header-display":"","ast-hfb-mobile-header-display":"","site-post-title":"","ast-breadcrumbs-content":"","ast-featured-img":"","footer-sml-layout":"","ast-disable-related-posts":"","theme-transparent-header-meta":"","adv-header-id-meta":"","stick-header-meta":"","header-above-stick-meta":"","header-main-stick-meta":"","header-below-stick-meta":"","astra-migrate-meta-layouts":"set","ast-page-background-enabled":"default","ast-page-background-meta":{"desktop":{"background-color":"","background-image":"","background-repeat":"repeat","background-position":"center center","background-size":"auto","background-attachment":"scroll","background-type":"","background-media":"","overlay-type":"","overlay-color":"","overlay-opacity":"","overlay-gradient":""},"tablet":{"background-color":"","background-image":"","background-repeat":"repeat","background-position":"center center","background-size":"auto","background-attachment":"scroll","background-type":"","background-media":"","overlay-type":"","overlay-color":"","overlay-opacity":"","overlay-gradient":""},"mobile":{"background-color":"","background-image":"","background-repeat":"repeat","background-position":"center center","background-size":"auto","background-attachment":"scroll","background-type":"","background-media":"","overlay-type":"","overlay-color":"","overlay-opacity":"","overlay-gradient":""}},"ast-content-background-meta":{"desktop":{"background-color":"var(--ast-global-color-5)","background-image":"","background-repeat":"repeat","background-position":"center center","background-size":"auto","background-attachment":"scroll","background-type":"","background-media":"","overlay-type":"","overlay-color":"","overlay-opacity":"","overlay-gradient":""},"tablet":{"background-color":"var(--ast-global-color-5)","background-image":"","background-repeat":"repeat","background-position":"center center","background-size":"auto","background-attachment":"scroll","background-type":"","background-media":"","overlay-type":"","overlay-color":"","overlay-opacity":"","overlay-gradient":""},"mobile":{"background-color":"var(--ast-global-color-5)","background-image":"","background-repeat":"repeat","background-position":"center center","background-size":"auto","background-attachment":"scroll","background-type":"","background-media":"","overlay-type":"","overlay-color":"","overlay-opacity":"","overlay-gradient":""}},"_joinchat":[],"footnotes":""},"categories":[78,23,1],"tags":[],"class_list":["post-6114","post","type-post","status-publish","format-standard","has-post-thumbnail","hentry","category-boletines","category-comunicacion","category-sin-categoria"],"yoast_head":"<!-- This site is optimized with the Yoast SEO plugin v26.5 - https:\/\/yoast.com\/wordpress\/plugins\/seo\/ -->\n<title>Capacitamos en temas de transparencia a las alcald\u00edas de Santa Elena, La Libertad y Salinas - Participaci\u00f3n Ciudadana<\/title>\n<meta name=\"robots\" content=\"index, follow, max-snippet:-1, max-image-preview:large, max-video-preview:-1\" \/>\n<link rel=\"canonical\" href=\"https:\/\/www.participacionciudadana.org\/web\/2023\/09\/14\/capacitamos-en-temas-de-transparencia-a-las-alcaldias-de-santa-elena-la-libertad-y-salinas\/\" \/>\n<meta property=\"og:locale\" content=\"es_ES\" \/>\n<meta property=\"og:type\" content=\"article\" \/>\n<meta property=\"og:title\" content=\"Capacitamos en temas de transparencia a las alcald\u00edas de Santa Elena, La Libertad y Salinas - Participaci\u00f3n Ciudadana\" \/>\n<meta property=\"og:description\" content=\"PC capacit\u00f3 a los GAD municipales de Santa Elena, La Libertad y Salinas, en la provincia de Santa Elena, en torno al cumplimiento e implementaci\u00f3n de la Ley Org\u00e1nica de Transparencia y Acceso a la Informaci\u00f3n P\u00fablica, LOTAIP. \u201cAgradecemos por este enriquecedor taller. Realmente es muy necesario para que la transparencia de los GAD municipales [&hellip;]\" \/>\n<meta property=\"og:url\" content=\"https:\/\/www.participacionciudadana.org\/web\/2023\/09\/14\/capacitamos-en-temas-de-transparencia-a-las-alcaldias-de-santa-elena-la-libertad-y-salinas\/\" \/>\n<meta property=\"og:site_name\" content=\"Participaci\u00f3n Ciudadana\" \/>\n<meta property=\"article:publisher\" content=\"https:\/\/www.facebook.com\/ParticipacionPC\/\" \/>\n<meta property=\"article:published_time\" content=\"2023-09-14T17:40:36+00:00\" \/>\n<meta property=\"article:modified_time\" content=\"2023-09-14T17:42:03+00:00\" \/>\n<meta property=\"og:image\" content=\"https:\/\/www.participacionciudadana.org\/web\/wp-content\/uploads\/2023\/09\/img.jpeg\" \/>\n\t<meta property=\"og:image:width\" content=\"900\" \/>\n\t<meta property=\"og:image:height\" content=\"900\" \/>\n\t<meta property=\"og:image:type\" content=\"image\/jpeg\" \/>\n<meta name=\"author\" content=\"Karen Ramos\" \/>\n<meta name=\"twitter:card\" content=\"summary_large_image\" \/>\n<meta name=\"twitter:image\" content=\"https:\/\/www.participacionciudadana.org\/web\/wp-content\/uploads\/2023\/09\/img.jpeg\" \/>\n<meta name=\"twitter:creator\" content=\"@ParticipacionPC\" \/>\n<meta name=\"twitter:site\" content=\"@ParticipacionPC\" \/>\n<meta name=\"twitter:label1\" content=\"Escrito por\" \/>\n\t<meta name=\"twitter:data1\" content=\"Karen Ramos\" \/>\n\t<meta name=\"twitter:label2\" content=\"Tiempo de lectura\" \/>\n\t<meta name=\"twitter:data2\" content=\"2 minutos\" \/>\n<script type=\"application\/ld+json\" class=\"yoast-schema-graph\">{\"@context\":\"https:\/\/schema.org\",\"@graph\":[{\"@type\":\"Article\",\"@id\":\"https:\/\/www.participacionciudadana.org\/web\/2023\/09\/14\/capacitamos-en-temas-de-transparencia-a-las-alcaldias-de-santa-elena-la-libertad-y-salinas\/#article\",\"isPartOf\":{\"@id\":\"https:\/\/www.participacionciudadana.org\/web\/2023\/09\/14\/capacitamos-en-temas-de-transparencia-a-las-alcaldias-de-santa-elena-la-libertad-y-salinas\/\"},\"author\":{\"name\":\"Karen Ramos\",\"@id\":\"https:\/\/www.participacionciudadana.org\/web\/#\/schema\/person\/7d1c54696e041e527f8fbfd6c9b513ae\"},\"headline\":\"Capacitamos en temas de transparencia a las alcald\u00edas de Santa Elena, La Libertad y Salinas\",\"datePublished\":\"2023-09-14T17:40:36+00:00\",\"dateModified\":\"2023-09-14T17:42:03+00:00\",\"mainEntityOfPage\":{\"@id\":\"https:\/\/www.participacionciudadana.org\/web\/2023\/09\/14\/capacitamos-en-temas-de-transparencia-a-las-alcaldias-de-santa-elena-la-libertad-y-salinas\/\"},\"wordCount\":272,\"commentCount\":0,\"publisher\":{\"@id\":\"https:\/\/www.participacionciudadana.org\/web\/#organization\"},\"image\":{\"@id\":\"https:\/\/www.participacionciudadana.org\/web\/2023\/09\/14\/capacitamos-en-temas-de-transparencia-a-las-alcaldias-de-santa-elena-la-libertad-y-salinas\/#primaryimage\"},\"thumbnailUrl\":\"https:\/\/www.participacionciudadana.org\/web\/wp-content\/uploads\/2023\/09\/img.jpeg\",\"articleSection\":[\"Boletines\",\"Comunicaci\u00f3n\"],\"inLanguage\":\"es\",\"potentialAction\":[{\"@type\":\"CommentAction\",\"name\":\"Comment\",\"target\":[\"https:\/\/www.participacionciudadana.org\/web\/2023\/09\/14\/capacitamos-en-temas-de-transparencia-a-las-alcaldias-de-santa-elena-la-libertad-y-salinas\/#respond\"]}]},{\"@type\":\"WebPage\",\"@id\":\"https:\/\/www.participacionciudadana.org\/web\/2023\/09\/14\/capacitamos-en-temas-de-transparencia-a-las-alcaldias-de-santa-elena-la-libertad-y-salinas\/\",\"url\":\"https:\/\/www.participacionciudadana.org\/web\/2023\/09\/14\/capacitamos-en-temas-de-transparencia-a-las-alcaldias-de-santa-elena-la-libertad-y-salinas\/\",\"name\":\"Capacitamos en temas de transparencia a las alcald\u00edas de Santa Elena, La Libertad y Salinas - Participaci\u00f3n Ciudadana\",\"isPartOf\":{\"@id\":\"https:\/\/www.participacionciudadana.org\/web\/#website\"},\"primaryImageOfPage\":{\"@id\":\"https:\/\/www.participacionciudadana.org\/web\/2023\/09\/14\/capacitamos-en-temas-de-transparencia-a-las-alcaldias-de-santa-elena-la-libertad-y-salinas\/#primaryimage\"},\"image\":{\"@id\":\"https:\/\/www.participacionciudadana.org\/web\/2023\/09\/14\/capacitamos-en-temas-de-transparencia-a-las-alcaldias-de-santa-elena-la-libertad-y-salinas\/#primaryimage\"},\"thumbnailUrl\":\"https:\/\/www.participacionciudadana.org\/web\/wp-content\/uploads\/2023\/09\/img.jpeg\",\"datePublished\":\"2023-09-14T17:40:36+00:00\",\"dateModified\":\"2023-09-14T17:42:03+00:00\",\"breadcrumb\":{\"@id\":\"https:\/\/www.participacionciudadana.org\/web\/2023\/09\/14\/capacitamos-en-temas-de-transparencia-a-las-alcaldias-de-santa-elena-la-libertad-y-salinas\/#breadcrumb\"},\"inLanguage\":\"es\",\"potentialAction\":[{\"@type\":\"ReadAction\",\"target\":[\"https:\/\/www.participacionciudadana.org\/web\/2023\/09\/14\/capacitamos-en-temas-de-transparencia-a-las-alcaldias-de-santa-elena-la-libertad-y-salinas\/\"]}]},{\"@type\":\"ImageObject\",\"inLanguage\":\"es\",\"@id\":\"https:\/\/www.participacionciudadana.org\/web\/2023\/09\/14\/capacitamos-en-temas-de-transparencia-a-las-alcaldias-de-santa-elena-la-libertad-y-salinas\/#primaryimage\",\"url\":\"https:\/\/www.participacionciudadana.org\/web\/wp-content\/uploads\/2023\/09\/img.jpeg\",\"contentUrl\":\"https:\/\/www.participacionciudadana.org\/web\/wp-content\/uploads\/2023\/09\/img.jpeg\",\"width\":900,\"height\":900},{\"@type\":\"BreadcrumbList\",\"@id\":\"https:\/\/www.participacionciudadana.org\/web\/2023\/09\/14\/capacitamos-en-temas-de-transparencia-a-las-alcaldias-de-santa-elena-la-libertad-y-salinas\/#breadcrumb\",\"itemListElement\":[{\"@type\":\"ListItem\",\"position\":1,\"name\":\"Portada\",\"item\":\"https:\/\/www.participacionciudadana.org\/web\/\"},{\"@type\":\"ListItem\",\"position\":2,\"name\":\"Capacitamos en temas de transparencia a las alcald\u00edas de Santa Elena, La Libertad y Salinas\"}]},{\"@type\":\"WebSite\",\"@id\":\"https:\/\/www.participacionciudadana.org\/web\/#website\",\"url\":\"https:\/\/www.participacionciudadana.org\/web\/\",\"name\":\"Participaci\u00f3n Ciudadana\",\"description\":\"Comprometidos con la democracia\",\"publisher\":{\"@id\":\"https:\/\/www.participacionciudadana.org\/web\/#organization\"},\"potentialAction\":[{\"@type\":\"SearchAction\",\"target\":{\"@type\":\"EntryPoint\",\"urlTemplate\":\"https:\/\/www.participacionciudadana.org\/web\/?s={search_term_string}\"},\"query-input\":{\"@type\":\"PropertyValueSpecification\",\"valueRequired\":true,\"valueName\":\"search_term_string\"}}],\"inLanguage\":\"es\"},{\"@type\":\"Organization\",\"@id\":\"https:\/\/www.participacionciudadana.org\/web\/#organization\",\"name\":\"Participaci\u00f3n Ciudadana\",\"url\":\"https:\/\/www.participacionciudadana.org\/web\/\",\"logo\":{\"@type\":\"ImageObject\",\"inLanguage\":\"es\",\"@id\":\"https:\/\/www.participacionciudadana.org\/web\/#\/schema\/logo\/image\/\",\"url\":\"https:\/\/www.participacionciudadana.org\/web\/wp-content\/uploads\/2021\/11\/cropped-logo_pc-1.png\",\"contentUrl\":\"https:\/\/www.participacionciudadana.org\/web\/wp-content\/uploads\/2021\/11\/cropped-logo_pc-1.png\",\"width\":340,\"height\":114,\"caption\":\"Participaci\u00f3n Ciudadana\"},\"image\":{\"@id\":\"https:\/\/www.participacionciudadana.org\/web\/#\/schema\/logo\/image\/\"},\"sameAs\":[\"https:\/\/www.facebook.com\/ParticipacionPC\/\",\"https:\/\/x.com\/ParticipacionPC\"]},{\"@type\":\"Person\",\"@id\":\"https:\/\/www.participacionciudadana.org\/web\/#\/schema\/person\/7d1c54696e041e527f8fbfd6c9b513ae\",\"name\":\"Karen Ramos\",\"image\":{\"@type\":\"ImageObject\",\"inLanguage\":\"es\",\"@id\":\"https:\/\/www.participacionciudadana.org\/web\/#\/schema\/person\/image\/\",\"url\":\"https:\/\/secure.gravatar.com\/avatar\/286968dbb3bb60217f1c7034fda5fe010f5c132ea9d76191d7dbe615e76f9e88?s=96&d=mm&r=g\",\"contentUrl\":\"https:\/\/secure.gravatar.com\/avatar\/286968dbb3bb60217f1c7034fda5fe010f5c132ea9d76191d7dbe615e76f9e88?s=96&d=mm&r=g\",\"caption\":\"Karen Ramos\"},\"url\":\"https:\/\/www.participacionciudadana.org\/web\/author\/karenliz\/\"}]}<\/script>\n<!-- \/ Yoast SEO plugin. -->","yoast_head_json":{"title":"Capacitamos en temas de transparencia a las alcald\u00edas de Santa Elena, La Libertad y Salinas - Participaci\u00f3n Ciudadana","robots":{"index":"index","follow":"follow","max-snippet":"max-snippet:-1","max-image-preview":"max-image-preview:large","max-video-preview":"max-video-preview:-1"},"canonical":"https:\/\/www.participacionciudadana.org\/web\/2023\/09\/14\/capacitamos-en-temas-de-transparencia-a-las-alcaldias-de-santa-elena-la-libertad-y-salinas\/","og_locale":"es_ES","og_type":"article","og_title":"Capacitamos en temas de transparencia a las alcald\u00edas de Santa Elena, La Libertad y Salinas - Participaci\u00f3n Ciudadana","og_description":"PC capacit\u00f3 a los GAD municipales de Santa Elena, La Libertad y Salinas, en la provincia de Santa Elena, en torno al cumplimiento e implementaci\u00f3n de la Ley Org\u00e1nica de Transparencia y Acceso a la Informaci\u00f3n P\u00fablica, LOTAIP. \u201cAgradecemos por este enriquecedor taller. Realmente es muy necesario para que la transparencia de los GAD municipales [&hellip;]","og_url":"https:\/\/www.participacionciudadana.org\/web\/2023\/09\/14\/capacitamos-en-temas-de-transparencia-a-las-alcaldias-de-santa-elena-la-libertad-y-salinas\/","og_site_name":"Participaci\u00f3n Ciudadana","article_publisher":"https:\/\/www.facebook.com\/ParticipacionPC\/","article_published_time":"2023-09-14T17:40:36+00:00","article_modified_time":"2023-09-14T17:42:03+00:00","og_image":[{"width":900,"height":900,"url":"https:\/\/www.participacionciudadana.org\/web\/wp-content\/uploads\/2023\/09\/img.jpeg","type":"image\/jpeg"}],"author":"Karen Ramos","twitter_card":"summary_large_image","twitter_image":"https:\/\/www.participacionciudadana.org\/web\/wp-content\/uploads\/2023\/09\/img.jpeg","twitter_creator":"@ParticipacionPC","twitter_site":"@ParticipacionPC","twitter_misc":{"Escrito por":"Karen Ramos","Tiempo de lectura":"2 minutos"},"schema":{"@context":"https:\/\/schema.org","@graph":[{"@type":"Article","@id":"https:\/\/www.participacionciudadana.org\/web\/2023\/09\/14\/capacitamos-en-temas-de-transparencia-a-las-alcaldias-de-santa-elena-la-libertad-y-salinas\/#article","isPartOf":{"@id":"https:\/\/www.participacionciudadana.org\/web\/2023\/09\/14\/capacitamos-en-temas-de-transparencia-a-las-alcaldias-de-santa-elena-la-libertad-y-salinas\/"},"author":{"name":"Karen Ramos","@id":"https:\/\/www.participacionciudadana.org\/web\/#\/schema\/person\/7d1c54696e041e527f8fbfd6c9b513ae"},"headline":"Capacitamos en temas de transparencia a las alcald\u00edas de Santa Elena, La Libertad y Salinas","datePublished":"2023-09-14T17:40:36+00:00","dateModified":"2023-09-14T17:42:03+00:00","mainEntityOfPage":{"@id":"https:\/\/www.participacionciudadana.org\/web\/2023\/09\/14\/capacitamos-en-temas-de-transparencia-a-las-alcaldias-de-santa-elena-la-libertad-y-salinas\/"},"wordCount":272,"commentCount":0,"publisher":{"@id":"https:\/\/www.participacionciudadana.org\/web\/#organization"},"image":{"@id":"https:\/\/www.participacionciudadana.org\/web\/2023\/09\/14\/capacitamos-en-temas-de-transparencia-a-las-alcaldias-de-santa-elena-la-libertad-y-salinas\/#primaryimage"},"thumbnailUrl":"https:\/\/www.participacionciudadana.org\/web\/wp-content\/uploads\/2023\/09\/img.jpeg","articleSection":["Boletines","Comunicaci\u00f3n"],"inLanguage":"es","potentialAction":[{"@type":"CommentAction","name":"Comment","target":["https:\/\/www.participacionciudadana.org\/web\/2023\/09\/14\/capacitamos-en-temas-de-transparencia-a-las-alcaldias-de-santa-elena-la-libertad-y-salinas\/#respond"]}]},{"@type":"WebPage","@id":"https:\/\/www.participacionciudadana.org\/web\/2023\/09\/14\/capacitamos-en-temas-de-transparencia-a-las-alcaldias-de-santa-elena-la-libertad-y-salinas\/","url":"https:\/\/www.participacionciudadana.org\/web\/2023\/09\/14\/capacitamos-en-temas-de-transparencia-a-las-alcaldias-de-santa-elena-la-libertad-y-salinas\/","name":"Capacitamos en temas de transparencia a las alcald\u00edas de Santa Elena, La Libertad y Salinas - Participaci\u00f3n Ciudadana","isPartOf":{"@id":"https:\/\/www.participacionciudadana.org\/web\/#website"},"primaryImageOfPage":{"@id":"https:\/\/www.participacionciudadana.org\/web\/2023\/09\/14\/capacitamos-en-temas-de-transparencia-a-las-alcaldias-de-santa-elena-la-libertad-y-salinas\/#primaryimage"},"image":{"@id":"https:\/\/www.participacionciudadana.org\/web\/2023\/09\/14\/capacitamos-en-temas-de-transparencia-a-las-alcaldias-de-santa-elena-la-libertad-y-salinas\/#primaryimage"},"thumbnailUrl":"https:\/\/www.participacionciudadana.org\/web\/wp-content\/uploads\/2023\/09\/img.jpeg","datePublished":"2023-09-14T17:40:36+00:00","dateModified":"2023-09-14T17:42:03+00:00","breadcrumb":{"@id":"https:\/\/www.participacionciudadana.org\/web\/2023\/09\/14\/capacitamos-en-temas-de-transparencia-a-las-alcaldias-de-santa-elena-la-libertad-y-salinas\/#breadcrumb"},"inLanguage":"es","potentialAction":[{"@type":"ReadAction","target":["https:\/\/www.participacionciudadana.org\/web\/2023\/09\/14\/capacitamos-en-temas-de-transparencia-a-las-alcaldias-de-santa-elena-la-libertad-y-salinas\/"]}]},{"@type":"ImageObject","inLanguage":"es","@id":"https:\/\/www.participacionciudadana.org\/web\/2023\/09\/14\/capacitamos-en-temas-de-transparencia-a-las-alcaldias-de-santa-elena-la-libertad-y-salinas\/#primaryimage","url":"https:\/\/www.participacionciudadana.org\/web\/wp-content\/uploads\/2023\/09\/img.jpeg","contentUrl":"https:\/\/www.participacionciudadana.org\/web\/wp-content\/uploads\/2023\/09\/img.jpeg","width":900,"height":900},{"@type":"BreadcrumbList","@id":"https:\/\/www.participacionciudadana.org\/web\/2023\/09\/14\/capacitamos-en-temas-de-transparencia-a-las-alcaldias-de-santa-elena-la-libertad-y-salinas\/#breadcrumb","itemListElement":[{"@type":"ListItem","position":1,"name":"Portada","item":"https:\/\/www.participacionciudadana.org\/web\/"},{"@type":"ListItem","position":2,"name":"Capacitamos en temas de transparencia a las alcald\u00edas de Santa Elena, La Libertad y Salinas"}]},{"@type":"WebSite","@id":"https:\/\/www.participacionciudadana.org\/web\/#website","url":"https:\/\/www.participacionciudadana.org\/web\/","name":"Participaci\u00f3n Ciudadana","description":"Comprometidos con la democracia","publisher":{"@id":"https:\/\/www.participacionciudadana.org\/web\/#organization"},"potentialAction":[{"@type":"SearchAction","target":{"@type":"EntryPoint","urlTemplate":"https:\/\/www.participacionciudadana.org\/web\/?s={search_term_string}"},"query-input":{"@type":"PropertyValueSpecification","valueRequired":true,"valueName":"search_term_string"}}],"inLanguage":"es"},{"@type":"Organization","@id":"https:\/\/www.participacionciudadana.org\/web\/#organization","name":"Participaci\u00f3n Ciudadana","url":"https:\/\/www.participacionciudadana.org\/web\/","logo":{"@type":"ImageObject","inLanguage":"es","@id":"https:\/\/www.participacionciudadana.org\/web\/#\/schema\/logo\/image\/","url":"https:\/\/www.participacionciudadana.org\/web\/wp-content\/uploads\/2021\/11\/cropped-logo_pc-1.png","contentUrl":"https:\/\/www.participacionciudadana.org\/web\/wp-content\/uploads\/2021\/11\/cropped-logo_pc-1.png","width":340,"height":114,"caption":"Participaci\u00f3n Ciudadana"},"image":{"@id":"https:\/\/www.participacionciudadana.org\/web\/#\/schema\/logo\/image\/"},"sameAs":["https:\/\/www.facebook.com\/ParticipacionPC\/","https:\/\/x.com\/ParticipacionPC"]},{"@type":"Person","@id":"https:\/\/www.participacionciudadana.org\/web\/#\/schema\/person\/7d1c54696e041e527f8fbfd6c9b513ae","name":"Karen Ramos","image":{"@type":"ImageObject","inLanguage":"es","@id":"https:\/\/www.participacionciudadana.org\/web\/#\/schema\/person\/image\/","url":"https:\/\/secure.gravatar.com\/avatar\/286968dbb3bb60217f1c7034fda5fe010f5c132ea9d76191d7dbe615e76f9e88?s=96&d=mm&r=g","contentUrl":"https:\/\/secure.gravatar.com\/avatar\/286968dbb3bb60217f1c7034fda5fe010f5c132ea9d76191d7dbe615e76f9e88?s=96&d=mm&r=g","caption":"Karen Ramos"},"url":"https:\/\/www.participacionciudadana.org\/web\/author\/karenliz\/"}]}},"_links":{"self":[{"href":"https:\/\/www.participacionciudadana.org\/web\/wp-json\/wp\/v2\/posts\/6114","targetHints":{"allow":["GET"]}}],"collection":[{"href":"https:\/\/www.participacionciudadana.org\/web\/wp-json\/wp\/v2\/posts"}],"about":[{"href":"https:\/\/www.participacionciudadana.org\/web\/wp-json\/wp\/v2\/types\/post"}],"author":[{"embeddable":true,"href":"https:\/\/www.participacionciudadana.org\/web\/wp-json\/wp\/v2\/users\/7"}],"replies":[{"embeddable":true,"href":"https:\/\/www.participacionciudadana.org\/web\/wp-json\/wp\/v2\/comments?post=6114"}],"version-history":[{"count":0,"href":"https:\/\/www.participacionciudadana.org\/web\/wp-json\/wp\/v2\/posts\/6114\/revisions"}],"wp:featuredmedia":[{"embeddable":true,"href":"https:\/\/www.participacionciudadana.org\/web\/wp-json\/wp\/v2\/media\/6115"}],"wp:attachment":[{"href":"https:\/\/www.participacionciudadana.org\/web\/wp-json\/wp\/v2\/media?parent=6114"}],"wp:term":[{"taxonomy":"category","embeddable":true,"href":"https:\/\/www.participacionciudadana.org\/web\/wp-json\/wp\/v2\/categories?post=6114"},{"taxonomy":"post_tag","embeddable":true,"href":"https:\/\/www.participacionciudadana.org\/web\/wp-json\/wp\/v2\/tags?post=6114"}],"curies":[{"name":"wp","href":"https:\/\/api.w.org\/{rel}","templated":true}]}}