{"id":6200,"date":"2023-09-22T14:49:56","date_gmt":"2023-09-22T19:49:56","guid":{"rendered":"https:\/\/www.participacionciudadana.org\/web\/?p=6200"},"modified":"2023-09-26T14:35:48","modified_gmt":"2023-09-26T19:35:48","slug":"pc-vigilara-las-elecciones-en-la-segunda-vuelta","status":"publish","type":"post","link":"https:\/\/www.participacionciudadana.org\/web\/2023\/09\/22\/pc-vigilara-las-elecciones-en-la-segunda-vuelta\/","title":{"rendered":"PC VIGILAR\u00c1 LAS ELECCIONES EN LA SEGUNDA VUELTA"},"content":{"rendered":"\n<p class=\"has-text-align-right\">Viernes, 22 de septiembre de 2023<\/p>\n\n\n\n<p>La Corporaci\u00f3n Participaci\u00f3n Ciudadana (PC) vigilar\u00e1 las elecciones en la segunda vuelta. Durante la campa\u00f1a electoral, del 24 de septiembre al 12 de octubre, se realizar\u00e1n cuatro monitoreos y el d\u00eda de las elecciones se llevar\u00e1 a cabo la observaci\u00f3n electoral cualitativa, con m\u00e1s de 600 observadores, en 10 ciudades del pa\u00eds.<\/p>\n\n\n\n<p>El Centro de Monitoreo de PC iniciar\u00e1 este domingo, 24 de septiembre, con cuatro monitoreos t\u00e9cnicos sobre: Violencia Pol\u00edtica, Publicidad Oficial, Promoci\u00f3n Electoral y sobre las tem\u00e1ticas m\u00e1s abordadas por los binomios presidenciales. Los resultados de estos monitoreos ser\u00e1n publicados semanalmente en nuestras redes sociales y p\u00e1gina web: bit.ly\/3q5n7iW<\/p>\n\n\n\n<p>Adicionalmente, el domingo 15 de octubre, d\u00eda de las elecciones, PC realizar\u00e1 observaci\u00f3n electoral cualitativa, con m\u00e1s de 600 observadores electorales, desplegados en distintos recintos electorales, en 10 ciudades del pa\u00eds: Quito, Guayaquil, Cuenca, Manta, Portoviejo, Loja, Riobamba, Ibarra, Macas y Zamora.<\/p>\n\n\n\n<p>Como siempre, Participaci\u00f3n Ciudadana estar\u00e1 lista para entregar informaci\u00f3n imparcial sobre la observaci\u00f3n electoral cualitativa, el d\u00eda de las elecciones, en el Centro de Mando, que estar\u00e1 ubicado en el hotel Swissotel.<\/p>\n\n\n\n<p class=\"has-text-align-center\">\u00a1POR LA DEMOCRACIA SIEMPRE!<\/p>\n\n\n\n<div class=\"wp-block-columns is-layout-flex wp-container-core-columns-is-layout-28f84493 wp-block-columns-is-layout-flex\">\n<div class=\"wp-block-column is-layout-flow wp-block-column-is-layout-flow\" style=\"flex-basis:25%\"><\/div>\n\n\n\n<div class=\"wp-block-column is-layout-flow wp-block-column-is-layout-flow\" style=\"flex-basis:50%\">\n<figure class=\"wp-block-video\"><video height=\"900\" style=\"aspect-ratio: 720 \/ 900;\" width=\"720\" controls src=\"https:\/\/www.participacionciudadana.org\/web\/wp-content\/uploads\/2023\/09\/observacion-segunda-vuelta-2023.mp4\"><\/video><\/figure>\n<\/div>\n\n\n\n<div class=\"wp-block-column is-layout-flow wp-block-column-is-layout-flow\" style=\"flex-basis:25%\"><\/div>\n<\/div>\n","protected":false},"excerpt":{"rendered":"<p>Viernes, 22 de septiembre de 2023 La Corporaci\u00f3n Participaci\u00f3n Ciudadana (PC) vigilar\u00e1 las elecciones en la segunda vuelta. Durante la campa\u00f1a electoral, del 24 de septiembre al 12 de octubre, se realizar\u00e1n cuatro monitoreos y el d\u00eda de las elecciones se llevar\u00e1 a cabo la observaci\u00f3n electoral cualitativa, con m\u00e1s de 600 observadores, en 10 [&hellip;]<\/p>\n","protected":false},"author":7,"featured_media":6206,"comment_status":"open","ping_status":"open","sticky":false,"template":"","format":"standard","meta":{"site-sidebar-layout":"default","site-content-layout":"","ast-site-content-layout":"default","site-content-style":"default","site-sidebar-style":"default","ast-global-header-display":"","ast-banner-title-visibility":"","ast-main-header-display":"","ast-hfb-above-header-display":"","ast-hfb-below-header-display":"","ast-hfb-mobile-header-display":"","site-post-title":"","ast-breadcrumbs-content":"","ast-featured-img":"","footer-sml-layout":"","ast-disable-related-posts":"","theme-transparent-header-meta":"","adv-header-id-meta":"","stick-header-meta":"","header-above-stick-meta":"","header-main-stick-meta":"","header-below-stick-meta":"","astra-migrate-meta-layouts":"set","ast-page-background-enabled":"default","ast-page-background-meta":{"desktop":{"background-color":"","background-image":"","background-repeat":"repeat","background-position":"center center","background-size":"auto","background-attachment":"scroll","background-type":"","background-media":"","overlay-type":"","overlay-color":"","overlay-opacity":"","overlay-gradient":""},"tablet":{"background-color":"","background-image":"","background-repeat":"repeat","background-position":"center center","background-size":"auto","background-attachment":"scroll","background-type":"","background-media":"","overlay-type":"","overlay-color":"","overlay-opacity":"","overlay-gradient":""},"mobile":{"background-color":"","background-image":"","background-repeat":"repeat","background-position":"center center","background-size":"auto","background-attachment":"scroll","background-type":"","background-media":"","overlay-type":"","overlay-color":"","overlay-opacity":"","overlay-gradient":""}},"ast-content-background-meta":{"desktop":{"background-color":"var(--ast-global-color-5)","background-image":"","background-repeat":"repeat","background-position":"center center","background-size":"auto","background-attachment":"scroll","background-type":"","background-media":"","overlay-type":"","overlay-color":"","overlay-opacity":"","overlay-gradient":""},"tablet":{"background-color":"var(--ast-global-color-5)","background-image":"","background-repeat":"repeat","background-position":"center center","background-size":"auto","background-attachment":"scroll","background-type":"","background-media":"","overlay-type":"","overlay-color":"","overlay-opacity":"","overlay-gradient":""},"mobile":{"background-color":"var(--ast-global-color-5)","background-image":"","background-repeat":"repeat","background-position":"center center","background-size":"auto","background-attachment":"scroll","background-type":"","background-media":"","overlay-type":"","overlay-color":"","overlay-opacity":"","overlay-gradient":""}},"_joinchat":[],"footnotes":""},"categories":[78,1],"tags":[],"class_list":["post-6200","post","type-post","status-publish","format-standard","has-post-thumbnail","hentry","category-boletines","category-sin-categoria"],"yoast_head":"<!-- This site is optimized with the Yoast SEO plugin v26.5 - https:\/\/yoast.com\/wordpress\/plugins\/seo\/ -->\n<title>PC VIGILAR\u00c1 LAS ELECCIONES EN LA SEGUNDA VUELTA - Participaci\u00f3n Ciudadana<\/title>\n<meta name=\"robots\" content=\"index, follow, max-snippet:-1, max-image-preview:large, max-video-preview:-1\" \/>\n<link rel=\"canonical\" href=\"https:\/\/www.participacionciudadana.org\/web\/2023\/09\/22\/pc-vigilara-las-elecciones-en-la-segunda-vuelta\/\" \/>\n<meta property=\"og:locale\" content=\"es_ES\" \/>\n<meta property=\"og:type\" content=\"article\" \/>\n<meta property=\"og:title\" content=\"PC VIGILAR\u00c1 LAS ELECCIONES EN LA SEGUNDA VUELTA - Participaci\u00f3n Ciudadana\" \/>\n<meta property=\"og:description\" content=\"Viernes, 22 de septiembre de 2023 La Corporaci\u00f3n Participaci\u00f3n Ciudadana (PC) vigilar\u00e1 las elecciones en la segunda vuelta. Durante la campa\u00f1a electoral, del 24 de septiembre al 12 de octubre, se realizar\u00e1n cuatro monitoreos y el d\u00eda de las elecciones se llevar\u00e1 a cabo la observaci\u00f3n electoral cualitativa, con m\u00e1s de 600 observadores, en 10 [&hellip;]\" \/>\n<meta property=\"og:url\" content=\"https:\/\/www.participacionciudadana.org\/web\/2023\/09\/22\/pc-vigilara-las-elecciones-en-la-segunda-vuelta\/\" \/>\n<meta property=\"og:site_name\" content=\"Participaci\u00f3n Ciudadana\" \/>\n<meta property=\"article:publisher\" content=\"https:\/\/www.facebook.com\/ParticipacionPC\/\" \/>\n<meta property=\"article:published_time\" content=\"2023-09-22T19:49:56+00:00\" \/>\n<meta property=\"article:modified_time\" content=\"2023-09-26T19:35:48+00:00\" \/>\n<meta property=\"og:image\" content=\"https:\/\/www.participacionciudadana.org\/web\/wp-content\/uploads\/2023\/09\/cuatro-monitoreos-segunda-vuelta.jpeg\" \/>\n\t<meta property=\"og:image:width\" content=\"1000\" \/>\n\t<meta property=\"og:image:height\" content=\"1000\" \/>\n\t<meta property=\"og:image:type\" content=\"image\/jpeg\" \/>\n<meta name=\"author\" content=\"Karen Ramos\" \/>\n<meta name=\"twitter:card\" content=\"summary_large_image\" \/>\n<meta name=\"twitter:image\" content=\"https:\/\/www.participacionciudadana.org\/web\/wp-content\/uploads\/2023\/09\/cuatro-monitoreos-segunda-vuelta.jpeg\" \/>\n<meta name=\"twitter:creator\" content=\"@ParticipacionPC\" \/>\n<meta name=\"twitter:site\" content=\"@ParticipacionPC\" \/>\n<meta name=\"twitter:label1\" content=\"Escrito por\" \/>\n\t<meta name=\"twitter:data1\" content=\"Karen Ramos\" \/>\n\t<meta name=\"twitter:label2\" content=\"Tiempo de lectura\" \/>\n\t<meta name=\"twitter:data2\" content=\"1 minuto\" \/>\n<script type=\"application\/ld+json\" class=\"yoast-schema-graph\">{\"@context\":\"https:\/\/schema.org\",\"@graph\":[{\"@type\":\"Article\",\"@id\":\"https:\/\/www.participacionciudadana.org\/web\/2023\/09\/22\/pc-vigilara-las-elecciones-en-la-segunda-vuelta\/#article\",\"isPartOf\":{\"@id\":\"https:\/\/www.participacionciudadana.org\/web\/2023\/09\/22\/pc-vigilara-las-elecciones-en-la-segunda-vuelta\/\"},\"author\":{\"name\":\"Karen Ramos\",\"@id\":\"https:\/\/www.participacionciudadana.org\/web\/#\/schema\/person\/7d1c54696e041e527f8fbfd6c9b513ae\"},\"headline\":\"PC VIGILAR\u00c1 LAS ELECCIONES EN LA SEGUNDA VUELTA\",\"datePublished\":\"2023-09-22T19:49:56+00:00\",\"dateModified\":\"2023-09-26T19:35:48+00:00\",\"mainEntityOfPage\":{\"@id\":\"https:\/\/www.participacionciudadana.org\/web\/2023\/09\/22\/pc-vigilara-las-elecciones-en-la-segunda-vuelta\/\"},\"wordCount\":210,\"commentCount\":0,\"publisher\":{\"@id\":\"https:\/\/www.participacionciudadana.org\/web\/#organization\"},\"image\":{\"@id\":\"https:\/\/www.participacionciudadana.org\/web\/2023\/09\/22\/pc-vigilara-las-elecciones-en-la-segunda-vuelta\/#primaryimage\"},\"thumbnailUrl\":\"https:\/\/www.participacionciudadana.org\/web\/wp-content\/uploads\/2023\/09\/cuatro-monitoreos-segunda-vuelta.jpeg\",\"articleSection\":[\"Boletines\"],\"inLanguage\":\"es\",\"potentialAction\":[{\"@type\":\"CommentAction\",\"name\":\"Comment\",\"target\":[\"https:\/\/www.participacionciudadana.org\/web\/2023\/09\/22\/pc-vigilara-las-elecciones-en-la-segunda-vuelta\/#respond\"]}]},{\"@type\":\"WebPage\",\"@id\":\"https:\/\/www.participacionciudadana.org\/web\/2023\/09\/22\/pc-vigilara-las-elecciones-en-la-segunda-vuelta\/\",\"url\":\"https:\/\/www.participacionciudadana.org\/web\/2023\/09\/22\/pc-vigilara-las-elecciones-en-la-segunda-vuelta\/\",\"name\":\"PC VIGILAR\u00c1 LAS ELECCIONES EN LA SEGUNDA VUELTA - Participaci\u00f3n Ciudadana\",\"isPartOf\":{\"@id\":\"https:\/\/www.participacionciudadana.org\/web\/#website\"},\"primaryImageOfPage\":{\"@id\":\"https:\/\/www.participacionciudadana.org\/web\/2023\/09\/22\/pc-vigilara-las-elecciones-en-la-segunda-vuelta\/#primaryimage\"},\"image\":{\"@id\":\"https:\/\/www.participacionciudadana.org\/web\/2023\/09\/22\/pc-vigilara-las-elecciones-en-la-segunda-vuelta\/#primaryimage\"},\"thumbnailUrl\":\"https:\/\/www.participacionciudadana.org\/web\/wp-content\/uploads\/2023\/09\/cuatro-monitoreos-segunda-vuelta.jpeg\",\"datePublished\":\"2023-09-22T19:49:56+00:00\",\"dateModified\":\"2023-09-26T19:35:48+00:00\",\"breadcrumb\":{\"@id\":\"https:\/\/www.participacionciudadana.org\/web\/2023\/09\/22\/pc-vigilara-las-elecciones-en-la-segunda-vuelta\/#breadcrumb\"},\"inLanguage\":\"es\",\"potentialAction\":[{\"@type\":\"ReadAction\",\"target\":[\"https:\/\/www.participacionciudadana.org\/web\/2023\/09\/22\/pc-vigilara-las-elecciones-en-la-segunda-vuelta\/\"]}]},{\"@type\":\"ImageObject\",\"inLanguage\":\"es\",\"@id\":\"https:\/\/www.participacionciudadana.org\/web\/2023\/09\/22\/pc-vigilara-las-elecciones-en-la-segunda-vuelta\/#primaryimage\",\"url\":\"https:\/\/www.participacionciudadana.org\/web\/wp-content\/uploads\/2023\/09\/cuatro-monitoreos-segunda-vuelta.jpeg\",\"contentUrl\":\"https:\/\/www.participacionciudadana.org\/web\/wp-content\/uploads\/2023\/09\/cuatro-monitoreos-segunda-vuelta.jpeg\",\"width\":1000,\"height\":1000},{\"@type\":\"BreadcrumbList\",\"@id\":\"https:\/\/www.participacionciudadana.org\/web\/2023\/09\/22\/pc-vigilara-las-elecciones-en-la-segunda-vuelta\/#breadcrumb\",\"itemListElement\":[{\"@type\":\"ListItem\",\"position\":1,\"name\":\"Portada\",\"item\":\"https:\/\/www.participacionciudadana.org\/web\/\"},{\"@type\":\"ListItem\",\"position\":2,\"name\":\"PC VIGILAR\u00c1 LAS ELECCIONES EN LA SEGUNDA VUELTA\"}]},{\"@type\":\"WebSite\",\"@id\":\"https:\/\/www.participacionciudadana.org\/web\/#website\",\"url\":\"https:\/\/www.participacionciudadana.org\/web\/\",\"name\":\"Participaci\u00f3n Ciudadana\",\"description\":\"Comprometidos con la democracia\",\"publisher\":{\"@id\":\"https:\/\/www.participacionciudadana.org\/web\/#organization\"},\"potentialAction\":[{\"@type\":\"SearchAction\",\"target\":{\"@type\":\"EntryPoint\",\"urlTemplate\":\"https:\/\/www.participacionciudadana.org\/web\/?s={search_term_string}\"},\"query-input\":{\"@type\":\"PropertyValueSpecification\",\"valueRequired\":true,\"valueName\":\"search_term_string\"}}],\"inLanguage\":\"es\"},{\"@type\":\"Organization\",\"@id\":\"https:\/\/www.participacionciudadana.org\/web\/#organization\",\"name\":\"Participaci\u00f3n Ciudadana\",\"url\":\"https:\/\/www.participacionciudadana.org\/web\/\",\"logo\":{\"@type\":\"ImageObject\",\"inLanguage\":\"es\",\"@id\":\"https:\/\/www.participacionciudadana.org\/web\/#\/schema\/logo\/image\/\",\"url\":\"https:\/\/www.participacionciudadana.org\/web\/wp-content\/uploads\/2021\/11\/cropped-logo_pc-1.png\",\"contentUrl\":\"https:\/\/www.participacionciudadana.org\/web\/wp-content\/uploads\/2021\/11\/cropped-logo_pc-1.png\",\"width\":340,\"height\":114,\"caption\":\"Participaci\u00f3n Ciudadana\"},\"image\":{\"@id\":\"https:\/\/www.participacionciudadana.org\/web\/#\/schema\/logo\/image\/\"},\"sameAs\":[\"https:\/\/www.facebook.com\/ParticipacionPC\/\",\"https:\/\/x.com\/ParticipacionPC\"]},{\"@type\":\"Person\",\"@id\":\"https:\/\/www.participacionciudadana.org\/web\/#\/schema\/person\/7d1c54696e041e527f8fbfd6c9b513ae\",\"name\":\"Karen Ramos\",\"image\":{\"@type\":\"ImageObject\",\"inLanguage\":\"es\",\"@id\":\"https:\/\/www.participacionciudadana.org\/web\/#\/schema\/person\/image\/\",\"url\":\"https:\/\/secure.gravatar.com\/avatar\/286968dbb3bb60217f1c7034fda5fe010f5c132ea9d76191d7dbe615e76f9e88?s=96&d=mm&r=g\",\"contentUrl\":\"https:\/\/secure.gravatar.com\/avatar\/286968dbb3bb60217f1c7034fda5fe010f5c132ea9d76191d7dbe615e76f9e88?s=96&d=mm&r=g\",\"caption\":\"Karen Ramos\"},\"url\":\"https:\/\/www.participacionciudadana.org\/web\/author\/karenliz\/\"}]}<\/script>\n<!-- \/ Yoast SEO plugin. -->","yoast_head_json":{"title":"PC VIGILAR\u00c1 LAS ELECCIONES EN LA SEGUNDA VUELTA - Participaci\u00f3n Ciudadana","robots":{"index":"index","follow":"follow","max-snippet":"max-snippet:-1","max-image-preview":"max-image-preview:large","max-video-preview":"max-video-preview:-1"},"canonical":"https:\/\/www.participacionciudadana.org\/web\/2023\/09\/22\/pc-vigilara-las-elecciones-en-la-segunda-vuelta\/","og_locale":"es_ES","og_type":"article","og_title":"PC VIGILAR\u00c1 LAS ELECCIONES EN LA SEGUNDA VUELTA - Participaci\u00f3n Ciudadana","og_description":"Viernes, 22 de septiembre de 2023 La Corporaci\u00f3n Participaci\u00f3n Ciudadana (PC) vigilar\u00e1 las elecciones en la segunda vuelta. Durante la campa\u00f1a electoral, del 24 de septiembre al 12 de octubre, se realizar\u00e1n cuatro monitoreos y el d\u00eda de las elecciones se llevar\u00e1 a cabo la observaci\u00f3n electoral cualitativa, con m\u00e1s de 600 observadores, en 10 [&hellip;]","og_url":"https:\/\/www.participacionciudadana.org\/web\/2023\/09\/22\/pc-vigilara-las-elecciones-en-la-segunda-vuelta\/","og_site_name":"Participaci\u00f3n Ciudadana","article_publisher":"https:\/\/www.facebook.com\/ParticipacionPC\/","article_published_time":"2023-09-22T19:49:56+00:00","article_modified_time":"2023-09-26T19:35:48+00:00","og_image":[{"width":1000,"height":1000,"url":"https:\/\/www.participacionciudadana.org\/web\/wp-content\/uploads\/2023\/09\/cuatro-monitoreos-segunda-vuelta.jpeg","type":"image\/jpeg"}],"author":"Karen Ramos","twitter_card":"summary_large_image","twitter_image":"https:\/\/www.participacionciudadana.org\/web\/wp-content\/uploads\/2023\/09\/cuatro-monitoreos-segunda-vuelta.jpeg","twitter_creator":"@ParticipacionPC","twitter_site":"@ParticipacionPC","twitter_misc":{"Escrito por":"Karen Ramos","Tiempo de lectura":"1 minuto"},"schema":{"@context":"https:\/\/schema.org","@graph":[{"@type":"Article","@id":"https:\/\/www.participacionciudadana.org\/web\/2023\/09\/22\/pc-vigilara-las-elecciones-en-la-segunda-vuelta\/#article","isPartOf":{"@id":"https:\/\/www.participacionciudadana.org\/web\/2023\/09\/22\/pc-vigilara-las-elecciones-en-la-segunda-vuelta\/"},"author":{"name":"Karen Ramos","@id":"https:\/\/www.participacionciudadana.org\/web\/#\/schema\/person\/7d1c54696e041e527f8fbfd6c9b513ae"},"headline":"PC VIGILAR\u00c1 LAS ELECCIONES EN LA SEGUNDA VUELTA","datePublished":"2023-09-22T19:49:56+00:00","dateModified":"2023-09-26T19:35:48+00:00","mainEntityOfPage":{"@id":"https:\/\/www.participacionciudadana.org\/web\/2023\/09\/22\/pc-vigilara-las-elecciones-en-la-segunda-vuelta\/"},"wordCount":210,"commentCount":0,"publisher":{"@id":"https:\/\/www.participacionciudadana.org\/web\/#organization"},"image":{"@id":"https:\/\/www.participacionciudadana.org\/web\/2023\/09\/22\/pc-vigilara-las-elecciones-en-la-segunda-vuelta\/#primaryimage"},"thumbnailUrl":"https:\/\/www.participacionciudadana.org\/web\/wp-content\/uploads\/2023\/09\/cuatro-monitoreos-segunda-vuelta.jpeg","articleSection":["Boletines"],"inLanguage":"es","potentialAction":[{"@type":"CommentAction","name":"Comment","target":["https:\/\/www.participacionciudadana.org\/web\/2023\/09\/22\/pc-vigilara-las-elecciones-en-la-segunda-vuelta\/#respond"]}]},{"@type":"WebPage","@id":"https:\/\/www.participacionciudadana.org\/web\/2023\/09\/22\/pc-vigilara-las-elecciones-en-la-segunda-vuelta\/","url":"https:\/\/www.participacionciudadana.org\/web\/2023\/09\/22\/pc-vigilara-las-elecciones-en-la-segunda-vuelta\/","name":"PC VIGILAR\u00c1 LAS ELECCIONES EN LA SEGUNDA VUELTA - Participaci\u00f3n Ciudadana","isPartOf":{"@id":"https:\/\/www.participacionciudadana.org\/web\/#website"},"primaryImageOfPage":{"@id":"https:\/\/www.participacionciudadana.org\/web\/2023\/09\/22\/pc-vigilara-las-elecciones-en-la-segunda-vuelta\/#primaryimage"},"image":{"@id":"https:\/\/www.participacionciudadana.org\/web\/2023\/09\/22\/pc-vigilara-las-elecciones-en-la-segunda-vuelta\/#primaryimage"},"thumbnailUrl":"https:\/\/www.participacionciudadana.org\/web\/wp-content\/uploads\/2023\/09\/cuatro-monitoreos-segunda-vuelta.jpeg","datePublished":"2023-09-22T19:49:56+00:00","dateModified":"2023-09-26T19:35:48+00:00","breadcrumb":{"@id":"https:\/\/www.participacionciudadana.org\/web\/2023\/09\/22\/pc-vigilara-las-elecciones-en-la-segunda-vuelta\/#breadcrumb"},"inLanguage":"es","potentialAction":[{"@type":"ReadAction","target":["https:\/\/www.participacionciudadana.org\/web\/2023\/09\/22\/pc-vigilara-las-elecciones-en-la-segunda-vuelta\/"]}]},{"@type":"ImageObject","inLanguage":"es","@id":"https:\/\/www.participacionciudadana.org\/web\/2023\/09\/22\/pc-vigilara-las-elecciones-en-la-segunda-vuelta\/#primaryimage","url":"https:\/\/www.participacionciudadana.org\/web\/wp-content\/uploads\/2023\/09\/cuatro-monitoreos-segunda-vuelta.jpeg","contentUrl":"https:\/\/www.participacionciudadana.org\/web\/wp-content\/uploads\/2023\/09\/cuatro-monitoreos-segunda-vuelta.jpeg","width":1000,"height":1000},{"@type":"BreadcrumbList","@id":"https:\/\/www.participacionciudadana.org\/web\/2023\/09\/22\/pc-vigilara-las-elecciones-en-la-segunda-vuelta\/#breadcrumb","itemListElement":[{"@type":"ListItem","position":1,"name":"Portada","item":"https:\/\/www.participacionciudadana.org\/web\/"},{"@type":"ListItem","position":2,"name":"PC VIGILAR\u00c1 LAS ELECCIONES EN LA SEGUNDA VUELTA"}]},{"@type":"WebSite","@id":"https:\/\/www.participacionciudadana.org\/web\/#website","url":"https:\/\/www.participacionciudadana.org\/web\/","name":"Participaci\u00f3n Ciudadana","description":"Comprometidos con la democracia","publisher":{"@id":"https:\/\/www.participacionciudadana.org\/web\/#organization"},"potentialAction":[{"@type":"SearchAction","target":{"@type":"EntryPoint","urlTemplate":"https:\/\/www.participacionciudadana.org\/web\/?s={search_term_string}"},"query-input":{"@type":"PropertyValueSpecification","valueRequired":true,"valueName":"search_term_string"}}],"inLanguage":"es"},{"@type":"Organization","@id":"https:\/\/www.participacionciudadana.org\/web\/#organization","name":"Participaci\u00f3n Ciudadana","url":"https:\/\/www.participacionciudadana.org\/web\/","logo":{"@type":"ImageObject","inLanguage":"es","@id":"https:\/\/www.participacionciudadana.org\/web\/#\/schema\/logo\/image\/","url":"https:\/\/www.participacionciudadana.org\/web\/wp-content\/uploads\/2021\/11\/cropped-logo_pc-1.png","contentUrl":"https:\/\/www.participacionciudadana.org\/web\/wp-content\/uploads\/2021\/11\/cropped-logo_pc-1.png","width":340,"height":114,"caption":"Participaci\u00f3n Ciudadana"},"image":{"@id":"https:\/\/www.participacionciudadana.org\/web\/#\/schema\/logo\/image\/"},"sameAs":["https:\/\/www.facebook.com\/ParticipacionPC\/","https:\/\/x.com\/ParticipacionPC"]},{"@type":"Person","@id":"https:\/\/www.participacionciudadana.org\/web\/#\/schema\/person\/7d1c54696e041e527f8fbfd6c9b513ae","name":"Karen Ramos","image":{"@type":"ImageObject","inLanguage":"es","@id":"https:\/\/www.participacionciudadana.org\/web\/#\/schema\/person\/image\/","url":"https:\/\/secure.gravatar.com\/avatar\/286968dbb3bb60217f1c7034fda5fe010f5c132ea9d76191d7dbe615e76f9e88?s=96&d=mm&r=g","contentUrl":"https:\/\/secure.gravatar.com\/avatar\/286968dbb3bb60217f1c7034fda5fe010f5c132ea9d76191d7dbe615e76f9e88?s=96&d=mm&r=g","caption":"Karen Ramos"},"url":"https:\/\/www.participacionciudadana.org\/web\/author\/karenliz\/"}]}},"_links":{"self":[{"href":"https:\/\/www.participacionciudadana.org\/web\/wp-json\/wp\/v2\/posts\/6200","targetHints":{"allow":["GET"]}}],"collection":[{"href":"https:\/\/www.participacionciudadana.org\/web\/wp-json\/wp\/v2\/posts"}],"about":[{"href":"https:\/\/www.participacionciudadana.org\/web\/wp-json\/wp\/v2\/types\/post"}],"author":[{"embeddable":true,"href":"https:\/\/www.participacionciudadana.org\/web\/wp-json\/wp\/v2\/users\/7"}],"replies":[{"embeddable":true,"href":"https:\/\/www.participacionciudadana.org\/web\/wp-json\/wp\/v2\/comments?post=6200"}],"version-history":[{"count":0,"href":"https:\/\/www.participacionciudadana.org\/web\/wp-json\/wp\/v2\/posts\/6200\/revisions"}],"wp:featuredmedia":[{"embeddable":true,"href":"https:\/\/www.participacionciudadana.org\/web\/wp-json\/wp\/v2\/media\/6206"}],"wp:attachment":[{"href":"https:\/\/www.participacionciudadana.org\/web\/wp-json\/wp\/v2\/media?parent=6200"}],"wp:term":[{"taxonomy":"category","embeddable":true,"href":"https:\/\/www.participacionciudadana.org\/web\/wp-json\/wp\/v2\/categories?post=6200"},{"taxonomy":"post_tag","embeddable":true,"href":"https:\/\/www.participacionciudadana.org\/web\/wp-json\/wp\/v2\/tags?post=6200"}],"curies":[{"name":"wp","href":"https:\/\/api.w.org\/{rel}","templated":true}]}}