{"id":6214,"date":"2023-09-27T09:36:37","date_gmt":"2023-09-27T14:36:37","guid":{"rendered":"https:\/\/www.participacionciudadana.org\/web\/?p=6214"},"modified":"2023-09-27T09:39:36","modified_gmt":"2023-09-27T14:39:36","slug":"que-le-espera-al-pais-despues-del-15-de-octubre","status":"publish","type":"post","link":"https:\/\/www.participacionciudadana.org\/web\/2023\/09\/27\/que-le-espera-al-pais-despues-del-15-de-octubre\/","title":{"rendered":"\u00bfQu\u00e9 le espera al pa\u00eds despu\u00e9s del 15 de octubre?"},"content":{"rendered":"\n<h4 class=\"wp-block-heading\">Introducci\u00f3n<\/h4>\n\n\n\n<p>El nuevo conversatorio de \u201c\u00bfY la Democracia Qu\u00e9?\u201d, organizado por la Corporaci\u00f3n Participaci\u00f3n Ciudadana (PC), reuni\u00f3 a destacados expertos y l\u00edderes de opini\u00f3n para analizar las perspectivas que se vislumbran en Ecuador, despu\u00e9s de la celebraci\u00f3n de la segunda vuelta electoral. Este evento, que se llev\u00f3 a cabo el pasado jueves 21 de septiembre, en el cine Ocho y Medio, en la Floresta &#8211; Quito, tuvo como objetivo principal explorar diversos aspectos del futuro pol\u00edtico, social y econ\u00f3mico del pa\u00eds, a medida que se acerca la elecci\u00f3n del pr\u00f3ximo Presidente y la conformaci\u00f3n definitiva de la Asamblea Nacional.<br>El evento cont\u00f3 con los aportes de los panelistas: Carla Maldonado, periodista editora en La Posta; Andr\u00e9s Jaramillo, estratega y docente de Comunicaci\u00f3n; Gabriela Guerrero, polit\u00f3loga y analista electoral; y Medardo Oleas, integrante del Observatorio Electoral y ex presidente del antiguo Tribunal Supremo Electoral. As\u00ed mismo, cont\u00f3 con la moderaci\u00f3n de Ruth Hidalgo, directora ejecutiva de PC y Pablo Villac\u00eds, del equipo de la organizaci\u00f3n veedora del proceso electoral.<\/p>\n\n\n\n<h4 class=\"wp-block-heading\">Desarrollo del Evento<\/h4>\n\n\n\n<p>El evento fue inaugurado con las palabras de bienvenida de Ruth Hidalgo, quien resalt\u00f3 la importancia de la participaci\u00f3n ciudadana y el compromiso c\u00edvico de los asistentes, enfatizando la relevancia de los temas a tratar en el di\u00e1logo.<\/p>\n\n\n\n<p>El primer ponente, Andr\u00e9s Jaramillo, abord\u00f3 el concepto de \u201cescucha social\u201d, como una herramienta crucial en el monitoreo de conversaciones y opiniones, en l\u00ednea, relacionadas con las elecciones ecuatorianas. Destac\u00f3 que las conversaciones en plataformas digitales hab\u00edan experimentado un aumento en la carga negativa, principalmente debido a las declaraciones controvertidas de los candidatos presidenciales y sus compa\u00f1eros de f\u00f3rmula. Jaramillo subray\u00f3 la importancia de evaluar la percepci\u00f3n p\u00fablica de los candidatos, a trav\u00e9s de indicadores como menciones negativas, ubicaci\u00f3n geogr\u00e1fica de las conversaciones y la identificaci\u00f3n de usuarios como bots o personas reales.<\/p>\n\n\n\n<p>Un caso ilustrativo fue el del candidato Daniel Noboa, quien recibi\u00f3 numerosas menciones negativas, debido a las pol\u00e9micas declaraciones de su candidata a la Vicepresidencia. Esto, resalt\u00f3 c\u00f3mo las declaraciones de los candidatos a la Vicepresidencia pod\u00edan eclipsar las propuestas de los candidatos presidenciales. Adem\u00e1s, Jaramillo se\u00f1al\u00f3 el aumento significativo en la velocidad de viralizaci\u00f3n de noticias y opiniones en l\u00ednea, en comparaci\u00f3n con elecciones anteriores.<\/p>\n\n\n\n<p>En relaci\u00f3n con la composici\u00f3n de la Asamblea Nacional frente a la gobernabilidad con cualquier candidato que llegue a la Presidencia, Jaramillo expres\u00f3 su escepticismo sobre la posibilidad de cambios significativos, debido a la persistencia de los mismos actores pol\u00edticos y a la presencia de nuevas fuerzas pol\u00edticas. Destac\u00f3 la influencia del Partido Social Cristiano en la distribuci\u00f3n del poder en la Asamblea, y cuestion\u00f3 la utilidad de las &#8220;mayor\u00edas m\u00f3viles&#8221; en la legislatura.<\/p>\n\n\n\n<p>El evento continu\u00f3 con la intervenci\u00f3n de Carla Maldonado, quien puso de manifiesto la preocupante escalada de violencia en Ecuador, con un aumento dram\u00e1tico de homicidios en los primeros ocho meses del a\u00f1o. Maldonado vincul\u00f3 esta violencia al tr\u00e1fico de drogas, citando datos de las Naciones Unidas sobre la producci\u00f3n de drogas en Colombia, y su paso a trav\u00e9s de Ecuador hacia mercados internacionales. Tambi\u00e9n destac\u00f3 cuestiones sociales, como la pobreza y la deserci\u00f3n escolar, as\u00ed como la emigraci\u00f3n de ecuatorianos en busca de mejores oportunidades.<\/p>\n\n\n\n<p>En el \u00e1mbito econ\u00f3mico, Maldonado mencion\u00f3 el d\u00e9ficit fiscal proyectado y la deuda acumulada, as\u00ed como la preocupaci\u00f3n por el posible impacto del fen\u00f3meno de El Ni\u00f1o en la econom\u00eda del pa\u00eds. Cuestion\u00f3 si los planes de gobierno de los candidatos abordaban adecuadamente estos desaf\u00edos.<\/p>\n\n\n\n<p>Maldonado tambi\u00e9n expres\u00f3 inquietudes sobre la libertad de expresi\u00f3n en Ecuador, destacando la etiquetaci\u00f3n de periodistas como &#8220;sicarios&#8221; y la necesidad de preservar la libertad de prensa. En este sentido, dijo que gane quien gane la Presidencia deber\u00e1 garantizar la libertad de expresi\u00f3n, aunque sobre la candidata del corre\u00edsmo tuvo sus preocupaciones porque en la d\u00e9cada de la Revoluci\u00f3n Ciudadana, al frente del poder, crearon la Ley de Comunicaci\u00f3n para perseguir a la prensa libre, se\u00f1al\u00f3.<\/p>\n\n\n\n<p>Ruth Hidalgo complement\u00f3 estas ideas enfatizando la importancia de un sistema de partidos pol\u00edticos s\u00f3lido que garantice la calidad de los candidatos y aborde la pobreza y la desnutrici\u00f3n en el pa\u00eds. Hizo un llamado a implementar programas de asistencia social y respaldo a peque\u00f1os emprendimientos.<\/p>\n\n\n\n<p>Gabriela Guerrero expres\u00f3 la necesidad de tomar decisiones estrat\u00e9gicas, en un tiempo limitado. Destac\u00f3 la importancia de centrarse en problemas clave como la seguridad, el fen\u00f3meno de El Ni\u00f1o y el empleo. Abog\u00f3 por un cambio en la cultura pol\u00edtica y la formaci\u00f3n de candidatos m\u00e1s preparados, as\u00ed como la necesidad de reformar el C\u00f3digo de la Democracia.<\/p>\n\n\n\n<p>En relaci\u00f3n con proyectos a largo plazo, Guerrero mencion\u00f3 la transici\u00f3n energ\u00e9tica y la cooperaci\u00f3n regional en temas de seguridad.<\/p>\n\n\n\n<p>Medardo Oleas expres\u00f3 preocupaciones sobre la situaci\u00f3n electoral en Ecuador, se\u00f1alando la falta de transparencia en el proceso y la posible financiaci\u00f3n il\u00edcita de campa\u00f1as pol\u00edticas. Tambi\u00e9n inst\u00f3 a cambiar la Constituci\u00f3n y las leyes para abordar problemas econ\u00f3micos y de seguridad.<\/p>\n\n\n\n<p>Durante las preguntas del p\u00fablico, los panelistas respondieron diversas inquietudes, incluyendo la insatisfacci\u00f3n de los movimientos sociales frente a la situaci\u00f3n del pa\u00eds; la necesidad de evitar la toma total de las instituciones; la capacidad del futuro presidente para abordar la crisis de seguridad, y la importancia de la cooperaci\u00f3n internacional, en este sentido; la falta de convergencia y coordinaci\u00f3n en los esfuerzos para fortalecer el tejido social; y la necesidad de reinventar el sistema democr\u00e1tico en Ecuador.<\/p>\n\n\n\n<h4 class=\"wp-block-heading\">Puntos comunes y relevantes abordados por los expertos<\/h4>\n\n\n\n<p>A lo largo del evento de \u201cY la Democracia Qu\u00e9\u201d, los expertos abordaron varios puntos comunes y relevantes que reflejan las preocupaciones clave, en torno al futuro de Ecuador:<\/p>\n\n\n\n<ol class=\"wp-block-list\">\n<li>Violencia y Seguridad: Los panelistas resaltaron la preocupaci\u00f3n por el aumento de la violencia en Ecuador, especialmente relacionada con el tr\u00e1fico de drogas. La seguridad se mencion\u00f3 como uno de los problemas m\u00e1s apremiantes que el pr\u00f3ximo gobierno debe abordar de manera efectiva.<\/li>\n\n\n\n<li>Problemas Sociales: Se destac\u00f3 la existencia de un alto n\u00famero de personas en situaci\u00f3n de pobreza y pobreza extrema en Ecuador, as\u00ed como la deserci\u00f3n escolar. Esto subraya la importancia de abordar las cuestiones sociales y econ\u00f3micas para mejorar la calidad de vida de los ciudadanos.<\/li>\n\n\n\n<li>Emigraci\u00f3n: Se mencion\u00f3 la emigraci\u00f3n de ecuatorianos en busca de mejores oportunidades como un problema significativo que debe ser atendido. La falta de empleo y perspectivas en el pa\u00eds lleva a muchos a buscar oportunidades en el extranjero.<\/li>\n\n\n\n<li>Econom\u00eda y Deuda: Se destac\u00f3 la preocupaci\u00f3n por el d\u00e9ficit fiscal proyectado y la deuda acumulada por el gobierno ecuatoriano. La gesti\u00f3n econ\u00f3mica se considera un desaf\u00edo crucial que debe abordarse de manera responsable.<\/li>\n\n\n\n<li>Libertad de Expresi\u00f3n: Se expresaron preocupaciones sobre la libertad de expresi\u00f3n en Ecuador, especialmente en lo que respecta a la etiquetaci\u00f3n de periodistas y la necesidad de preservar la libertad de prensa como un pilar fundamental de la democracia.<\/li>\n\n\n\n<li>Participaci\u00f3n Ciudadana: Todos los expertos subrayaron la importancia de la participaci\u00f3n ciudadana activa en el proceso democr\u00e1tico. Esto incluye el control social, la fiscalizaci\u00f3n y el empoderamiento de la sociedad civil para influir en la gesti\u00f3n gubernamental.<\/li>\n\n\n\n<li>Reformas Pol\u00edticas y Electorales: Se mencion\u00f3 la necesidad de reformar el sistema electoral y pol\u00edtico de Ecuador para abordar problemas como la falta de transparencia en las elecciones y la financiaci\u00f3n il\u00edcita de campa\u00f1as pol\u00edticas.<\/li>\n\n\n\n<li>Formaci\u00f3n de Candidatos: Se abog\u00f3 por la formaci\u00f3n de candidatos m\u00e1s preparados y la necesidad de cambiar la cultura pol\u00edtica en el pa\u00eds.<\/li>\n\n\n\n<li>Cooperaci\u00f3n Internacional: Se enfatiz\u00f3 la importancia de la cooperaci\u00f3n internacional en temas como la seguridad y la gesti\u00f3n de crisis, as\u00ed como la necesidad de considerar acuerdos internacionales en proyectos a largo plazo.<\/li>\n\n\n\n<li>Unidad: Se hizo hincapi\u00e9 en la importancia de la unidad y la superaci\u00f3n de divisiones pol\u00edticas y sociales, para abordar los desaf\u00edos que enfrenta Ecuador de manera efectiva.<\/li>\n<\/ol>\n\n\n\n<h4 class=\"wp-block-heading\">Conclusi\u00f3n<\/h4>\n\n\n\n<p>En su reflexi\u00f3n final, Hidalgo destac\u00f3 la importancia de abordar temas dif\u00edciles y promover un di\u00e1logo constructivo en la sociedad ecuatoriana. Hizo un llamado a construir la democracia, de manera constante; informarse, opinar y escuchar diferentes perspectivas. Adem\u00e1s, enfatiz\u00f3 en la necesidad de una sociedad civil activa y vigilante para influir en la gesti\u00f3n gubernamental y superar la polarizaci\u00f3n en la pol\u00edtica ecuatoriana.<\/p>\n\n\n\n<figure class=\"wp-block-image alignright size-large is-resized\"><img fetchpriority=\"high\" decoding=\"async\" src=\"https:\/\/www.participacionciudadana.org\/web\/wp-content\/uploads\/2023\/09\/Y-LA-DEMOCRACIA-QUE-27-09-1024x678.jpg\" alt=\"\" class=\"wp-image-6210\" style=\"width:433px;height:287px\" width=\"433\" height=\"287\" srcset=\"https:\/\/www.participacionciudadana.org\/web\/wp-content\/uploads\/2023\/09\/Y-LA-DEMOCRACIA-QUE-27-09-1024x678.jpg 1024w, https:\/\/www.participacionciudadana.org\/web\/wp-content\/uploads\/2023\/09\/Y-LA-DEMOCRACIA-QUE-27-09-300x199.jpg 300w, https:\/\/www.participacionciudadana.org\/web\/wp-content\/uploads\/2023\/09\/Y-LA-DEMOCRACIA-QUE-27-09-768x508.jpg 768w, https:\/\/www.participacionciudadana.org\/web\/wp-content\/uploads\/2023\/09\/Y-LA-DEMOCRACIA-QUE-27-09-1536x1017.jpg 1536w, https:\/\/www.participacionciudadana.org\/web\/wp-content\/uploads\/2023\/09\/Y-LA-DEMOCRACIA-QUE-27-09.jpg 1600w\" sizes=\"(max-width: 433px) 100vw, 433px\" \/><\/figure>\n\n\n\n<p>En este octavo encuentro de &#8220;\u00bfY la Democracia Qu\u00e9?\u201d, se abordaron puntos en com\u00fan y relevantes, que arrojaron luz sobre las preocupaciones clave para el futuro de Ecuador. Participaci\u00f3n Ciudadana realiza estos di\u00e1logos ciudadanos para la discusi\u00f3n de los desaf\u00edos cr\u00edticos que enfrenta Ecuador en diversos \u00e1mbitos, desde la seguridad y la econom\u00eda, hasta la participaci\u00f3n ciudadana y la democracia. Las reflexiones y propuestas presentadas por los expertos y el p\u00fablico destacan la importancia de tomar decisiones estrat\u00e9gicas y reformar aspectos clave del sistema pol\u00edtico y social del pa\u00eds para un futuro m\u00e1s pr\u00f3spero y democr\u00e1tico.<\/p>\n","protected":false},"excerpt":{"rendered":"<p>Introducci\u00f3n El nuevo conversatorio de \u201c\u00bfY la Democracia Qu\u00e9?\u201d, organizado por la Corporaci\u00f3n Participaci\u00f3n Ciudadana (PC), reuni\u00f3 a destacados expertos y l\u00edderes de opini\u00f3n para analizar las perspectivas que se vislumbran en Ecuador, despu\u00e9s de la celebraci\u00f3n de la segunda vuelta electoral. Este evento, que se llev\u00f3 a cabo el pasado jueves 21 de septiembre, [&hellip;]<\/p>\n","protected":false},"author":7,"featured_media":6216,"comment_status":"open","ping_status":"open","sticky":false,"template":"","format":"standard","meta":{"site-sidebar-layout":"default","site-content-layout":"","ast-site-content-layout":"default","site-content-style":"default","site-sidebar-style":"default","ast-global-header-display":"","ast-banner-title-visibility":"","ast-main-header-display":"","ast-hfb-above-header-display":"","ast-hfb-below-header-display":"","ast-hfb-mobile-header-display":"","site-post-title":"","ast-breadcrumbs-content":"","ast-featured-img":"","footer-sml-layout":"","ast-disable-related-posts":"","theme-transparent-header-meta":"","adv-header-id-meta":"","stick-header-meta":"","header-above-stick-meta":"","header-main-stick-meta":"","header-below-stick-meta":"","astra-migrate-meta-layouts":"set","ast-page-background-enabled":"default","ast-page-background-meta":{"desktop":{"background-color":"","background-image":"","background-repeat":"repeat","background-position":"center center","background-size":"auto","background-attachment":"scroll","background-type":"","background-media":"","overlay-type":"","overlay-color":"","overlay-opacity":"","overlay-gradient":""},"tablet":{"background-color":"","background-image":"","background-repeat":"repeat","background-position":"center center","background-size":"auto","background-attachment":"scroll","background-type":"","background-media":"","overlay-type":"","overlay-color":"","overlay-opacity":"","overlay-gradient":""},"mobile":{"background-color":"","background-image":"","background-repeat":"repeat","background-position":"center center","background-size":"auto","background-attachment":"scroll","background-type":"","background-media":"","overlay-type":"","overlay-color":"","overlay-opacity":"","overlay-gradient":""}},"ast-content-background-meta":{"desktop":{"background-color":"var(--ast-global-color-5)","background-image":"","background-repeat":"repeat","background-position":"center center","background-size":"auto","background-attachment":"scroll","background-type":"","background-media":"","overlay-type":"","overlay-color":"","overlay-opacity":"","overlay-gradient":""},"tablet":{"background-color":"var(--ast-global-color-5)","background-image":"","background-repeat":"repeat","background-position":"center center","background-size":"auto","background-attachment":"scroll","background-type":"","background-media":"","overlay-type":"","overlay-color":"","overlay-opacity":"","overlay-gradient":""},"mobile":{"background-color":"var(--ast-global-color-5)","background-image":"","background-repeat":"repeat","background-position":"center center","background-size":"auto","background-attachment":"scroll","background-type":"","background-media":"","overlay-type":"","overlay-color":"","overlay-opacity":"","overlay-gradient":""}},"_joinchat":[],"footnotes":""},"categories":[1],"tags":[],"class_list":["post-6214","post","type-post","status-publish","format-standard","has-post-thumbnail","hentry","category-sin-categoria"],"yoast_head":"<!-- This site is optimized with the Yoast SEO plugin v26.5 - https:\/\/yoast.com\/wordpress\/plugins\/seo\/ -->\n<title>\u00bfQu\u00e9 le espera al pa\u00eds despu\u00e9s del 15 de octubre? - Participaci\u00f3n Ciudadana<\/title>\n<meta name=\"robots\" content=\"index, follow, max-snippet:-1, max-image-preview:large, max-video-preview:-1\" \/>\n<link rel=\"canonical\" href=\"https:\/\/www.participacionciudadana.org\/web\/2023\/09\/27\/que-le-espera-al-pais-despues-del-15-de-octubre\/\" \/>\n<meta property=\"og:locale\" content=\"es_ES\" \/>\n<meta property=\"og:type\" content=\"article\" \/>\n<meta property=\"og:title\" content=\"\u00bfQu\u00e9 le espera al pa\u00eds despu\u00e9s del 15 de octubre? - Participaci\u00f3n Ciudadana\" \/>\n<meta property=\"og:description\" content=\"Introducci\u00f3n El nuevo conversatorio de \u201c\u00bfY la Democracia Qu\u00e9?\u201d, organizado por la Corporaci\u00f3n Participaci\u00f3n Ciudadana (PC), reuni\u00f3 a destacados expertos y l\u00edderes de opini\u00f3n para analizar las perspectivas que se vislumbran en Ecuador, despu\u00e9s de la celebraci\u00f3n de la segunda vuelta electoral. Este evento, que se llev\u00f3 a cabo el pasado jueves 21 de septiembre, [&hellip;]\" \/>\n<meta property=\"og:url\" content=\"https:\/\/www.participacionciudadana.org\/web\/2023\/09\/27\/que-le-espera-al-pais-despues-del-15-de-octubre\/\" \/>\n<meta property=\"og:site_name\" content=\"Participaci\u00f3n Ciudadana\" \/>\n<meta property=\"article:publisher\" content=\"https:\/\/www.facebook.com\/ParticipacionPC\/\" \/>\n<meta property=\"article:published_time\" content=\"2023-09-27T14:36:37+00:00\" \/>\n<meta property=\"article:modified_time\" content=\"2023-09-27T14:39:36+00:00\" \/>\n<meta property=\"og:image\" content=\"https:\/\/www.participacionciudadana.org\/web\/wp-content\/uploads\/2023\/09\/DIALOGO-8-Y-MEDIO.jpeg\" \/>\n\t<meta property=\"og:image:width\" content=\"767\" \/>\n\t<meta property=\"og:image:height\" content=\"661\" \/>\n\t<meta property=\"og:image:type\" content=\"image\/jpeg\" \/>\n<meta name=\"author\" content=\"Karen Ramos\" \/>\n<meta name=\"twitter:card\" content=\"summary_large_image\" \/>\n<meta name=\"twitter:creator\" content=\"@ParticipacionPC\" \/>\n<meta name=\"twitter:site\" content=\"@ParticipacionPC\" \/>\n<meta name=\"twitter:label1\" content=\"Escrito por\" \/>\n\t<meta name=\"twitter:data1\" content=\"Karen Ramos\" \/>\n\t<meta name=\"twitter:label2\" content=\"Tiempo de lectura\" \/>\n\t<meta name=\"twitter:data2\" content=\"7 minutos\" \/>\n<script type=\"application\/ld+json\" class=\"yoast-schema-graph\">{\"@context\":\"https:\/\/schema.org\",\"@graph\":[{\"@type\":\"Article\",\"@id\":\"https:\/\/www.participacionciudadana.org\/web\/2023\/09\/27\/que-le-espera-al-pais-despues-del-15-de-octubre\/#article\",\"isPartOf\":{\"@id\":\"https:\/\/www.participacionciudadana.org\/web\/2023\/09\/27\/que-le-espera-al-pais-despues-del-15-de-octubre\/\"},\"author\":{\"name\":\"Karen Ramos\",\"@id\":\"https:\/\/www.participacionciudadana.org\/web\/#\/schema\/person\/7d1c54696e041e527f8fbfd6c9b513ae\"},\"headline\":\"\u00bfQu\u00e9 le espera al pa\u00eds despu\u00e9s del 15 de octubre?\",\"datePublished\":\"2023-09-27T14:36:37+00:00\",\"dateModified\":\"2023-09-27T14:39:36+00:00\",\"mainEntityOfPage\":{\"@id\":\"https:\/\/www.participacionciudadana.org\/web\/2023\/09\/27\/que-le-espera-al-pais-despues-del-15-de-octubre\/\"},\"wordCount\":1627,\"commentCount\":0,\"publisher\":{\"@id\":\"https:\/\/www.participacionciudadana.org\/web\/#organization\"},\"image\":{\"@id\":\"https:\/\/www.participacionciudadana.org\/web\/2023\/09\/27\/que-le-espera-al-pais-despues-del-15-de-octubre\/#primaryimage\"},\"thumbnailUrl\":\"https:\/\/www.participacionciudadana.org\/web\/wp-content\/uploads\/2023\/09\/DIALOGO-8-Y-MEDIO.jpeg\",\"inLanguage\":\"es\",\"potentialAction\":[{\"@type\":\"CommentAction\",\"name\":\"Comment\",\"target\":[\"https:\/\/www.participacionciudadana.org\/web\/2023\/09\/27\/que-le-espera-al-pais-despues-del-15-de-octubre\/#respond\"]}]},{\"@type\":\"WebPage\",\"@id\":\"https:\/\/www.participacionciudadana.org\/web\/2023\/09\/27\/que-le-espera-al-pais-despues-del-15-de-octubre\/\",\"url\":\"https:\/\/www.participacionciudadana.org\/web\/2023\/09\/27\/que-le-espera-al-pais-despues-del-15-de-octubre\/\",\"name\":\"\u00bfQu\u00e9 le espera al pa\u00eds despu\u00e9s del 15 de octubre? - Participaci\u00f3n Ciudadana\",\"isPartOf\":{\"@id\":\"https:\/\/www.participacionciudadana.org\/web\/#website\"},\"primaryImageOfPage\":{\"@id\":\"https:\/\/www.participacionciudadana.org\/web\/2023\/09\/27\/que-le-espera-al-pais-despues-del-15-de-octubre\/#primaryimage\"},\"image\":{\"@id\":\"https:\/\/www.participacionciudadana.org\/web\/2023\/09\/27\/que-le-espera-al-pais-despues-del-15-de-octubre\/#primaryimage\"},\"thumbnailUrl\":\"https:\/\/www.participacionciudadana.org\/web\/wp-content\/uploads\/2023\/09\/DIALOGO-8-Y-MEDIO.jpeg\",\"datePublished\":\"2023-09-27T14:36:37+00:00\",\"dateModified\":\"2023-09-27T14:39:36+00:00\",\"breadcrumb\":{\"@id\":\"https:\/\/www.participacionciudadana.org\/web\/2023\/09\/27\/que-le-espera-al-pais-despues-del-15-de-octubre\/#breadcrumb\"},\"inLanguage\":\"es\",\"potentialAction\":[{\"@type\":\"ReadAction\",\"target\":[\"https:\/\/www.participacionciudadana.org\/web\/2023\/09\/27\/que-le-espera-al-pais-despues-del-15-de-octubre\/\"]}]},{\"@type\":\"ImageObject\",\"inLanguage\":\"es\",\"@id\":\"https:\/\/www.participacionciudadana.org\/web\/2023\/09\/27\/que-le-espera-al-pais-despues-del-15-de-octubre\/#primaryimage\",\"url\":\"https:\/\/www.participacionciudadana.org\/web\/wp-content\/uploads\/2023\/09\/DIALOGO-8-Y-MEDIO.jpeg\",\"contentUrl\":\"https:\/\/www.participacionciudadana.org\/web\/wp-content\/uploads\/2023\/09\/DIALOGO-8-Y-MEDIO.jpeg\",\"width\":767,\"height\":661},{\"@type\":\"BreadcrumbList\",\"@id\":\"https:\/\/www.participacionciudadana.org\/web\/2023\/09\/27\/que-le-espera-al-pais-despues-del-15-de-octubre\/#breadcrumb\",\"itemListElement\":[{\"@type\":\"ListItem\",\"position\":1,\"name\":\"Portada\",\"item\":\"https:\/\/www.participacionciudadana.org\/web\/\"},{\"@type\":\"ListItem\",\"position\":2,\"name\":\"\u00bfQu\u00e9 le espera al pa\u00eds despu\u00e9s del 15 de octubre?\"}]},{\"@type\":\"WebSite\",\"@id\":\"https:\/\/www.participacionciudadana.org\/web\/#website\",\"url\":\"https:\/\/www.participacionciudadana.org\/web\/\",\"name\":\"Participaci\u00f3n Ciudadana\",\"description\":\"Comprometidos con la democracia\",\"publisher\":{\"@id\":\"https:\/\/www.participacionciudadana.org\/web\/#organization\"},\"potentialAction\":[{\"@type\":\"SearchAction\",\"target\":{\"@type\":\"EntryPoint\",\"urlTemplate\":\"https:\/\/www.participacionciudadana.org\/web\/?s={search_term_string}\"},\"query-input\":{\"@type\":\"PropertyValueSpecification\",\"valueRequired\":true,\"valueName\":\"search_term_string\"}}],\"inLanguage\":\"es\"},{\"@type\":\"Organization\",\"@id\":\"https:\/\/www.participacionciudadana.org\/web\/#organization\",\"name\":\"Participaci\u00f3n Ciudadana\",\"url\":\"https:\/\/www.participacionciudadana.org\/web\/\",\"logo\":{\"@type\":\"ImageObject\",\"inLanguage\":\"es\",\"@id\":\"https:\/\/www.participacionciudadana.org\/web\/#\/schema\/logo\/image\/\",\"url\":\"https:\/\/www.participacionciudadana.org\/web\/wp-content\/uploads\/2021\/11\/cropped-logo_pc-1.png\",\"contentUrl\":\"https:\/\/www.participacionciudadana.org\/web\/wp-content\/uploads\/2021\/11\/cropped-logo_pc-1.png\",\"width\":340,\"height\":114,\"caption\":\"Participaci\u00f3n Ciudadana\"},\"image\":{\"@id\":\"https:\/\/www.participacionciudadana.org\/web\/#\/schema\/logo\/image\/\"},\"sameAs\":[\"https:\/\/www.facebook.com\/ParticipacionPC\/\",\"https:\/\/x.com\/ParticipacionPC\"]},{\"@type\":\"Person\",\"@id\":\"https:\/\/www.participacionciudadana.org\/web\/#\/schema\/person\/7d1c54696e041e527f8fbfd6c9b513ae\",\"name\":\"Karen Ramos\",\"image\":{\"@type\":\"ImageObject\",\"inLanguage\":\"es\",\"@id\":\"https:\/\/www.participacionciudadana.org\/web\/#\/schema\/person\/image\/\",\"url\":\"https:\/\/secure.gravatar.com\/avatar\/286968dbb3bb60217f1c7034fda5fe010f5c132ea9d76191d7dbe615e76f9e88?s=96&d=mm&r=g\",\"contentUrl\":\"https:\/\/secure.gravatar.com\/avatar\/286968dbb3bb60217f1c7034fda5fe010f5c132ea9d76191d7dbe615e76f9e88?s=96&d=mm&r=g\",\"caption\":\"Karen Ramos\"},\"url\":\"https:\/\/www.participacionciudadana.org\/web\/author\/karenliz\/\"}]}<\/script>\n<!-- \/ Yoast SEO plugin. -->","yoast_head_json":{"title":"\u00bfQu\u00e9 le espera al pa\u00eds despu\u00e9s del 15 de octubre? - Participaci\u00f3n Ciudadana","robots":{"index":"index","follow":"follow","max-snippet":"max-snippet:-1","max-image-preview":"max-image-preview:large","max-video-preview":"max-video-preview:-1"},"canonical":"https:\/\/www.participacionciudadana.org\/web\/2023\/09\/27\/que-le-espera-al-pais-despues-del-15-de-octubre\/","og_locale":"es_ES","og_type":"article","og_title":"\u00bfQu\u00e9 le espera al pa\u00eds despu\u00e9s del 15 de octubre? - Participaci\u00f3n Ciudadana","og_description":"Introducci\u00f3n El nuevo conversatorio de \u201c\u00bfY la Democracia Qu\u00e9?\u201d, organizado por la Corporaci\u00f3n Participaci\u00f3n Ciudadana (PC), reuni\u00f3 a destacados expertos y l\u00edderes de opini\u00f3n para analizar las perspectivas que se vislumbran en Ecuador, despu\u00e9s de la celebraci\u00f3n de la segunda vuelta electoral. Este evento, que se llev\u00f3 a cabo el pasado jueves 21 de septiembre, [&hellip;]","og_url":"https:\/\/www.participacionciudadana.org\/web\/2023\/09\/27\/que-le-espera-al-pais-despues-del-15-de-octubre\/","og_site_name":"Participaci\u00f3n Ciudadana","article_publisher":"https:\/\/www.facebook.com\/ParticipacionPC\/","article_published_time":"2023-09-27T14:36:37+00:00","article_modified_time":"2023-09-27T14:39:36+00:00","og_image":[{"width":767,"height":661,"url":"https:\/\/www.participacionciudadana.org\/web\/wp-content\/uploads\/2023\/09\/DIALOGO-8-Y-MEDIO.jpeg","type":"image\/jpeg"}],"author":"Karen Ramos","twitter_card":"summary_large_image","twitter_creator":"@ParticipacionPC","twitter_site":"@ParticipacionPC","twitter_misc":{"Escrito por":"Karen Ramos","Tiempo de lectura":"7 minutos"},"schema":{"@context":"https:\/\/schema.org","@graph":[{"@type":"Article","@id":"https:\/\/www.participacionciudadana.org\/web\/2023\/09\/27\/que-le-espera-al-pais-despues-del-15-de-octubre\/#article","isPartOf":{"@id":"https:\/\/www.participacionciudadana.org\/web\/2023\/09\/27\/que-le-espera-al-pais-despues-del-15-de-octubre\/"},"author":{"name":"Karen Ramos","@id":"https:\/\/www.participacionciudadana.org\/web\/#\/schema\/person\/7d1c54696e041e527f8fbfd6c9b513ae"},"headline":"\u00bfQu\u00e9 le espera al pa\u00eds despu\u00e9s del 15 de octubre?","datePublished":"2023-09-27T14:36:37+00:00","dateModified":"2023-09-27T14:39:36+00:00","mainEntityOfPage":{"@id":"https:\/\/www.participacionciudadana.org\/web\/2023\/09\/27\/que-le-espera-al-pais-despues-del-15-de-octubre\/"},"wordCount":1627,"commentCount":0,"publisher":{"@id":"https:\/\/www.participacionciudadana.org\/web\/#organization"},"image":{"@id":"https:\/\/www.participacionciudadana.org\/web\/2023\/09\/27\/que-le-espera-al-pais-despues-del-15-de-octubre\/#primaryimage"},"thumbnailUrl":"https:\/\/www.participacionciudadana.org\/web\/wp-content\/uploads\/2023\/09\/DIALOGO-8-Y-MEDIO.jpeg","inLanguage":"es","potentialAction":[{"@type":"CommentAction","name":"Comment","target":["https:\/\/www.participacionciudadana.org\/web\/2023\/09\/27\/que-le-espera-al-pais-despues-del-15-de-octubre\/#respond"]}]},{"@type":"WebPage","@id":"https:\/\/www.participacionciudadana.org\/web\/2023\/09\/27\/que-le-espera-al-pais-despues-del-15-de-octubre\/","url":"https:\/\/www.participacionciudadana.org\/web\/2023\/09\/27\/que-le-espera-al-pais-despues-del-15-de-octubre\/","name":"\u00bfQu\u00e9 le espera al pa\u00eds despu\u00e9s del 15 de octubre? - Participaci\u00f3n Ciudadana","isPartOf":{"@id":"https:\/\/www.participacionciudadana.org\/web\/#website"},"primaryImageOfPage":{"@id":"https:\/\/www.participacionciudadana.org\/web\/2023\/09\/27\/que-le-espera-al-pais-despues-del-15-de-octubre\/#primaryimage"},"image":{"@id":"https:\/\/www.participacionciudadana.org\/web\/2023\/09\/27\/que-le-espera-al-pais-despues-del-15-de-octubre\/#primaryimage"},"thumbnailUrl":"https:\/\/www.participacionciudadana.org\/web\/wp-content\/uploads\/2023\/09\/DIALOGO-8-Y-MEDIO.jpeg","datePublished":"2023-09-27T14:36:37+00:00","dateModified":"2023-09-27T14:39:36+00:00","breadcrumb":{"@id":"https:\/\/www.participacionciudadana.org\/web\/2023\/09\/27\/que-le-espera-al-pais-despues-del-15-de-octubre\/#breadcrumb"},"inLanguage":"es","potentialAction":[{"@type":"ReadAction","target":["https:\/\/www.participacionciudadana.org\/web\/2023\/09\/27\/que-le-espera-al-pais-despues-del-15-de-octubre\/"]}]},{"@type":"ImageObject","inLanguage":"es","@id":"https:\/\/www.participacionciudadana.org\/web\/2023\/09\/27\/que-le-espera-al-pais-despues-del-15-de-octubre\/#primaryimage","url":"https:\/\/www.participacionciudadana.org\/web\/wp-content\/uploads\/2023\/09\/DIALOGO-8-Y-MEDIO.jpeg","contentUrl":"https:\/\/www.participacionciudadana.org\/web\/wp-content\/uploads\/2023\/09\/DIALOGO-8-Y-MEDIO.jpeg","width":767,"height":661},{"@type":"BreadcrumbList","@id":"https:\/\/www.participacionciudadana.org\/web\/2023\/09\/27\/que-le-espera-al-pais-despues-del-15-de-octubre\/#breadcrumb","itemListElement":[{"@type":"ListItem","position":1,"name":"Portada","item":"https:\/\/www.participacionciudadana.org\/web\/"},{"@type":"ListItem","position":2,"name":"\u00bfQu\u00e9 le espera al pa\u00eds despu\u00e9s del 15 de octubre?"}]},{"@type":"WebSite","@id":"https:\/\/www.participacionciudadana.org\/web\/#website","url":"https:\/\/www.participacionciudadana.org\/web\/","name":"Participaci\u00f3n Ciudadana","description":"Comprometidos con la democracia","publisher":{"@id":"https:\/\/www.participacionciudadana.org\/web\/#organization"},"potentialAction":[{"@type":"SearchAction","target":{"@type":"EntryPoint","urlTemplate":"https:\/\/www.participacionciudadana.org\/web\/?s={search_term_string}"},"query-input":{"@type":"PropertyValueSpecification","valueRequired":true,"valueName":"search_term_string"}}],"inLanguage":"es"},{"@type":"Organization","@id":"https:\/\/www.participacionciudadana.org\/web\/#organization","name":"Participaci\u00f3n Ciudadana","url":"https:\/\/www.participacionciudadana.org\/web\/","logo":{"@type":"ImageObject","inLanguage":"es","@id":"https:\/\/www.participacionciudadana.org\/web\/#\/schema\/logo\/image\/","url":"https:\/\/www.participacionciudadana.org\/web\/wp-content\/uploads\/2021\/11\/cropped-logo_pc-1.png","contentUrl":"https:\/\/www.participacionciudadana.org\/web\/wp-content\/uploads\/2021\/11\/cropped-logo_pc-1.png","width":340,"height":114,"caption":"Participaci\u00f3n Ciudadana"},"image":{"@id":"https:\/\/www.participacionciudadana.org\/web\/#\/schema\/logo\/image\/"},"sameAs":["https:\/\/www.facebook.com\/ParticipacionPC\/","https:\/\/x.com\/ParticipacionPC"]},{"@type":"Person","@id":"https:\/\/www.participacionciudadana.org\/web\/#\/schema\/person\/7d1c54696e041e527f8fbfd6c9b513ae","name":"Karen Ramos","image":{"@type":"ImageObject","inLanguage":"es","@id":"https:\/\/www.participacionciudadana.org\/web\/#\/schema\/person\/image\/","url":"https:\/\/secure.gravatar.com\/avatar\/286968dbb3bb60217f1c7034fda5fe010f5c132ea9d76191d7dbe615e76f9e88?s=96&d=mm&r=g","contentUrl":"https:\/\/secure.gravatar.com\/avatar\/286968dbb3bb60217f1c7034fda5fe010f5c132ea9d76191d7dbe615e76f9e88?s=96&d=mm&r=g","caption":"Karen Ramos"},"url":"https:\/\/www.participacionciudadana.org\/web\/author\/karenliz\/"}]}},"_links":{"self":[{"href":"https:\/\/www.participacionciudadana.org\/web\/wp-json\/wp\/v2\/posts\/6214","targetHints":{"allow":["GET"]}}],"collection":[{"href":"https:\/\/www.participacionciudadana.org\/web\/wp-json\/wp\/v2\/posts"}],"about":[{"href":"https:\/\/www.participacionciudadana.org\/web\/wp-json\/wp\/v2\/types\/post"}],"author":[{"embeddable":true,"href":"https:\/\/www.participacionciudadana.org\/web\/wp-json\/wp\/v2\/users\/7"}],"replies":[{"embeddable":true,"href":"https:\/\/www.participacionciudadana.org\/web\/wp-json\/wp\/v2\/comments?post=6214"}],"version-history":[{"count":0,"href":"https:\/\/www.participacionciudadana.org\/web\/wp-json\/wp\/v2\/posts\/6214\/revisions"}],"wp:featuredmedia":[{"embeddable":true,"href":"https:\/\/www.participacionciudadana.org\/web\/wp-json\/wp\/v2\/media\/6216"}],"wp:attachment":[{"href":"https:\/\/www.participacionciudadana.org\/web\/wp-json\/wp\/v2\/media?parent=6214"}],"wp:term":[{"taxonomy":"category","embeddable":true,"href":"https:\/\/www.participacionciudadana.org\/web\/wp-json\/wp\/v2\/categories?post=6214"},{"taxonomy":"post_tag","embeddable":true,"href":"https:\/\/www.participacionciudadana.org\/web\/wp-json\/wp\/v2\/tags?post=6214"}],"curies":[{"name":"wp","href":"https:\/\/api.w.org\/{rel}","templated":true}]}}