{"id":6221,"date":"2023-09-28T11:07:27","date_gmt":"2023-09-28T16:07:27","guid":{"rendered":"https:\/\/www.participacionciudadana.org\/web\/?p=6221"},"modified":"2023-09-28T11:11:34","modified_gmt":"2023-09-28T16:11:34","slug":"pc-impartio-taller-sobre-transparencia-y-acceso-a-la-informacion-publica-en-el-municipio-de-la-troncal","status":"publish","type":"post","link":"https:\/\/www.participacionciudadana.org\/web\/2023\/09\/28\/pc-impartio-taller-sobre-transparencia-y-acceso-a-la-informacion-publica-en-el-municipio-de-la-troncal\/","title":{"rendered":"PC imparti\u00f3 taller sobre transparencia y acceso a la informaci\u00f3n p\u00fablica en el municipio de La Troncal"},"content":{"rendered":"\n<p>PC capacit\u00f3 al Gobierno Aut\u00f3nomo Descentralizado Municipal de La Troncal, en la provincia de Ca\u00f1ar, en torno al cumplimiento e implementaci\u00f3n de la Ley Org\u00e1nica de Transparencia y Acceso a la Informaci\u00f3n P\u00fablica, LOTAIP.<\/p>\n\n\n\n<p>\u201cEsta informaci\u00f3n es importante, porque nos permite conocer la normativa y nos permite aumentar nuestro crecimiento profesional para brindar un mejor servicio a la comunidad \u201d, as\u00ed lo se\u00f1al\u00f3 Sandra Quito, funcionaria del GAD municipal de La Troncal.<\/p>\n\n\n\n<p>En las capacitaciones, guiamos a los comit\u00e9s de transparencia de las instituciones en c\u00f3mo responder adecuadamente a los pedidos de informaci\u00f3n p\u00fablica, as\u00ed como en la informaci\u00f3n que debe estar subida en las p\u00e1ginas web.<\/p>\n\n\n\n<p>Diana Jumbe, miembro del Comit\u00e9 de Transparencia de la instituci\u00f3n, enfatiz\u00f3 en que este taller les ha ayudado mucho para fortalecer el conocimiento y \u201csobre todo lo muy importante que es cumplir con la LOTAIP \u201d indic\u00f3.<\/p>\n\n\n\n<p>El equipo t\u00e9cnico de PC present\u00f3 tambi\u00e9n la plataforma \u201cFortalecimiento de la Transparencia, una herramienta que tiene el objetivo de ayudar en el mejoramiento de los niveles de transparencia y rendici\u00f3n de cuentas de las instituciones.<\/p>\n\n\n\n<p>Por su parte, Jefferson Ar\u00e9valo, director administrativo del municipio de La Troncal resalt\u00f3 que \u201cestos talleres son muy importantes, ya que estos espacios nos permiten enterarnos de cu\u00e1l es la normativa legal vigente y cu\u00e1les son los procedimientos que debemos cumplir para mantener informada a la ciudadan\u00eda\u201d.<br>Estas capacitaciones, que imparte Participaci\u00f3n Ciudadana, a nivel nacional, buscan mejorar los niveles de transparencia de las instituciones y una mejor gesti\u00f3n en cuanto a pedidos de informaci\u00f3n p\u00fablica.<\/p>\n\n\n\n<p>\u00a1Por la democracia siempre!<\/p>\n","protected":false},"excerpt":{"rendered":"<p>PC capacit\u00f3 al Gobierno Aut\u00f3nomo Descentralizado Municipal de La Troncal, en la provincia de Ca\u00f1ar, en torno al cumplimiento e implementaci\u00f3n de la Ley Org\u00e1nica de Transparencia y Acceso a la Informaci\u00f3n P\u00fablica, LOTAIP. \u201cEsta informaci\u00f3n es importante, porque nos permite conocer la normativa y nos permite aumentar nuestro crecimiento profesional para brindar un mejor [&hellip;]<\/p>\n","protected":false},"author":7,"featured_media":6223,"comment_status":"open","ping_status":"open","sticky":false,"template":"","format":"standard","meta":{"site-sidebar-layout":"default","site-content-layout":"","ast-site-content-layout":"default","site-content-style":"default","site-sidebar-style":"default","ast-global-header-display":"","ast-banner-title-visibility":"","ast-main-header-display":"","ast-hfb-above-header-display":"","ast-hfb-below-header-display":"","ast-hfb-mobile-header-display":"","site-post-title":"","ast-breadcrumbs-content":"","ast-featured-img":"","footer-sml-layout":"","ast-disable-related-posts":"","theme-transparent-header-meta":"","adv-header-id-meta":"","stick-header-meta":"","header-above-stick-meta":"","header-main-stick-meta":"","header-below-stick-meta":"","astra-migrate-meta-layouts":"set","ast-page-background-enabled":"default","ast-page-background-meta":{"desktop":{"background-color":"","background-image":"","background-repeat":"repeat","background-position":"center center","background-size":"auto","background-attachment":"scroll","background-type":"","background-media":"","overlay-type":"","overlay-color":"","overlay-opacity":"","overlay-gradient":""},"tablet":{"background-color":"","background-image":"","background-repeat":"repeat","background-position":"center center","background-size":"auto","background-attachment":"scroll","background-type":"","background-media":"","overlay-type":"","overlay-color":"","overlay-opacity":"","overlay-gradient":""},"mobile":{"background-color":"","background-image":"","background-repeat":"repeat","background-position":"center center","background-size":"auto","background-attachment":"scroll","background-type":"","background-media":"","overlay-type":"","overlay-color":"","overlay-opacity":"","overlay-gradient":""}},"ast-content-background-meta":{"desktop":{"background-color":"var(--ast-global-color-5)","background-image":"","background-repeat":"repeat","background-position":"center center","background-size":"auto","background-attachment":"scroll","background-type":"","background-media":"","overlay-type":"","overlay-color":"","overlay-opacity":"","overlay-gradient":""},"tablet":{"background-color":"var(--ast-global-color-5)","background-image":"","background-repeat":"repeat","background-position":"center center","background-size":"auto","background-attachment":"scroll","background-type":"","background-media":"","overlay-type":"","overlay-color":"","overlay-opacity":"","overlay-gradient":""},"mobile":{"background-color":"var(--ast-global-color-5)","background-image":"","background-repeat":"repeat","background-position":"center center","background-size":"auto","background-attachment":"scroll","background-type":"","background-media":"","overlay-type":"","overlay-color":"","overlay-opacity":"","overlay-gradient":""}},"_joinchat":[],"footnotes":""},"categories":[78],"tags":[],"class_list":["post-6221","post","type-post","status-publish","format-standard","has-post-thumbnail","hentry","category-boletines"],"yoast_head":"<!-- This site is optimized with the Yoast SEO plugin v26.5 - https:\/\/yoast.com\/wordpress\/plugins\/seo\/ -->\n<title>PC imparti\u00f3 taller sobre transparencia y acceso a la informaci\u00f3n p\u00fablica en el municipio de La Troncal - Participaci\u00f3n Ciudadana<\/title>\n<meta name=\"robots\" content=\"index, follow, max-snippet:-1, max-image-preview:large, max-video-preview:-1\" \/>\n<link rel=\"canonical\" href=\"https:\/\/www.participacionciudadana.org\/web\/2023\/09\/28\/pc-impartio-taller-sobre-transparencia-y-acceso-a-la-informacion-publica-en-el-municipio-de-la-troncal\/\" \/>\n<meta property=\"og:locale\" content=\"es_ES\" \/>\n<meta property=\"og:type\" content=\"article\" \/>\n<meta property=\"og:title\" content=\"PC imparti\u00f3 taller sobre transparencia y acceso a la informaci\u00f3n p\u00fablica en el municipio de La Troncal - Participaci\u00f3n Ciudadana\" \/>\n<meta property=\"og:description\" content=\"PC capacit\u00f3 al Gobierno Aut\u00f3nomo Descentralizado Municipal de La Troncal, en la provincia de Ca\u00f1ar, en torno al cumplimiento e implementaci\u00f3n de la Ley Org\u00e1nica de Transparencia y Acceso a la Informaci\u00f3n P\u00fablica, LOTAIP. \u201cEsta informaci\u00f3n es importante, porque nos permite conocer la normativa y nos permite aumentar nuestro crecimiento profesional para brindar un mejor [&hellip;]\" \/>\n<meta property=\"og:url\" content=\"https:\/\/www.participacionciudadana.org\/web\/2023\/09\/28\/pc-impartio-taller-sobre-transparencia-y-acceso-a-la-informacion-publica-en-el-municipio-de-la-troncal\/\" \/>\n<meta property=\"og:site_name\" content=\"Participaci\u00f3n Ciudadana\" \/>\n<meta property=\"article:publisher\" content=\"https:\/\/www.facebook.com\/ParticipacionPC\/\" \/>\n<meta property=\"article:published_time\" content=\"2023-09-28T16:07:27+00:00\" \/>\n<meta property=\"article:modified_time\" content=\"2023-09-28T16:11:34+00:00\" \/>\n<meta property=\"og:image\" content=\"https:\/\/www.participacionciudadana.org\/web\/wp-content\/uploads\/2023\/09\/la-troncal.jpg\" \/>\n\t<meta property=\"og:image:width\" content=\"800\" \/>\n\t<meta property=\"og:image:height\" content=\"800\" \/>\n\t<meta property=\"og:image:type\" content=\"image\/jpeg\" \/>\n<meta name=\"author\" content=\"Karen Ramos\" \/>\n<meta name=\"twitter:card\" content=\"summary_large_image\" \/>\n<meta name=\"twitter:creator\" content=\"@ParticipacionPC\" \/>\n<meta name=\"twitter:site\" content=\"@ParticipacionPC\" \/>\n<meta name=\"twitter:label1\" content=\"Escrito por\" \/>\n\t<meta name=\"twitter:data1\" content=\"Karen Ramos\" \/>\n\t<meta name=\"twitter:label2\" content=\"Tiempo de lectura\" \/>\n\t<meta name=\"twitter:data2\" content=\"2 minutos\" \/>\n<script type=\"application\/ld+json\" class=\"yoast-schema-graph\">{\"@context\":\"https:\/\/schema.org\",\"@graph\":[{\"@type\":\"Article\",\"@id\":\"https:\/\/www.participacionciudadana.org\/web\/2023\/09\/28\/pc-impartio-taller-sobre-transparencia-y-acceso-a-la-informacion-publica-en-el-municipio-de-la-troncal\/#article\",\"isPartOf\":{\"@id\":\"https:\/\/www.participacionciudadana.org\/web\/2023\/09\/28\/pc-impartio-taller-sobre-transparencia-y-acceso-a-la-informacion-publica-en-el-municipio-de-la-troncal\/\"},\"author\":{\"name\":\"Karen Ramos\",\"@id\":\"https:\/\/www.participacionciudadana.org\/web\/#\/schema\/person\/7d1c54696e041e527f8fbfd6c9b513ae\"},\"headline\":\"PC imparti\u00f3 taller sobre transparencia y acceso a la informaci\u00f3n p\u00fablica en el municipio de La Troncal\",\"datePublished\":\"2023-09-28T16:07:27+00:00\",\"dateModified\":\"2023-09-28T16:11:34+00:00\",\"mainEntityOfPage\":{\"@id\":\"https:\/\/www.participacionciudadana.org\/web\/2023\/09\/28\/pc-impartio-taller-sobre-transparencia-y-acceso-a-la-informacion-publica-en-el-municipio-de-la-troncal\/\"},\"wordCount\":303,\"commentCount\":0,\"publisher\":{\"@id\":\"https:\/\/www.participacionciudadana.org\/web\/#organization\"},\"image\":{\"@id\":\"https:\/\/www.participacionciudadana.org\/web\/2023\/09\/28\/pc-impartio-taller-sobre-transparencia-y-acceso-a-la-informacion-publica-en-el-municipio-de-la-troncal\/#primaryimage\"},\"thumbnailUrl\":\"https:\/\/www.participacionciudadana.org\/web\/wp-content\/uploads\/2023\/09\/la-troncal.jpg\",\"articleSection\":[\"Boletines\"],\"inLanguage\":\"es\",\"potentialAction\":[{\"@type\":\"CommentAction\",\"name\":\"Comment\",\"target\":[\"https:\/\/www.participacionciudadana.org\/web\/2023\/09\/28\/pc-impartio-taller-sobre-transparencia-y-acceso-a-la-informacion-publica-en-el-municipio-de-la-troncal\/#respond\"]}]},{\"@type\":\"WebPage\",\"@id\":\"https:\/\/www.participacionciudadana.org\/web\/2023\/09\/28\/pc-impartio-taller-sobre-transparencia-y-acceso-a-la-informacion-publica-en-el-municipio-de-la-troncal\/\",\"url\":\"https:\/\/www.participacionciudadana.org\/web\/2023\/09\/28\/pc-impartio-taller-sobre-transparencia-y-acceso-a-la-informacion-publica-en-el-municipio-de-la-troncal\/\",\"name\":\"PC imparti\u00f3 taller sobre transparencia y acceso a la informaci\u00f3n p\u00fablica en el municipio de La Troncal - Participaci\u00f3n Ciudadana\",\"isPartOf\":{\"@id\":\"https:\/\/www.participacionciudadana.org\/web\/#website\"},\"primaryImageOfPage\":{\"@id\":\"https:\/\/www.participacionciudadana.org\/web\/2023\/09\/28\/pc-impartio-taller-sobre-transparencia-y-acceso-a-la-informacion-publica-en-el-municipio-de-la-troncal\/#primaryimage\"},\"image\":{\"@id\":\"https:\/\/www.participacionciudadana.org\/web\/2023\/09\/28\/pc-impartio-taller-sobre-transparencia-y-acceso-a-la-informacion-publica-en-el-municipio-de-la-troncal\/#primaryimage\"},\"thumbnailUrl\":\"https:\/\/www.participacionciudadana.org\/web\/wp-content\/uploads\/2023\/09\/la-troncal.jpg\",\"datePublished\":\"2023-09-28T16:07:27+00:00\",\"dateModified\":\"2023-09-28T16:11:34+00:00\",\"breadcrumb\":{\"@id\":\"https:\/\/www.participacionciudadana.org\/web\/2023\/09\/28\/pc-impartio-taller-sobre-transparencia-y-acceso-a-la-informacion-publica-en-el-municipio-de-la-troncal\/#breadcrumb\"},\"inLanguage\":\"es\",\"potentialAction\":[{\"@type\":\"ReadAction\",\"target\":[\"https:\/\/www.participacionciudadana.org\/web\/2023\/09\/28\/pc-impartio-taller-sobre-transparencia-y-acceso-a-la-informacion-publica-en-el-municipio-de-la-troncal\/\"]}]},{\"@type\":\"ImageObject\",\"inLanguage\":\"es\",\"@id\":\"https:\/\/www.participacionciudadana.org\/web\/2023\/09\/28\/pc-impartio-taller-sobre-transparencia-y-acceso-a-la-informacion-publica-en-el-municipio-de-la-troncal\/#primaryimage\",\"url\":\"https:\/\/www.participacionciudadana.org\/web\/wp-content\/uploads\/2023\/09\/la-troncal.jpg\",\"contentUrl\":\"https:\/\/www.participacionciudadana.org\/web\/wp-content\/uploads\/2023\/09\/la-troncal.jpg\",\"width\":800,\"height\":800},{\"@type\":\"BreadcrumbList\",\"@id\":\"https:\/\/www.participacionciudadana.org\/web\/2023\/09\/28\/pc-impartio-taller-sobre-transparencia-y-acceso-a-la-informacion-publica-en-el-municipio-de-la-troncal\/#breadcrumb\",\"itemListElement\":[{\"@type\":\"ListItem\",\"position\":1,\"name\":\"Portada\",\"item\":\"https:\/\/www.participacionciudadana.org\/web\/\"},{\"@type\":\"ListItem\",\"position\":2,\"name\":\"PC imparti\u00f3 taller sobre transparencia y acceso a la informaci\u00f3n p\u00fablica en el municipio de La Troncal\"}]},{\"@type\":\"WebSite\",\"@id\":\"https:\/\/www.participacionciudadana.org\/web\/#website\",\"url\":\"https:\/\/www.participacionciudadana.org\/web\/\",\"name\":\"Participaci\u00f3n Ciudadana\",\"description\":\"Comprometidos con la democracia\",\"publisher\":{\"@id\":\"https:\/\/www.participacionciudadana.org\/web\/#organization\"},\"potentialAction\":[{\"@type\":\"SearchAction\",\"target\":{\"@type\":\"EntryPoint\",\"urlTemplate\":\"https:\/\/www.participacionciudadana.org\/web\/?s={search_term_string}\"},\"query-input\":{\"@type\":\"PropertyValueSpecification\",\"valueRequired\":true,\"valueName\":\"search_term_string\"}}],\"inLanguage\":\"es\"},{\"@type\":\"Organization\",\"@id\":\"https:\/\/www.participacionciudadana.org\/web\/#organization\",\"name\":\"Participaci\u00f3n Ciudadana\",\"url\":\"https:\/\/www.participacionciudadana.org\/web\/\",\"logo\":{\"@type\":\"ImageObject\",\"inLanguage\":\"es\",\"@id\":\"https:\/\/www.participacionciudadana.org\/web\/#\/schema\/logo\/image\/\",\"url\":\"https:\/\/www.participacionciudadana.org\/web\/wp-content\/uploads\/2021\/11\/cropped-logo_pc-1.png\",\"contentUrl\":\"https:\/\/www.participacionciudadana.org\/web\/wp-content\/uploads\/2021\/11\/cropped-logo_pc-1.png\",\"width\":340,\"height\":114,\"caption\":\"Participaci\u00f3n Ciudadana\"},\"image\":{\"@id\":\"https:\/\/www.participacionciudadana.org\/web\/#\/schema\/logo\/image\/\"},\"sameAs\":[\"https:\/\/www.facebook.com\/ParticipacionPC\/\",\"https:\/\/x.com\/ParticipacionPC\"]},{\"@type\":\"Person\",\"@id\":\"https:\/\/www.participacionciudadana.org\/web\/#\/schema\/person\/7d1c54696e041e527f8fbfd6c9b513ae\",\"name\":\"Karen Ramos\",\"image\":{\"@type\":\"ImageObject\",\"inLanguage\":\"es\",\"@id\":\"https:\/\/www.participacionciudadana.org\/web\/#\/schema\/person\/image\/\",\"url\":\"https:\/\/secure.gravatar.com\/avatar\/286968dbb3bb60217f1c7034fda5fe010f5c132ea9d76191d7dbe615e76f9e88?s=96&d=mm&r=g\",\"contentUrl\":\"https:\/\/secure.gravatar.com\/avatar\/286968dbb3bb60217f1c7034fda5fe010f5c132ea9d76191d7dbe615e76f9e88?s=96&d=mm&r=g\",\"caption\":\"Karen Ramos\"},\"url\":\"https:\/\/www.participacionciudadana.org\/web\/author\/karenliz\/\"}]}<\/script>\n<!-- \/ Yoast SEO plugin. -->","yoast_head_json":{"title":"PC imparti\u00f3 taller sobre transparencia y acceso a la informaci\u00f3n p\u00fablica en el municipio de La Troncal - Participaci\u00f3n Ciudadana","robots":{"index":"index","follow":"follow","max-snippet":"max-snippet:-1","max-image-preview":"max-image-preview:large","max-video-preview":"max-video-preview:-1"},"canonical":"https:\/\/www.participacionciudadana.org\/web\/2023\/09\/28\/pc-impartio-taller-sobre-transparencia-y-acceso-a-la-informacion-publica-en-el-municipio-de-la-troncal\/","og_locale":"es_ES","og_type":"article","og_title":"PC imparti\u00f3 taller sobre transparencia y acceso a la informaci\u00f3n p\u00fablica en el municipio de La Troncal - Participaci\u00f3n Ciudadana","og_description":"PC capacit\u00f3 al Gobierno Aut\u00f3nomo Descentralizado Municipal de La Troncal, en la provincia de Ca\u00f1ar, en torno al cumplimiento e implementaci\u00f3n de la Ley Org\u00e1nica de Transparencia y Acceso a la Informaci\u00f3n P\u00fablica, LOTAIP. \u201cEsta informaci\u00f3n es importante, porque nos permite conocer la normativa y nos permite aumentar nuestro crecimiento profesional para brindar un mejor [&hellip;]","og_url":"https:\/\/www.participacionciudadana.org\/web\/2023\/09\/28\/pc-impartio-taller-sobre-transparencia-y-acceso-a-la-informacion-publica-en-el-municipio-de-la-troncal\/","og_site_name":"Participaci\u00f3n Ciudadana","article_publisher":"https:\/\/www.facebook.com\/ParticipacionPC\/","article_published_time":"2023-09-28T16:07:27+00:00","article_modified_time":"2023-09-28T16:11:34+00:00","og_image":[{"width":800,"height":800,"url":"https:\/\/www.participacionciudadana.org\/web\/wp-content\/uploads\/2023\/09\/la-troncal.jpg","type":"image\/jpeg"}],"author":"Karen Ramos","twitter_card":"summary_large_image","twitter_creator":"@ParticipacionPC","twitter_site":"@ParticipacionPC","twitter_misc":{"Escrito por":"Karen Ramos","Tiempo de lectura":"2 minutos"},"schema":{"@context":"https:\/\/schema.org","@graph":[{"@type":"Article","@id":"https:\/\/www.participacionciudadana.org\/web\/2023\/09\/28\/pc-impartio-taller-sobre-transparencia-y-acceso-a-la-informacion-publica-en-el-municipio-de-la-troncal\/#article","isPartOf":{"@id":"https:\/\/www.participacionciudadana.org\/web\/2023\/09\/28\/pc-impartio-taller-sobre-transparencia-y-acceso-a-la-informacion-publica-en-el-municipio-de-la-troncal\/"},"author":{"name":"Karen Ramos","@id":"https:\/\/www.participacionciudadana.org\/web\/#\/schema\/person\/7d1c54696e041e527f8fbfd6c9b513ae"},"headline":"PC imparti\u00f3 taller sobre transparencia y acceso a la informaci\u00f3n p\u00fablica en el municipio de La Troncal","datePublished":"2023-09-28T16:07:27+00:00","dateModified":"2023-09-28T16:11:34+00:00","mainEntityOfPage":{"@id":"https:\/\/www.participacionciudadana.org\/web\/2023\/09\/28\/pc-impartio-taller-sobre-transparencia-y-acceso-a-la-informacion-publica-en-el-municipio-de-la-troncal\/"},"wordCount":303,"commentCount":0,"publisher":{"@id":"https:\/\/www.participacionciudadana.org\/web\/#organization"},"image":{"@id":"https:\/\/www.participacionciudadana.org\/web\/2023\/09\/28\/pc-impartio-taller-sobre-transparencia-y-acceso-a-la-informacion-publica-en-el-municipio-de-la-troncal\/#primaryimage"},"thumbnailUrl":"https:\/\/www.participacionciudadana.org\/web\/wp-content\/uploads\/2023\/09\/la-troncal.jpg","articleSection":["Boletines"],"inLanguage":"es","potentialAction":[{"@type":"CommentAction","name":"Comment","target":["https:\/\/www.participacionciudadana.org\/web\/2023\/09\/28\/pc-impartio-taller-sobre-transparencia-y-acceso-a-la-informacion-publica-en-el-municipio-de-la-troncal\/#respond"]}]},{"@type":"WebPage","@id":"https:\/\/www.participacionciudadana.org\/web\/2023\/09\/28\/pc-impartio-taller-sobre-transparencia-y-acceso-a-la-informacion-publica-en-el-municipio-de-la-troncal\/","url":"https:\/\/www.participacionciudadana.org\/web\/2023\/09\/28\/pc-impartio-taller-sobre-transparencia-y-acceso-a-la-informacion-publica-en-el-municipio-de-la-troncal\/","name":"PC imparti\u00f3 taller sobre transparencia y acceso a la informaci\u00f3n p\u00fablica en el municipio de La Troncal - Participaci\u00f3n Ciudadana","isPartOf":{"@id":"https:\/\/www.participacionciudadana.org\/web\/#website"},"primaryImageOfPage":{"@id":"https:\/\/www.participacionciudadana.org\/web\/2023\/09\/28\/pc-impartio-taller-sobre-transparencia-y-acceso-a-la-informacion-publica-en-el-municipio-de-la-troncal\/#primaryimage"},"image":{"@id":"https:\/\/www.participacionciudadana.org\/web\/2023\/09\/28\/pc-impartio-taller-sobre-transparencia-y-acceso-a-la-informacion-publica-en-el-municipio-de-la-troncal\/#primaryimage"},"thumbnailUrl":"https:\/\/www.participacionciudadana.org\/web\/wp-content\/uploads\/2023\/09\/la-troncal.jpg","datePublished":"2023-09-28T16:07:27+00:00","dateModified":"2023-09-28T16:11:34+00:00","breadcrumb":{"@id":"https:\/\/www.participacionciudadana.org\/web\/2023\/09\/28\/pc-impartio-taller-sobre-transparencia-y-acceso-a-la-informacion-publica-en-el-municipio-de-la-troncal\/#breadcrumb"},"inLanguage":"es","potentialAction":[{"@type":"ReadAction","target":["https:\/\/www.participacionciudadana.org\/web\/2023\/09\/28\/pc-impartio-taller-sobre-transparencia-y-acceso-a-la-informacion-publica-en-el-municipio-de-la-troncal\/"]}]},{"@type":"ImageObject","inLanguage":"es","@id":"https:\/\/www.participacionciudadana.org\/web\/2023\/09\/28\/pc-impartio-taller-sobre-transparencia-y-acceso-a-la-informacion-publica-en-el-municipio-de-la-troncal\/#primaryimage","url":"https:\/\/www.participacionciudadana.org\/web\/wp-content\/uploads\/2023\/09\/la-troncal.jpg","contentUrl":"https:\/\/www.participacionciudadana.org\/web\/wp-content\/uploads\/2023\/09\/la-troncal.jpg","width":800,"height":800},{"@type":"BreadcrumbList","@id":"https:\/\/www.participacionciudadana.org\/web\/2023\/09\/28\/pc-impartio-taller-sobre-transparencia-y-acceso-a-la-informacion-publica-en-el-municipio-de-la-troncal\/#breadcrumb","itemListElement":[{"@type":"ListItem","position":1,"name":"Portada","item":"https:\/\/www.participacionciudadana.org\/web\/"},{"@type":"ListItem","position":2,"name":"PC imparti\u00f3 taller sobre transparencia y acceso a la informaci\u00f3n p\u00fablica en el municipio de La Troncal"}]},{"@type":"WebSite","@id":"https:\/\/www.participacionciudadana.org\/web\/#website","url":"https:\/\/www.participacionciudadana.org\/web\/","name":"Participaci\u00f3n Ciudadana","description":"Comprometidos con la democracia","publisher":{"@id":"https:\/\/www.participacionciudadana.org\/web\/#organization"},"potentialAction":[{"@type":"SearchAction","target":{"@type":"EntryPoint","urlTemplate":"https:\/\/www.participacionciudadana.org\/web\/?s={search_term_string}"},"query-input":{"@type":"PropertyValueSpecification","valueRequired":true,"valueName":"search_term_string"}}],"inLanguage":"es"},{"@type":"Organization","@id":"https:\/\/www.participacionciudadana.org\/web\/#organization","name":"Participaci\u00f3n Ciudadana","url":"https:\/\/www.participacionciudadana.org\/web\/","logo":{"@type":"ImageObject","inLanguage":"es","@id":"https:\/\/www.participacionciudadana.org\/web\/#\/schema\/logo\/image\/","url":"https:\/\/www.participacionciudadana.org\/web\/wp-content\/uploads\/2021\/11\/cropped-logo_pc-1.png","contentUrl":"https:\/\/www.participacionciudadana.org\/web\/wp-content\/uploads\/2021\/11\/cropped-logo_pc-1.png","width":340,"height":114,"caption":"Participaci\u00f3n Ciudadana"},"image":{"@id":"https:\/\/www.participacionciudadana.org\/web\/#\/schema\/logo\/image\/"},"sameAs":["https:\/\/www.facebook.com\/ParticipacionPC\/","https:\/\/x.com\/ParticipacionPC"]},{"@type":"Person","@id":"https:\/\/www.participacionciudadana.org\/web\/#\/schema\/person\/7d1c54696e041e527f8fbfd6c9b513ae","name":"Karen Ramos","image":{"@type":"ImageObject","inLanguage":"es","@id":"https:\/\/www.participacionciudadana.org\/web\/#\/schema\/person\/image\/","url":"https:\/\/secure.gravatar.com\/avatar\/286968dbb3bb60217f1c7034fda5fe010f5c132ea9d76191d7dbe615e76f9e88?s=96&d=mm&r=g","contentUrl":"https:\/\/secure.gravatar.com\/avatar\/286968dbb3bb60217f1c7034fda5fe010f5c132ea9d76191d7dbe615e76f9e88?s=96&d=mm&r=g","caption":"Karen Ramos"},"url":"https:\/\/www.participacionciudadana.org\/web\/author\/karenliz\/"}]}},"_links":{"self":[{"href":"https:\/\/www.participacionciudadana.org\/web\/wp-json\/wp\/v2\/posts\/6221","targetHints":{"allow":["GET"]}}],"collection":[{"href":"https:\/\/www.participacionciudadana.org\/web\/wp-json\/wp\/v2\/posts"}],"about":[{"href":"https:\/\/www.participacionciudadana.org\/web\/wp-json\/wp\/v2\/types\/post"}],"author":[{"embeddable":true,"href":"https:\/\/www.participacionciudadana.org\/web\/wp-json\/wp\/v2\/users\/7"}],"replies":[{"embeddable":true,"href":"https:\/\/www.participacionciudadana.org\/web\/wp-json\/wp\/v2\/comments?post=6221"}],"version-history":[{"count":0,"href":"https:\/\/www.participacionciudadana.org\/web\/wp-json\/wp\/v2\/posts\/6221\/revisions"}],"wp:featuredmedia":[{"embeddable":true,"href":"https:\/\/www.participacionciudadana.org\/web\/wp-json\/wp\/v2\/media\/6223"}],"wp:attachment":[{"href":"https:\/\/www.participacionciudadana.org\/web\/wp-json\/wp\/v2\/media?parent=6221"}],"wp:term":[{"taxonomy":"category","embeddable":true,"href":"https:\/\/www.participacionciudadana.org\/web\/wp-json\/wp\/v2\/categories?post=6221"},{"taxonomy":"post_tag","embeddable":true,"href":"https:\/\/www.participacionciudadana.org\/web\/wp-json\/wp\/v2\/tags?post=6221"}],"curies":[{"name":"wp","href":"https:\/\/api.w.org\/{rel}","templated":true}]}}