{"id":6278,"date":"2023-10-05T16:46:12","date_gmt":"2023-10-05T21:46:12","guid":{"rendered":"https:\/\/www.participacionciudadana.org\/web\/?p=6278"},"modified":"2023-10-10T09:01:01","modified_gmt":"2023-10-10T14:01:01","slug":"9-289-minutos-en-publicidad-oficial-se-registran-en-el-mes-de-septiembre","status":"publish","type":"post","link":"https:\/\/www.participacionciudadana.org\/web\/2023\/10\/05\/9-289-minutos-en-publicidad-oficial-se-registran-en-el-mes-de-septiembre\/","title":{"rendered":"9.289 minutos en publicidad oficial se registran en el mes de septiembre"},"content":{"rendered":"\n<p>El Centro de Monitoreo de Medios de la Corporaci\u00f3n Participaci\u00f3n Ciudadana presenta el informe de publicidad oficial, del mes de septiembre 2023, con base en los 11 canales de televisi\u00f3n monitoreados.<\/p>\n\n\n\n<figure class=\"wp-block-gallery has-nested-images columns-default is-cropped wp-block-gallery-1 is-layout-flex wp-block-gallery-is-layout-flex\">\n<figure class=\"wp-block-image size-large\"><img fetchpriority=\"high\" decoding=\"async\" width=\"600\" height=\"600\" data-id=\"6295\" src=\"https:\/\/www.participacionciudadana.org\/web\/wp-content\/uploads\/2023\/10\/oficial-1i.jpg\" alt=\"\" class=\"wp-image-6295\" srcset=\"https:\/\/www.participacionciudadana.org\/web\/wp-content\/uploads\/2023\/10\/oficial-1i.jpg 600w, https:\/\/www.participacionciudadana.org\/web\/wp-content\/uploads\/2023\/10\/oficial-1i-300x300.jpg 300w, https:\/\/www.participacionciudadana.org\/web\/wp-content\/uploads\/2023\/10\/oficial-1i-150x150.jpg 150w\" sizes=\"(max-width: 600px) 100vw, 600px\" \/><\/figure>\n\n\n\n<figure class=\"wp-block-image size-large\"><img decoding=\"async\" width=\"600\" height=\"600\" data-id=\"6296\" src=\"https:\/\/www.participacionciudadana.org\/web\/wp-content\/uploads\/2023\/10\/oficial-2i.jpg\" alt=\"\" class=\"wp-image-6296\" srcset=\"https:\/\/www.participacionciudadana.org\/web\/wp-content\/uploads\/2023\/10\/oficial-2i.jpg 600w, https:\/\/www.participacionciudadana.org\/web\/wp-content\/uploads\/2023\/10\/oficial-2i-300x300.jpg 300w, https:\/\/www.participacionciudadana.org\/web\/wp-content\/uploads\/2023\/10\/oficial-2i-150x150.jpg 150w\" sizes=\"(max-width: 600px) 100vw, 600px\" \/><\/figure>\n<\/figure>\n\n\n\n<figure class=\"wp-block-gallery has-nested-images columns-default is-cropped wp-block-gallery-2 is-layout-flex wp-block-gallery-is-layout-flex\">\n<figure class=\"wp-block-image size-large\"><img decoding=\"async\" width=\"600\" height=\"600\" data-id=\"6297\" src=\"https:\/\/www.participacionciudadana.org\/web\/wp-content\/uploads\/2023\/10\/oficial-3i.jpg\" alt=\"\" class=\"wp-image-6297\" srcset=\"https:\/\/www.participacionciudadana.org\/web\/wp-content\/uploads\/2023\/10\/oficial-3i.jpg 600w, https:\/\/www.participacionciudadana.org\/web\/wp-content\/uploads\/2023\/10\/oficial-3i-300x300.jpg 300w, https:\/\/www.participacionciudadana.org\/web\/wp-content\/uploads\/2023\/10\/oficial-3i-150x150.jpg 150w\" sizes=\"(max-width: 600px) 100vw, 600px\" \/><\/figure>\n\n\n\n<figure class=\"wp-block-image size-large\"><img loading=\"lazy\" decoding=\"async\" width=\"600\" height=\"600\" data-id=\"6298\" src=\"https:\/\/www.participacionciudadana.org\/web\/wp-content\/uploads\/2023\/10\/oficial4i.jpg\" alt=\"\" class=\"wp-image-6298\" srcset=\"https:\/\/www.participacionciudadana.org\/web\/wp-content\/uploads\/2023\/10\/oficial4i.jpg 600w, https:\/\/www.participacionciudadana.org\/web\/wp-content\/uploads\/2023\/10\/oficial4i-300x300.jpg 300w, https:\/\/www.participacionciudadana.org\/web\/wp-content\/uploads\/2023\/10\/oficial4i-150x150.jpg 150w\" sizes=\"(max-width: 600px) 100vw, 600px\" \/><\/figure>\n<\/figure>\n\n\n\n<p><strong>Accede al informe completo aqu\u00ed:<\/strong><\/p>\n\n\n\n<div data-wp-interactive=\"core\/file\" class=\"wp-block-file\"><object data-wp-bind--hidden=\"!state.hasPdfPreview\" hidden class=\"wp-block-file__embed\" data=\"https:\/\/www.participacionciudadana.org\/web\/wp-content\/uploads\/2023\/10\/REPORTE-REGULAR-PUBLICIDAD-OFICIAL-SEPTIEMBRE-2023.pdf\" type=\"application\/pdf\" style=\"width:100%;height:600px\" aria-label=\"Incrustado de REPORTE-REGULAR-PUBLICIDAD-OFICIAL-SEPTIEMBRE-2023.\"><\/object><a id=\"wp-block-file--media-daf9c8b2-ae41-422c-99bc-dcab3875e689\" href=\"https:\/\/www.participacionciudadana.org\/web\/wp-content\/uploads\/2023\/10\/REPORTE-REGULAR-PUBLICIDAD-OFICIAL-SEPTIEMBRE-2023.pdf\">REPORTE-REGULAR-PUBLICIDAD-OFICIAL-SEPTIEMBRE-2023<\/a><a href=\"https:\/\/www.participacionciudadana.org\/web\/wp-content\/uploads\/2023\/10\/REPORTE-REGULAR-PUBLICIDAD-OFICIAL-SEPTIEMBRE-2023.pdf\" class=\"wp-block-file__button wp-element-button\" download aria-describedby=\"wp-block-file--media-daf9c8b2-ae41-422c-99bc-dcab3875e689\">Descarga<\/a><\/div>\n","protected":false},"excerpt":{"rendered":"<p>El Centro de Monitoreo de Medios de la Corporaci\u00f3n Participaci\u00f3n Ciudadana presenta el informe de publicidad oficial, del mes de septiembre 2023, con base en los 11 canales de televisi\u00f3n monitoreados. Accede al informe completo aqu\u00ed:<\/p>\n","protected":false},"author":7,"featured_media":6295,"comment_status":"open","ping_status":"open","sticky":false,"template":"","format":"standard","meta":{"site-sidebar-layout":"default","site-content-layout":"","ast-site-content-layout":"default","site-content-style":"default","site-sidebar-style":"default","ast-global-header-display":"","ast-banner-title-visibility":"","ast-main-header-display":"","ast-hfb-above-header-display":"","ast-hfb-below-header-display":"","ast-hfb-mobile-header-display":"","site-post-title":"","ast-breadcrumbs-content":"","ast-featured-img":"","footer-sml-layout":"","ast-disable-related-posts":"","theme-transparent-header-meta":"","adv-header-id-meta":"","stick-header-meta":"","header-above-stick-meta":"","header-main-stick-meta":"","header-below-stick-meta":"","astra-migrate-meta-layouts":"set","ast-page-background-enabled":"default","ast-page-background-meta":{"desktop":{"background-color":"","background-image":"","background-repeat":"repeat","background-position":"center center","background-size":"auto","background-attachment":"scroll","background-type":"","background-media":"","overlay-type":"","overlay-color":"","overlay-opacity":"","overlay-gradient":""},"tablet":{"background-color":"","background-image":"","background-repeat":"repeat","background-position":"center center","background-size":"auto","background-attachment":"scroll","background-type":"","background-media":"","overlay-type":"","overlay-color":"","overlay-opacity":"","overlay-gradient":""},"mobile":{"background-color":"","background-image":"","background-repeat":"repeat","background-position":"center center","background-size":"auto","background-attachment":"scroll","background-type":"","background-media":"","overlay-type":"","overlay-color":"","overlay-opacity":"","overlay-gradient":""}},"ast-content-background-meta":{"desktop":{"background-color":"var(--ast-global-color-5)","background-image":"","background-repeat":"repeat","background-position":"center center","background-size":"auto","background-attachment":"scroll","background-type":"","background-media":"","overlay-type":"","overlay-color":"","overlay-opacity":"","overlay-gradient":""},"tablet":{"background-color":"var(--ast-global-color-5)","background-image":"","background-repeat":"repeat","background-position":"center center","background-size":"auto","background-attachment":"scroll","background-type":"","background-media":"","overlay-type":"","overlay-color":"","overlay-opacity":"","overlay-gradient":""},"mobile":{"background-color":"var(--ast-global-color-5)","background-image":"","background-repeat":"repeat","background-position":"center center","background-size":"auto","background-attachment":"scroll","background-type":"","background-media":"","overlay-type":"","overlay-color":"","overlay-opacity":"","overlay-gradient":""}},"_joinchat":[],"footnotes":""},"categories":[1],"tags":[87],"class_list":["post-6278","post","type-post","status-publish","format-standard","has-post-thumbnail","hentry","category-sin-categoria","tag-monitoreo-publicidad-oficial-2023"],"yoast_head":"<!-- This site is optimized with the Yoast SEO plugin v26.5 - https:\/\/yoast.com\/wordpress\/plugins\/seo\/ -->\n<title>9.289 minutos en publicidad oficial se registran en el mes de septiembre - Participaci\u00f3n Ciudadana<\/title>\n<meta name=\"robots\" content=\"index, follow, max-snippet:-1, max-image-preview:large, max-video-preview:-1\" \/>\n<link rel=\"canonical\" href=\"https:\/\/www.participacionciudadana.org\/web\/2023\/10\/05\/9-289-minutos-en-publicidad-oficial-se-registran-en-el-mes-de-septiembre\/\" \/>\n<meta property=\"og:locale\" content=\"es_ES\" \/>\n<meta property=\"og:type\" content=\"article\" \/>\n<meta property=\"og:title\" content=\"9.289 minutos en publicidad oficial se registran en el mes de septiembre - Participaci\u00f3n Ciudadana\" \/>\n<meta property=\"og:description\" content=\"El Centro de Monitoreo de Medios de la Corporaci\u00f3n Participaci\u00f3n Ciudadana presenta el informe de publicidad oficial, del mes de septiembre 2023, con base en los 11 canales de televisi\u00f3n monitoreados. Accede al informe completo aqu\u00ed:\" \/>\n<meta property=\"og:url\" content=\"https:\/\/www.participacionciudadana.org\/web\/2023\/10\/05\/9-289-minutos-en-publicidad-oficial-se-registran-en-el-mes-de-septiembre\/\" \/>\n<meta property=\"og:site_name\" content=\"Participaci\u00f3n Ciudadana\" \/>\n<meta property=\"article:publisher\" content=\"https:\/\/www.facebook.com\/ParticipacionPC\/\" \/>\n<meta property=\"article:published_time\" content=\"2023-10-05T21:46:12+00:00\" \/>\n<meta property=\"article:modified_time\" content=\"2023-10-10T14:01:01+00:00\" \/>\n<meta property=\"og:image\" content=\"https:\/\/www.participacionciudadana.org\/web\/wp-content\/uploads\/2023\/10\/oficial-1i.jpg\" \/>\n\t<meta property=\"og:image:width\" content=\"600\" \/>\n\t<meta property=\"og:image:height\" content=\"600\" \/>\n\t<meta property=\"og:image:type\" content=\"image\/jpeg\" \/>\n<meta name=\"author\" content=\"Karen Ramos\" \/>\n<meta name=\"twitter:card\" content=\"summary_large_image\" \/>\n<meta name=\"twitter:creator\" content=\"@ParticipacionPC\" \/>\n<meta name=\"twitter:site\" content=\"@ParticipacionPC\" \/>\n<meta name=\"twitter:label1\" content=\"Escrito por\" \/>\n\t<meta name=\"twitter:data1\" content=\"Karen Ramos\" \/>\n\t<meta name=\"twitter:label2\" content=\"Tiempo de lectura\" \/>\n\t<meta name=\"twitter:data2\" content=\"1 minuto\" \/>\n<script type=\"application\/ld+json\" class=\"yoast-schema-graph\">{\"@context\":\"https:\/\/schema.org\",\"@graph\":[{\"@type\":\"Article\",\"@id\":\"https:\/\/www.participacionciudadana.org\/web\/2023\/10\/05\/9-289-minutos-en-publicidad-oficial-se-registran-en-el-mes-de-septiembre\/#article\",\"isPartOf\":{\"@id\":\"https:\/\/www.participacionciudadana.org\/web\/2023\/10\/05\/9-289-minutos-en-publicidad-oficial-se-registran-en-el-mes-de-septiembre\/\"},\"author\":{\"name\":\"Karen Ramos\",\"@id\":\"https:\/\/www.participacionciudadana.org\/web\/#\/schema\/person\/7d1c54696e041e527f8fbfd6c9b513ae\"},\"headline\":\"9.289 minutos en publicidad oficial se registran en el mes de septiembre\",\"datePublished\":\"2023-10-05T21:46:12+00:00\",\"dateModified\":\"2023-10-10T14:01:01+00:00\",\"mainEntityOfPage\":{\"@id\":\"https:\/\/www.participacionciudadana.org\/web\/2023\/10\/05\/9-289-minutos-en-publicidad-oficial-se-registran-en-el-mes-de-septiembre\/\"},\"wordCount\":50,\"commentCount\":0,\"publisher\":{\"@id\":\"https:\/\/www.participacionciudadana.org\/web\/#organization\"},\"image\":{\"@id\":\"https:\/\/www.participacionciudadana.org\/web\/2023\/10\/05\/9-289-minutos-en-publicidad-oficial-se-registran-en-el-mes-de-septiembre\/#primaryimage\"},\"thumbnailUrl\":\"https:\/\/www.participacionciudadana.org\/web\/wp-content\/uploads\/2023\/10\/oficial-1i.jpg\",\"keywords\":[\"monitoreo publicidad oficial 2023\"],\"inLanguage\":\"es\",\"potentialAction\":[{\"@type\":\"CommentAction\",\"name\":\"Comment\",\"target\":[\"https:\/\/www.participacionciudadana.org\/web\/2023\/10\/05\/9-289-minutos-en-publicidad-oficial-se-registran-en-el-mes-de-septiembre\/#respond\"]}]},{\"@type\":\"WebPage\",\"@id\":\"https:\/\/www.participacionciudadana.org\/web\/2023\/10\/05\/9-289-minutos-en-publicidad-oficial-se-registran-en-el-mes-de-septiembre\/\",\"url\":\"https:\/\/www.participacionciudadana.org\/web\/2023\/10\/05\/9-289-minutos-en-publicidad-oficial-se-registran-en-el-mes-de-septiembre\/\",\"name\":\"9.289 minutos en publicidad oficial se registran en el mes de septiembre - Participaci\u00f3n Ciudadana\",\"isPartOf\":{\"@id\":\"https:\/\/www.participacionciudadana.org\/web\/#website\"},\"primaryImageOfPage\":{\"@id\":\"https:\/\/www.participacionciudadana.org\/web\/2023\/10\/05\/9-289-minutos-en-publicidad-oficial-se-registran-en-el-mes-de-septiembre\/#primaryimage\"},\"image\":{\"@id\":\"https:\/\/www.participacionciudadana.org\/web\/2023\/10\/05\/9-289-minutos-en-publicidad-oficial-se-registran-en-el-mes-de-septiembre\/#primaryimage\"},\"thumbnailUrl\":\"https:\/\/www.participacionciudadana.org\/web\/wp-content\/uploads\/2023\/10\/oficial-1i.jpg\",\"datePublished\":\"2023-10-05T21:46:12+00:00\",\"dateModified\":\"2023-10-10T14:01:01+00:00\",\"breadcrumb\":{\"@id\":\"https:\/\/www.participacionciudadana.org\/web\/2023\/10\/05\/9-289-minutos-en-publicidad-oficial-se-registran-en-el-mes-de-septiembre\/#breadcrumb\"},\"inLanguage\":\"es\",\"potentialAction\":[{\"@type\":\"ReadAction\",\"target\":[\"https:\/\/www.participacionciudadana.org\/web\/2023\/10\/05\/9-289-minutos-en-publicidad-oficial-se-registran-en-el-mes-de-septiembre\/\"]}]},{\"@type\":\"ImageObject\",\"inLanguage\":\"es\",\"@id\":\"https:\/\/www.participacionciudadana.org\/web\/2023\/10\/05\/9-289-minutos-en-publicidad-oficial-se-registran-en-el-mes-de-septiembre\/#primaryimage\",\"url\":\"https:\/\/www.participacionciudadana.org\/web\/wp-content\/uploads\/2023\/10\/oficial-1i.jpg\",\"contentUrl\":\"https:\/\/www.participacionciudadana.org\/web\/wp-content\/uploads\/2023\/10\/oficial-1i.jpg\",\"width\":600,\"height\":600},{\"@type\":\"BreadcrumbList\",\"@id\":\"https:\/\/www.participacionciudadana.org\/web\/2023\/10\/05\/9-289-minutos-en-publicidad-oficial-se-registran-en-el-mes-de-septiembre\/#breadcrumb\",\"itemListElement\":[{\"@type\":\"ListItem\",\"position\":1,\"name\":\"Portada\",\"item\":\"https:\/\/www.participacionciudadana.org\/web\/\"},{\"@type\":\"ListItem\",\"position\":2,\"name\":\"9.289 minutos en publicidad oficial se registran en el mes de septiembre\"}]},{\"@type\":\"WebSite\",\"@id\":\"https:\/\/www.participacionciudadana.org\/web\/#website\",\"url\":\"https:\/\/www.participacionciudadana.org\/web\/\",\"name\":\"Participaci\u00f3n Ciudadana\",\"description\":\"Comprometidos con la democracia\",\"publisher\":{\"@id\":\"https:\/\/www.participacionciudadana.org\/web\/#organization\"},\"potentialAction\":[{\"@type\":\"SearchAction\",\"target\":{\"@type\":\"EntryPoint\",\"urlTemplate\":\"https:\/\/www.participacionciudadana.org\/web\/?s={search_term_string}\"},\"query-input\":{\"@type\":\"PropertyValueSpecification\",\"valueRequired\":true,\"valueName\":\"search_term_string\"}}],\"inLanguage\":\"es\"},{\"@type\":\"Organization\",\"@id\":\"https:\/\/www.participacionciudadana.org\/web\/#organization\",\"name\":\"Participaci\u00f3n Ciudadana\",\"url\":\"https:\/\/www.participacionciudadana.org\/web\/\",\"logo\":{\"@type\":\"ImageObject\",\"inLanguage\":\"es\",\"@id\":\"https:\/\/www.participacionciudadana.org\/web\/#\/schema\/logo\/image\/\",\"url\":\"https:\/\/www.participacionciudadana.org\/web\/wp-content\/uploads\/2021\/11\/cropped-logo_pc-1.png\",\"contentUrl\":\"https:\/\/www.participacionciudadana.org\/web\/wp-content\/uploads\/2021\/11\/cropped-logo_pc-1.png\",\"width\":340,\"height\":114,\"caption\":\"Participaci\u00f3n Ciudadana\"},\"image\":{\"@id\":\"https:\/\/www.participacionciudadana.org\/web\/#\/schema\/logo\/image\/\"},\"sameAs\":[\"https:\/\/www.facebook.com\/ParticipacionPC\/\",\"https:\/\/x.com\/ParticipacionPC\"]},{\"@type\":\"Person\",\"@id\":\"https:\/\/www.participacionciudadana.org\/web\/#\/schema\/person\/7d1c54696e041e527f8fbfd6c9b513ae\",\"name\":\"Karen Ramos\",\"image\":{\"@type\":\"ImageObject\",\"inLanguage\":\"es\",\"@id\":\"https:\/\/www.participacionciudadana.org\/web\/#\/schema\/person\/image\/\",\"url\":\"https:\/\/secure.gravatar.com\/avatar\/286968dbb3bb60217f1c7034fda5fe010f5c132ea9d76191d7dbe615e76f9e88?s=96&d=mm&r=g\",\"contentUrl\":\"https:\/\/secure.gravatar.com\/avatar\/286968dbb3bb60217f1c7034fda5fe010f5c132ea9d76191d7dbe615e76f9e88?s=96&d=mm&r=g\",\"caption\":\"Karen Ramos\"},\"url\":\"https:\/\/www.participacionciudadana.org\/web\/author\/karenliz\/\"}]}<\/script>\n<!-- \/ Yoast SEO plugin. -->","yoast_head_json":{"title":"9.289 minutos en publicidad oficial se registran en el mes de septiembre - Participaci\u00f3n Ciudadana","robots":{"index":"index","follow":"follow","max-snippet":"max-snippet:-1","max-image-preview":"max-image-preview:large","max-video-preview":"max-video-preview:-1"},"canonical":"https:\/\/www.participacionciudadana.org\/web\/2023\/10\/05\/9-289-minutos-en-publicidad-oficial-se-registran-en-el-mes-de-septiembre\/","og_locale":"es_ES","og_type":"article","og_title":"9.289 minutos en publicidad oficial se registran en el mes de septiembre - Participaci\u00f3n Ciudadana","og_description":"El Centro de Monitoreo de Medios de la Corporaci\u00f3n Participaci\u00f3n Ciudadana presenta el informe de publicidad oficial, del mes de septiembre 2023, con base en los 11 canales de televisi\u00f3n monitoreados. Accede al informe completo aqu\u00ed:","og_url":"https:\/\/www.participacionciudadana.org\/web\/2023\/10\/05\/9-289-minutos-en-publicidad-oficial-se-registran-en-el-mes-de-septiembre\/","og_site_name":"Participaci\u00f3n Ciudadana","article_publisher":"https:\/\/www.facebook.com\/ParticipacionPC\/","article_published_time":"2023-10-05T21:46:12+00:00","article_modified_time":"2023-10-10T14:01:01+00:00","og_image":[{"width":600,"height":600,"url":"https:\/\/www.participacionciudadana.org\/web\/wp-content\/uploads\/2023\/10\/oficial-1i.jpg","type":"image\/jpeg"}],"author":"Karen Ramos","twitter_card":"summary_large_image","twitter_creator":"@ParticipacionPC","twitter_site":"@ParticipacionPC","twitter_misc":{"Escrito por":"Karen Ramos","Tiempo de lectura":"1 minuto"},"schema":{"@context":"https:\/\/schema.org","@graph":[{"@type":"Article","@id":"https:\/\/www.participacionciudadana.org\/web\/2023\/10\/05\/9-289-minutos-en-publicidad-oficial-se-registran-en-el-mes-de-septiembre\/#article","isPartOf":{"@id":"https:\/\/www.participacionciudadana.org\/web\/2023\/10\/05\/9-289-minutos-en-publicidad-oficial-se-registran-en-el-mes-de-septiembre\/"},"author":{"name":"Karen Ramos","@id":"https:\/\/www.participacionciudadana.org\/web\/#\/schema\/person\/7d1c54696e041e527f8fbfd6c9b513ae"},"headline":"9.289 minutos en publicidad oficial se registran en el mes de septiembre","datePublished":"2023-10-05T21:46:12+00:00","dateModified":"2023-10-10T14:01:01+00:00","mainEntityOfPage":{"@id":"https:\/\/www.participacionciudadana.org\/web\/2023\/10\/05\/9-289-minutos-en-publicidad-oficial-se-registran-en-el-mes-de-septiembre\/"},"wordCount":50,"commentCount":0,"publisher":{"@id":"https:\/\/www.participacionciudadana.org\/web\/#organization"},"image":{"@id":"https:\/\/www.participacionciudadana.org\/web\/2023\/10\/05\/9-289-minutos-en-publicidad-oficial-se-registran-en-el-mes-de-septiembre\/#primaryimage"},"thumbnailUrl":"https:\/\/www.participacionciudadana.org\/web\/wp-content\/uploads\/2023\/10\/oficial-1i.jpg","keywords":["monitoreo publicidad oficial 2023"],"inLanguage":"es","potentialAction":[{"@type":"CommentAction","name":"Comment","target":["https:\/\/www.participacionciudadana.org\/web\/2023\/10\/05\/9-289-minutos-en-publicidad-oficial-se-registran-en-el-mes-de-septiembre\/#respond"]}]},{"@type":"WebPage","@id":"https:\/\/www.participacionciudadana.org\/web\/2023\/10\/05\/9-289-minutos-en-publicidad-oficial-se-registran-en-el-mes-de-septiembre\/","url":"https:\/\/www.participacionciudadana.org\/web\/2023\/10\/05\/9-289-minutos-en-publicidad-oficial-se-registran-en-el-mes-de-septiembre\/","name":"9.289 minutos en publicidad oficial se registran en el mes de septiembre - Participaci\u00f3n Ciudadana","isPartOf":{"@id":"https:\/\/www.participacionciudadana.org\/web\/#website"},"primaryImageOfPage":{"@id":"https:\/\/www.participacionciudadana.org\/web\/2023\/10\/05\/9-289-minutos-en-publicidad-oficial-se-registran-en-el-mes-de-septiembre\/#primaryimage"},"image":{"@id":"https:\/\/www.participacionciudadana.org\/web\/2023\/10\/05\/9-289-minutos-en-publicidad-oficial-se-registran-en-el-mes-de-septiembre\/#primaryimage"},"thumbnailUrl":"https:\/\/www.participacionciudadana.org\/web\/wp-content\/uploads\/2023\/10\/oficial-1i.jpg","datePublished":"2023-10-05T21:46:12+00:00","dateModified":"2023-10-10T14:01:01+00:00","breadcrumb":{"@id":"https:\/\/www.participacionciudadana.org\/web\/2023\/10\/05\/9-289-minutos-en-publicidad-oficial-se-registran-en-el-mes-de-septiembre\/#breadcrumb"},"inLanguage":"es","potentialAction":[{"@type":"ReadAction","target":["https:\/\/www.participacionciudadana.org\/web\/2023\/10\/05\/9-289-minutos-en-publicidad-oficial-se-registran-en-el-mes-de-septiembre\/"]}]},{"@type":"ImageObject","inLanguage":"es","@id":"https:\/\/www.participacionciudadana.org\/web\/2023\/10\/05\/9-289-minutos-en-publicidad-oficial-se-registran-en-el-mes-de-septiembre\/#primaryimage","url":"https:\/\/www.participacionciudadana.org\/web\/wp-content\/uploads\/2023\/10\/oficial-1i.jpg","contentUrl":"https:\/\/www.participacionciudadana.org\/web\/wp-content\/uploads\/2023\/10\/oficial-1i.jpg","width":600,"height":600},{"@type":"BreadcrumbList","@id":"https:\/\/www.participacionciudadana.org\/web\/2023\/10\/05\/9-289-minutos-en-publicidad-oficial-se-registran-en-el-mes-de-septiembre\/#breadcrumb","itemListElement":[{"@type":"ListItem","position":1,"name":"Portada","item":"https:\/\/www.participacionciudadana.org\/web\/"},{"@type":"ListItem","position":2,"name":"9.289 minutos en publicidad oficial se registran en el mes de septiembre"}]},{"@type":"WebSite","@id":"https:\/\/www.participacionciudadana.org\/web\/#website","url":"https:\/\/www.participacionciudadana.org\/web\/","name":"Participaci\u00f3n Ciudadana","description":"Comprometidos con la democracia","publisher":{"@id":"https:\/\/www.participacionciudadana.org\/web\/#organization"},"potentialAction":[{"@type":"SearchAction","target":{"@type":"EntryPoint","urlTemplate":"https:\/\/www.participacionciudadana.org\/web\/?s={search_term_string}"},"query-input":{"@type":"PropertyValueSpecification","valueRequired":true,"valueName":"search_term_string"}}],"inLanguage":"es"},{"@type":"Organization","@id":"https:\/\/www.participacionciudadana.org\/web\/#organization","name":"Participaci\u00f3n Ciudadana","url":"https:\/\/www.participacionciudadana.org\/web\/","logo":{"@type":"ImageObject","inLanguage":"es","@id":"https:\/\/www.participacionciudadana.org\/web\/#\/schema\/logo\/image\/","url":"https:\/\/www.participacionciudadana.org\/web\/wp-content\/uploads\/2021\/11\/cropped-logo_pc-1.png","contentUrl":"https:\/\/www.participacionciudadana.org\/web\/wp-content\/uploads\/2021\/11\/cropped-logo_pc-1.png","width":340,"height":114,"caption":"Participaci\u00f3n Ciudadana"},"image":{"@id":"https:\/\/www.participacionciudadana.org\/web\/#\/schema\/logo\/image\/"},"sameAs":["https:\/\/www.facebook.com\/ParticipacionPC\/","https:\/\/x.com\/ParticipacionPC"]},{"@type":"Person","@id":"https:\/\/www.participacionciudadana.org\/web\/#\/schema\/person\/7d1c54696e041e527f8fbfd6c9b513ae","name":"Karen Ramos","image":{"@type":"ImageObject","inLanguage":"es","@id":"https:\/\/www.participacionciudadana.org\/web\/#\/schema\/person\/image\/","url":"https:\/\/secure.gravatar.com\/avatar\/286968dbb3bb60217f1c7034fda5fe010f5c132ea9d76191d7dbe615e76f9e88?s=96&d=mm&r=g","contentUrl":"https:\/\/secure.gravatar.com\/avatar\/286968dbb3bb60217f1c7034fda5fe010f5c132ea9d76191d7dbe615e76f9e88?s=96&d=mm&r=g","caption":"Karen Ramos"},"url":"https:\/\/www.participacionciudadana.org\/web\/author\/karenliz\/"}]}},"_links":{"self":[{"href":"https:\/\/www.participacionciudadana.org\/web\/wp-json\/wp\/v2\/posts\/6278","targetHints":{"allow":["GET"]}}],"collection":[{"href":"https:\/\/www.participacionciudadana.org\/web\/wp-json\/wp\/v2\/posts"}],"about":[{"href":"https:\/\/www.participacionciudadana.org\/web\/wp-json\/wp\/v2\/types\/post"}],"author":[{"embeddable":true,"href":"https:\/\/www.participacionciudadana.org\/web\/wp-json\/wp\/v2\/users\/7"}],"replies":[{"embeddable":true,"href":"https:\/\/www.participacionciudadana.org\/web\/wp-json\/wp\/v2\/comments?post=6278"}],"version-history":[{"count":0,"href":"https:\/\/www.participacionciudadana.org\/web\/wp-json\/wp\/v2\/posts\/6278\/revisions"}],"wp:featuredmedia":[{"embeddable":true,"href":"https:\/\/www.participacionciudadana.org\/web\/wp-json\/wp\/v2\/media\/6295"}],"wp:attachment":[{"href":"https:\/\/www.participacionciudadana.org\/web\/wp-json\/wp\/v2\/media?parent=6278"}],"wp:term":[{"taxonomy":"category","embeddable":true,"href":"https:\/\/www.participacionciudadana.org\/web\/wp-json\/wp\/v2\/categories?post=6278"},{"taxonomy":"post_tag","embeddable":true,"href":"https:\/\/www.participacionciudadana.org\/web\/wp-json\/wp\/v2\/tags?post=6278"}],"curies":[{"name":"wp","href":"https:\/\/api.w.org\/{rel}","templated":true}]}}