{"id":6314,"date":"2023-10-11T14:36:51","date_gmt":"2023-10-11T19:36:51","guid":{"rendered":"https:\/\/www.participacionciudadana.org\/web\/?p=6314"},"modified":"2023-10-11T15:59:45","modified_gmt":"2023-10-11T20:59:45","slug":"pc-presentara-resultados-de-la-observacion-electoral-cualitativa-el-domingo-15-de-octubre","status":"publish","type":"post","link":"https:\/\/www.participacionciudadana.org\/web\/2023\/10\/11\/pc-presentara-resultados-de-la-observacion-electoral-cualitativa-el-domingo-15-de-octubre\/","title":{"rendered":"PC presentar\u00e1 resultados de la Observaci\u00f3n Electoral Cualitativa, el domingo 15 de octubre"},"content":{"rendered":"\n<p>La Corporaci\u00f3n Participaci\u00f3n Ciudadana invita a los medios de comunicaci\u00f3n a la <strong>presentaci\u00f3n de resultados de la Observaci\u00f3n Electoral Cualitativa<\/strong>, correspondiente a la segunda vuelta de las elecciones anticipadas, que se llevar\u00e1n a cabo el domingo, 15 de octubre de 2023.<\/p>\n\n\n\n<p>Las ruedas de prensa se realizar\u00e1n en las siguientes horas, a las<strong> 9:15 se informar\u00e1 sobre el desarrollo del inicio de los comicios<\/strong>. A las <strong>18:15 se informar\u00e1 sobre el desarrollo de las votaciones, a lo largo del d\u00eda, y sobre el cierre de las juntas receptoras del voto.<\/strong><\/p>\n\n\n\n<p>El <strong>Centro de Mando de PC<\/strong>, desde el que se informar\u00e1 a los medios de comunicaci\u00f3n los datos de la observaci\u00f3n electoral cualitativa, estar\u00e1 ubicado en el <strong>hotel Swissotel.<\/strong><\/p>\n\n\n\n<p>Para ingresar al Centro de Mando solicitamos cordialmente a los equipos de prensa se <strong>registren previamente en este link: <a href=\"http:\/\/bit.ly\/3Q3ZuBo\">bit.ly\/3Q3ZuBo<\/a><\/strong><\/p>\n\n\n\n<p>PC cuenta con m\u00e1s de <strong>600 observadores electorales<\/strong>, que estar\u00e1n desplegados en los distintos recintos electorales, en 10 ciudades del pa\u00eds: <strong>Quito, Guayaquil, Cuenca, Manta, Portoviejo, Loja, Riobamba, Ibarra, Macas y Zamora.<\/strong><\/p>\n\n\n\n<p>Adicionalmente, PC a trav\u00e9s de la campa\u00f1a #YoVigiloLasElecciones, habilitar\u00e1 el domingo un link para que los ciudadanos puedan reportar cualquier incidencia que observe en su lugar de votaci\u00f3n, a nivel nacional y en el exterior, al ejercer su derecho al voto. Invitamos a la ciudadan\u00eda a unirse a esta campa\u00f1a c\u00edvica.<\/p>\n","protected":false},"excerpt":{"rendered":"<p>La Corporaci\u00f3n Participaci\u00f3n Ciudadana invita a los medios de comunicaci\u00f3n a la presentaci\u00f3n de resultados de la Observaci\u00f3n Electoral Cualitativa, correspondiente a la segunda vuelta de las elecciones anticipadas, que se llevar\u00e1n a cabo el domingo, 15 de octubre de 2023. Las ruedas de prensa se realizar\u00e1n en las siguientes horas, a las 9:15 se [&hellip;]<\/p>\n","protected":false},"author":7,"featured_media":6317,"comment_status":"open","ping_status":"open","sticky":false,"template":"","format":"standard","meta":{"site-sidebar-layout":"default","site-content-layout":"","ast-site-content-layout":"default","site-content-style":"default","site-sidebar-style":"default","ast-global-header-display":"","ast-banner-title-visibility":"","ast-main-header-display":"","ast-hfb-above-header-display":"","ast-hfb-below-header-display":"","ast-hfb-mobile-header-display":"","site-post-title":"","ast-breadcrumbs-content":"","ast-featured-img":"","footer-sml-layout":"","ast-disable-related-posts":"","theme-transparent-header-meta":"","adv-header-id-meta":"","stick-header-meta":"","header-above-stick-meta":"","header-main-stick-meta":"","header-below-stick-meta":"","astra-migrate-meta-layouts":"set","ast-page-background-enabled":"default","ast-page-background-meta":{"desktop":{"background-color":"","background-image":"","background-repeat":"repeat","background-position":"center center","background-size":"auto","background-attachment":"scroll","background-type":"","background-media":"","overlay-type":"","overlay-color":"","overlay-opacity":"","overlay-gradient":""},"tablet":{"background-color":"","background-image":"","background-repeat":"repeat","background-position":"center center","background-size":"auto","background-attachment":"scroll","background-type":"","background-media":"","overlay-type":"","overlay-color":"","overlay-opacity":"","overlay-gradient":""},"mobile":{"background-color":"","background-image":"","background-repeat":"repeat","background-position":"center center","background-size":"auto","background-attachment":"scroll","background-type":"","background-media":"","overlay-type":"","overlay-color":"","overlay-opacity":"","overlay-gradient":""}},"ast-content-background-meta":{"desktop":{"background-color":"var(--ast-global-color-5)","background-image":"","background-repeat":"repeat","background-position":"center center","background-size":"auto","background-attachment":"scroll","background-type":"","background-media":"","overlay-type":"","overlay-color":"","overlay-opacity":"","overlay-gradient":""},"tablet":{"background-color":"var(--ast-global-color-5)","background-image":"","background-repeat":"repeat","background-position":"center center","background-size":"auto","background-attachment":"scroll","background-type":"","background-media":"","overlay-type":"","overlay-color":"","overlay-opacity":"","overlay-gradient":""},"mobile":{"background-color":"var(--ast-global-color-5)","background-image":"","background-repeat":"repeat","background-position":"center center","background-size":"auto","background-attachment":"scroll","background-type":"","background-media":"","overlay-type":"","overlay-color":"","overlay-opacity":"","overlay-gradient":""}},"_joinchat":[],"footnotes":""},"categories":[78,1],"tags":[],"class_list":["post-6314","post","type-post","status-publish","format-standard","has-post-thumbnail","hentry","category-boletines","category-sin-categoria"],"yoast_head":"<!-- This site is optimized with the Yoast SEO plugin v26.5 - https:\/\/yoast.com\/wordpress\/plugins\/seo\/ -->\n<title>PC presentar\u00e1 resultados de la Observaci\u00f3n Electoral Cualitativa, el domingo 15 de octubre - Participaci\u00f3n Ciudadana<\/title>\n<meta name=\"robots\" content=\"index, follow, max-snippet:-1, max-image-preview:large, max-video-preview:-1\" \/>\n<link rel=\"canonical\" href=\"https:\/\/www.participacionciudadana.org\/web\/2023\/10\/11\/pc-presentara-resultados-de-la-observacion-electoral-cualitativa-el-domingo-15-de-octubre\/\" \/>\n<meta property=\"og:locale\" content=\"es_ES\" \/>\n<meta property=\"og:type\" content=\"article\" \/>\n<meta property=\"og:title\" content=\"PC presentar\u00e1 resultados de la Observaci\u00f3n Electoral Cualitativa, el domingo 15 de octubre - Participaci\u00f3n Ciudadana\" \/>\n<meta property=\"og:description\" content=\"La Corporaci\u00f3n Participaci\u00f3n Ciudadana invita a los medios de comunicaci\u00f3n a la presentaci\u00f3n de resultados de la Observaci\u00f3n Electoral Cualitativa, correspondiente a la segunda vuelta de las elecciones anticipadas, que se llevar\u00e1n a cabo el domingo, 15 de octubre de 2023. Las ruedas de prensa se realizar\u00e1n en las siguientes horas, a las 9:15 se [&hellip;]\" \/>\n<meta property=\"og:url\" content=\"https:\/\/www.participacionciudadana.org\/web\/2023\/10\/11\/pc-presentara-resultados-de-la-observacion-electoral-cualitativa-el-domingo-15-de-octubre\/\" \/>\n<meta property=\"og:site_name\" content=\"Participaci\u00f3n Ciudadana\" \/>\n<meta property=\"article:publisher\" content=\"https:\/\/www.facebook.com\/ParticipacionPC\/\" \/>\n<meta property=\"article:published_time\" content=\"2023-10-11T19:36:51+00:00\" \/>\n<meta property=\"article:modified_time\" content=\"2023-10-11T20:59:45+00:00\" \/>\n<meta property=\"og:image\" content=\"https:\/\/www.participacionciudadana.org\/web\/wp-content\/uploads\/2023\/10\/rueda-de-prensa-15-octubre.jpeg\" \/>\n\t<meta property=\"og:image:width\" content=\"1000\" \/>\n\t<meta property=\"og:image:height\" content=\"1000\" \/>\n\t<meta property=\"og:image:type\" content=\"image\/jpeg\" \/>\n<meta name=\"author\" content=\"Karen Ramos\" \/>\n<meta name=\"twitter:card\" content=\"summary_large_image\" \/>\n<meta name=\"twitter:creator\" content=\"@ParticipacionPC\" \/>\n<meta name=\"twitter:site\" content=\"@ParticipacionPC\" \/>\n<meta name=\"twitter:label1\" content=\"Escrito por\" \/>\n\t<meta name=\"twitter:data1\" content=\"Karen Ramos\" \/>\n\t<meta name=\"twitter:label2\" content=\"Tiempo de lectura\" \/>\n\t<meta name=\"twitter:data2\" content=\"2 minutos\" \/>\n<script type=\"application\/ld+json\" class=\"yoast-schema-graph\">{\"@context\":\"https:\/\/schema.org\",\"@graph\":[{\"@type\":\"Article\",\"@id\":\"https:\/\/www.participacionciudadana.org\/web\/2023\/10\/11\/pc-presentara-resultados-de-la-observacion-electoral-cualitativa-el-domingo-15-de-octubre\/#article\",\"isPartOf\":{\"@id\":\"https:\/\/www.participacionciudadana.org\/web\/2023\/10\/11\/pc-presentara-resultados-de-la-observacion-electoral-cualitativa-el-domingo-15-de-octubre\/\"},\"author\":{\"name\":\"Karen Ramos\",\"@id\":\"https:\/\/www.participacionciudadana.org\/web\/#\/schema\/person\/7d1c54696e041e527f8fbfd6c9b513ae\"},\"headline\":\"PC presentar\u00e1 resultados de la Observaci\u00f3n Electoral Cualitativa, el domingo 15 de octubre\",\"datePublished\":\"2023-10-11T19:36:51+00:00\",\"dateModified\":\"2023-10-11T20:59:45+00:00\",\"mainEntityOfPage\":{\"@id\":\"https:\/\/www.participacionciudadana.org\/web\/2023\/10\/11\/pc-presentara-resultados-de-la-observacion-electoral-cualitativa-el-domingo-15-de-octubre\/\"},\"wordCount\":251,\"commentCount\":0,\"publisher\":{\"@id\":\"https:\/\/www.participacionciudadana.org\/web\/#organization\"},\"image\":{\"@id\":\"https:\/\/www.participacionciudadana.org\/web\/2023\/10\/11\/pc-presentara-resultados-de-la-observacion-electoral-cualitativa-el-domingo-15-de-octubre\/#primaryimage\"},\"thumbnailUrl\":\"https:\/\/www.participacionciudadana.org\/web\/wp-content\/uploads\/2023\/10\/rueda-de-prensa-15-octubre.jpeg\",\"articleSection\":[\"Boletines\"],\"inLanguage\":\"es\",\"potentialAction\":[{\"@type\":\"CommentAction\",\"name\":\"Comment\",\"target\":[\"https:\/\/www.participacionciudadana.org\/web\/2023\/10\/11\/pc-presentara-resultados-de-la-observacion-electoral-cualitativa-el-domingo-15-de-octubre\/#respond\"]}]},{\"@type\":\"WebPage\",\"@id\":\"https:\/\/www.participacionciudadana.org\/web\/2023\/10\/11\/pc-presentara-resultados-de-la-observacion-electoral-cualitativa-el-domingo-15-de-octubre\/\",\"url\":\"https:\/\/www.participacionciudadana.org\/web\/2023\/10\/11\/pc-presentara-resultados-de-la-observacion-electoral-cualitativa-el-domingo-15-de-octubre\/\",\"name\":\"PC presentar\u00e1 resultados de la Observaci\u00f3n Electoral Cualitativa, el domingo 15 de octubre - Participaci\u00f3n Ciudadana\",\"isPartOf\":{\"@id\":\"https:\/\/www.participacionciudadana.org\/web\/#website\"},\"primaryImageOfPage\":{\"@id\":\"https:\/\/www.participacionciudadana.org\/web\/2023\/10\/11\/pc-presentara-resultados-de-la-observacion-electoral-cualitativa-el-domingo-15-de-octubre\/#primaryimage\"},\"image\":{\"@id\":\"https:\/\/www.participacionciudadana.org\/web\/2023\/10\/11\/pc-presentara-resultados-de-la-observacion-electoral-cualitativa-el-domingo-15-de-octubre\/#primaryimage\"},\"thumbnailUrl\":\"https:\/\/www.participacionciudadana.org\/web\/wp-content\/uploads\/2023\/10\/rueda-de-prensa-15-octubre.jpeg\",\"datePublished\":\"2023-10-11T19:36:51+00:00\",\"dateModified\":\"2023-10-11T20:59:45+00:00\",\"breadcrumb\":{\"@id\":\"https:\/\/www.participacionciudadana.org\/web\/2023\/10\/11\/pc-presentara-resultados-de-la-observacion-electoral-cualitativa-el-domingo-15-de-octubre\/#breadcrumb\"},\"inLanguage\":\"es\",\"potentialAction\":[{\"@type\":\"ReadAction\",\"target\":[\"https:\/\/www.participacionciudadana.org\/web\/2023\/10\/11\/pc-presentara-resultados-de-la-observacion-electoral-cualitativa-el-domingo-15-de-octubre\/\"]}]},{\"@type\":\"ImageObject\",\"inLanguage\":\"es\",\"@id\":\"https:\/\/www.participacionciudadana.org\/web\/2023\/10\/11\/pc-presentara-resultados-de-la-observacion-electoral-cualitativa-el-domingo-15-de-octubre\/#primaryimage\",\"url\":\"https:\/\/www.participacionciudadana.org\/web\/wp-content\/uploads\/2023\/10\/rueda-de-prensa-15-octubre.jpeg\",\"contentUrl\":\"https:\/\/www.participacionciudadana.org\/web\/wp-content\/uploads\/2023\/10\/rueda-de-prensa-15-octubre.jpeg\",\"width\":1000,\"height\":1000},{\"@type\":\"BreadcrumbList\",\"@id\":\"https:\/\/www.participacionciudadana.org\/web\/2023\/10\/11\/pc-presentara-resultados-de-la-observacion-electoral-cualitativa-el-domingo-15-de-octubre\/#breadcrumb\",\"itemListElement\":[{\"@type\":\"ListItem\",\"position\":1,\"name\":\"Portada\",\"item\":\"https:\/\/www.participacionciudadana.org\/web\/\"},{\"@type\":\"ListItem\",\"position\":2,\"name\":\"PC presentar\u00e1 resultados de la Observaci\u00f3n Electoral Cualitativa, el domingo 15 de octubre\"}]},{\"@type\":\"WebSite\",\"@id\":\"https:\/\/www.participacionciudadana.org\/web\/#website\",\"url\":\"https:\/\/www.participacionciudadana.org\/web\/\",\"name\":\"Participaci\u00f3n Ciudadana\",\"description\":\"Comprometidos con la democracia\",\"publisher\":{\"@id\":\"https:\/\/www.participacionciudadana.org\/web\/#organization\"},\"potentialAction\":[{\"@type\":\"SearchAction\",\"target\":{\"@type\":\"EntryPoint\",\"urlTemplate\":\"https:\/\/www.participacionciudadana.org\/web\/?s={search_term_string}\"},\"query-input\":{\"@type\":\"PropertyValueSpecification\",\"valueRequired\":true,\"valueName\":\"search_term_string\"}}],\"inLanguage\":\"es\"},{\"@type\":\"Organization\",\"@id\":\"https:\/\/www.participacionciudadana.org\/web\/#organization\",\"name\":\"Participaci\u00f3n Ciudadana\",\"url\":\"https:\/\/www.participacionciudadana.org\/web\/\",\"logo\":{\"@type\":\"ImageObject\",\"inLanguage\":\"es\",\"@id\":\"https:\/\/www.participacionciudadana.org\/web\/#\/schema\/logo\/image\/\",\"url\":\"https:\/\/www.participacionciudadana.org\/web\/wp-content\/uploads\/2021\/11\/cropped-logo_pc-1.png\",\"contentUrl\":\"https:\/\/www.participacionciudadana.org\/web\/wp-content\/uploads\/2021\/11\/cropped-logo_pc-1.png\",\"width\":340,\"height\":114,\"caption\":\"Participaci\u00f3n Ciudadana\"},\"image\":{\"@id\":\"https:\/\/www.participacionciudadana.org\/web\/#\/schema\/logo\/image\/\"},\"sameAs\":[\"https:\/\/www.facebook.com\/ParticipacionPC\/\",\"https:\/\/x.com\/ParticipacionPC\"]},{\"@type\":\"Person\",\"@id\":\"https:\/\/www.participacionciudadana.org\/web\/#\/schema\/person\/7d1c54696e041e527f8fbfd6c9b513ae\",\"name\":\"Karen Ramos\",\"image\":{\"@type\":\"ImageObject\",\"inLanguage\":\"es\",\"@id\":\"https:\/\/www.participacionciudadana.org\/web\/#\/schema\/person\/image\/\",\"url\":\"https:\/\/secure.gravatar.com\/avatar\/286968dbb3bb60217f1c7034fda5fe010f5c132ea9d76191d7dbe615e76f9e88?s=96&d=mm&r=g\",\"contentUrl\":\"https:\/\/secure.gravatar.com\/avatar\/286968dbb3bb60217f1c7034fda5fe010f5c132ea9d76191d7dbe615e76f9e88?s=96&d=mm&r=g\",\"caption\":\"Karen Ramos\"},\"url\":\"https:\/\/www.participacionciudadana.org\/web\/author\/karenliz\/\"}]}<\/script>\n<!-- \/ Yoast SEO plugin. -->","yoast_head_json":{"title":"PC presentar\u00e1 resultados de la Observaci\u00f3n Electoral Cualitativa, el domingo 15 de octubre - Participaci\u00f3n Ciudadana","robots":{"index":"index","follow":"follow","max-snippet":"max-snippet:-1","max-image-preview":"max-image-preview:large","max-video-preview":"max-video-preview:-1"},"canonical":"https:\/\/www.participacionciudadana.org\/web\/2023\/10\/11\/pc-presentara-resultados-de-la-observacion-electoral-cualitativa-el-domingo-15-de-octubre\/","og_locale":"es_ES","og_type":"article","og_title":"PC presentar\u00e1 resultados de la Observaci\u00f3n Electoral Cualitativa, el domingo 15 de octubre - Participaci\u00f3n Ciudadana","og_description":"La Corporaci\u00f3n Participaci\u00f3n Ciudadana invita a los medios de comunicaci\u00f3n a la presentaci\u00f3n de resultados de la Observaci\u00f3n Electoral Cualitativa, correspondiente a la segunda vuelta de las elecciones anticipadas, que se llevar\u00e1n a cabo el domingo, 15 de octubre de 2023. Las ruedas de prensa se realizar\u00e1n en las siguientes horas, a las 9:15 se [&hellip;]","og_url":"https:\/\/www.participacionciudadana.org\/web\/2023\/10\/11\/pc-presentara-resultados-de-la-observacion-electoral-cualitativa-el-domingo-15-de-octubre\/","og_site_name":"Participaci\u00f3n Ciudadana","article_publisher":"https:\/\/www.facebook.com\/ParticipacionPC\/","article_published_time":"2023-10-11T19:36:51+00:00","article_modified_time":"2023-10-11T20:59:45+00:00","og_image":[{"width":1000,"height":1000,"url":"https:\/\/www.participacionciudadana.org\/web\/wp-content\/uploads\/2023\/10\/rueda-de-prensa-15-octubre.jpeg","type":"image\/jpeg"}],"author":"Karen Ramos","twitter_card":"summary_large_image","twitter_creator":"@ParticipacionPC","twitter_site":"@ParticipacionPC","twitter_misc":{"Escrito por":"Karen Ramos","Tiempo de lectura":"2 minutos"},"schema":{"@context":"https:\/\/schema.org","@graph":[{"@type":"Article","@id":"https:\/\/www.participacionciudadana.org\/web\/2023\/10\/11\/pc-presentara-resultados-de-la-observacion-electoral-cualitativa-el-domingo-15-de-octubre\/#article","isPartOf":{"@id":"https:\/\/www.participacionciudadana.org\/web\/2023\/10\/11\/pc-presentara-resultados-de-la-observacion-electoral-cualitativa-el-domingo-15-de-octubre\/"},"author":{"name":"Karen Ramos","@id":"https:\/\/www.participacionciudadana.org\/web\/#\/schema\/person\/7d1c54696e041e527f8fbfd6c9b513ae"},"headline":"PC presentar\u00e1 resultados de la Observaci\u00f3n Electoral Cualitativa, el domingo 15 de octubre","datePublished":"2023-10-11T19:36:51+00:00","dateModified":"2023-10-11T20:59:45+00:00","mainEntityOfPage":{"@id":"https:\/\/www.participacionciudadana.org\/web\/2023\/10\/11\/pc-presentara-resultados-de-la-observacion-electoral-cualitativa-el-domingo-15-de-octubre\/"},"wordCount":251,"commentCount":0,"publisher":{"@id":"https:\/\/www.participacionciudadana.org\/web\/#organization"},"image":{"@id":"https:\/\/www.participacionciudadana.org\/web\/2023\/10\/11\/pc-presentara-resultados-de-la-observacion-electoral-cualitativa-el-domingo-15-de-octubre\/#primaryimage"},"thumbnailUrl":"https:\/\/www.participacionciudadana.org\/web\/wp-content\/uploads\/2023\/10\/rueda-de-prensa-15-octubre.jpeg","articleSection":["Boletines"],"inLanguage":"es","potentialAction":[{"@type":"CommentAction","name":"Comment","target":["https:\/\/www.participacionciudadana.org\/web\/2023\/10\/11\/pc-presentara-resultados-de-la-observacion-electoral-cualitativa-el-domingo-15-de-octubre\/#respond"]}]},{"@type":"WebPage","@id":"https:\/\/www.participacionciudadana.org\/web\/2023\/10\/11\/pc-presentara-resultados-de-la-observacion-electoral-cualitativa-el-domingo-15-de-octubre\/","url":"https:\/\/www.participacionciudadana.org\/web\/2023\/10\/11\/pc-presentara-resultados-de-la-observacion-electoral-cualitativa-el-domingo-15-de-octubre\/","name":"PC presentar\u00e1 resultados de la Observaci\u00f3n Electoral Cualitativa, el domingo 15 de octubre - Participaci\u00f3n Ciudadana","isPartOf":{"@id":"https:\/\/www.participacionciudadana.org\/web\/#website"},"primaryImageOfPage":{"@id":"https:\/\/www.participacionciudadana.org\/web\/2023\/10\/11\/pc-presentara-resultados-de-la-observacion-electoral-cualitativa-el-domingo-15-de-octubre\/#primaryimage"},"image":{"@id":"https:\/\/www.participacionciudadana.org\/web\/2023\/10\/11\/pc-presentara-resultados-de-la-observacion-electoral-cualitativa-el-domingo-15-de-octubre\/#primaryimage"},"thumbnailUrl":"https:\/\/www.participacionciudadana.org\/web\/wp-content\/uploads\/2023\/10\/rueda-de-prensa-15-octubre.jpeg","datePublished":"2023-10-11T19:36:51+00:00","dateModified":"2023-10-11T20:59:45+00:00","breadcrumb":{"@id":"https:\/\/www.participacionciudadana.org\/web\/2023\/10\/11\/pc-presentara-resultados-de-la-observacion-electoral-cualitativa-el-domingo-15-de-octubre\/#breadcrumb"},"inLanguage":"es","potentialAction":[{"@type":"ReadAction","target":["https:\/\/www.participacionciudadana.org\/web\/2023\/10\/11\/pc-presentara-resultados-de-la-observacion-electoral-cualitativa-el-domingo-15-de-octubre\/"]}]},{"@type":"ImageObject","inLanguage":"es","@id":"https:\/\/www.participacionciudadana.org\/web\/2023\/10\/11\/pc-presentara-resultados-de-la-observacion-electoral-cualitativa-el-domingo-15-de-octubre\/#primaryimage","url":"https:\/\/www.participacionciudadana.org\/web\/wp-content\/uploads\/2023\/10\/rueda-de-prensa-15-octubre.jpeg","contentUrl":"https:\/\/www.participacionciudadana.org\/web\/wp-content\/uploads\/2023\/10\/rueda-de-prensa-15-octubre.jpeg","width":1000,"height":1000},{"@type":"BreadcrumbList","@id":"https:\/\/www.participacionciudadana.org\/web\/2023\/10\/11\/pc-presentara-resultados-de-la-observacion-electoral-cualitativa-el-domingo-15-de-octubre\/#breadcrumb","itemListElement":[{"@type":"ListItem","position":1,"name":"Portada","item":"https:\/\/www.participacionciudadana.org\/web\/"},{"@type":"ListItem","position":2,"name":"PC presentar\u00e1 resultados de la Observaci\u00f3n Electoral Cualitativa, el domingo 15 de octubre"}]},{"@type":"WebSite","@id":"https:\/\/www.participacionciudadana.org\/web\/#website","url":"https:\/\/www.participacionciudadana.org\/web\/","name":"Participaci\u00f3n Ciudadana","description":"Comprometidos con la democracia","publisher":{"@id":"https:\/\/www.participacionciudadana.org\/web\/#organization"},"potentialAction":[{"@type":"SearchAction","target":{"@type":"EntryPoint","urlTemplate":"https:\/\/www.participacionciudadana.org\/web\/?s={search_term_string}"},"query-input":{"@type":"PropertyValueSpecification","valueRequired":true,"valueName":"search_term_string"}}],"inLanguage":"es"},{"@type":"Organization","@id":"https:\/\/www.participacionciudadana.org\/web\/#organization","name":"Participaci\u00f3n Ciudadana","url":"https:\/\/www.participacionciudadana.org\/web\/","logo":{"@type":"ImageObject","inLanguage":"es","@id":"https:\/\/www.participacionciudadana.org\/web\/#\/schema\/logo\/image\/","url":"https:\/\/www.participacionciudadana.org\/web\/wp-content\/uploads\/2021\/11\/cropped-logo_pc-1.png","contentUrl":"https:\/\/www.participacionciudadana.org\/web\/wp-content\/uploads\/2021\/11\/cropped-logo_pc-1.png","width":340,"height":114,"caption":"Participaci\u00f3n Ciudadana"},"image":{"@id":"https:\/\/www.participacionciudadana.org\/web\/#\/schema\/logo\/image\/"},"sameAs":["https:\/\/www.facebook.com\/ParticipacionPC\/","https:\/\/x.com\/ParticipacionPC"]},{"@type":"Person","@id":"https:\/\/www.participacionciudadana.org\/web\/#\/schema\/person\/7d1c54696e041e527f8fbfd6c9b513ae","name":"Karen Ramos","image":{"@type":"ImageObject","inLanguage":"es","@id":"https:\/\/www.participacionciudadana.org\/web\/#\/schema\/person\/image\/","url":"https:\/\/secure.gravatar.com\/avatar\/286968dbb3bb60217f1c7034fda5fe010f5c132ea9d76191d7dbe615e76f9e88?s=96&d=mm&r=g","contentUrl":"https:\/\/secure.gravatar.com\/avatar\/286968dbb3bb60217f1c7034fda5fe010f5c132ea9d76191d7dbe615e76f9e88?s=96&d=mm&r=g","caption":"Karen Ramos"},"url":"https:\/\/www.participacionciudadana.org\/web\/author\/karenliz\/"}]}},"_links":{"self":[{"href":"https:\/\/www.participacionciudadana.org\/web\/wp-json\/wp\/v2\/posts\/6314","targetHints":{"allow":["GET"]}}],"collection":[{"href":"https:\/\/www.participacionciudadana.org\/web\/wp-json\/wp\/v2\/posts"}],"about":[{"href":"https:\/\/www.participacionciudadana.org\/web\/wp-json\/wp\/v2\/types\/post"}],"author":[{"embeddable":true,"href":"https:\/\/www.participacionciudadana.org\/web\/wp-json\/wp\/v2\/users\/7"}],"replies":[{"embeddable":true,"href":"https:\/\/www.participacionciudadana.org\/web\/wp-json\/wp\/v2\/comments?post=6314"}],"version-history":[{"count":0,"href":"https:\/\/www.participacionciudadana.org\/web\/wp-json\/wp\/v2\/posts\/6314\/revisions"}],"wp:featuredmedia":[{"embeddable":true,"href":"https:\/\/www.participacionciudadana.org\/web\/wp-json\/wp\/v2\/media\/6317"}],"wp:attachment":[{"href":"https:\/\/www.participacionciudadana.org\/web\/wp-json\/wp\/v2\/media?parent=6314"}],"wp:term":[{"taxonomy":"category","embeddable":true,"href":"https:\/\/www.participacionciudadana.org\/web\/wp-json\/wp\/v2\/categories?post=6314"},{"taxonomy":"post_tag","embeddable":true,"href":"https:\/\/www.participacionciudadana.org\/web\/wp-json\/wp\/v2\/tags?post=6314"}],"curies":[{"name":"wp","href":"https:\/\/api.w.org\/{rel}","templated":true}]}}