{"id":6489,"date":"2023-11-11T13:44:53","date_gmt":"2023-11-11T18:44:53","guid":{"rendered":"https:\/\/www.participacionciudadana.org\/web\/?p=6489"},"modified":"2023-11-11T14:32:36","modified_gmt":"2023-11-11T19:32:36","slug":"datos-sobre-el-estado-de-la-democracia-en-la-region-se-presentaron-en-las-conferencias-el-publico-y-la-democracia-en-las-americas","status":"publish","type":"post","link":"https:\/\/www.participacionciudadana.org\/web\/2023\/11\/11\/datos-sobre-el-estado-de-la-democracia-en-la-region-se-presentaron-en-las-conferencias-el-publico-y-la-democracia-en-las-americas\/","title":{"rendered":"Datos sobre el estado de la democracia en la regi\u00f3n se presentaron en las conferencias: \u201cEl P\u00fablico y la Democracia en las Am\u00e9ricas\u201d"},"content":{"rendered":"\n<p class=\"has-text-align-right\">Quito, 11 de noviembre de 2023<\/p>\n\n\n\n<p>Acad\u00e9micos de importantes universidades presentaron sus estudios e investigaciones, respecto a temas clave, como: la migraci\u00f3n, el sufragio, la seguridad, entre otros, en las conferencias, de alto nivel: &#8220;El P\u00fablico y la Democracia en las Am\u00e9ricas&#8221;. Un evento que tuvo lugar en los auditorios de la Universidad de Las Am\u00e9ricas, UDLA, y al que asistieron decenas de personas, tanto en forma presencial, como virtual.<\/p>\n\n\n\n<p>En estas jornadas, se realizaron charlas simult\u00e1neas, en donde se difundieron <strong>datos de Am\u00e9rica Latina, en torno a migraci\u00f3n, democracia, sufragio y elecciones, nuevas tendencias en la investigaci\u00f3n p\u00fablica, participaci\u00f3n ciudadana.<\/strong> Adicionalmente, se presentaron datos generales del Bar\u00f3metro de las Am\u00e9ricas, que recoge informaci\u00f3n de m\u00e1s de 20 pa\u00edses.<\/p>\n\n\n\n<p>En ese sentido, las investigaciones presentadas fueron de acad\u00e9micos y expertos de universidades de: Austria, Estados Unidos, Espa\u00f1a, Colombia, Ecuador.<\/p>\n\n\n\n<p>En el <strong>panel de migraci\u00f3n,<\/strong> los expertos abordaron sobre c\u00f3mo la inestabilidad pol\u00edtica y la violencia de g\u00e9nero impulsan el fen\u00f3meno migratorio. Destacaron, adem\u00e1s, que las remesas, no solo benefician a las familias, sino tambi\u00e9n a los Estados. Los investigadores resaltaron el papel fundamental de la democracia en abordar estos desaf\u00edos.<\/p>\n\n\n\n<p>En las charlas sobre<strong> sufragio y elecciones<\/strong>, los expertos analizaron la motivaci\u00f3n ciudadana para participar en los comicios, en los distintos pa\u00edses; as\u00ed como la implementaci\u00f3n del voto electr\u00f3nico en Paraguay y la influencia de la percepci\u00f3n democr\u00e1tica en las elecciones en Colombia. Abordaron tambi\u00e9n sobre democracia y su usabilidad.<\/p>\n\n\n\n<p>En estas jornadas, se cont\u00f3 con un espacio de an\u00e1lisis dedicado a la <strong>seguridad y democracia en Ecuador<\/strong>, con la participaci\u00f3n de los analistas Fernando Carri\u00f3n, Arturo Torres, Renato Rivera y Ruth Hidalgo. En esta mesa, se destac\u00f3 el aumento preocupante de homicidios y violencia en el pa\u00eds, derivada, en gran medida, del narcotr\u00e1fico; as\u00ed como de la necesidad de cooperaci\u00f3n p\u00fablico-privada y la cooperaci\u00f3n internacional para hacer frente al crimen organizado. Se enfatiz\u00f3 en la importancia que tiene que dar el nuevo gobierno para priorizar la seguridad en le pa\u00eds, como un desaf\u00edo crucial.<\/p>\n\n\n\n<p>Finalmente, en el panel sobre <strong>democracia<\/strong>, los acad\u00e9micos analizaron el debilitamiento democr\u00e1tico en Am\u00e9rica Latina. Se habl\u00f3 acerca de las tendencias hacia el autoritarismo frente a la democracia.<\/p>\n\n\n\n<p>En el panel sobre las <strong>nuevas tendencias en la investigaci\u00f3n de opini\u00f3n<\/strong>, se hizo referencia a que la investigaci\u00f3n en Am\u00e9rica Latina revela v\u00ednculos clave entre corrupci\u00f3n, apoyo pol\u00edtico y percepciones ciudadanas. Se habl\u00f3 tambi\u00e9n sobre la influencia de mujeres en cargos pol\u00edticos, la percepci\u00f3n y prejuicios, al respecto.<\/p>\n\n\n\n<p>Este evento que tuvo la finalidad de fomentar el conocimiento y debate sobre temas de inter\u00e9s para los ciudadanos de la regi\u00f3n, se realiz\u00f3 conjuntamente con LAPOP, el Proyecto de Opini\u00f3n P\u00fablica de Am\u00e9rica Latina; con la Vanderbilt University, la Universidad de Las Am\u00e9ricas, UDLA; y la Corporaci\u00f3n Participaci\u00f3n Ciudadana, con el apoyo de USAID.<\/p>\n\n\n\n<figure class=\"wp-block-gallery has-nested-images columns-default is-cropped wp-block-gallery-1 is-layout-flex wp-block-gallery-is-layout-flex\">\n<figure class=\"wp-block-image size-large\"><img fetchpriority=\"high\" decoding=\"async\" width=\"1024\" height=\"682\" data-id=\"6501\" src=\"https:\/\/www.participacionciudadana.org\/web\/wp-content\/uploads\/2023\/11\/1-2-1024x682.jpg\" alt=\"\" class=\"wp-image-6501\" srcset=\"https:\/\/www.participacionciudadana.org\/web\/wp-content\/uploads\/2023\/11\/1-2-1024x682.jpg 1024w, https:\/\/www.participacionciudadana.org\/web\/wp-content\/uploads\/2023\/11\/1-2-300x200.jpg 300w, https:\/\/www.participacionciudadana.org\/web\/wp-content\/uploads\/2023\/11\/1-2-768x512.jpg 768w, https:\/\/www.participacionciudadana.org\/web\/wp-content\/uploads\/2023\/11\/1-2-1200x800.jpg 1200w, https:\/\/www.participacionciudadana.org\/web\/wp-content\/uploads\/2023\/11\/1-2.jpg 1280w\" sizes=\"(max-width: 1024px) 100vw, 1024px\" \/><\/figure>\n\n\n\n<figure class=\"wp-block-image size-large\"><img decoding=\"async\" width=\"1024\" height=\"472\" data-id=\"6505\" src=\"https:\/\/www.participacionciudadana.org\/web\/wp-content\/uploads\/2023\/11\/elecciones1-2-1024x472.jpg\" alt=\"\" class=\"wp-image-6505\" srcset=\"https:\/\/www.participacionciudadana.org\/web\/wp-content\/uploads\/2023\/11\/elecciones1-2-1024x472.jpg 1024w, https:\/\/www.participacionciudadana.org\/web\/wp-content\/uploads\/2023\/11\/elecciones1-2-300x138.jpg 300w, https:\/\/www.participacionciudadana.org\/web\/wp-content\/uploads\/2023\/11\/elecciones1-2-768x354.jpg 768w, https:\/\/www.participacionciudadana.org\/web\/wp-content\/uploads\/2023\/11\/elecciones1-2-1536x708.jpg 1536w, https:\/\/www.participacionciudadana.org\/web\/wp-content\/uploads\/2023\/11\/elecciones1-2-2048x943.jpg 2048w\" sizes=\"(max-width: 1024px) 100vw, 1024px\" \/><\/figure>\n\n\n\n<figure class=\"wp-block-image size-large\"><img decoding=\"async\" width=\"1024\" height=\"682\" data-id=\"6506\" src=\"https:\/\/www.participacionciudadana.org\/web\/wp-content\/uploads\/2023\/11\/eleccionesok-1-1024x682.jpg\" alt=\"\" class=\"wp-image-6506\" srcset=\"https:\/\/www.participacionciudadana.org\/web\/wp-content\/uploads\/2023\/11\/eleccionesok-1-1024x682.jpg 1024w, https:\/\/www.participacionciudadana.org\/web\/wp-content\/uploads\/2023\/11\/eleccionesok-1-300x200.jpg 300w, https:\/\/www.participacionciudadana.org\/web\/wp-content\/uploads\/2023\/11\/eleccionesok-1-768x512.jpg 768w, https:\/\/www.participacionciudadana.org\/web\/wp-content\/uploads\/2023\/11\/eleccionesok-1-1200x800.jpg 1200w, https:\/\/www.participacionciudadana.org\/web\/wp-content\/uploads\/2023\/11\/eleccionesok-1.jpg 1280w\" sizes=\"(max-width: 1024px) 100vw, 1024px\" \/><\/figure>\n\n\n\n<figure class=\"wp-block-image size-large\"><img loading=\"lazy\" decoding=\"async\" width=\"1024\" height=\"682\" data-id=\"6507\" src=\"https:\/\/www.participacionciudadana.org\/web\/wp-content\/uploads\/2023\/11\/noam-1024x682.jpg\" alt=\"\" class=\"wp-image-6507\" srcset=\"https:\/\/www.participacionciudadana.org\/web\/wp-content\/uploads\/2023\/11\/noam-1024x682.jpg 1024w, https:\/\/www.participacionciudadana.org\/web\/wp-content\/uploads\/2023\/11\/noam-300x200.jpg 300w, https:\/\/www.participacionciudadana.org\/web\/wp-content\/uploads\/2023\/11\/noam-768x512.jpg 768w, https:\/\/www.participacionciudadana.org\/web\/wp-content\/uploads\/2023\/11\/noam-1200x800.jpg 1200w, https:\/\/www.participacionciudadana.org\/web\/wp-content\/uploads\/2023\/11\/noam.jpg 1280w\" sizes=\"(max-width: 1024px) 100vw, 1024px\" \/><\/figure>\n\n\n\n<figure class=\"wp-block-image size-large\"><img loading=\"lazy\" decoding=\"async\" width=\"1024\" height=\"457\" data-id=\"6502\" src=\"https:\/\/www.participacionciudadana.org\/web\/wp-content\/uploads\/2023\/11\/votacion1-1-1024x457.jpg\" alt=\"\" class=\"wp-image-6502\" srcset=\"https:\/\/www.participacionciudadana.org\/web\/wp-content\/uploads\/2023\/11\/votacion1-1-1024x457.jpg 1024w, https:\/\/www.participacionciudadana.org\/web\/wp-content\/uploads\/2023\/11\/votacion1-1-300x134.jpg 300w, https:\/\/www.participacionciudadana.org\/web\/wp-content\/uploads\/2023\/11\/votacion1-1-768x342.jpg 768w, https:\/\/www.participacionciudadana.org\/web\/wp-content\/uploads\/2023\/11\/votacion1-1.jpg 1218w\" sizes=\"(max-width: 1024px) 100vw, 1024px\" \/><\/figure>\n<\/figure>\n","protected":false},"excerpt":{"rendered":"<p>Quito, 11 de noviembre de 2023 Acad\u00e9micos de importantes universidades presentaron sus estudios e investigaciones, respecto a temas clave, como: la migraci\u00f3n, el sufragio, la seguridad, entre otros, en las conferencias, de alto nivel: &#8220;El P\u00fablico y la Democracia en las Am\u00e9ricas&#8221;. Un evento que tuvo lugar en los auditorios de la Universidad de Las [&hellip;]<\/p>\n","protected":false},"author":7,"featured_media":6510,"comment_status":"open","ping_status":"open","sticky":false,"template":"","format":"standard","meta":{"site-sidebar-layout":"default","site-content-layout":"","ast-site-content-layout":"default","site-content-style":"default","site-sidebar-style":"default","ast-global-header-display":"","ast-banner-title-visibility":"","ast-main-header-display":"","ast-hfb-above-header-display":"","ast-hfb-below-header-display":"","ast-hfb-mobile-header-display":"","site-post-title":"","ast-breadcrumbs-content":"","ast-featured-img":"","footer-sml-layout":"","ast-disable-related-posts":"","theme-transparent-header-meta":"","adv-header-id-meta":"","stick-header-meta":"","header-above-stick-meta":"","header-main-stick-meta":"","header-below-stick-meta":"","astra-migrate-meta-layouts":"set","ast-page-background-enabled":"default","ast-page-background-meta":{"desktop":{"background-color":"","background-image":"","background-repeat":"repeat","background-position":"center center","background-size":"auto","background-attachment":"scroll","background-type":"","background-media":"","overlay-type":"","overlay-color":"","overlay-opacity":"","overlay-gradient":""},"tablet":{"background-color":"","background-image":"","background-repeat":"repeat","background-position":"center center","background-size":"auto","background-attachment":"scroll","background-type":"","background-media":"","overlay-type":"","overlay-color":"","overlay-opacity":"","overlay-gradient":""},"mobile":{"background-color":"","background-image":"","background-repeat":"repeat","background-position":"center center","background-size":"auto","background-attachment":"scroll","background-type":"","background-media":"","overlay-type":"","overlay-color":"","overlay-opacity":"","overlay-gradient":""}},"ast-content-background-meta":{"desktop":{"background-color":"var(--ast-global-color-5)","background-image":"","background-repeat":"repeat","background-position":"center center","background-size":"auto","background-attachment":"scroll","background-type":"","background-media":"","overlay-type":"","overlay-color":"","overlay-opacity":"","overlay-gradient":""},"tablet":{"background-color":"var(--ast-global-color-5)","background-image":"","background-repeat":"repeat","background-position":"center center","background-size":"auto","background-attachment":"scroll","background-type":"","background-media":"","overlay-type":"","overlay-color":"","overlay-opacity":"","overlay-gradient":""},"mobile":{"background-color":"var(--ast-global-color-5)","background-image":"","background-repeat":"repeat","background-position":"center center","background-size":"auto","background-attachment":"scroll","background-type":"","background-media":"","overlay-type":"","overlay-color":"","overlay-opacity":"","overlay-gradient":""}},"_joinchat":[],"footnotes":""},"categories":[78],"tags":[],"class_list":["post-6489","post","type-post","status-publish","format-standard","has-post-thumbnail","hentry","category-boletines"],"yoast_head":"<!-- This site is optimized with the Yoast SEO plugin v26.5 - https:\/\/yoast.com\/wordpress\/plugins\/seo\/ -->\n<title>Datos sobre el estado de la democracia en la regi\u00f3n se presentaron en las conferencias: \u201cEl P\u00fablico y la Democracia en las Am\u00e9ricas\u201d - Participaci\u00f3n Ciudadana<\/title>\n<meta name=\"robots\" content=\"index, follow, max-snippet:-1, max-image-preview:large, max-video-preview:-1\" \/>\n<link rel=\"canonical\" href=\"https:\/\/www.participacionciudadana.org\/web\/2023\/11\/11\/datos-sobre-el-estado-de-la-democracia-en-la-region-se-presentaron-en-las-conferencias-el-publico-y-la-democracia-en-las-americas\/\" \/>\n<meta property=\"og:locale\" content=\"es_ES\" \/>\n<meta property=\"og:type\" content=\"article\" \/>\n<meta property=\"og:title\" content=\"Datos sobre el estado de la democracia en la regi\u00f3n se presentaron en las conferencias: \u201cEl P\u00fablico y la Democracia en las Am\u00e9ricas\u201d - Participaci\u00f3n Ciudadana\" \/>\n<meta property=\"og:description\" content=\"Quito, 11 de noviembre de 2023 Acad\u00e9micos de importantes universidades presentaron sus estudios e investigaciones, respecto a temas clave, como: la migraci\u00f3n, el sufragio, la seguridad, entre otros, en las conferencias, de alto nivel: &#8220;El P\u00fablico y la Democracia en las Am\u00e9ricas&#8221;. Un evento que tuvo lugar en los auditorios de la Universidad de Las [&hellip;]\" \/>\n<meta property=\"og:url\" content=\"https:\/\/www.participacionciudadana.org\/web\/2023\/11\/11\/datos-sobre-el-estado-de-la-democracia-en-la-region-se-presentaron-en-las-conferencias-el-publico-y-la-democracia-en-las-americas\/\" \/>\n<meta property=\"og:site_name\" content=\"Participaci\u00f3n Ciudadana\" \/>\n<meta property=\"article:publisher\" content=\"https:\/\/www.facebook.com\/ParticipacionPC\/\" \/>\n<meta property=\"article:published_time\" content=\"2023-11-11T18:44:53+00:00\" \/>\n<meta property=\"article:modified_time\" content=\"2023-11-11T19:32:36+00:00\" \/>\n<meta property=\"og:image\" content=\"https:\/\/www.participacionciudadana.org\/web\/wp-content\/uploads\/2023\/11\/1-2-1024x682.jpg\" \/>\n<meta name=\"author\" content=\"Karen Ramos\" \/>\n<meta name=\"twitter:card\" content=\"summary_large_image\" \/>\n<meta name=\"twitter:creator\" content=\"@ParticipacionPC\" \/>\n<meta name=\"twitter:site\" content=\"@ParticipacionPC\" \/>\n<meta name=\"twitter:label1\" content=\"Escrito por\" \/>\n\t<meta name=\"twitter:data1\" content=\"Karen Ramos\" \/>\n\t<meta name=\"twitter:label2\" content=\"Tiempo de lectura\" \/>\n\t<meta name=\"twitter:data2\" content=\"4 minutos\" \/>\n<script type=\"application\/ld+json\" class=\"yoast-schema-graph\">{\"@context\":\"https:\/\/schema.org\",\"@graph\":[{\"@type\":\"Article\",\"@id\":\"https:\/\/www.participacionciudadana.org\/web\/2023\/11\/11\/datos-sobre-el-estado-de-la-democracia-en-la-region-se-presentaron-en-las-conferencias-el-publico-y-la-democracia-en-las-americas\/#article\",\"isPartOf\":{\"@id\":\"https:\/\/www.participacionciudadana.org\/web\/2023\/11\/11\/datos-sobre-el-estado-de-la-democracia-en-la-region-se-presentaron-en-las-conferencias-el-publico-y-la-democracia-en-las-americas\/\"},\"author\":{\"name\":\"Karen Ramos\",\"@id\":\"https:\/\/www.participacionciudadana.org\/web\/#\/schema\/person\/7d1c54696e041e527f8fbfd6c9b513ae\"},\"headline\":\"Datos sobre el estado de la democracia en la regi\u00f3n se presentaron en las conferencias: \u201cEl P\u00fablico y la Democracia en las Am\u00e9ricas\u201d\",\"datePublished\":\"2023-11-11T18:44:53+00:00\",\"dateModified\":\"2023-11-11T19:32:36+00:00\",\"mainEntityOfPage\":{\"@id\":\"https:\/\/www.participacionciudadana.org\/web\/2023\/11\/11\/datos-sobre-el-estado-de-la-democracia-en-la-region-se-presentaron-en-las-conferencias-el-publico-y-la-democracia-en-las-americas\/\"},\"wordCount\":554,\"commentCount\":0,\"publisher\":{\"@id\":\"https:\/\/www.participacionciudadana.org\/web\/#organization\"},\"image\":{\"@id\":\"https:\/\/www.participacionciudadana.org\/web\/2023\/11\/11\/datos-sobre-el-estado-de-la-democracia-en-la-region-se-presentaron-en-las-conferencias-el-publico-y-la-democracia-en-las-americas\/#primaryimage\"},\"thumbnailUrl\":\"https:\/\/www.participacionciudadana.org\/web\/wp-content\/uploads\/2023\/11\/bole.jpeg\",\"articleSection\":[\"Boletines\"],\"inLanguage\":\"es\",\"potentialAction\":[{\"@type\":\"CommentAction\",\"name\":\"Comment\",\"target\":[\"https:\/\/www.participacionciudadana.org\/web\/2023\/11\/11\/datos-sobre-el-estado-de-la-democracia-en-la-region-se-presentaron-en-las-conferencias-el-publico-y-la-democracia-en-las-americas\/#respond\"]}]},{\"@type\":\"WebPage\",\"@id\":\"https:\/\/www.participacionciudadana.org\/web\/2023\/11\/11\/datos-sobre-el-estado-de-la-democracia-en-la-region-se-presentaron-en-las-conferencias-el-publico-y-la-democracia-en-las-americas\/\",\"url\":\"https:\/\/www.participacionciudadana.org\/web\/2023\/11\/11\/datos-sobre-el-estado-de-la-democracia-en-la-region-se-presentaron-en-las-conferencias-el-publico-y-la-democracia-en-las-americas\/\",\"name\":\"Datos sobre el estado de la democracia en la regi\u00f3n se presentaron en las conferencias: \u201cEl P\u00fablico y la Democracia en las Am\u00e9ricas\u201d - Participaci\u00f3n Ciudadana\",\"isPartOf\":{\"@id\":\"https:\/\/www.participacionciudadana.org\/web\/#website\"},\"primaryImageOfPage\":{\"@id\":\"https:\/\/www.participacionciudadana.org\/web\/2023\/11\/11\/datos-sobre-el-estado-de-la-democracia-en-la-region-se-presentaron-en-las-conferencias-el-publico-y-la-democracia-en-las-americas\/#primaryimage\"},\"image\":{\"@id\":\"https:\/\/www.participacionciudadana.org\/web\/2023\/11\/11\/datos-sobre-el-estado-de-la-democracia-en-la-region-se-presentaron-en-las-conferencias-el-publico-y-la-democracia-en-las-americas\/#primaryimage\"},\"thumbnailUrl\":\"https:\/\/www.participacionciudadana.org\/web\/wp-content\/uploads\/2023\/11\/bole.jpeg\",\"datePublished\":\"2023-11-11T18:44:53+00:00\",\"dateModified\":\"2023-11-11T19:32:36+00:00\",\"breadcrumb\":{\"@id\":\"https:\/\/www.participacionciudadana.org\/web\/2023\/11\/11\/datos-sobre-el-estado-de-la-democracia-en-la-region-se-presentaron-en-las-conferencias-el-publico-y-la-democracia-en-las-americas\/#breadcrumb\"},\"inLanguage\":\"es\",\"potentialAction\":[{\"@type\":\"ReadAction\",\"target\":[\"https:\/\/www.participacionciudadana.org\/web\/2023\/11\/11\/datos-sobre-el-estado-de-la-democracia-en-la-region-se-presentaron-en-las-conferencias-el-publico-y-la-democracia-en-las-americas\/\"]}]},{\"@type\":\"ImageObject\",\"inLanguage\":\"es\",\"@id\":\"https:\/\/www.participacionciudadana.org\/web\/2023\/11\/11\/datos-sobre-el-estado-de-la-democracia-en-la-region-se-presentaron-en-las-conferencias-el-publico-y-la-democracia-en-las-americas\/#primaryimage\",\"url\":\"https:\/\/www.participacionciudadana.org\/web\/wp-content\/uploads\/2023\/11\/bole.jpeg\",\"contentUrl\":\"https:\/\/www.participacionciudadana.org\/web\/wp-content\/uploads\/2023\/11\/bole.jpeg\",\"width\":1000,\"height\":1000},{\"@type\":\"BreadcrumbList\",\"@id\":\"https:\/\/www.participacionciudadana.org\/web\/2023\/11\/11\/datos-sobre-el-estado-de-la-democracia-en-la-region-se-presentaron-en-las-conferencias-el-publico-y-la-democracia-en-las-americas\/#breadcrumb\",\"itemListElement\":[{\"@type\":\"ListItem\",\"position\":1,\"name\":\"Portada\",\"item\":\"https:\/\/www.participacionciudadana.org\/web\/\"},{\"@type\":\"ListItem\",\"position\":2,\"name\":\"Datos sobre el estado de la democracia en la regi\u00f3n se presentaron en las conferencias: \u201cEl P\u00fablico y la Democracia en las Am\u00e9ricas\u201d\"}]},{\"@type\":\"WebSite\",\"@id\":\"https:\/\/www.participacionciudadana.org\/web\/#website\",\"url\":\"https:\/\/www.participacionciudadana.org\/web\/\",\"name\":\"Participaci\u00f3n Ciudadana\",\"description\":\"Comprometidos con la democracia\",\"publisher\":{\"@id\":\"https:\/\/www.participacionciudadana.org\/web\/#organization\"},\"potentialAction\":[{\"@type\":\"SearchAction\",\"target\":{\"@type\":\"EntryPoint\",\"urlTemplate\":\"https:\/\/www.participacionciudadana.org\/web\/?s={search_term_string}\"},\"query-input\":{\"@type\":\"PropertyValueSpecification\",\"valueRequired\":true,\"valueName\":\"search_term_string\"}}],\"inLanguage\":\"es\"},{\"@type\":\"Organization\",\"@id\":\"https:\/\/www.participacionciudadana.org\/web\/#organization\",\"name\":\"Participaci\u00f3n Ciudadana\",\"url\":\"https:\/\/www.participacionciudadana.org\/web\/\",\"logo\":{\"@type\":\"ImageObject\",\"inLanguage\":\"es\",\"@id\":\"https:\/\/www.participacionciudadana.org\/web\/#\/schema\/logo\/image\/\",\"url\":\"https:\/\/www.participacionciudadana.org\/web\/wp-content\/uploads\/2021\/11\/cropped-logo_pc-1.png\",\"contentUrl\":\"https:\/\/www.participacionciudadana.org\/web\/wp-content\/uploads\/2021\/11\/cropped-logo_pc-1.png\",\"width\":340,\"height\":114,\"caption\":\"Participaci\u00f3n Ciudadana\"},\"image\":{\"@id\":\"https:\/\/www.participacionciudadana.org\/web\/#\/schema\/logo\/image\/\"},\"sameAs\":[\"https:\/\/www.facebook.com\/ParticipacionPC\/\",\"https:\/\/x.com\/ParticipacionPC\"]},{\"@type\":\"Person\",\"@id\":\"https:\/\/www.participacionciudadana.org\/web\/#\/schema\/person\/7d1c54696e041e527f8fbfd6c9b513ae\",\"name\":\"Karen Ramos\",\"image\":{\"@type\":\"ImageObject\",\"inLanguage\":\"es\",\"@id\":\"https:\/\/www.participacionciudadana.org\/web\/#\/schema\/person\/image\/\",\"url\":\"https:\/\/secure.gravatar.com\/avatar\/286968dbb3bb60217f1c7034fda5fe010f5c132ea9d76191d7dbe615e76f9e88?s=96&d=mm&r=g\",\"contentUrl\":\"https:\/\/secure.gravatar.com\/avatar\/286968dbb3bb60217f1c7034fda5fe010f5c132ea9d76191d7dbe615e76f9e88?s=96&d=mm&r=g\",\"caption\":\"Karen Ramos\"},\"url\":\"https:\/\/www.participacionciudadana.org\/web\/author\/karenliz\/\"}]}<\/script>\n<!-- \/ Yoast SEO plugin. -->","yoast_head_json":{"title":"Datos sobre el estado de la democracia en la regi\u00f3n se presentaron en las conferencias: \u201cEl P\u00fablico y la Democracia en las Am\u00e9ricas\u201d - Participaci\u00f3n Ciudadana","robots":{"index":"index","follow":"follow","max-snippet":"max-snippet:-1","max-image-preview":"max-image-preview:large","max-video-preview":"max-video-preview:-1"},"canonical":"https:\/\/www.participacionciudadana.org\/web\/2023\/11\/11\/datos-sobre-el-estado-de-la-democracia-en-la-region-se-presentaron-en-las-conferencias-el-publico-y-la-democracia-en-las-americas\/","og_locale":"es_ES","og_type":"article","og_title":"Datos sobre el estado de la democracia en la regi\u00f3n se presentaron en las conferencias: \u201cEl P\u00fablico y la Democracia en las Am\u00e9ricas\u201d - Participaci\u00f3n Ciudadana","og_description":"Quito, 11 de noviembre de 2023 Acad\u00e9micos de importantes universidades presentaron sus estudios e investigaciones, respecto a temas clave, como: la migraci\u00f3n, el sufragio, la seguridad, entre otros, en las conferencias, de alto nivel: &#8220;El P\u00fablico y la Democracia en las Am\u00e9ricas&#8221;. Un evento que tuvo lugar en los auditorios de la Universidad de Las [&hellip;]","og_url":"https:\/\/www.participacionciudadana.org\/web\/2023\/11\/11\/datos-sobre-el-estado-de-la-democracia-en-la-region-se-presentaron-en-las-conferencias-el-publico-y-la-democracia-en-las-americas\/","og_site_name":"Participaci\u00f3n Ciudadana","article_publisher":"https:\/\/www.facebook.com\/ParticipacionPC\/","article_published_time":"2023-11-11T18:44:53+00:00","article_modified_time":"2023-11-11T19:32:36+00:00","og_image":[{"url":"https:\/\/www.participacionciudadana.org\/web\/wp-content\/uploads\/2023\/11\/1-2-1024x682.jpg","type":"","width":"","height":""}],"author":"Karen Ramos","twitter_card":"summary_large_image","twitter_creator":"@ParticipacionPC","twitter_site":"@ParticipacionPC","twitter_misc":{"Escrito por":"Karen Ramos","Tiempo de lectura":"4 minutos"},"schema":{"@context":"https:\/\/schema.org","@graph":[{"@type":"Article","@id":"https:\/\/www.participacionciudadana.org\/web\/2023\/11\/11\/datos-sobre-el-estado-de-la-democracia-en-la-region-se-presentaron-en-las-conferencias-el-publico-y-la-democracia-en-las-americas\/#article","isPartOf":{"@id":"https:\/\/www.participacionciudadana.org\/web\/2023\/11\/11\/datos-sobre-el-estado-de-la-democracia-en-la-region-se-presentaron-en-las-conferencias-el-publico-y-la-democracia-en-las-americas\/"},"author":{"name":"Karen Ramos","@id":"https:\/\/www.participacionciudadana.org\/web\/#\/schema\/person\/7d1c54696e041e527f8fbfd6c9b513ae"},"headline":"Datos sobre el estado de la democracia en la regi\u00f3n se presentaron en las conferencias: \u201cEl P\u00fablico y la Democracia en las Am\u00e9ricas\u201d","datePublished":"2023-11-11T18:44:53+00:00","dateModified":"2023-11-11T19:32:36+00:00","mainEntityOfPage":{"@id":"https:\/\/www.participacionciudadana.org\/web\/2023\/11\/11\/datos-sobre-el-estado-de-la-democracia-en-la-region-se-presentaron-en-las-conferencias-el-publico-y-la-democracia-en-las-americas\/"},"wordCount":554,"commentCount":0,"publisher":{"@id":"https:\/\/www.participacionciudadana.org\/web\/#organization"},"image":{"@id":"https:\/\/www.participacionciudadana.org\/web\/2023\/11\/11\/datos-sobre-el-estado-de-la-democracia-en-la-region-se-presentaron-en-las-conferencias-el-publico-y-la-democracia-en-las-americas\/#primaryimage"},"thumbnailUrl":"https:\/\/www.participacionciudadana.org\/web\/wp-content\/uploads\/2023\/11\/bole.jpeg","articleSection":["Boletines"],"inLanguage":"es","potentialAction":[{"@type":"CommentAction","name":"Comment","target":["https:\/\/www.participacionciudadana.org\/web\/2023\/11\/11\/datos-sobre-el-estado-de-la-democracia-en-la-region-se-presentaron-en-las-conferencias-el-publico-y-la-democracia-en-las-americas\/#respond"]}]},{"@type":"WebPage","@id":"https:\/\/www.participacionciudadana.org\/web\/2023\/11\/11\/datos-sobre-el-estado-de-la-democracia-en-la-region-se-presentaron-en-las-conferencias-el-publico-y-la-democracia-en-las-americas\/","url":"https:\/\/www.participacionciudadana.org\/web\/2023\/11\/11\/datos-sobre-el-estado-de-la-democracia-en-la-region-se-presentaron-en-las-conferencias-el-publico-y-la-democracia-en-las-americas\/","name":"Datos sobre el estado de la democracia en la regi\u00f3n se presentaron en las conferencias: \u201cEl P\u00fablico y la Democracia en las Am\u00e9ricas\u201d - Participaci\u00f3n Ciudadana","isPartOf":{"@id":"https:\/\/www.participacionciudadana.org\/web\/#website"},"primaryImageOfPage":{"@id":"https:\/\/www.participacionciudadana.org\/web\/2023\/11\/11\/datos-sobre-el-estado-de-la-democracia-en-la-region-se-presentaron-en-las-conferencias-el-publico-y-la-democracia-en-las-americas\/#primaryimage"},"image":{"@id":"https:\/\/www.participacionciudadana.org\/web\/2023\/11\/11\/datos-sobre-el-estado-de-la-democracia-en-la-region-se-presentaron-en-las-conferencias-el-publico-y-la-democracia-en-las-americas\/#primaryimage"},"thumbnailUrl":"https:\/\/www.participacionciudadana.org\/web\/wp-content\/uploads\/2023\/11\/bole.jpeg","datePublished":"2023-11-11T18:44:53+00:00","dateModified":"2023-11-11T19:32:36+00:00","breadcrumb":{"@id":"https:\/\/www.participacionciudadana.org\/web\/2023\/11\/11\/datos-sobre-el-estado-de-la-democracia-en-la-region-se-presentaron-en-las-conferencias-el-publico-y-la-democracia-en-las-americas\/#breadcrumb"},"inLanguage":"es","potentialAction":[{"@type":"ReadAction","target":["https:\/\/www.participacionciudadana.org\/web\/2023\/11\/11\/datos-sobre-el-estado-de-la-democracia-en-la-region-se-presentaron-en-las-conferencias-el-publico-y-la-democracia-en-las-americas\/"]}]},{"@type":"ImageObject","inLanguage":"es","@id":"https:\/\/www.participacionciudadana.org\/web\/2023\/11\/11\/datos-sobre-el-estado-de-la-democracia-en-la-region-se-presentaron-en-las-conferencias-el-publico-y-la-democracia-en-las-americas\/#primaryimage","url":"https:\/\/www.participacionciudadana.org\/web\/wp-content\/uploads\/2023\/11\/bole.jpeg","contentUrl":"https:\/\/www.participacionciudadana.org\/web\/wp-content\/uploads\/2023\/11\/bole.jpeg","width":1000,"height":1000},{"@type":"BreadcrumbList","@id":"https:\/\/www.participacionciudadana.org\/web\/2023\/11\/11\/datos-sobre-el-estado-de-la-democracia-en-la-region-se-presentaron-en-las-conferencias-el-publico-y-la-democracia-en-las-americas\/#breadcrumb","itemListElement":[{"@type":"ListItem","position":1,"name":"Portada","item":"https:\/\/www.participacionciudadana.org\/web\/"},{"@type":"ListItem","position":2,"name":"Datos sobre el estado de la democracia en la regi\u00f3n se presentaron en las conferencias: \u201cEl P\u00fablico y la Democracia en las Am\u00e9ricas\u201d"}]},{"@type":"WebSite","@id":"https:\/\/www.participacionciudadana.org\/web\/#website","url":"https:\/\/www.participacionciudadana.org\/web\/","name":"Participaci\u00f3n Ciudadana","description":"Comprometidos con la democracia","publisher":{"@id":"https:\/\/www.participacionciudadana.org\/web\/#organization"},"potentialAction":[{"@type":"SearchAction","target":{"@type":"EntryPoint","urlTemplate":"https:\/\/www.participacionciudadana.org\/web\/?s={search_term_string}"},"query-input":{"@type":"PropertyValueSpecification","valueRequired":true,"valueName":"search_term_string"}}],"inLanguage":"es"},{"@type":"Organization","@id":"https:\/\/www.participacionciudadana.org\/web\/#organization","name":"Participaci\u00f3n Ciudadana","url":"https:\/\/www.participacionciudadana.org\/web\/","logo":{"@type":"ImageObject","inLanguage":"es","@id":"https:\/\/www.participacionciudadana.org\/web\/#\/schema\/logo\/image\/","url":"https:\/\/www.participacionciudadana.org\/web\/wp-content\/uploads\/2021\/11\/cropped-logo_pc-1.png","contentUrl":"https:\/\/www.participacionciudadana.org\/web\/wp-content\/uploads\/2021\/11\/cropped-logo_pc-1.png","width":340,"height":114,"caption":"Participaci\u00f3n Ciudadana"},"image":{"@id":"https:\/\/www.participacionciudadana.org\/web\/#\/schema\/logo\/image\/"},"sameAs":["https:\/\/www.facebook.com\/ParticipacionPC\/","https:\/\/x.com\/ParticipacionPC"]},{"@type":"Person","@id":"https:\/\/www.participacionciudadana.org\/web\/#\/schema\/person\/7d1c54696e041e527f8fbfd6c9b513ae","name":"Karen Ramos","image":{"@type":"ImageObject","inLanguage":"es","@id":"https:\/\/www.participacionciudadana.org\/web\/#\/schema\/person\/image\/","url":"https:\/\/secure.gravatar.com\/avatar\/286968dbb3bb60217f1c7034fda5fe010f5c132ea9d76191d7dbe615e76f9e88?s=96&d=mm&r=g","contentUrl":"https:\/\/secure.gravatar.com\/avatar\/286968dbb3bb60217f1c7034fda5fe010f5c132ea9d76191d7dbe615e76f9e88?s=96&d=mm&r=g","caption":"Karen Ramos"},"url":"https:\/\/www.participacionciudadana.org\/web\/author\/karenliz\/"}]}},"_links":{"self":[{"href":"https:\/\/www.participacionciudadana.org\/web\/wp-json\/wp\/v2\/posts\/6489","targetHints":{"allow":["GET"]}}],"collection":[{"href":"https:\/\/www.participacionciudadana.org\/web\/wp-json\/wp\/v2\/posts"}],"about":[{"href":"https:\/\/www.participacionciudadana.org\/web\/wp-json\/wp\/v2\/types\/post"}],"author":[{"embeddable":true,"href":"https:\/\/www.participacionciudadana.org\/web\/wp-json\/wp\/v2\/users\/7"}],"replies":[{"embeddable":true,"href":"https:\/\/www.participacionciudadana.org\/web\/wp-json\/wp\/v2\/comments?post=6489"}],"version-history":[{"count":0,"href":"https:\/\/www.participacionciudadana.org\/web\/wp-json\/wp\/v2\/posts\/6489\/revisions"}],"wp:featuredmedia":[{"embeddable":true,"href":"https:\/\/www.participacionciudadana.org\/web\/wp-json\/wp\/v2\/media\/6510"}],"wp:attachment":[{"href":"https:\/\/www.participacionciudadana.org\/web\/wp-json\/wp\/v2\/media?parent=6489"}],"wp:term":[{"taxonomy":"category","embeddable":true,"href":"https:\/\/www.participacionciudadana.org\/web\/wp-json\/wp\/v2\/categories?post=6489"},{"taxonomy":"post_tag","embeddable":true,"href":"https:\/\/www.participacionciudadana.org\/web\/wp-json\/wp\/v2\/tags?post=6489"}],"curies":[{"name":"wp","href":"https:\/\/api.w.org\/{rel}","templated":true}]}}