{"id":6671,"date":"2023-12-20T11:52:18","date_gmt":"2023-12-20T16:52:18","guid":{"rendered":"https:\/\/www.participacionciudadana.org\/web\/?p=6671"},"modified":"2024-02-07T12:08:59","modified_gmt":"2024-02-07T17:08:59","slug":"participacion-ciudadana-frente-a-la-crisis-de-la-justicia","status":"publish","type":"post","link":"https:\/\/www.participacionciudadana.org\/web\/2023\/12\/20\/participacion-ciudadana-frente-a-la-crisis-de-la-justicia\/","title":{"rendered":"Participaci\u00f3n Ciudadana frente a la crisis de la justicia"},"content":{"rendered":"\n<p class=\"has-text-align-right\">Quito, 20 de diciembre de 2023<\/p>\n\n\n\n<p>Las revelaciones que la Fiscal\u00eda General del Estado ha puesto en conocimiento p\u00fablico, producto de su trabajo investigativo, ha dejado ver la lamentable situaci\u00f3n de <strong>contaminaci\u00f3n del sistema judicial<\/strong>, por actos de corrupci\u00f3n.<\/p>\n\n\n\n<p>Por lo tanto, Participaci\u00f3n Ciudadana expresa su <strong>preocupaci\u00f3n y hace un llamado a que las investigaciones contin\u00faen, de forma firme, independiente, transparente y con garant\u00eda del debido proceso a los involucrados.<\/strong> El aparente involucramiento, no solamente de jueces; sino tambi\u00e9n de fiscales, polic\u00edas y otros implicados de instituciones p\u00fablicas y privadas, es un ejemplo claro del alcance que pueden llegar a tener los tent\u00e1culos de las mafias, al interior del Estado, que, con acciones al margen de la Ley, contribuyen al debilitamiento del Estado de derecho.<\/p>\n\n\n\n<p>Consideramos, que el <strong>Ecuador merece un ba\u00f1o de verdad<\/strong>, y que la investigaci\u00f3n del \u201cCaso Met\u00e1stasis\u201d debe lograr identificar a todos los autores intelectuales y materiales, de esta compleja red de corrupci\u00f3n, vengan de donde vengan. En este contexto, es imperioso que, una vez identificados, estos sean encausados y sean sancionados de forma ejemplar, como \u00fanica forma legal y v\u00e1lida, para extirpar, de ra\u00edz, al c\u00e1ncer de la corrupci\u00f3n, que ha da\u00f1ado la institucionalidad ecuatoriana.<\/p>\n\n\n\n<p>De igual manera, como ciudadanos que trabajamos, permanentemente, por el fortalecimiento de la democracia, pedimos a todos los poderes del Estado, al Gobierno Central, la Asamblea Nacional, Funci\u00f3n Judicial y Quinto Poder, aunar esfuerzos y apoyar decididamente las investigaciones, sin escatimar ning\u00fan recurso.<\/p>\n\n\n\n<p>Al mismo tiempo, convocamos a los ciudadanos y sociedad civil, a estar atentos al desarrollo de los hechos, respaldar las investigaciones, y demandar procedimientos transparentes para conocer la verdad.<\/p>\n\n\n\n<p><strong>La lucha, en contra de la corrupci\u00f3n, debe ser una causa nacional; y para ello, es preciso estar unidos.<\/strong><\/p>\n\n\n\n<p>Corporaci\u00f3n Participaci\u00f3n Ciudadana es una organizaci\u00f3n no gubernamental ecuatoriana sin fines de lucro, no partidista y pluralista, comprometida con el fortalecimiento de la institucionalidad democr\u00e1tica, la transparencia y la participaci\u00f3n ciudadana.<\/p>\n","protected":false},"excerpt":{"rendered":"<p>Quito, 20 de diciembre de 2023 Las revelaciones que la Fiscal\u00eda General del Estado ha puesto en conocimiento p\u00fablico, producto de su trabajo investigativo, ha dejado ver la lamentable situaci\u00f3n de contaminaci\u00f3n del sistema judicial, por actos de corrupci\u00f3n. Por lo tanto, Participaci\u00f3n Ciudadana expresa su preocupaci\u00f3n y hace un llamado a que las investigaciones [&hellip;]<\/p>\n","protected":false},"author":7,"featured_media":6673,"comment_status":"open","ping_status":"open","sticky":false,"template":"","format":"standard","meta":{"site-sidebar-layout":"default","site-content-layout":"","ast-site-content-layout":"default","site-content-style":"default","site-sidebar-style":"default","ast-global-header-display":"","ast-banner-title-visibility":"","ast-main-header-display":"","ast-hfb-above-header-display":"","ast-hfb-below-header-display":"","ast-hfb-mobile-header-display":"","site-post-title":"","ast-breadcrumbs-content":"","ast-featured-img":"","footer-sml-layout":"","ast-disable-related-posts":"","theme-transparent-header-meta":"","adv-header-id-meta":"","stick-header-meta":"","header-above-stick-meta":"","header-main-stick-meta":"","header-below-stick-meta":"","astra-migrate-meta-layouts":"set","ast-page-background-enabled":"default","ast-page-background-meta":{"desktop":{"background-color":"","background-image":"","background-repeat":"repeat","background-position":"center center","background-size":"auto","background-attachment":"scroll","background-type":"","background-media":"","overlay-type":"","overlay-color":"","overlay-opacity":"","overlay-gradient":""},"tablet":{"background-color":"","background-image":"","background-repeat":"repeat","background-position":"center center","background-size":"auto","background-attachment":"scroll","background-type":"","background-media":"","overlay-type":"","overlay-color":"","overlay-opacity":"","overlay-gradient":""},"mobile":{"background-color":"","background-image":"","background-repeat":"repeat","background-position":"center center","background-size":"auto","background-attachment":"scroll","background-type":"","background-media":"","overlay-type":"","overlay-color":"","overlay-opacity":"","overlay-gradient":""}},"ast-content-background-meta":{"desktop":{"background-color":"var(--ast-global-color-5)","background-image":"","background-repeat":"repeat","background-position":"center center","background-size":"auto","background-attachment":"scroll","background-type":"","background-media":"","overlay-type":"","overlay-color":"","overlay-opacity":"","overlay-gradient":""},"tablet":{"background-color":"var(--ast-global-color-5)","background-image":"","background-repeat":"repeat","background-position":"center center","background-size":"auto","background-attachment":"scroll","background-type":"","background-media":"","overlay-type":"","overlay-color":"","overlay-opacity":"","overlay-gradient":""},"mobile":{"background-color":"var(--ast-global-color-5)","background-image":"","background-repeat":"repeat","background-position":"center center","background-size":"auto","background-attachment":"scroll","background-type":"","background-media":"","overlay-type":"","overlay-color":"","overlay-opacity":"","overlay-gradient":""}},"_joinchat":[],"footnotes":""},"categories":[23,77],"tags":[],"class_list":["post-6671","post","type-post","status-publish","format-standard","has-post-thumbnail","hentry","category-comunicacion","category-comunicados"],"yoast_head":"<!-- This site is optimized with the Yoast SEO plugin v26.5 - https:\/\/yoast.com\/wordpress\/plugins\/seo\/ -->\n<title>Participaci\u00f3n Ciudadana frente a la crisis de la justicia - Participaci\u00f3n Ciudadana<\/title>\n<meta name=\"robots\" content=\"index, follow, max-snippet:-1, max-image-preview:large, max-video-preview:-1\" \/>\n<link rel=\"canonical\" href=\"https:\/\/www.participacionciudadana.org\/web\/2023\/12\/20\/participacion-ciudadana-frente-a-la-crisis-de-la-justicia\/\" \/>\n<meta property=\"og:locale\" content=\"es_ES\" \/>\n<meta property=\"og:type\" content=\"article\" \/>\n<meta property=\"og:title\" content=\"Participaci\u00f3n Ciudadana frente a la crisis de la justicia - Participaci\u00f3n Ciudadana\" \/>\n<meta property=\"og:description\" content=\"Quito, 20 de diciembre de 2023 Las revelaciones que la Fiscal\u00eda General del Estado ha puesto en conocimiento p\u00fablico, producto de su trabajo investigativo, ha dejado ver la lamentable situaci\u00f3n de contaminaci\u00f3n del sistema judicial, por actos de corrupci\u00f3n. Por lo tanto, Participaci\u00f3n Ciudadana expresa su preocupaci\u00f3n y hace un llamado a que las investigaciones [&hellip;]\" \/>\n<meta property=\"og:url\" content=\"https:\/\/www.participacionciudadana.org\/web\/2023\/12\/20\/participacion-ciudadana-frente-a-la-crisis-de-la-justicia\/\" \/>\n<meta property=\"og:site_name\" content=\"Participaci\u00f3n Ciudadana\" \/>\n<meta property=\"article:publisher\" content=\"https:\/\/www.facebook.com\/ParticipacionPC\/\" \/>\n<meta property=\"article:published_time\" content=\"2023-12-20T16:52:18+00:00\" \/>\n<meta property=\"article:modified_time\" content=\"2024-02-07T17:08:59+00:00\" \/>\n<meta property=\"og:image\" content=\"https:\/\/www.participacionciudadana.org\/web\/wp-content\/uploads\/2023\/12\/crisis-justicia.jpeg\" \/>\n\t<meta property=\"og:image:width\" content=\"1000\" \/>\n\t<meta property=\"og:image:height\" content=\"1223\" \/>\n\t<meta property=\"og:image:type\" content=\"image\/jpeg\" \/>\n<meta name=\"author\" content=\"Karen Ramos\" \/>\n<meta name=\"twitter:card\" content=\"summary_large_image\" \/>\n<meta name=\"twitter:creator\" content=\"@ParticipacionPC\" \/>\n<meta name=\"twitter:site\" content=\"@ParticipacionPC\" \/>\n<meta name=\"twitter:label1\" content=\"Escrito por\" \/>\n\t<meta name=\"twitter:data1\" content=\"Karen Ramos\" \/>\n\t<meta name=\"twitter:label2\" content=\"Tiempo de lectura\" \/>\n\t<meta name=\"twitter:data2\" content=\"2 minutos\" \/>\n<script type=\"application\/ld+json\" class=\"yoast-schema-graph\">{\"@context\":\"https:\/\/schema.org\",\"@graph\":[{\"@type\":\"Article\",\"@id\":\"https:\/\/www.participacionciudadana.org\/web\/2023\/12\/20\/participacion-ciudadana-frente-a-la-crisis-de-la-justicia\/#article\",\"isPartOf\":{\"@id\":\"https:\/\/www.participacionciudadana.org\/web\/2023\/12\/20\/participacion-ciudadana-frente-a-la-crisis-de-la-justicia\/\"},\"author\":{\"name\":\"Karen Ramos\",\"@id\":\"https:\/\/www.participacionciudadana.org\/web\/#\/schema\/person\/7d1c54696e041e527f8fbfd6c9b513ae\"},\"headline\":\"Participaci\u00f3n Ciudadana frente a la crisis de la justicia\",\"datePublished\":\"2023-12-20T16:52:18+00:00\",\"dateModified\":\"2024-02-07T17:08:59+00:00\",\"mainEntityOfPage\":{\"@id\":\"https:\/\/www.participacionciudadana.org\/web\/2023\/12\/20\/participacion-ciudadana-frente-a-la-crisis-de-la-justicia\/\"},\"wordCount\":360,\"commentCount\":0,\"publisher\":{\"@id\":\"https:\/\/www.participacionciudadana.org\/web\/#organization\"},\"image\":{\"@id\":\"https:\/\/www.participacionciudadana.org\/web\/2023\/12\/20\/participacion-ciudadana-frente-a-la-crisis-de-la-justicia\/#primaryimage\"},\"thumbnailUrl\":\"https:\/\/www.participacionciudadana.org\/web\/wp-content\/uploads\/2023\/12\/crisis-justicia.jpeg\",\"articleSection\":[\"Comunicaci\u00f3n\",\"Comunicados\"],\"inLanguage\":\"es\",\"potentialAction\":[{\"@type\":\"CommentAction\",\"name\":\"Comment\",\"target\":[\"https:\/\/www.participacionciudadana.org\/web\/2023\/12\/20\/participacion-ciudadana-frente-a-la-crisis-de-la-justicia\/#respond\"]}]},{\"@type\":\"WebPage\",\"@id\":\"https:\/\/www.participacionciudadana.org\/web\/2023\/12\/20\/participacion-ciudadana-frente-a-la-crisis-de-la-justicia\/\",\"url\":\"https:\/\/www.participacionciudadana.org\/web\/2023\/12\/20\/participacion-ciudadana-frente-a-la-crisis-de-la-justicia\/\",\"name\":\"Participaci\u00f3n Ciudadana frente a la crisis de la justicia - Participaci\u00f3n Ciudadana\",\"isPartOf\":{\"@id\":\"https:\/\/www.participacionciudadana.org\/web\/#website\"},\"primaryImageOfPage\":{\"@id\":\"https:\/\/www.participacionciudadana.org\/web\/2023\/12\/20\/participacion-ciudadana-frente-a-la-crisis-de-la-justicia\/#primaryimage\"},\"image\":{\"@id\":\"https:\/\/www.participacionciudadana.org\/web\/2023\/12\/20\/participacion-ciudadana-frente-a-la-crisis-de-la-justicia\/#primaryimage\"},\"thumbnailUrl\":\"https:\/\/www.participacionciudadana.org\/web\/wp-content\/uploads\/2023\/12\/crisis-justicia.jpeg\",\"datePublished\":\"2023-12-20T16:52:18+00:00\",\"dateModified\":\"2024-02-07T17:08:59+00:00\",\"breadcrumb\":{\"@id\":\"https:\/\/www.participacionciudadana.org\/web\/2023\/12\/20\/participacion-ciudadana-frente-a-la-crisis-de-la-justicia\/#breadcrumb\"},\"inLanguage\":\"es\",\"potentialAction\":[{\"@type\":\"ReadAction\",\"target\":[\"https:\/\/www.participacionciudadana.org\/web\/2023\/12\/20\/participacion-ciudadana-frente-a-la-crisis-de-la-justicia\/\"]}]},{\"@type\":\"ImageObject\",\"inLanguage\":\"es\",\"@id\":\"https:\/\/www.participacionciudadana.org\/web\/2023\/12\/20\/participacion-ciudadana-frente-a-la-crisis-de-la-justicia\/#primaryimage\",\"url\":\"https:\/\/www.participacionciudadana.org\/web\/wp-content\/uploads\/2023\/12\/crisis-justicia.jpeg\",\"contentUrl\":\"https:\/\/www.participacionciudadana.org\/web\/wp-content\/uploads\/2023\/12\/crisis-justicia.jpeg\",\"width\":1000,\"height\":1223},{\"@type\":\"BreadcrumbList\",\"@id\":\"https:\/\/www.participacionciudadana.org\/web\/2023\/12\/20\/participacion-ciudadana-frente-a-la-crisis-de-la-justicia\/#breadcrumb\",\"itemListElement\":[{\"@type\":\"ListItem\",\"position\":1,\"name\":\"Portada\",\"item\":\"https:\/\/www.participacionciudadana.org\/web\/\"},{\"@type\":\"ListItem\",\"position\":2,\"name\":\"Participaci\u00f3n Ciudadana frente a la crisis de la justicia\"}]},{\"@type\":\"WebSite\",\"@id\":\"https:\/\/www.participacionciudadana.org\/web\/#website\",\"url\":\"https:\/\/www.participacionciudadana.org\/web\/\",\"name\":\"Participaci\u00f3n Ciudadana\",\"description\":\"Comprometidos con la democracia\",\"publisher\":{\"@id\":\"https:\/\/www.participacionciudadana.org\/web\/#organization\"},\"potentialAction\":[{\"@type\":\"SearchAction\",\"target\":{\"@type\":\"EntryPoint\",\"urlTemplate\":\"https:\/\/www.participacionciudadana.org\/web\/?s={search_term_string}\"},\"query-input\":{\"@type\":\"PropertyValueSpecification\",\"valueRequired\":true,\"valueName\":\"search_term_string\"}}],\"inLanguage\":\"es\"},{\"@type\":\"Organization\",\"@id\":\"https:\/\/www.participacionciudadana.org\/web\/#organization\",\"name\":\"Participaci\u00f3n Ciudadana\",\"url\":\"https:\/\/www.participacionciudadana.org\/web\/\",\"logo\":{\"@type\":\"ImageObject\",\"inLanguage\":\"es\",\"@id\":\"https:\/\/www.participacionciudadana.org\/web\/#\/schema\/logo\/image\/\",\"url\":\"https:\/\/www.participacionciudadana.org\/web\/wp-content\/uploads\/2021\/11\/cropped-logo_pc-1.png\",\"contentUrl\":\"https:\/\/www.participacionciudadana.org\/web\/wp-content\/uploads\/2021\/11\/cropped-logo_pc-1.png\",\"width\":340,\"height\":114,\"caption\":\"Participaci\u00f3n Ciudadana\"},\"image\":{\"@id\":\"https:\/\/www.participacionciudadana.org\/web\/#\/schema\/logo\/image\/\"},\"sameAs\":[\"https:\/\/www.facebook.com\/ParticipacionPC\/\",\"https:\/\/x.com\/ParticipacionPC\"]},{\"@type\":\"Person\",\"@id\":\"https:\/\/www.participacionciudadana.org\/web\/#\/schema\/person\/7d1c54696e041e527f8fbfd6c9b513ae\",\"name\":\"Karen Ramos\",\"image\":{\"@type\":\"ImageObject\",\"inLanguage\":\"es\",\"@id\":\"https:\/\/www.participacionciudadana.org\/web\/#\/schema\/person\/image\/\",\"url\":\"https:\/\/secure.gravatar.com\/avatar\/286968dbb3bb60217f1c7034fda5fe010f5c132ea9d76191d7dbe615e76f9e88?s=96&d=mm&r=g\",\"contentUrl\":\"https:\/\/secure.gravatar.com\/avatar\/286968dbb3bb60217f1c7034fda5fe010f5c132ea9d76191d7dbe615e76f9e88?s=96&d=mm&r=g\",\"caption\":\"Karen Ramos\"},\"url\":\"https:\/\/www.participacionciudadana.org\/web\/author\/karenliz\/\"}]}<\/script>\n<!-- \/ Yoast SEO plugin. -->","yoast_head_json":{"title":"Participaci\u00f3n Ciudadana frente a la crisis de la justicia - Participaci\u00f3n Ciudadana","robots":{"index":"index","follow":"follow","max-snippet":"max-snippet:-1","max-image-preview":"max-image-preview:large","max-video-preview":"max-video-preview:-1"},"canonical":"https:\/\/www.participacionciudadana.org\/web\/2023\/12\/20\/participacion-ciudadana-frente-a-la-crisis-de-la-justicia\/","og_locale":"es_ES","og_type":"article","og_title":"Participaci\u00f3n Ciudadana frente a la crisis de la justicia - Participaci\u00f3n Ciudadana","og_description":"Quito, 20 de diciembre de 2023 Las revelaciones que la Fiscal\u00eda General del Estado ha puesto en conocimiento p\u00fablico, producto de su trabajo investigativo, ha dejado ver la lamentable situaci\u00f3n de contaminaci\u00f3n del sistema judicial, por actos de corrupci\u00f3n. Por lo tanto, Participaci\u00f3n Ciudadana expresa su preocupaci\u00f3n y hace un llamado a que las investigaciones [&hellip;]","og_url":"https:\/\/www.participacionciudadana.org\/web\/2023\/12\/20\/participacion-ciudadana-frente-a-la-crisis-de-la-justicia\/","og_site_name":"Participaci\u00f3n Ciudadana","article_publisher":"https:\/\/www.facebook.com\/ParticipacionPC\/","article_published_time":"2023-12-20T16:52:18+00:00","article_modified_time":"2024-02-07T17:08:59+00:00","og_image":[{"width":1000,"height":1223,"url":"https:\/\/www.participacionciudadana.org\/web\/wp-content\/uploads\/2023\/12\/crisis-justicia.jpeg","type":"image\/jpeg"}],"author":"Karen Ramos","twitter_card":"summary_large_image","twitter_creator":"@ParticipacionPC","twitter_site":"@ParticipacionPC","twitter_misc":{"Escrito por":"Karen Ramos","Tiempo de lectura":"2 minutos"},"schema":{"@context":"https:\/\/schema.org","@graph":[{"@type":"Article","@id":"https:\/\/www.participacionciudadana.org\/web\/2023\/12\/20\/participacion-ciudadana-frente-a-la-crisis-de-la-justicia\/#article","isPartOf":{"@id":"https:\/\/www.participacionciudadana.org\/web\/2023\/12\/20\/participacion-ciudadana-frente-a-la-crisis-de-la-justicia\/"},"author":{"name":"Karen Ramos","@id":"https:\/\/www.participacionciudadana.org\/web\/#\/schema\/person\/7d1c54696e041e527f8fbfd6c9b513ae"},"headline":"Participaci\u00f3n Ciudadana frente a la crisis de la justicia","datePublished":"2023-12-20T16:52:18+00:00","dateModified":"2024-02-07T17:08:59+00:00","mainEntityOfPage":{"@id":"https:\/\/www.participacionciudadana.org\/web\/2023\/12\/20\/participacion-ciudadana-frente-a-la-crisis-de-la-justicia\/"},"wordCount":360,"commentCount":0,"publisher":{"@id":"https:\/\/www.participacionciudadana.org\/web\/#organization"},"image":{"@id":"https:\/\/www.participacionciudadana.org\/web\/2023\/12\/20\/participacion-ciudadana-frente-a-la-crisis-de-la-justicia\/#primaryimage"},"thumbnailUrl":"https:\/\/www.participacionciudadana.org\/web\/wp-content\/uploads\/2023\/12\/crisis-justicia.jpeg","articleSection":["Comunicaci\u00f3n","Comunicados"],"inLanguage":"es","potentialAction":[{"@type":"CommentAction","name":"Comment","target":["https:\/\/www.participacionciudadana.org\/web\/2023\/12\/20\/participacion-ciudadana-frente-a-la-crisis-de-la-justicia\/#respond"]}]},{"@type":"WebPage","@id":"https:\/\/www.participacionciudadana.org\/web\/2023\/12\/20\/participacion-ciudadana-frente-a-la-crisis-de-la-justicia\/","url":"https:\/\/www.participacionciudadana.org\/web\/2023\/12\/20\/participacion-ciudadana-frente-a-la-crisis-de-la-justicia\/","name":"Participaci\u00f3n Ciudadana frente a la crisis de la justicia - Participaci\u00f3n Ciudadana","isPartOf":{"@id":"https:\/\/www.participacionciudadana.org\/web\/#website"},"primaryImageOfPage":{"@id":"https:\/\/www.participacionciudadana.org\/web\/2023\/12\/20\/participacion-ciudadana-frente-a-la-crisis-de-la-justicia\/#primaryimage"},"image":{"@id":"https:\/\/www.participacionciudadana.org\/web\/2023\/12\/20\/participacion-ciudadana-frente-a-la-crisis-de-la-justicia\/#primaryimage"},"thumbnailUrl":"https:\/\/www.participacionciudadana.org\/web\/wp-content\/uploads\/2023\/12\/crisis-justicia.jpeg","datePublished":"2023-12-20T16:52:18+00:00","dateModified":"2024-02-07T17:08:59+00:00","breadcrumb":{"@id":"https:\/\/www.participacionciudadana.org\/web\/2023\/12\/20\/participacion-ciudadana-frente-a-la-crisis-de-la-justicia\/#breadcrumb"},"inLanguage":"es","potentialAction":[{"@type":"ReadAction","target":["https:\/\/www.participacionciudadana.org\/web\/2023\/12\/20\/participacion-ciudadana-frente-a-la-crisis-de-la-justicia\/"]}]},{"@type":"ImageObject","inLanguage":"es","@id":"https:\/\/www.participacionciudadana.org\/web\/2023\/12\/20\/participacion-ciudadana-frente-a-la-crisis-de-la-justicia\/#primaryimage","url":"https:\/\/www.participacionciudadana.org\/web\/wp-content\/uploads\/2023\/12\/crisis-justicia.jpeg","contentUrl":"https:\/\/www.participacionciudadana.org\/web\/wp-content\/uploads\/2023\/12\/crisis-justicia.jpeg","width":1000,"height":1223},{"@type":"BreadcrumbList","@id":"https:\/\/www.participacionciudadana.org\/web\/2023\/12\/20\/participacion-ciudadana-frente-a-la-crisis-de-la-justicia\/#breadcrumb","itemListElement":[{"@type":"ListItem","position":1,"name":"Portada","item":"https:\/\/www.participacionciudadana.org\/web\/"},{"@type":"ListItem","position":2,"name":"Participaci\u00f3n Ciudadana frente a la crisis de la justicia"}]},{"@type":"WebSite","@id":"https:\/\/www.participacionciudadana.org\/web\/#website","url":"https:\/\/www.participacionciudadana.org\/web\/","name":"Participaci\u00f3n Ciudadana","description":"Comprometidos con la democracia","publisher":{"@id":"https:\/\/www.participacionciudadana.org\/web\/#organization"},"potentialAction":[{"@type":"SearchAction","target":{"@type":"EntryPoint","urlTemplate":"https:\/\/www.participacionciudadana.org\/web\/?s={search_term_string}"},"query-input":{"@type":"PropertyValueSpecification","valueRequired":true,"valueName":"search_term_string"}}],"inLanguage":"es"},{"@type":"Organization","@id":"https:\/\/www.participacionciudadana.org\/web\/#organization","name":"Participaci\u00f3n Ciudadana","url":"https:\/\/www.participacionciudadana.org\/web\/","logo":{"@type":"ImageObject","inLanguage":"es","@id":"https:\/\/www.participacionciudadana.org\/web\/#\/schema\/logo\/image\/","url":"https:\/\/www.participacionciudadana.org\/web\/wp-content\/uploads\/2021\/11\/cropped-logo_pc-1.png","contentUrl":"https:\/\/www.participacionciudadana.org\/web\/wp-content\/uploads\/2021\/11\/cropped-logo_pc-1.png","width":340,"height":114,"caption":"Participaci\u00f3n Ciudadana"},"image":{"@id":"https:\/\/www.participacionciudadana.org\/web\/#\/schema\/logo\/image\/"},"sameAs":["https:\/\/www.facebook.com\/ParticipacionPC\/","https:\/\/x.com\/ParticipacionPC"]},{"@type":"Person","@id":"https:\/\/www.participacionciudadana.org\/web\/#\/schema\/person\/7d1c54696e041e527f8fbfd6c9b513ae","name":"Karen Ramos","image":{"@type":"ImageObject","inLanguage":"es","@id":"https:\/\/www.participacionciudadana.org\/web\/#\/schema\/person\/image\/","url":"https:\/\/secure.gravatar.com\/avatar\/286968dbb3bb60217f1c7034fda5fe010f5c132ea9d76191d7dbe615e76f9e88?s=96&d=mm&r=g","contentUrl":"https:\/\/secure.gravatar.com\/avatar\/286968dbb3bb60217f1c7034fda5fe010f5c132ea9d76191d7dbe615e76f9e88?s=96&d=mm&r=g","caption":"Karen Ramos"},"url":"https:\/\/www.participacionciudadana.org\/web\/author\/karenliz\/"}]}},"_links":{"self":[{"href":"https:\/\/www.participacionciudadana.org\/web\/wp-json\/wp\/v2\/posts\/6671","targetHints":{"allow":["GET"]}}],"collection":[{"href":"https:\/\/www.participacionciudadana.org\/web\/wp-json\/wp\/v2\/posts"}],"about":[{"href":"https:\/\/www.participacionciudadana.org\/web\/wp-json\/wp\/v2\/types\/post"}],"author":[{"embeddable":true,"href":"https:\/\/www.participacionciudadana.org\/web\/wp-json\/wp\/v2\/users\/7"}],"replies":[{"embeddable":true,"href":"https:\/\/www.participacionciudadana.org\/web\/wp-json\/wp\/v2\/comments?post=6671"}],"version-history":[{"count":1,"href":"https:\/\/www.participacionciudadana.org\/web\/wp-json\/wp\/v2\/posts\/6671\/revisions"}],"predecessor-version":[{"id":6672,"href":"https:\/\/www.participacionciudadana.org\/web\/wp-json\/wp\/v2\/posts\/6671\/revisions\/6672"}],"wp:featuredmedia":[{"embeddable":true,"href":"https:\/\/www.participacionciudadana.org\/web\/wp-json\/wp\/v2\/media\/6673"}],"wp:attachment":[{"href":"https:\/\/www.participacionciudadana.org\/web\/wp-json\/wp\/v2\/media?parent=6671"}],"wp:term":[{"taxonomy":"category","embeddable":true,"href":"https:\/\/www.participacionciudadana.org\/web\/wp-json\/wp\/v2\/categories?post=6671"},{"taxonomy":"post_tag","embeddable":true,"href":"https:\/\/www.participacionciudadana.org\/web\/wp-json\/wp\/v2\/tags?post=6671"}],"curies":[{"name":"wp","href":"https:\/\/api.w.org\/{rel}","templated":true}]}}