{"id":7021,"date":"2024-07-05T17:55:59","date_gmt":"2024-07-05T22:55:59","guid":{"rendered":"https:\/\/www.participacionciudadana.org\/web\/?p=7021"},"modified":"2024-07-05T18:09:33","modified_gmt":"2024-07-05T23:09:33","slug":"capacitamos-sobre-como-acceder-al-fondo-comun-en-puyo","status":"publish","type":"post","link":"https:\/\/www.participacionciudadana.org\/web\/2024\/07\/05\/capacitamos-sobre-como-acceder-al-fondo-comun-en-puyo\/","title":{"rendered":"Capacitamos sobre c\u00f3mo acceder al fondo com\u00fan en Puyo"},"content":{"rendered":"\n<p>El pasado 29 de mayo realizamos el Taller Regional Amaz\u00f3nico, \u201cConociendo el fondo com\u00fan\u201d en Puyo, junto al equipo t\u00e9cnico de Ecolex.<\/p>\n\n\n\n<p>En el taller capacitamos a unos 40 representantes comunitarios y de Organizaciones de la Sociedad Civil (OSC) de la provincia de Pastaza y poblaciones aleda\u00f1as sobre el marco legal del Fondo Com\u00fan Amaz\u00f3nico.&nbsp;<\/p>\n\n\n\n<p>En el evento tambi\u00e9n discutimos sobre las reformas a la Ley Amaz\u00f3nica, requisitos para la postulaci\u00f3n, diferencias entre el fondo com\u00fan amaz\u00f3nico y el fondo de desarrollo sostenible. En la parte final los capacitadores respondieron las inquietudes de los participantes referente a la elaboraci\u00f3n de sus planes de vida y dem\u00e1s cuestiones en el proceso de formulaci\u00f3n de proyectos.<\/p>\n\n\n\n<figure class=\"wp-block-embed is-type-rich is-provider-twitter wp-block-embed-twitter\"><div class=\"wp-block-embed__wrapper\">\n<blockquote class=\"twitter-tweet\" data-width=\"500\" data-dnt=\"true\"><p lang=\"es\" dir=\"ltr\">???? Este mi\u00e9rcoles ofrecimos el taller &#39;Conociendo el Fondo Com\u00fan&#39; a unos 40 l\u00edderes de la sociedad civil de la <a href=\"https:\/\/twitter.com\/hashtag\/Puyo?src=hash&amp;ref_src=twsrc%5Etfw\">#Puyo<\/a>, en <a href=\"https:\/\/twitter.com\/hashtag\/Pastaza?src=hash&amp;ref_src=twsrc%5Etfw\">#Pastaza<\/a>:<br><br>\u2705 Presentamos el proyecto<br>\u2705 Marco legal<br>\u2705 Convocatoria 2024<br>\u2705 Elaboraci\u00f3n de proyectos<a href=\"https:\/\/twitter.com\/hashtag\/Amazon%C3%ADaTransparenteEc?src=hash&amp;ref_src=twsrc%5Etfw\">#Amazon\u00edaTransparenteEc<\/a> fortaleciendo la transparencia! <a href=\"https:\/\/t.co\/Zvht8uFotj\">pic.twitter.com\/Zvht8uFotj<\/a><\/p>&mdash; Participaci\u00f3n Ciudadana (@ParticipacionPC) <a href=\"https:\/\/twitter.com\/ParticipacionPC\/status\/1795921019468669086?ref_src=twsrc%5Etfw\">May 29, 2024<\/a><\/blockquote><script async src=\"https:\/\/platform.twitter.com\/widgets.js\" charset=\"utf-8\"><\/script>\n<\/div><\/figure>\n\n\n\n<p>En el evento adem\u00e1s presentamos el proyecto \u201cAmazon\u00eda Transparente\u201d y abordamos.<\/p>\n\n\n\n<ul class=\"wp-block-list\">\n<li>Conocimos el marco legal<\/li>\n<\/ul>\n\n\n\n<ul class=\"wp-block-list\">\n<li>Revisamos convocatoria 2024 para el fondo com\u00fan<\/li>\n<\/ul>\n\n\n\n<ul class=\"wp-block-list\">\n<li>Explicamos c\u00f3mo elaborar proyectos de calidad<\/li>\n<\/ul>\n\n\n\n<figure class=\"wp-block-embed is-type-rich is-provider-twitter wp-block-embed-twitter\"><div class=\"wp-block-embed__wrapper\">\n<blockquote class=\"twitter-tweet\" data-width=\"500\" data-dnt=\"true\"><p lang=\"es\" dir=\"ltr\">????\ufe0f <a href=\"https:\/\/twitter.com\/hashtag\/VideoPC?src=hash&amp;ref_src=twsrc%5Etfw\">#VideoPC<\/a><br>Hace unos d\u00edas realizamos en el <a href=\"https:\/\/twitter.com\/hashtag\/Puyo?src=hash&amp;ref_src=twsrc%5Etfw\">#Puyo<\/a> el taller &quot;Conociendo el fondo com\u00fan&quot;, ah\u00ed presentamos a l\u00edderes de comunidades y sociedad civil el proyecto <a href=\"https:\/\/twitter.com\/hashtag\/Amazon%C3%ADaTransparenteEc?src=hash&amp;ref_src=twsrc%5Etfw\">#Amazon\u00edaTransparenteEc<\/a>, revisamos el marco legal y la convocatoria 2024 para proyectos.<br><br>\u25b6\ufe0f Esto dijeron los asistentes: <a href=\"https:\/\/t.co\/xQLegwqAoC\">pic.twitter.com\/xQLegwqAoC<\/a><\/p>&mdash; Participaci\u00f3n Ciudadana (@ParticipacionPC) <a href=\"https:\/\/twitter.com\/ParticipacionPC\/status\/1803476753534292155?ref_src=twsrc%5Etfw\">June 19, 2024<\/a><\/blockquote><script async src=\"https:\/\/platform.twitter.com\/widgets.js\" charset=\"utf-8\"><\/script>\n<\/div><\/figure>\n\n\n\n<p>Amazon\u00eda Transparente es una iniciativa de sociedad civil que busca fortalecer la transparencia y la gesti\u00f3n de recursos provenientes de las actividades extractivas en la regi\u00f3n Amaz\u00f3nica. Este proyecto mejora y fortalece la transparencia, rendici\u00f3n de cuentas, acceso a la informaci\u00f3n y la capacidad operativa de la Secretar\u00eda T\u00e9cnica Amaz\u00f3nica (STA), de los Gobiernos Aut\u00f3nomos Descentralizados (GAD) Amaz\u00f3nicos, de las organizaciones ind\u00edgenas y de la sociedad civil de la regi\u00f3n.<\/p>\n\n\n\n<p>Capacitamos a los GAD sobre la Ley de Transparencia y Acceso a la informaci\u00f3n P\u00fablica LOTAIP, rendici\u00f3n de cuentas, acceso a la informaci\u00f3n, gobierno abierto, buenas pr\u00e1cticas anticorrupci\u00f3n, elaboraci\u00f3n de proyectos y acceso al Fondo Com\u00fan.<\/p>\n\n\n\n<p>Empoderamos a GAD, pueblos y nacionalidades ind\u00edgenas de Amazon\u00eda, sociedad civil, en elaboraci\u00f3n de proyectos de desarrollo local con herramientas t\u00e9cnicas, a fin de que puedan&nbsp; acceder a los recursos del fondo com\u00fan, provenientes de las regal\u00edas de&nbsp; la extracci\u00f3n de recursos naturales.<\/p>\n\n\n\n<p>La Corporaci\u00f3n Participaci\u00f3n Ciudadana coordina la iniciativa junto sus socios Ecolex, FCD y CORDES, con el apoyo de la Embajada de EE.UU.<\/p>\n\n\n\n<p>#Amazon\u00edaTransparenteEc fortaleciendo la transparencia!<\/p>\n","protected":false},"excerpt":{"rendered":"<p>El pasado 29 de mayo realizamos el Taller Regional Amaz\u00f3nico, \u201cConociendo el fondo com\u00fan\u201d en Puyo, junto al equipo t\u00e9cnico de Ecolex. En el taller capacitamos a unos 40 representantes comunitarios y de Organizaciones de la Sociedad Civil (OSC) de la provincia de Pastaza y poblaciones aleda\u00f1as sobre el marco legal del Fondo Com\u00fan Amaz\u00f3nico.&nbsp; [&hellip;]<\/p>\n","protected":false},"author":5,"featured_media":7026,"comment_status":"open","ping_status":"open","sticky":false,"template":"","format":"standard","meta":{"site-sidebar-layout":"default","site-content-layout":"","ast-site-content-layout":"default","site-content-style":"default","site-sidebar-style":"default","ast-global-header-display":"","ast-banner-title-visibility":"","ast-main-header-display":"","ast-hfb-above-header-display":"","ast-hfb-below-header-display":"","ast-hfb-mobile-header-display":"","site-post-title":"","ast-breadcrumbs-content":"","ast-featured-img":"","footer-sml-layout":"","ast-disable-related-posts":"","theme-transparent-header-meta":"","adv-header-id-meta":"","stick-header-meta":"","header-above-stick-meta":"","header-main-stick-meta":"","header-below-stick-meta":"","astra-migrate-meta-layouts":"set","ast-page-background-enabled":"default","ast-page-background-meta":{"desktop":{"background-color":"","background-image":"","background-repeat":"repeat","background-position":"center center","background-size":"auto","background-attachment":"scroll","background-type":"","background-media":"","overlay-type":"","overlay-color":"","overlay-opacity":"","overlay-gradient":""},"tablet":{"background-color":"","background-image":"","background-repeat":"repeat","background-position":"center center","background-size":"auto","background-attachment":"scroll","background-type":"","background-media":"","overlay-type":"","overlay-color":"","overlay-opacity":"","overlay-gradient":""},"mobile":{"background-color":"","background-image":"","background-repeat":"repeat","background-position":"center center","background-size":"auto","background-attachment":"scroll","background-type":"","background-media":"","overlay-type":"","overlay-color":"","overlay-opacity":"","overlay-gradient":""}},"ast-content-background-meta":{"desktop":{"background-color":"var(--ast-global-color-5)","background-image":"","background-repeat":"repeat","background-position":"center center","background-size":"auto","background-attachment":"scroll","background-type":"","background-media":"","overlay-type":"","overlay-color":"","overlay-opacity":"","overlay-gradient":""},"tablet":{"background-color":"var(--ast-global-color-5)","background-image":"","background-repeat":"repeat","background-position":"center center","background-size":"auto","background-attachment":"scroll","background-type":"","background-media":"","overlay-type":"","overlay-color":"","overlay-opacity":"","overlay-gradient":""},"mobile":{"background-color":"var(--ast-global-color-5)","background-image":"","background-repeat":"repeat","background-position":"center center","background-size":"auto","background-attachment":"scroll","background-type":"","background-media":"","overlay-type":"","overlay-color":"","overlay-opacity":"","overlay-gradient":""}},"_joinchat":[],"footnotes":""},"categories":[29,78],"tags":[75],"class_list":["post-7021","post","type-post","status-publish","format-standard","has-post-thumbnail","hentry","category-amazonia-transparente","category-boletines","tag-amazonia-transparente"],"yoast_head":"<!-- This site is optimized with the Yoast SEO plugin v26.5 - https:\/\/yoast.com\/wordpress\/plugins\/seo\/ -->\n<title>Capacitamos sobre c\u00f3mo acceder al fondo com\u00fan en Puyo - Participaci\u00f3n Ciudadana<\/title>\n<meta name=\"robots\" content=\"index, follow, max-snippet:-1, max-image-preview:large, max-video-preview:-1\" \/>\n<link rel=\"canonical\" href=\"https:\/\/www.participacionciudadana.org\/web\/2024\/07\/05\/capacitamos-sobre-como-acceder-al-fondo-comun-en-puyo\/\" \/>\n<meta property=\"og:locale\" content=\"es_ES\" \/>\n<meta property=\"og:type\" content=\"article\" \/>\n<meta property=\"og:title\" content=\"Capacitamos sobre c\u00f3mo acceder al fondo com\u00fan en Puyo - Participaci\u00f3n Ciudadana\" \/>\n<meta property=\"og:description\" content=\"El pasado 29 de mayo realizamos el Taller Regional Amaz\u00f3nico, \u201cConociendo el fondo com\u00fan\u201d en Puyo, junto al equipo t\u00e9cnico de Ecolex. En el taller capacitamos a unos 40 representantes comunitarios y de Organizaciones de la Sociedad Civil (OSC) de la provincia de Pastaza y poblaciones aleda\u00f1as sobre el marco legal del Fondo Com\u00fan Amaz\u00f3nico.&nbsp; [&hellip;]\" \/>\n<meta property=\"og:url\" content=\"https:\/\/www.participacionciudadana.org\/web\/2024\/07\/05\/capacitamos-sobre-como-acceder-al-fondo-comun-en-puyo\/\" \/>\n<meta property=\"og:site_name\" content=\"Participaci\u00f3n Ciudadana\" \/>\n<meta property=\"article:publisher\" content=\"https:\/\/www.facebook.com\/ParticipacionPC\/\" \/>\n<meta property=\"article:published_time\" content=\"2024-07-05T22:55:59+00:00\" \/>\n<meta property=\"article:modified_time\" content=\"2024-07-05T23:09:33+00:00\" \/>\n<meta property=\"og:image\" content=\"https:\/\/www.participacionciudadana.org\/web\/wp-content\/uploads\/2024\/07\/photo_4916020838768159923_y.jpg\" \/>\n\t<meta property=\"og:image:width\" content=\"1280\" \/>\n\t<meta property=\"og:image:height\" content=\"1280\" \/>\n\t<meta property=\"og:image:type\" content=\"image\/jpeg\" \/>\n<meta name=\"author\" content=\"Pablo Villac\u00eds\" \/>\n<meta name=\"twitter:card\" content=\"summary_large_image\" \/>\n<meta name=\"twitter:creator\" content=\"@ParticipacionPC\" \/>\n<meta name=\"twitter:site\" content=\"@ParticipacionPC\" \/>\n<meta name=\"twitter:label1\" content=\"Escrito por\" \/>\n\t<meta name=\"twitter:data1\" content=\"Pablo Villac\u00eds\" \/>\n\t<meta name=\"twitter:label2\" content=\"Tiempo de lectura\" \/>\n\t<meta name=\"twitter:data2\" content=\"2 minutos\" \/>\n<script type=\"application\/ld+json\" class=\"yoast-schema-graph\">{\"@context\":\"https:\/\/schema.org\",\"@graph\":[{\"@type\":\"Article\",\"@id\":\"https:\/\/www.participacionciudadana.org\/web\/2024\/07\/05\/capacitamos-sobre-como-acceder-al-fondo-comun-en-puyo\/#article\",\"isPartOf\":{\"@id\":\"https:\/\/www.participacionciudadana.org\/web\/2024\/07\/05\/capacitamos-sobre-como-acceder-al-fondo-comun-en-puyo\/\"},\"author\":{\"name\":\"Pablo Villac\u00eds\",\"@id\":\"https:\/\/www.participacionciudadana.org\/web\/#\/schema\/person\/92da277b9a5fc1cedc0a6e85361c2607\"},\"headline\":\"Capacitamos sobre c\u00f3mo acceder al fondo com\u00fan en Puyo\",\"datePublished\":\"2024-07-05T22:55:59+00:00\",\"dateModified\":\"2024-07-05T23:09:33+00:00\",\"mainEntityOfPage\":{\"@id\":\"https:\/\/www.participacionciudadana.org\/web\/2024\/07\/05\/capacitamos-sobre-como-acceder-al-fondo-comun-en-puyo\/\"},\"wordCount\":388,\"commentCount\":0,\"publisher\":{\"@id\":\"https:\/\/www.participacionciudadana.org\/web\/#organization\"},\"image\":{\"@id\":\"https:\/\/www.participacionciudadana.org\/web\/2024\/07\/05\/capacitamos-sobre-como-acceder-al-fondo-comun-en-puyo\/#primaryimage\"},\"thumbnailUrl\":\"https:\/\/www.participacionciudadana.org\/web\/wp-content\/uploads\/2024\/07\/photo_4916020838768159923_y.jpg\",\"keywords\":[\"Amazon\u00eda Transparente\"],\"articleSection\":[\"Amazonia Transparente\",\"Boletines\"],\"inLanguage\":\"es\",\"potentialAction\":[{\"@type\":\"CommentAction\",\"name\":\"Comment\",\"target\":[\"https:\/\/www.participacionciudadana.org\/web\/2024\/07\/05\/capacitamos-sobre-como-acceder-al-fondo-comun-en-puyo\/#respond\"]}]},{\"@type\":\"WebPage\",\"@id\":\"https:\/\/www.participacionciudadana.org\/web\/2024\/07\/05\/capacitamos-sobre-como-acceder-al-fondo-comun-en-puyo\/\",\"url\":\"https:\/\/www.participacionciudadana.org\/web\/2024\/07\/05\/capacitamos-sobre-como-acceder-al-fondo-comun-en-puyo\/\",\"name\":\"Capacitamos sobre c\u00f3mo acceder al fondo com\u00fan en Puyo - Participaci\u00f3n Ciudadana\",\"isPartOf\":{\"@id\":\"https:\/\/www.participacionciudadana.org\/web\/#website\"},\"primaryImageOfPage\":{\"@id\":\"https:\/\/www.participacionciudadana.org\/web\/2024\/07\/05\/capacitamos-sobre-como-acceder-al-fondo-comun-en-puyo\/#primaryimage\"},\"image\":{\"@id\":\"https:\/\/www.participacionciudadana.org\/web\/2024\/07\/05\/capacitamos-sobre-como-acceder-al-fondo-comun-en-puyo\/#primaryimage\"},\"thumbnailUrl\":\"https:\/\/www.participacionciudadana.org\/web\/wp-content\/uploads\/2024\/07\/photo_4916020838768159923_y.jpg\",\"datePublished\":\"2024-07-05T22:55:59+00:00\",\"dateModified\":\"2024-07-05T23:09:33+00:00\",\"breadcrumb\":{\"@id\":\"https:\/\/www.participacionciudadana.org\/web\/2024\/07\/05\/capacitamos-sobre-como-acceder-al-fondo-comun-en-puyo\/#breadcrumb\"},\"inLanguage\":\"es\",\"potentialAction\":[{\"@type\":\"ReadAction\",\"target\":[\"https:\/\/www.participacionciudadana.org\/web\/2024\/07\/05\/capacitamos-sobre-como-acceder-al-fondo-comun-en-puyo\/\"]}]},{\"@type\":\"ImageObject\",\"inLanguage\":\"es\",\"@id\":\"https:\/\/www.participacionciudadana.org\/web\/2024\/07\/05\/capacitamos-sobre-como-acceder-al-fondo-comun-en-puyo\/#primaryimage\",\"url\":\"https:\/\/www.participacionciudadana.org\/web\/wp-content\/uploads\/2024\/07\/photo_4916020838768159923_y.jpg\",\"contentUrl\":\"https:\/\/www.participacionciudadana.org\/web\/wp-content\/uploads\/2024\/07\/photo_4916020838768159923_y.jpg\",\"width\":1280,\"height\":1280},{\"@type\":\"BreadcrumbList\",\"@id\":\"https:\/\/www.participacionciudadana.org\/web\/2024\/07\/05\/capacitamos-sobre-como-acceder-al-fondo-comun-en-puyo\/#breadcrumb\",\"itemListElement\":[{\"@type\":\"ListItem\",\"position\":1,\"name\":\"Portada\",\"item\":\"https:\/\/www.participacionciudadana.org\/web\/\"},{\"@type\":\"ListItem\",\"position\":2,\"name\":\"Capacitamos sobre c\u00f3mo acceder al fondo com\u00fan en Puyo\"}]},{\"@type\":\"WebSite\",\"@id\":\"https:\/\/www.participacionciudadana.org\/web\/#website\",\"url\":\"https:\/\/www.participacionciudadana.org\/web\/\",\"name\":\"Participaci\u00f3n Ciudadana\",\"description\":\"Comprometidos con la democracia\",\"publisher\":{\"@id\":\"https:\/\/www.participacionciudadana.org\/web\/#organization\"},\"potentialAction\":[{\"@type\":\"SearchAction\",\"target\":{\"@type\":\"EntryPoint\",\"urlTemplate\":\"https:\/\/www.participacionciudadana.org\/web\/?s={search_term_string}\"},\"query-input\":{\"@type\":\"PropertyValueSpecification\",\"valueRequired\":true,\"valueName\":\"search_term_string\"}}],\"inLanguage\":\"es\"},{\"@type\":\"Organization\",\"@id\":\"https:\/\/www.participacionciudadana.org\/web\/#organization\",\"name\":\"Participaci\u00f3n Ciudadana\",\"url\":\"https:\/\/www.participacionciudadana.org\/web\/\",\"logo\":{\"@type\":\"ImageObject\",\"inLanguage\":\"es\",\"@id\":\"https:\/\/www.participacionciudadana.org\/web\/#\/schema\/logo\/image\/\",\"url\":\"https:\/\/www.participacionciudadana.org\/web\/wp-content\/uploads\/2021\/11\/cropped-logo_pc-1.png\",\"contentUrl\":\"https:\/\/www.participacionciudadana.org\/web\/wp-content\/uploads\/2021\/11\/cropped-logo_pc-1.png\",\"width\":340,\"height\":114,\"caption\":\"Participaci\u00f3n Ciudadana\"},\"image\":{\"@id\":\"https:\/\/www.participacionciudadana.org\/web\/#\/schema\/logo\/image\/\"},\"sameAs\":[\"https:\/\/www.facebook.com\/ParticipacionPC\/\",\"https:\/\/x.com\/ParticipacionPC\"]},{\"@type\":\"Person\",\"@id\":\"https:\/\/www.participacionciudadana.org\/web\/#\/schema\/person\/92da277b9a5fc1cedc0a6e85361c2607\",\"name\":\"Pablo Villac\u00eds\",\"image\":{\"@type\":\"ImageObject\",\"inLanguage\":\"es\",\"@id\":\"https:\/\/www.participacionciudadana.org\/web\/#\/schema\/person\/image\/\",\"url\":\"https:\/\/secure.gravatar.com\/avatar\/49c3bffa4759b83bd4c3be4b3bfa8fedf40d73773a24bc67c7fdd8dd7db3701d?s=96&d=mm&r=g\",\"contentUrl\":\"https:\/\/secure.gravatar.com\/avatar\/49c3bffa4759b83bd4c3be4b3bfa8fedf40d73773a24bc67c7fdd8dd7db3701d?s=96&d=mm&r=g\",\"caption\":\"Pablo Villac\u00eds\"},\"url\":\"https:\/\/www.participacionciudadana.org\/web\/author\/pablo-villacis\/\"}]}<\/script>\n<!-- \/ Yoast SEO plugin. -->","yoast_head_json":{"title":"Capacitamos sobre c\u00f3mo acceder al fondo com\u00fan en Puyo - Participaci\u00f3n Ciudadana","robots":{"index":"index","follow":"follow","max-snippet":"max-snippet:-1","max-image-preview":"max-image-preview:large","max-video-preview":"max-video-preview:-1"},"canonical":"https:\/\/www.participacionciudadana.org\/web\/2024\/07\/05\/capacitamos-sobre-como-acceder-al-fondo-comun-en-puyo\/","og_locale":"es_ES","og_type":"article","og_title":"Capacitamos sobre c\u00f3mo acceder al fondo com\u00fan en Puyo - Participaci\u00f3n Ciudadana","og_description":"El pasado 29 de mayo realizamos el Taller Regional Amaz\u00f3nico, \u201cConociendo el fondo com\u00fan\u201d en Puyo, junto al equipo t\u00e9cnico de Ecolex. En el taller capacitamos a unos 40 representantes comunitarios y de Organizaciones de la Sociedad Civil (OSC) de la provincia de Pastaza y poblaciones aleda\u00f1as sobre el marco legal del Fondo Com\u00fan Amaz\u00f3nico.&nbsp; [&hellip;]","og_url":"https:\/\/www.participacionciudadana.org\/web\/2024\/07\/05\/capacitamos-sobre-como-acceder-al-fondo-comun-en-puyo\/","og_site_name":"Participaci\u00f3n Ciudadana","article_publisher":"https:\/\/www.facebook.com\/ParticipacionPC\/","article_published_time":"2024-07-05T22:55:59+00:00","article_modified_time":"2024-07-05T23:09:33+00:00","og_image":[{"width":1280,"height":1280,"url":"https:\/\/www.participacionciudadana.org\/web\/wp-content\/uploads\/2024\/07\/photo_4916020838768159923_y.jpg","type":"image\/jpeg"}],"author":"Pablo Villac\u00eds","twitter_card":"summary_large_image","twitter_creator":"@ParticipacionPC","twitter_site":"@ParticipacionPC","twitter_misc":{"Escrito por":"Pablo Villac\u00eds","Tiempo de lectura":"2 minutos"},"schema":{"@context":"https:\/\/schema.org","@graph":[{"@type":"Article","@id":"https:\/\/www.participacionciudadana.org\/web\/2024\/07\/05\/capacitamos-sobre-como-acceder-al-fondo-comun-en-puyo\/#article","isPartOf":{"@id":"https:\/\/www.participacionciudadana.org\/web\/2024\/07\/05\/capacitamos-sobre-como-acceder-al-fondo-comun-en-puyo\/"},"author":{"name":"Pablo Villac\u00eds","@id":"https:\/\/www.participacionciudadana.org\/web\/#\/schema\/person\/92da277b9a5fc1cedc0a6e85361c2607"},"headline":"Capacitamos sobre c\u00f3mo acceder al fondo com\u00fan en Puyo","datePublished":"2024-07-05T22:55:59+00:00","dateModified":"2024-07-05T23:09:33+00:00","mainEntityOfPage":{"@id":"https:\/\/www.participacionciudadana.org\/web\/2024\/07\/05\/capacitamos-sobre-como-acceder-al-fondo-comun-en-puyo\/"},"wordCount":388,"commentCount":0,"publisher":{"@id":"https:\/\/www.participacionciudadana.org\/web\/#organization"},"image":{"@id":"https:\/\/www.participacionciudadana.org\/web\/2024\/07\/05\/capacitamos-sobre-como-acceder-al-fondo-comun-en-puyo\/#primaryimage"},"thumbnailUrl":"https:\/\/www.participacionciudadana.org\/web\/wp-content\/uploads\/2024\/07\/photo_4916020838768159923_y.jpg","keywords":["Amazon\u00eda Transparente"],"articleSection":["Amazonia Transparente","Boletines"],"inLanguage":"es","potentialAction":[{"@type":"CommentAction","name":"Comment","target":["https:\/\/www.participacionciudadana.org\/web\/2024\/07\/05\/capacitamos-sobre-como-acceder-al-fondo-comun-en-puyo\/#respond"]}]},{"@type":"WebPage","@id":"https:\/\/www.participacionciudadana.org\/web\/2024\/07\/05\/capacitamos-sobre-como-acceder-al-fondo-comun-en-puyo\/","url":"https:\/\/www.participacionciudadana.org\/web\/2024\/07\/05\/capacitamos-sobre-como-acceder-al-fondo-comun-en-puyo\/","name":"Capacitamos sobre c\u00f3mo acceder al fondo com\u00fan en Puyo - Participaci\u00f3n Ciudadana","isPartOf":{"@id":"https:\/\/www.participacionciudadana.org\/web\/#website"},"primaryImageOfPage":{"@id":"https:\/\/www.participacionciudadana.org\/web\/2024\/07\/05\/capacitamos-sobre-como-acceder-al-fondo-comun-en-puyo\/#primaryimage"},"image":{"@id":"https:\/\/www.participacionciudadana.org\/web\/2024\/07\/05\/capacitamos-sobre-como-acceder-al-fondo-comun-en-puyo\/#primaryimage"},"thumbnailUrl":"https:\/\/www.participacionciudadana.org\/web\/wp-content\/uploads\/2024\/07\/photo_4916020838768159923_y.jpg","datePublished":"2024-07-05T22:55:59+00:00","dateModified":"2024-07-05T23:09:33+00:00","breadcrumb":{"@id":"https:\/\/www.participacionciudadana.org\/web\/2024\/07\/05\/capacitamos-sobre-como-acceder-al-fondo-comun-en-puyo\/#breadcrumb"},"inLanguage":"es","potentialAction":[{"@type":"ReadAction","target":["https:\/\/www.participacionciudadana.org\/web\/2024\/07\/05\/capacitamos-sobre-como-acceder-al-fondo-comun-en-puyo\/"]}]},{"@type":"ImageObject","inLanguage":"es","@id":"https:\/\/www.participacionciudadana.org\/web\/2024\/07\/05\/capacitamos-sobre-como-acceder-al-fondo-comun-en-puyo\/#primaryimage","url":"https:\/\/www.participacionciudadana.org\/web\/wp-content\/uploads\/2024\/07\/photo_4916020838768159923_y.jpg","contentUrl":"https:\/\/www.participacionciudadana.org\/web\/wp-content\/uploads\/2024\/07\/photo_4916020838768159923_y.jpg","width":1280,"height":1280},{"@type":"BreadcrumbList","@id":"https:\/\/www.participacionciudadana.org\/web\/2024\/07\/05\/capacitamos-sobre-como-acceder-al-fondo-comun-en-puyo\/#breadcrumb","itemListElement":[{"@type":"ListItem","position":1,"name":"Portada","item":"https:\/\/www.participacionciudadana.org\/web\/"},{"@type":"ListItem","position":2,"name":"Capacitamos sobre c\u00f3mo acceder al fondo com\u00fan en Puyo"}]},{"@type":"WebSite","@id":"https:\/\/www.participacionciudadana.org\/web\/#website","url":"https:\/\/www.participacionciudadana.org\/web\/","name":"Participaci\u00f3n Ciudadana","description":"Comprometidos con la democracia","publisher":{"@id":"https:\/\/www.participacionciudadana.org\/web\/#organization"},"potentialAction":[{"@type":"SearchAction","target":{"@type":"EntryPoint","urlTemplate":"https:\/\/www.participacionciudadana.org\/web\/?s={search_term_string}"},"query-input":{"@type":"PropertyValueSpecification","valueRequired":true,"valueName":"search_term_string"}}],"inLanguage":"es"},{"@type":"Organization","@id":"https:\/\/www.participacionciudadana.org\/web\/#organization","name":"Participaci\u00f3n Ciudadana","url":"https:\/\/www.participacionciudadana.org\/web\/","logo":{"@type":"ImageObject","inLanguage":"es","@id":"https:\/\/www.participacionciudadana.org\/web\/#\/schema\/logo\/image\/","url":"https:\/\/www.participacionciudadana.org\/web\/wp-content\/uploads\/2021\/11\/cropped-logo_pc-1.png","contentUrl":"https:\/\/www.participacionciudadana.org\/web\/wp-content\/uploads\/2021\/11\/cropped-logo_pc-1.png","width":340,"height":114,"caption":"Participaci\u00f3n Ciudadana"},"image":{"@id":"https:\/\/www.participacionciudadana.org\/web\/#\/schema\/logo\/image\/"},"sameAs":["https:\/\/www.facebook.com\/ParticipacionPC\/","https:\/\/x.com\/ParticipacionPC"]},{"@type":"Person","@id":"https:\/\/www.participacionciudadana.org\/web\/#\/schema\/person\/92da277b9a5fc1cedc0a6e85361c2607","name":"Pablo Villac\u00eds","image":{"@type":"ImageObject","inLanguage":"es","@id":"https:\/\/www.participacionciudadana.org\/web\/#\/schema\/person\/image\/","url":"https:\/\/secure.gravatar.com\/avatar\/49c3bffa4759b83bd4c3be4b3bfa8fedf40d73773a24bc67c7fdd8dd7db3701d?s=96&d=mm&r=g","contentUrl":"https:\/\/secure.gravatar.com\/avatar\/49c3bffa4759b83bd4c3be4b3bfa8fedf40d73773a24bc67c7fdd8dd7db3701d?s=96&d=mm&r=g","caption":"Pablo Villac\u00eds"},"url":"https:\/\/www.participacionciudadana.org\/web\/author\/pablo-villacis\/"}]}},"_links":{"self":[{"href":"https:\/\/www.participacionciudadana.org\/web\/wp-json\/wp\/v2\/posts\/7021","targetHints":{"allow":["GET"]}}],"collection":[{"href":"https:\/\/www.participacionciudadana.org\/web\/wp-json\/wp\/v2\/posts"}],"about":[{"href":"https:\/\/www.participacionciudadana.org\/web\/wp-json\/wp\/v2\/types\/post"}],"author":[{"embeddable":true,"href":"https:\/\/www.participacionciudadana.org\/web\/wp-json\/wp\/v2\/users\/5"}],"replies":[{"embeddable":true,"href":"https:\/\/www.participacionciudadana.org\/web\/wp-json\/wp\/v2\/comments?post=7021"}],"version-history":[{"count":5,"href":"https:\/\/www.participacionciudadana.org\/web\/wp-json\/wp\/v2\/posts\/7021\/revisions"}],"predecessor-version":[{"id":7029,"href":"https:\/\/www.participacionciudadana.org\/web\/wp-json\/wp\/v2\/posts\/7021\/revisions\/7029"}],"wp:featuredmedia":[{"embeddable":true,"href":"https:\/\/www.participacionciudadana.org\/web\/wp-json\/wp\/v2\/media\/7026"}],"wp:attachment":[{"href":"https:\/\/www.participacionciudadana.org\/web\/wp-json\/wp\/v2\/media?parent=7021"}],"wp:term":[{"taxonomy":"category","embeddable":true,"href":"https:\/\/www.participacionciudadana.org\/web\/wp-json\/wp\/v2\/categories?post=7021"},{"taxonomy":"post_tag","embeddable":true,"href":"https:\/\/www.participacionciudadana.org\/web\/wp-json\/wp\/v2\/tags?post=7021"}],"curies":[{"name":"wp","href":"https:\/\/api.w.org\/{rel}","templated":true}]}}