{"id":7051,"date":"2024-07-12T12:56:09","date_gmt":"2024-07-12T17:56:09","guid":{"rendered":"https:\/\/www.participacionciudadana.org\/web\/?p=7051"},"modified":"2024-07-12T12:56:41","modified_gmt":"2024-07-12T17:56:41","slug":"1-188-minutos-en-publicidad-oficial-en-junio","status":"publish","type":"post","link":"https:\/\/www.participacionciudadana.org\/web\/2024\/07\/12\/1-188-minutos-en-publicidad-oficial-en-junio\/","title":{"rendered":"1.188 minutos en publicidad oficial en junio"},"content":{"rendered":"\n<p>El Centro de Monitoreo de Medios de la Corporaci\u00f3n Participaci\u00f3n Ciudadana presenta el informe de publicidad oficial, correspondiente al mes de junio de 2024, con base en los 11 canales de televisi\u00f3n monitoreados.<\/p>\n\n\n\n<figure class=\"wp-block-gallery has-nested-images columns-default is-cropped wp-block-gallery-1 is-layout-flex wp-block-gallery-is-layout-flex\">\n<figure class=\"wp-block-image size-large\"><img fetchpriority=\"high\" decoding=\"async\" width=\"1024\" height=\"573\" data-id=\"7053\" src=\"https:\/\/www.participacionciudadana.org\/web\/wp-content\/uploads\/2024\/07\/REPORTE-DE-PUBLICIDAD-JUNIO-X_Mesa-de-trabajo-1-1024x573.jpg\" alt=\"\" class=\"wp-image-7053\" srcset=\"https:\/\/www.participacionciudadana.org\/web\/wp-content\/uploads\/2024\/07\/REPORTE-DE-PUBLICIDAD-JUNIO-X_Mesa-de-trabajo-1-1024x573.jpg 1024w, https:\/\/www.participacionciudadana.org\/web\/wp-content\/uploads\/2024\/07\/REPORTE-DE-PUBLICIDAD-JUNIO-X_Mesa-de-trabajo-1-300x168.jpg 300w, https:\/\/www.participacionciudadana.org\/web\/wp-content\/uploads\/2024\/07\/REPORTE-DE-PUBLICIDAD-JUNIO-X_Mesa-de-trabajo-1-768x429.jpg 768w, https:\/\/www.participacionciudadana.org\/web\/wp-content\/uploads\/2024\/07\/REPORTE-DE-PUBLICIDAD-JUNIO-X_Mesa-de-trabajo-1.jpg 1250w\" sizes=\"(max-width: 1024px) 100vw, 1024px\" \/><\/figure>\n\n\n\n<figure class=\"wp-block-image size-large\"><img decoding=\"async\" width=\"1024\" height=\"571\" data-id=\"7052\" src=\"https:\/\/www.participacionciudadana.org\/web\/wp-content\/uploads\/2024\/07\/REPORTE-DE-PUBLICIDAD-JUNIO-X-02-1024x571.jpg\" alt=\"\" class=\"wp-image-7052\" srcset=\"https:\/\/www.participacionciudadana.org\/web\/wp-content\/uploads\/2024\/07\/REPORTE-DE-PUBLICIDAD-JUNIO-X-02-1024x571.jpg 1024w, https:\/\/www.participacionciudadana.org\/web\/wp-content\/uploads\/2024\/07\/REPORTE-DE-PUBLICIDAD-JUNIO-X-02-300x167.jpg 300w, https:\/\/www.participacionciudadana.org\/web\/wp-content\/uploads\/2024\/07\/REPORTE-DE-PUBLICIDAD-JUNIO-X-02-768x429.jpg 768w, https:\/\/www.participacionciudadana.org\/web\/wp-content\/uploads\/2024\/07\/REPORTE-DE-PUBLICIDAD-JUNIO-X-02.jpg 1251w\" sizes=\"(max-width: 1024px) 100vw, 1024px\" \/><\/figure>\n<\/figure>\n\n\n\n<figure class=\"wp-block-gallery has-nested-images columns-default is-cropped wp-block-gallery-2 is-layout-flex wp-block-gallery-is-layout-flex\">\n<figure class=\"wp-block-image size-large\"><img decoding=\"async\" width=\"1024\" height=\"572\" data-id=\"7054\" src=\"https:\/\/www.participacionciudadana.org\/web\/wp-content\/uploads\/2024\/07\/REPORTE-DE-PUBLICIDAD-JUNIO-X-03-1024x572.jpg\" alt=\"\" class=\"wp-image-7054\" srcset=\"https:\/\/www.participacionciudadana.org\/web\/wp-content\/uploads\/2024\/07\/REPORTE-DE-PUBLICIDAD-JUNIO-X-03-1024x572.jpg 1024w, https:\/\/www.participacionciudadana.org\/web\/wp-content\/uploads\/2024\/07\/REPORTE-DE-PUBLICIDAD-JUNIO-X-03-300x168.jpg 300w, https:\/\/www.participacionciudadana.org\/web\/wp-content\/uploads\/2024\/07\/REPORTE-DE-PUBLICIDAD-JUNIO-X-03-768x429.jpg 768w, https:\/\/www.participacionciudadana.org\/web\/wp-content\/uploads\/2024\/07\/REPORTE-DE-PUBLICIDAD-JUNIO-X-03.jpg 1250w\" sizes=\"(max-width: 1024px) 100vw, 1024px\" \/><\/figure>\n\n\n\n<figure class=\"wp-block-image size-large\"><img loading=\"lazy\" decoding=\"async\" width=\"1024\" height=\"571\" data-id=\"7055\" src=\"https:\/\/www.participacionciudadana.org\/web\/wp-content\/uploads\/2024\/07\/REPORTE-DE-PUBLICIDAD-JUNIO-X-04-1024x571.jpg\" alt=\"\" class=\"wp-image-7055\" srcset=\"https:\/\/www.participacionciudadana.org\/web\/wp-content\/uploads\/2024\/07\/REPORTE-DE-PUBLICIDAD-JUNIO-X-04-1024x571.jpg 1024w, https:\/\/www.participacionciudadana.org\/web\/wp-content\/uploads\/2024\/07\/REPORTE-DE-PUBLICIDAD-JUNIO-X-04-300x167.jpg 300w, https:\/\/www.participacionciudadana.org\/web\/wp-content\/uploads\/2024\/07\/REPORTE-DE-PUBLICIDAD-JUNIO-X-04-768x429.jpg 768w, https:\/\/www.participacionciudadana.org\/web\/wp-content\/uploads\/2024\/07\/REPORTE-DE-PUBLICIDAD-JUNIO-X-04.jpg 1251w\" sizes=\"(max-width: 1024px) 100vw, 1024px\" \/><\/figure>\n<\/figure>\n\n\n\n<p>Ver el informe completo:<\/p>\n\n\n\n<div data-wp-interactive=\"core\/file\" class=\"wp-block-file\"><object data-wp-bind--hidden=\"!state.hasPdfPreview\" hidden class=\"wp-block-file__embed\" data=\"https:\/\/www.participacionciudadana.org\/web\/wp-content\/uploads\/2024\/07\/06_PUBLICIDAD-OFICIAL-a-JUNIO-2024.pdf\" type=\"application\/pdf\" style=\"width:100%;height:600px\" aria-label=\"Incrustado de 06_PUBLICIDAD-OFICIAL-a-JUNIO-2024.\"><\/object><a id=\"wp-block-file--media-c414fde7-23f1-4043-ac7b-c60f3d5aaa3d\" href=\"https:\/\/www.participacionciudadana.org\/web\/wp-content\/uploads\/2024\/07\/06_PUBLICIDAD-OFICIAL-a-JUNIO-2024.pdf\">06_PUBLICIDAD-OFICIAL-a-JUNIO-2024<\/a><a href=\"https:\/\/www.participacionciudadana.org\/web\/wp-content\/uploads\/2024\/07\/06_PUBLICIDAD-OFICIAL-a-JUNIO-2024.pdf\" class=\"wp-block-file__button wp-element-button\" download aria-describedby=\"wp-block-file--media-c414fde7-23f1-4043-ac7b-c60f3d5aaa3d\">Descarga<\/a><\/div>\n","protected":false},"excerpt":{"rendered":"<p>El Centro de Monitoreo de Medios de la Corporaci\u00f3n Participaci\u00f3n Ciudadana presenta el informe de publicidad oficial, correspondiente al mes de junio de 2024, con base en los 11 canales de televisi\u00f3n monitoreados. Ver el informe completo:<\/p>\n","protected":false},"author":5,"featured_media":7053,"comment_status":"open","ping_status":"open","sticky":false,"template":"","format":"standard","meta":{"site-sidebar-layout":"default","site-content-layout":"","ast-site-content-layout":"default","site-content-style":"default","site-sidebar-style":"default","ast-global-header-display":"","ast-banner-title-visibility":"","ast-main-header-display":"","ast-hfb-above-header-display":"","ast-hfb-below-header-display":"","ast-hfb-mobile-header-display":"","site-post-title":"","ast-breadcrumbs-content":"","ast-featured-img":"","footer-sml-layout":"","ast-disable-related-posts":"","theme-transparent-header-meta":"","adv-header-id-meta":"","stick-header-meta":"","header-above-stick-meta":"","header-main-stick-meta":"","header-below-stick-meta":"","astra-migrate-meta-layouts":"set","ast-page-background-enabled":"default","ast-page-background-meta":{"desktop":{"background-color":"","background-image":"","background-repeat":"repeat","background-position":"center center","background-size":"auto","background-attachment":"scroll","background-type":"","background-media":"","overlay-type":"","overlay-color":"","overlay-opacity":"","overlay-gradient":""},"tablet":{"background-color":"","background-image":"","background-repeat":"repeat","background-position":"center center","background-size":"auto","background-attachment":"scroll","background-type":"","background-media":"","overlay-type":"","overlay-color":"","overlay-opacity":"","overlay-gradient":""},"mobile":{"background-color":"","background-image":"","background-repeat":"repeat","background-position":"center center","background-size":"auto","background-attachment":"scroll","background-type":"","background-media":"","overlay-type":"","overlay-color":"","overlay-opacity":"","overlay-gradient":""}},"ast-content-background-meta":{"desktop":{"background-color":"var(--ast-global-color-5)","background-image":"","background-repeat":"repeat","background-position":"center center","background-size":"auto","background-attachment":"scroll","background-type":"","background-media":"","overlay-type":"","overlay-color":"","overlay-opacity":"","overlay-gradient":""},"tablet":{"background-color":"var(--ast-global-color-5)","background-image":"","background-repeat":"repeat","background-position":"center center","background-size":"auto","background-attachment":"scroll","background-type":"","background-media":"","overlay-type":"","overlay-color":"","overlay-opacity":"","overlay-gradient":""},"mobile":{"background-color":"var(--ast-global-color-5)","background-image":"","background-repeat":"repeat","background-position":"center center","background-size":"auto","background-attachment":"scroll","background-type":"","background-media":"","overlay-type":"","overlay-color":"","overlay-opacity":"","overlay-gradient":""}},"_joinchat":[],"footnotes":""},"categories":[1],"tags":[87],"class_list":["post-7051","post","type-post","status-publish","format-standard","has-post-thumbnail","hentry","category-sin-categoria","tag-monitoreo-publicidad-oficial-2023"],"yoast_head":"<!-- This site is optimized with the Yoast SEO plugin v26.5 - https:\/\/yoast.com\/wordpress\/plugins\/seo\/ -->\n<title>1.188 minutos en publicidad oficial en junio - Participaci\u00f3n Ciudadana<\/title>\n<meta name=\"robots\" content=\"index, follow, max-snippet:-1, max-image-preview:large, max-video-preview:-1\" \/>\n<link rel=\"canonical\" href=\"https:\/\/www.participacionciudadana.org\/web\/2024\/07\/12\/1-188-minutos-en-publicidad-oficial-en-junio\/\" \/>\n<meta property=\"og:locale\" content=\"es_ES\" \/>\n<meta property=\"og:type\" content=\"article\" \/>\n<meta property=\"og:title\" content=\"1.188 minutos en publicidad oficial en junio - Participaci\u00f3n Ciudadana\" \/>\n<meta property=\"og:description\" content=\"El Centro de Monitoreo de Medios de la Corporaci\u00f3n Participaci\u00f3n Ciudadana presenta el informe de publicidad oficial, correspondiente al mes de junio de 2024, con base en los 11 canales de televisi\u00f3n monitoreados. Ver el informe completo:\" \/>\n<meta property=\"og:url\" content=\"https:\/\/www.participacionciudadana.org\/web\/2024\/07\/12\/1-188-minutos-en-publicidad-oficial-en-junio\/\" \/>\n<meta property=\"og:site_name\" content=\"Participaci\u00f3n Ciudadana\" \/>\n<meta property=\"article:publisher\" content=\"https:\/\/www.facebook.com\/ParticipacionPC\/\" \/>\n<meta property=\"article:published_time\" content=\"2024-07-12T17:56:09+00:00\" \/>\n<meta property=\"article:modified_time\" content=\"2024-07-12T17:56:41+00:00\" \/>\n<meta property=\"og:image\" content=\"https:\/\/www.participacionciudadana.org\/web\/wp-content\/uploads\/2024\/07\/REPORTE-DE-PUBLICIDAD-JUNIO-X_Mesa-de-trabajo-1.jpg\" \/>\n\t<meta property=\"og:image:width\" content=\"1250\" \/>\n\t<meta property=\"og:image:height\" content=\"699\" \/>\n\t<meta property=\"og:image:type\" content=\"image\/jpeg\" \/>\n<meta name=\"author\" content=\"Pablo Villac\u00eds\" \/>\n<meta name=\"twitter:card\" content=\"summary_large_image\" \/>\n<meta name=\"twitter:creator\" content=\"@ParticipacionPC\" \/>\n<meta name=\"twitter:site\" content=\"@ParticipacionPC\" \/>\n<meta name=\"twitter:label1\" content=\"Escrito por\" \/>\n\t<meta name=\"twitter:data1\" content=\"Pablo Villac\u00eds\" \/>\n<script type=\"application\/ld+json\" class=\"yoast-schema-graph\">{\"@context\":\"https:\/\/schema.org\",\"@graph\":[{\"@type\":\"Article\",\"@id\":\"https:\/\/www.participacionciudadana.org\/web\/2024\/07\/12\/1-188-minutos-en-publicidad-oficial-en-junio\/#article\",\"isPartOf\":{\"@id\":\"https:\/\/www.participacionciudadana.org\/web\/2024\/07\/12\/1-188-minutos-en-publicidad-oficial-en-junio\/\"},\"author\":{\"name\":\"Pablo Villac\u00eds\",\"@id\":\"https:\/\/www.participacionciudadana.org\/web\/#\/schema\/person\/92da277b9a5fc1cedc0a6e85361c2607\"},\"headline\":\"1.188 minutos en publicidad oficial en junio\",\"datePublished\":\"2024-07-12T17:56:09+00:00\",\"dateModified\":\"2024-07-12T17:56:41+00:00\",\"mainEntityOfPage\":{\"@id\":\"https:\/\/www.participacionciudadana.org\/web\/2024\/07\/12\/1-188-minutos-en-publicidad-oficial-en-junio\/\"},\"wordCount\":46,\"commentCount\":0,\"publisher\":{\"@id\":\"https:\/\/www.participacionciudadana.org\/web\/#organization\"},\"image\":{\"@id\":\"https:\/\/www.participacionciudadana.org\/web\/2024\/07\/12\/1-188-minutos-en-publicidad-oficial-en-junio\/#primaryimage\"},\"thumbnailUrl\":\"https:\/\/www.participacionciudadana.org\/web\/wp-content\/uploads\/2024\/07\/REPORTE-DE-PUBLICIDAD-JUNIO-X_Mesa-de-trabajo-1.jpg\",\"keywords\":[\"monitoreo publicidad oficial 2023\"],\"inLanguage\":\"es\",\"potentialAction\":[{\"@type\":\"CommentAction\",\"name\":\"Comment\",\"target\":[\"https:\/\/www.participacionciudadana.org\/web\/2024\/07\/12\/1-188-minutos-en-publicidad-oficial-en-junio\/#respond\"]}]},{\"@type\":\"WebPage\",\"@id\":\"https:\/\/www.participacionciudadana.org\/web\/2024\/07\/12\/1-188-minutos-en-publicidad-oficial-en-junio\/\",\"url\":\"https:\/\/www.participacionciudadana.org\/web\/2024\/07\/12\/1-188-minutos-en-publicidad-oficial-en-junio\/\",\"name\":\"1.188 minutos en publicidad oficial en junio - Participaci\u00f3n Ciudadana\",\"isPartOf\":{\"@id\":\"https:\/\/www.participacionciudadana.org\/web\/#website\"},\"primaryImageOfPage\":{\"@id\":\"https:\/\/www.participacionciudadana.org\/web\/2024\/07\/12\/1-188-minutos-en-publicidad-oficial-en-junio\/#primaryimage\"},\"image\":{\"@id\":\"https:\/\/www.participacionciudadana.org\/web\/2024\/07\/12\/1-188-minutos-en-publicidad-oficial-en-junio\/#primaryimage\"},\"thumbnailUrl\":\"https:\/\/www.participacionciudadana.org\/web\/wp-content\/uploads\/2024\/07\/REPORTE-DE-PUBLICIDAD-JUNIO-X_Mesa-de-trabajo-1.jpg\",\"datePublished\":\"2024-07-12T17:56:09+00:00\",\"dateModified\":\"2024-07-12T17:56:41+00:00\",\"breadcrumb\":{\"@id\":\"https:\/\/www.participacionciudadana.org\/web\/2024\/07\/12\/1-188-minutos-en-publicidad-oficial-en-junio\/#breadcrumb\"},\"inLanguage\":\"es\",\"potentialAction\":[{\"@type\":\"ReadAction\",\"target\":[\"https:\/\/www.participacionciudadana.org\/web\/2024\/07\/12\/1-188-minutos-en-publicidad-oficial-en-junio\/\"]}]},{\"@type\":\"ImageObject\",\"inLanguage\":\"es\",\"@id\":\"https:\/\/www.participacionciudadana.org\/web\/2024\/07\/12\/1-188-minutos-en-publicidad-oficial-en-junio\/#primaryimage\",\"url\":\"https:\/\/www.participacionciudadana.org\/web\/wp-content\/uploads\/2024\/07\/REPORTE-DE-PUBLICIDAD-JUNIO-X_Mesa-de-trabajo-1.jpg\",\"contentUrl\":\"https:\/\/www.participacionciudadana.org\/web\/wp-content\/uploads\/2024\/07\/REPORTE-DE-PUBLICIDAD-JUNIO-X_Mesa-de-trabajo-1.jpg\",\"width\":1250,\"height\":699},{\"@type\":\"BreadcrumbList\",\"@id\":\"https:\/\/www.participacionciudadana.org\/web\/2024\/07\/12\/1-188-minutos-en-publicidad-oficial-en-junio\/#breadcrumb\",\"itemListElement\":[{\"@type\":\"ListItem\",\"position\":1,\"name\":\"Portada\",\"item\":\"https:\/\/www.participacionciudadana.org\/web\/\"},{\"@type\":\"ListItem\",\"position\":2,\"name\":\"1.188 minutos en publicidad oficial en junio\"}]},{\"@type\":\"WebSite\",\"@id\":\"https:\/\/www.participacionciudadana.org\/web\/#website\",\"url\":\"https:\/\/www.participacionciudadana.org\/web\/\",\"name\":\"Participaci\u00f3n Ciudadana\",\"description\":\"Comprometidos con la democracia\",\"publisher\":{\"@id\":\"https:\/\/www.participacionciudadana.org\/web\/#organization\"},\"potentialAction\":[{\"@type\":\"SearchAction\",\"target\":{\"@type\":\"EntryPoint\",\"urlTemplate\":\"https:\/\/www.participacionciudadana.org\/web\/?s={search_term_string}\"},\"query-input\":{\"@type\":\"PropertyValueSpecification\",\"valueRequired\":true,\"valueName\":\"search_term_string\"}}],\"inLanguage\":\"es\"},{\"@type\":\"Organization\",\"@id\":\"https:\/\/www.participacionciudadana.org\/web\/#organization\",\"name\":\"Participaci\u00f3n Ciudadana\",\"url\":\"https:\/\/www.participacionciudadana.org\/web\/\",\"logo\":{\"@type\":\"ImageObject\",\"inLanguage\":\"es\",\"@id\":\"https:\/\/www.participacionciudadana.org\/web\/#\/schema\/logo\/image\/\",\"url\":\"https:\/\/www.participacionciudadana.org\/web\/wp-content\/uploads\/2021\/11\/cropped-logo_pc-1.png\",\"contentUrl\":\"https:\/\/www.participacionciudadana.org\/web\/wp-content\/uploads\/2021\/11\/cropped-logo_pc-1.png\",\"width\":340,\"height\":114,\"caption\":\"Participaci\u00f3n Ciudadana\"},\"image\":{\"@id\":\"https:\/\/www.participacionciudadana.org\/web\/#\/schema\/logo\/image\/\"},\"sameAs\":[\"https:\/\/www.facebook.com\/ParticipacionPC\/\",\"https:\/\/x.com\/ParticipacionPC\"]},{\"@type\":\"Person\",\"@id\":\"https:\/\/www.participacionciudadana.org\/web\/#\/schema\/person\/92da277b9a5fc1cedc0a6e85361c2607\",\"name\":\"Pablo Villac\u00eds\",\"image\":{\"@type\":\"ImageObject\",\"inLanguage\":\"es\",\"@id\":\"https:\/\/www.participacionciudadana.org\/web\/#\/schema\/person\/image\/\",\"url\":\"https:\/\/secure.gravatar.com\/avatar\/49c3bffa4759b83bd4c3be4b3bfa8fedf40d73773a24bc67c7fdd8dd7db3701d?s=96&d=mm&r=g\",\"contentUrl\":\"https:\/\/secure.gravatar.com\/avatar\/49c3bffa4759b83bd4c3be4b3bfa8fedf40d73773a24bc67c7fdd8dd7db3701d?s=96&d=mm&r=g\",\"caption\":\"Pablo Villac\u00eds\"},\"url\":\"https:\/\/www.participacionciudadana.org\/web\/author\/pablo-villacis\/\"}]}<\/script>\n<!-- \/ Yoast SEO plugin. -->","yoast_head_json":{"title":"1.188 minutos en publicidad oficial en junio - Participaci\u00f3n Ciudadana","robots":{"index":"index","follow":"follow","max-snippet":"max-snippet:-1","max-image-preview":"max-image-preview:large","max-video-preview":"max-video-preview:-1"},"canonical":"https:\/\/www.participacionciudadana.org\/web\/2024\/07\/12\/1-188-minutos-en-publicidad-oficial-en-junio\/","og_locale":"es_ES","og_type":"article","og_title":"1.188 minutos en publicidad oficial en junio - Participaci\u00f3n Ciudadana","og_description":"El Centro de Monitoreo de Medios de la Corporaci\u00f3n Participaci\u00f3n Ciudadana presenta el informe de publicidad oficial, correspondiente al mes de junio de 2024, con base en los 11 canales de televisi\u00f3n monitoreados. Ver el informe completo:","og_url":"https:\/\/www.participacionciudadana.org\/web\/2024\/07\/12\/1-188-minutos-en-publicidad-oficial-en-junio\/","og_site_name":"Participaci\u00f3n Ciudadana","article_publisher":"https:\/\/www.facebook.com\/ParticipacionPC\/","article_published_time":"2024-07-12T17:56:09+00:00","article_modified_time":"2024-07-12T17:56:41+00:00","og_image":[{"width":1250,"height":699,"url":"https:\/\/www.participacionciudadana.org\/web\/wp-content\/uploads\/2024\/07\/REPORTE-DE-PUBLICIDAD-JUNIO-X_Mesa-de-trabajo-1.jpg","type":"image\/jpeg"}],"author":"Pablo Villac\u00eds","twitter_card":"summary_large_image","twitter_creator":"@ParticipacionPC","twitter_site":"@ParticipacionPC","twitter_misc":{"Escrito por":"Pablo Villac\u00eds"},"schema":{"@context":"https:\/\/schema.org","@graph":[{"@type":"Article","@id":"https:\/\/www.participacionciudadana.org\/web\/2024\/07\/12\/1-188-minutos-en-publicidad-oficial-en-junio\/#article","isPartOf":{"@id":"https:\/\/www.participacionciudadana.org\/web\/2024\/07\/12\/1-188-minutos-en-publicidad-oficial-en-junio\/"},"author":{"name":"Pablo Villac\u00eds","@id":"https:\/\/www.participacionciudadana.org\/web\/#\/schema\/person\/92da277b9a5fc1cedc0a6e85361c2607"},"headline":"1.188 minutos en publicidad oficial en junio","datePublished":"2024-07-12T17:56:09+00:00","dateModified":"2024-07-12T17:56:41+00:00","mainEntityOfPage":{"@id":"https:\/\/www.participacionciudadana.org\/web\/2024\/07\/12\/1-188-minutos-en-publicidad-oficial-en-junio\/"},"wordCount":46,"commentCount":0,"publisher":{"@id":"https:\/\/www.participacionciudadana.org\/web\/#organization"},"image":{"@id":"https:\/\/www.participacionciudadana.org\/web\/2024\/07\/12\/1-188-minutos-en-publicidad-oficial-en-junio\/#primaryimage"},"thumbnailUrl":"https:\/\/www.participacionciudadana.org\/web\/wp-content\/uploads\/2024\/07\/REPORTE-DE-PUBLICIDAD-JUNIO-X_Mesa-de-trabajo-1.jpg","keywords":["monitoreo publicidad oficial 2023"],"inLanguage":"es","potentialAction":[{"@type":"CommentAction","name":"Comment","target":["https:\/\/www.participacionciudadana.org\/web\/2024\/07\/12\/1-188-minutos-en-publicidad-oficial-en-junio\/#respond"]}]},{"@type":"WebPage","@id":"https:\/\/www.participacionciudadana.org\/web\/2024\/07\/12\/1-188-minutos-en-publicidad-oficial-en-junio\/","url":"https:\/\/www.participacionciudadana.org\/web\/2024\/07\/12\/1-188-minutos-en-publicidad-oficial-en-junio\/","name":"1.188 minutos en publicidad oficial en junio - Participaci\u00f3n Ciudadana","isPartOf":{"@id":"https:\/\/www.participacionciudadana.org\/web\/#website"},"primaryImageOfPage":{"@id":"https:\/\/www.participacionciudadana.org\/web\/2024\/07\/12\/1-188-minutos-en-publicidad-oficial-en-junio\/#primaryimage"},"image":{"@id":"https:\/\/www.participacionciudadana.org\/web\/2024\/07\/12\/1-188-minutos-en-publicidad-oficial-en-junio\/#primaryimage"},"thumbnailUrl":"https:\/\/www.participacionciudadana.org\/web\/wp-content\/uploads\/2024\/07\/REPORTE-DE-PUBLICIDAD-JUNIO-X_Mesa-de-trabajo-1.jpg","datePublished":"2024-07-12T17:56:09+00:00","dateModified":"2024-07-12T17:56:41+00:00","breadcrumb":{"@id":"https:\/\/www.participacionciudadana.org\/web\/2024\/07\/12\/1-188-minutos-en-publicidad-oficial-en-junio\/#breadcrumb"},"inLanguage":"es","potentialAction":[{"@type":"ReadAction","target":["https:\/\/www.participacionciudadana.org\/web\/2024\/07\/12\/1-188-minutos-en-publicidad-oficial-en-junio\/"]}]},{"@type":"ImageObject","inLanguage":"es","@id":"https:\/\/www.participacionciudadana.org\/web\/2024\/07\/12\/1-188-minutos-en-publicidad-oficial-en-junio\/#primaryimage","url":"https:\/\/www.participacionciudadana.org\/web\/wp-content\/uploads\/2024\/07\/REPORTE-DE-PUBLICIDAD-JUNIO-X_Mesa-de-trabajo-1.jpg","contentUrl":"https:\/\/www.participacionciudadana.org\/web\/wp-content\/uploads\/2024\/07\/REPORTE-DE-PUBLICIDAD-JUNIO-X_Mesa-de-trabajo-1.jpg","width":1250,"height":699},{"@type":"BreadcrumbList","@id":"https:\/\/www.participacionciudadana.org\/web\/2024\/07\/12\/1-188-minutos-en-publicidad-oficial-en-junio\/#breadcrumb","itemListElement":[{"@type":"ListItem","position":1,"name":"Portada","item":"https:\/\/www.participacionciudadana.org\/web\/"},{"@type":"ListItem","position":2,"name":"1.188 minutos en publicidad oficial en junio"}]},{"@type":"WebSite","@id":"https:\/\/www.participacionciudadana.org\/web\/#website","url":"https:\/\/www.participacionciudadana.org\/web\/","name":"Participaci\u00f3n Ciudadana","description":"Comprometidos con la democracia","publisher":{"@id":"https:\/\/www.participacionciudadana.org\/web\/#organization"},"potentialAction":[{"@type":"SearchAction","target":{"@type":"EntryPoint","urlTemplate":"https:\/\/www.participacionciudadana.org\/web\/?s={search_term_string}"},"query-input":{"@type":"PropertyValueSpecification","valueRequired":true,"valueName":"search_term_string"}}],"inLanguage":"es"},{"@type":"Organization","@id":"https:\/\/www.participacionciudadana.org\/web\/#organization","name":"Participaci\u00f3n Ciudadana","url":"https:\/\/www.participacionciudadana.org\/web\/","logo":{"@type":"ImageObject","inLanguage":"es","@id":"https:\/\/www.participacionciudadana.org\/web\/#\/schema\/logo\/image\/","url":"https:\/\/www.participacionciudadana.org\/web\/wp-content\/uploads\/2021\/11\/cropped-logo_pc-1.png","contentUrl":"https:\/\/www.participacionciudadana.org\/web\/wp-content\/uploads\/2021\/11\/cropped-logo_pc-1.png","width":340,"height":114,"caption":"Participaci\u00f3n Ciudadana"},"image":{"@id":"https:\/\/www.participacionciudadana.org\/web\/#\/schema\/logo\/image\/"},"sameAs":["https:\/\/www.facebook.com\/ParticipacionPC\/","https:\/\/x.com\/ParticipacionPC"]},{"@type":"Person","@id":"https:\/\/www.participacionciudadana.org\/web\/#\/schema\/person\/92da277b9a5fc1cedc0a6e85361c2607","name":"Pablo Villac\u00eds","image":{"@type":"ImageObject","inLanguage":"es","@id":"https:\/\/www.participacionciudadana.org\/web\/#\/schema\/person\/image\/","url":"https:\/\/secure.gravatar.com\/avatar\/49c3bffa4759b83bd4c3be4b3bfa8fedf40d73773a24bc67c7fdd8dd7db3701d?s=96&d=mm&r=g","contentUrl":"https:\/\/secure.gravatar.com\/avatar\/49c3bffa4759b83bd4c3be4b3bfa8fedf40d73773a24bc67c7fdd8dd7db3701d?s=96&d=mm&r=g","caption":"Pablo Villac\u00eds"},"url":"https:\/\/www.participacionciudadana.org\/web\/author\/pablo-villacis\/"}]}},"_links":{"self":[{"href":"https:\/\/www.participacionciudadana.org\/web\/wp-json\/wp\/v2\/posts\/7051","targetHints":{"allow":["GET"]}}],"collection":[{"href":"https:\/\/www.participacionciudadana.org\/web\/wp-json\/wp\/v2\/posts"}],"about":[{"href":"https:\/\/www.participacionciudadana.org\/web\/wp-json\/wp\/v2\/types\/post"}],"author":[{"embeddable":true,"href":"https:\/\/www.participacionciudadana.org\/web\/wp-json\/wp\/v2\/users\/5"}],"replies":[{"embeddable":true,"href":"https:\/\/www.participacionciudadana.org\/web\/wp-json\/wp\/v2\/comments?post=7051"}],"version-history":[{"count":1,"href":"https:\/\/www.participacionciudadana.org\/web\/wp-json\/wp\/v2\/posts\/7051\/revisions"}],"predecessor-version":[{"id":7057,"href":"https:\/\/www.participacionciudadana.org\/web\/wp-json\/wp\/v2\/posts\/7051\/revisions\/7057"}],"wp:featuredmedia":[{"embeddable":true,"href":"https:\/\/www.participacionciudadana.org\/web\/wp-json\/wp\/v2\/media\/7053"}],"wp:attachment":[{"href":"https:\/\/www.participacionciudadana.org\/web\/wp-json\/wp\/v2\/media?parent=7051"}],"wp:term":[{"taxonomy":"category","embeddable":true,"href":"https:\/\/www.participacionciudadana.org\/web\/wp-json\/wp\/v2\/categories?post=7051"},{"taxonomy":"post_tag","embeddable":true,"href":"https:\/\/www.participacionciudadana.org\/web\/wp-json\/wp\/v2\/tags?post=7051"}],"curies":[{"name":"wp","href":"https:\/\/api.w.org\/{rel}","templated":true}]}}