{"id":7065,"date":"2024-07-15T12:03:16","date_gmt":"2024-07-15T17:03:16","guid":{"rendered":"https:\/\/www.participacionciudadana.org\/web\/?p=7065"},"modified":"2024-07-15T12:11:12","modified_gmt":"2024-07-15T17:11:12","slug":"capacitamos-a-27-funcionarios-del-gad-provincial-de-sucumbios","status":"publish","type":"post","link":"https:\/\/www.participacionciudadana.org\/web\/2024\/07\/15\/capacitamos-a-27-funcionarios-del-gad-provincial-de-sucumbios\/","title":{"rendered":"Capacitamos a 27 funcionarios del GAD provincial de Sucumb\u00edos"},"content":{"rendered":"\n<p>PC capacit\u00f3 a los miembros del Comit\u00e9 de Transparencia sobre el cumplimiento con la Ley Org\u00e1nica de Transparencia y Acceso a la Informaci\u00f3n P\u00fablica (LOTAIP).<\/p>\n\n\n\n<p>El pasado 11 de junio estuvimos en la provincia de Sucumb\u00edos impartiendo el taller sobre la Ley de Transparencia en el GAD provincial de Sucumb\u00edos. All\u00ed beneficiamos a 27 funcionarios del Comit\u00e9 de Transparencia y de otras \u00e1reas afines.<\/p>\n\n\n\n<p>En el taller hablamos de la importancia de cumplir con el art\u00edculo 7 de la LOTAIP, respecto a la transparencia y difusi\u00f3n de informaci\u00f3n p\u00fablica, para brindar un mejor servicio a la ciudadan\u00eda.<\/p>\n\n\n\n<p>Mira lo que nos dijeron los participantes:<\/p>\n\n\n\n<figure class=\"wp-block-embed is-type-rich is-provider-twitter wp-block-embed-twitter\"><div class=\"wp-block-embed__wrapper\">\n<blockquote class=\"twitter-tweet\" data-width=\"500\" data-dnt=\"true\"><p lang=\"es\" dir=\"ltr\">\u25b6\ufe0f  Viajamos a Lago Agrio, <a href=\"https:\/\/twitter.com\/hashtag\/Sucumb%C3%ADos?src=hash&amp;ref_src=twsrc%5Etfw\">#Sucumb\u00edos<\/a> y capacitamos a los funcionarios del GAD provincial en el <a href=\"https:\/\/twitter.com\/hashtag\/TallerLotaip?src=hash&amp;ref_src=twsrc%5Etfw\">#TallerLotaip<\/a>, dentro del proyecto <a href=\"https:\/\/twitter.com\/hashtag\/Amazon%C3%ADaTransparenteEC?src=hash&amp;ref_src=twsrc%5Etfw\">#Amazon\u00edaTransparenteEC<\/a><br><br>\u2705 Hablamos del cumplimiento de la Ley y presentamos la web \u201cFortalecimiento de la Transparencia&quot;.<br><br>????\ufe0f Aqu\u00ed sus testimonios <a href=\"https:\/\/t.co\/s1ybHyX9PE\">pic.twitter.com\/s1ybHyX9PE<\/a><\/p>&mdash; Participaci\u00f3n Ciudadana (@ParticipacionPC) <a href=\"https:\/\/twitter.com\/ParticipacionPC\/status\/1806014016629702662?ref_src=twsrc%5Etfw\">June 26, 2024<\/a><\/blockquote><script async src=\"https:\/\/platform.twitter.com\/widgets.js\" charset=\"utf-8\"><\/script>\n<\/div><\/figure>\n\n\n\n<p>En la capacitaci\u00f3n, nuestros t\u00e9cnicos guiaron a los comit\u00e9s de transparencia en c\u00f3mo responder adecuadamente a los pedidos de informaci\u00f3n p\u00fablica.&nbsp;<\/p>\n\n\n\n<p>En estas jornadas presentamos la plataforma \u201cFortalecimiento de la Transparencia\u201d, una herramienta que busca ser una gu\u00eda para que las instituciones mejoren los niveles de transparencia y rendici\u00f3n de cuentas.<\/p>\n\n\n\n<p>En cada taller se abord\u00f3 a profundidad sobre los contenidos y aplicaci\u00f3n de la Ley Org\u00e1nica de Transparencia y Acceso a la Informaci\u00f3n P\u00fablica, sobre la informaci\u00f3n que debe constar en las p\u00e1ginas web institucionales y el manejo de archivos.<\/p>\n\n\n\n<figure class=\"wp-block-embed is-type-rich is-provider-twitter wp-block-embed-twitter\"><div class=\"wp-block-embed__wrapper\">\n<blockquote class=\"twitter-tweet\" data-width=\"500\" data-dnt=\"true\"><p lang=\"es\" dir=\"ltr\">\u25b6\ufe0f En un ambiente de cordialidad, hoy desarrollamos el <a href=\"https:\/\/twitter.com\/hashtag\/TallerLotaip?src=hash&amp;ref_src=twsrc%5Etfw\">#TallerLotaip<\/a> con 27 funcionarios del GAD Provincial de <a href=\"https:\/\/twitter.com\/hashtag\/Sucumb%C3%ADos?src=hash&amp;ref_src=twsrc%5Etfw\">#Sucumb\u00edos<\/a> y renovamos el compromiso con una <a href=\"https:\/\/twitter.com\/hashtag\/Amazon%C3%ADaTransparenteEC?src=hash&amp;ref_src=twsrc%5Etfw\">#Amazon\u00edaTransparenteEC<\/a><br><br>Hablamos<br>\u2705 Cumplimiento de la <a href=\"https:\/\/twitter.com\/hashtag\/Lotaip?src=hash&amp;ref_src=twsrc%5Etfw\">#Lotaip<\/a><br>\u2705 Presentamos la web \u201cFortalecimiento de la Transparencia&quot; <a href=\"https:\/\/t.co\/9xDY7ffqDW\">pic.twitter.com\/9xDY7ffqDW<\/a><\/p>&mdash; Participaci\u00f3n Ciudadana (@ParticipacionPC) <a href=\"https:\/\/twitter.com\/ParticipacionPC\/status\/1800607497734295982?ref_src=twsrc%5Etfw\">June 11, 2024<\/a><\/blockquote><script async src=\"https:\/\/platform.twitter.com\/widgets.js\" charset=\"utf-8\"><\/script>\n<\/div><\/figure>\n\n\n\n<p>La Corporaci\u00f3n Participaci\u00f3n Ciudadana, dentro del proyecto Amazon\u00eda Transparente, capacita a los Gobiernos Aut\u00f3nomos Descentralizados (GAD) provinciales y municipales en la aplicaci\u00f3n de la nueva Ley Org\u00e1nica de Acceso a la informaci\u00f3n P\u00fablica (LOTAIP). Trabajamos en tres etapas: 1) Evaluaci\u00f3n 2) Acompa\u00f1amiento 3) Capacitaci\u00f3n.&nbsp; Las mismas fortalecen dos componentes de cumplimiento de la LOTAIP 2.0, normativa e instrumentaci\u00f3n t\u00e9cnica, de esta forma las actividades y talleres los desarrollamos  presencialmente.<\/p>\n","protected":false},"excerpt":{"rendered":"<p>PC capacit\u00f3 a los miembros del Comit\u00e9 de Transparencia sobre el cumplimiento con la Ley Org\u00e1nica de Transparencia y Acceso a la Informaci\u00f3n P\u00fablica (LOTAIP). El pasado 11 de junio estuvimos en la provincia de Sucumb\u00edos impartiendo el taller sobre la Ley de Transparencia en el GAD provincial de Sucumb\u00edos. All\u00ed beneficiamos a 27 funcionarios [&hellip;]<\/p>\n","protected":false},"author":5,"featured_media":7066,"comment_status":"open","ping_status":"open","sticky":false,"template":"","format":"standard","meta":{"site-sidebar-layout":"default","site-content-layout":"","ast-site-content-layout":"default","site-content-style":"default","site-sidebar-style":"default","ast-global-header-display":"","ast-banner-title-visibility":"","ast-main-header-display":"","ast-hfb-above-header-display":"","ast-hfb-below-header-display":"","ast-hfb-mobile-header-display":"","site-post-title":"","ast-breadcrumbs-content":"","ast-featured-img":"","footer-sml-layout":"","ast-disable-related-posts":"","theme-transparent-header-meta":"","adv-header-id-meta":"","stick-header-meta":"","header-above-stick-meta":"","header-main-stick-meta":"","header-below-stick-meta":"","astra-migrate-meta-layouts":"set","ast-page-background-enabled":"default","ast-page-background-meta":{"desktop":{"background-color":"","background-image":"","background-repeat":"repeat","background-position":"center center","background-size":"auto","background-attachment":"scroll","background-type":"","background-media":"","overlay-type":"","overlay-color":"","overlay-opacity":"","overlay-gradient":""},"tablet":{"background-color":"","background-image":"","background-repeat":"repeat","background-position":"center center","background-size":"auto","background-attachment":"scroll","background-type":"","background-media":"","overlay-type":"","overlay-color":"","overlay-opacity":"","overlay-gradient":""},"mobile":{"background-color":"","background-image":"","background-repeat":"repeat","background-position":"center center","background-size":"auto","background-attachment":"scroll","background-type":"","background-media":"","overlay-type":"","overlay-color":"","overlay-opacity":"","overlay-gradient":""}},"ast-content-background-meta":{"desktop":{"background-color":"var(--ast-global-color-5)","background-image":"","background-repeat":"repeat","background-position":"center center","background-size":"auto","background-attachment":"scroll","background-type":"","background-media":"","overlay-type":"","overlay-color":"","overlay-opacity":"","overlay-gradient":""},"tablet":{"background-color":"var(--ast-global-color-5)","background-image":"","background-repeat":"repeat","background-position":"center center","background-size":"auto","background-attachment":"scroll","background-type":"","background-media":"","overlay-type":"","overlay-color":"","overlay-opacity":"","overlay-gradient":""},"mobile":{"background-color":"var(--ast-global-color-5)","background-image":"","background-repeat":"repeat","background-position":"center center","background-size":"auto","background-attachment":"scroll","background-type":"","background-media":"","overlay-type":"","overlay-color":"","overlay-opacity":"","overlay-gradient":""}},"_joinchat":[],"footnotes":""},"categories":[29,78,1],"tags":[],"class_list":["post-7065","post","type-post","status-publish","format-standard","has-post-thumbnail","hentry","category-amazonia-transparente","category-boletines","category-sin-categoria"],"yoast_head":"<!-- This site is optimized with the Yoast SEO plugin v26.5 - https:\/\/yoast.com\/wordpress\/plugins\/seo\/ -->\n<title>Capacitamos a 27 funcionarios del GAD provincial de Sucumb\u00edos - Participaci\u00f3n Ciudadana<\/title>\n<meta name=\"robots\" content=\"index, follow, max-snippet:-1, max-image-preview:large, max-video-preview:-1\" \/>\n<link rel=\"canonical\" href=\"https:\/\/www.participacionciudadana.org\/web\/2024\/07\/15\/capacitamos-a-27-funcionarios-del-gad-provincial-de-sucumbios\/\" \/>\n<meta property=\"og:locale\" content=\"es_ES\" \/>\n<meta property=\"og:type\" content=\"article\" \/>\n<meta property=\"og:title\" content=\"Capacitamos a 27 funcionarios del GAD provincial de Sucumb\u00edos - Participaci\u00f3n Ciudadana\" \/>\n<meta property=\"og:description\" content=\"PC capacit\u00f3 a los miembros del Comit\u00e9 de Transparencia sobre el cumplimiento con la Ley Org\u00e1nica de Transparencia y Acceso a la Informaci\u00f3n P\u00fablica (LOTAIP). El pasado 11 de junio estuvimos en la provincia de Sucumb\u00edos impartiendo el taller sobre la Ley de Transparencia en el GAD provincial de Sucumb\u00edos. All\u00ed beneficiamos a 27 funcionarios [&hellip;]\" \/>\n<meta property=\"og:url\" content=\"https:\/\/www.participacionciudadana.org\/web\/2024\/07\/15\/capacitamos-a-27-funcionarios-del-gad-provincial-de-sucumbios\/\" \/>\n<meta property=\"og:site_name\" content=\"Participaci\u00f3n Ciudadana\" \/>\n<meta property=\"article:publisher\" content=\"https:\/\/www.facebook.com\/ParticipacionPC\/\" \/>\n<meta property=\"article:published_time\" content=\"2024-07-15T17:03:16+00:00\" \/>\n<meta property=\"article:modified_time\" content=\"2024-07-15T17:11:12+00:00\" \/>\n<meta property=\"og:image\" content=\"https:\/\/www.participacionciudadana.org\/web\/wp-content\/uploads\/2024\/07\/4916020838768159921.jpg\" \/>\n\t<meta property=\"og:image:width\" content=\"1280\" \/>\n\t<meta property=\"og:image:height\" content=\"1280\" \/>\n\t<meta property=\"og:image:type\" content=\"image\/jpeg\" \/>\n<meta name=\"author\" content=\"Pablo Villac\u00eds\" \/>\n<meta name=\"twitter:card\" content=\"summary_large_image\" \/>\n<meta name=\"twitter:creator\" content=\"@ParticipacionPC\" \/>\n<meta name=\"twitter:site\" content=\"@ParticipacionPC\" \/>\n<meta name=\"twitter:label1\" content=\"Escrito por\" \/>\n\t<meta name=\"twitter:data1\" content=\"Pablo Villac\u00eds\" \/>\n\t<meta name=\"twitter:label2\" content=\"Tiempo de lectura\" \/>\n\t<meta name=\"twitter:data2\" content=\"2 minutos\" \/>\n<script type=\"application\/ld+json\" class=\"yoast-schema-graph\">{\"@context\":\"https:\/\/schema.org\",\"@graph\":[{\"@type\":\"Article\",\"@id\":\"https:\/\/www.participacionciudadana.org\/web\/2024\/07\/15\/capacitamos-a-27-funcionarios-del-gad-provincial-de-sucumbios\/#article\",\"isPartOf\":{\"@id\":\"https:\/\/www.participacionciudadana.org\/web\/2024\/07\/15\/capacitamos-a-27-funcionarios-del-gad-provincial-de-sucumbios\/\"},\"author\":{\"name\":\"Pablo Villac\u00eds\",\"@id\":\"https:\/\/www.participacionciudadana.org\/web\/#\/schema\/person\/92da277b9a5fc1cedc0a6e85361c2607\"},\"headline\":\"Capacitamos a 27 funcionarios del GAD provincial de Sucumb\u00edos\",\"datePublished\":\"2024-07-15T17:03:16+00:00\",\"dateModified\":\"2024-07-15T17:11:12+00:00\",\"mainEntityOfPage\":{\"@id\":\"https:\/\/www.participacionciudadana.org\/web\/2024\/07\/15\/capacitamos-a-27-funcionarios-del-gad-provincial-de-sucumbios\/\"},\"wordCount\":315,\"commentCount\":0,\"publisher\":{\"@id\":\"https:\/\/www.participacionciudadana.org\/web\/#organization\"},\"image\":{\"@id\":\"https:\/\/www.participacionciudadana.org\/web\/2024\/07\/15\/capacitamos-a-27-funcionarios-del-gad-provincial-de-sucumbios\/#primaryimage\"},\"thumbnailUrl\":\"https:\/\/www.participacionciudadana.org\/web\/wp-content\/uploads\/2024\/07\/4916020838768159921.jpg\",\"articleSection\":[\"Amazonia Transparente\",\"Boletines\"],\"inLanguage\":\"es\",\"potentialAction\":[{\"@type\":\"CommentAction\",\"name\":\"Comment\",\"target\":[\"https:\/\/www.participacionciudadana.org\/web\/2024\/07\/15\/capacitamos-a-27-funcionarios-del-gad-provincial-de-sucumbios\/#respond\"]}]},{\"@type\":\"WebPage\",\"@id\":\"https:\/\/www.participacionciudadana.org\/web\/2024\/07\/15\/capacitamos-a-27-funcionarios-del-gad-provincial-de-sucumbios\/\",\"url\":\"https:\/\/www.participacionciudadana.org\/web\/2024\/07\/15\/capacitamos-a-27-funcionarios-del-gad-provincial-de-sucumbios\/\",\"name\":\"Capacitamos a 27 funcionarios del GAD provincial de Sucumb\u00edos - Participaci\u00f3n Ciudadana\",\"isPartOf\":{\"@id\":\"https:\/\/www.participacionciudadana.org\/web\/#website\"},\"primaryImageOfPage\":{\"@id\":\"https:\/\/www.participacionciudadana.org\/web\/2024\/07\/15\/capacitamos-a-27-funcionarios-del-gad-provincial-de-sucumbios\/#primaryimage\"},\"image\":{\"@id\":\"https:\/\/www.participacionciudadana.org\/web\/2024\/07\/15\/capacitamos-a-27-funcionarios-del-gad-provincial-de-sucumbios\/#primaryimage\"},\"thumbnailUrl\":\"https:\/\/www.participacionciudadana.org\/web\/wp-content\/uploads\/2024\/07\/4916020838768159921.jpg\",\"datePublished\":\"2024-07-15T17:03:16+00:00\",\"dateModified\":\"2024-07-15T17:11:12+00:00\",\"breadcrumb\":{\"@id\":\"https:\/\/www.participacionciudadana.org\/web\/2024\/07\/15\/capacitamos-a-27-funcionarios-del-gad-provincial-de-sucumbios\/#breadcrumb\"},\"inLanguage\":\"es\",\"potentialAction\":[{\"@type\":\"ReadAction\",\"target\":[\"https:\/\/www.participacionciudadana.org\/web\/2024\/07\/15\/capacitamos-a-27-funcionarios-del-gad-provincial-de-sucumbios\/\"]}]},{\"@type\":\"ImageObject\",\"inLanguage\":\"es\",\"@id\":\"https:\/\/www.participacionciudadana.org\/web\/2024\/07\/15\/capacitamos-a-27-funcionarios-del-gad-provincial-de-sucumbios\/#primaryimage\",\"url\":\"https:\/\/www.participacionciudadana.org\/web\/wp-content\/uploads\/2024\/07\/4916020838768159921.jpg\",\"contentUrl\":\"https:\/\/www.participacionciudadana.org\/web\/wp-content\/uploads\/2024\/07\/4916020838768159921.jpg\",\"width\":1280,\"height\":1280},{\"@type\":\"BreadcrumbList\",\"@id\":\"https:\/\/www.participacionciudadana.org\/web\/2024\/07\/15\/capacitamos-a-27-funcionarios-del-gad-provincial-de-sucumbios\/#breadcrumb\",\"itemListElement\":[{\"@type\":\"ListItem\",\"position\":1,\"name\":\"Portada\",\"item\":\"https:\/\/www.participacionciudadana.org\/web\/\"},{\"@type\":\"ListItem\",\"position\":2,\"name\":\"Capacitamos a 27 funcionarios del GAD provincial de Sucumb\u00edos\"}]},{\"@type\":\"WebSite\",\"@id\":\"https:\/\/www.participacionciudadana.org\/web\/#website\",\"url\":\"https:\/\/www.participacionciudadana.org\/web\/\",\"name\":\"Participaci\u00f3n Ciudadana\",\"description\":\"Comprometidos con la democracia\",\"publisher\":{\"@id\":\"https:\/\/www.participacionciudadana.org\/web\/#organization\"},\"potentialAction\":[{\"@type\":\"SearchAction\",\"target\":{\"@type\":\"EntryPoint\",\"urlTemplate\":\"https:\/\/www.participacionciudadana.org\/web\/?s={search_term_string}\"},\"query-input\":{\"@type\":\"PropertyValueSpecification\",\"valueRequired\":true,\"valueName\":\"search_term_string\"}}],\"inLanguage\":\"es\"},{\"@type\":\"Organization\",\"@id\":\"https:\/\/www.participacionciudadana.org\/web\/#organization\",\"name\":\"Participaci\u00f3n Ciudadana\",\"url\":\"https:\/\/www.participacionciudadana.org\/web\/\",\"logo\":{\"@type\":\"ImageObject\",\"inLanguage\":\"es\",\"@id\":\"https:\/\/www.participacionciudadana.org\/web\/#\/schema\/logo\/image\/\",\"url\":\"https:\/\/www.participacionciudadana.org\/web\/wp-content\/uploads\/2021\/11\/cropped-logo_pc-1.png\",\"contentUrl\":\"https:\/\/www.participacionciudadana.org\/web\/wp-content\/uploads\/2021\/11\/cropped-logo_pc-1.png\",\"width\":340,\"height\":114,\"caption\":\"Participaci\u00f3n Ciudadana\"},\"image\":{\"@id\":\"https:\/\/www.participacionciudadana.org\/web\/#\/schema\/logo\/image\/\"},\"sameAs\":[\"https:\/\/www.facebook.com\/ParticipacionPC\/\",\"https:\/\/x.com\/ParticipacionPC\"]},{\"@type\":\"Person\",\"@id\":\"https:\/\/www.participacionciudadana.org\/web\/#\/schema\/person\/92da277b9a5fc1cedc0a6e85361c2607\",\"name\":\"Pablo Villac\u00eds\",\"image\":{\"@type\":\"ImageObject\",\"inLanguage\":\"es\",\"@id\":\"https:\/\/www.participacionciudadana.org\/web\/#\/schema\/person\/image\/\",\"url\":\"https:\/\/secure.gravatar.com\/avatar\/49c3bffa4759b83bd4c3be4b3bfa8fedf40d73773a24bc67c7fdd8dd7db3701d?s=96&d=mm&r=g\",\"contentUrl\":\"https:\/\/secure.gravatar.com\/avatar\/49c3bffa4759b83bd4c3be4b3bfa8fedf40d73773a24bc67c7fdd8dd7db3701d?s=96&d=mm&r=g\",\"caption\":\"Pablo Villac\u00eds\"},\"url\":\"https:\/\/www.participacionciudadana.org\/web\/author\/pablo-villacis\/\"}]}<\/script>\n<!-- \/ Yoast SEO plugin. -->","yoast_head_json":{"title":"Capacitamos a 27 funcionarios del GAD provincial de Sucumb\u00edos - Participaci\u00f3n Ciudadana","robots":{"index":"index","follow":"follow","max-snippet":"max-snippet:-1","max-image-preview":"max-image-preview:large","max-video-preview":"max-video-preview:-1"},"canonical":"https:\/\/www.participacionciudadana.org\/web\/2024\/07\/15\/capacitamos-a-27-funcionarios-del-gad-provincial-de-sucumbios\/","og_locale":"es_ES","og_type":"article","og_title":"Capacitamos a 27 funcionarios del GAD provincial de Sucumb\u00edos - Participaci\u00f3n Ciudadana","og_description":"PC capacit\u00f3 a los miembros del Comit\u00e9 de Transparencia sobre el cumplimiento con la Ley Org\u00e1nica de Transparencia y Acceso a la Informaci\u00f3n P\u00fablica (LOTAIP). El pasado 11 de junio estuvimos en la provincia de Sucumb\u00edos impartiendo el taller sobre la Ley de Transparencia en el GAD provincial de Sucumb\u00edos. All\u00ed beneficiamos a 27 funcionarios [&hellip;]","og_url":"https:\/\/www.participacionciudadana.org\/web\/2024\/07\/15\/capacitamos-a-27-funcionarios-del-gad-provincial-de-sucumbios\/","og_site_name":"Participaci\u00f3n Ciudadana","article_publisher":"https:\/\/www.facebook.com\/ParticipacionPC\/","article_published_time":"2024-07-15T17:03:16+00:00","article_modified_time":"2024-07-15T17:11:12+00:00","og_image":[{"width":1280,"height":1280,"url":"https:\/\/www.participacionciudadana.org\/web\/wp-content\/uploads\/2024\/07\/4916020838768159921.jpg","type":"image\/jpeg"}],"author":"Pablo Villac\u00eds","twitter_card":"summary_large_image","twitter_creator":"@ParticipacionPC","twitter_site":"@ParticipacionPC","twitter_misc":{"Escrito por":"Pablo Villac\u00eds","Tiempo de lectura":"2 minutos"},"schema":{"@context":"https:\/\/schema.org","@graph":[{"@type":"Article","@id":"https:\/\/www.participacionciudadana.org\/web\/2024\/07\/15\/capacitamos-a-27-funcionarios-del-gad-provincial-de-sucumbios\/#article","isPartOf":{"@id":"https:\/\/www.participacionciudadana.org\/web\/2024\/07\/15\/capacitamos-a-27-funcionarios-del-gad-provincial-de-sucumbios\/"},"author":{"name":"Pablo Villac\u00eds","@id":"https:\/\/www.participacionciudadana.org\/web\/#\/schema\/person\/92da277b9a5fc1cedc0a6e85361c2607"},"headline":"Capacitamos a 27 funcionarios del GAD provincial de Sucumb\u00edos","datePublished":"2024-07-15T17:03:16+00:00","dateModified":"2024-07-15T17:11:12+00:00","mainEntityOfPage":{"@id":"https:\/\/www.participacionciudadana.org\/web\/2024\/07\/15\/capacitamos-a-27-funcionarios-del-gad-provincial-de-sucumbios\/"},"wordCount":315,"commentCount":0,"publisher":{"@id":"https:\/\/www.participacionciudadana.org\/web\/#organization"},"image":{"@id":"https:\/\/www.participacionciudadana.org\/web\/2024\/07\/15\/capacitamos-a-27-funcionarios-del-gad-provincial-de-sucumbios\/#primaryimage"},"thumbnailUrl":"https:\/\/www.participacionciudadana.org\/web\/wp-content\/uploads\/2024\/07\/4916020838768159921.jpg","articleSection":["Amazonia Transparente","Boletines"],"inLanguage":"es","potentialAction":[{"@type":"CommentAction","name":"Comment","target":["https:\/\/www.participacionciudadana.org\/web\/2024\/07\/15\/capacitamos-a-27-funcionarios-del-gad-provincial-de-sucumbios\/#respond"]}]},{"@type":"WebPage","@id":"https:\/\/www.participacionciudadana.org\/web\/2024\/07\/15\/capacitamos-a-27-funcionarios-del-gad-provincial-de-sucumbios\/","url":"https:\/\/www.participacionciudadana.org\/web\/2024\/07\/15\/capacitamos-a-27-funcionarios-del-gad-provincial-de-sucumbios\/","name":"Capacitamos a 27 funcionarios del GAD provincial de Sucumb\u00edos - Participaci\u00f3n Ciudadana","isPartOf":{"@id":"https:\/\/www.participacionciudadana.org\/web\/#website"},"primaryImageOfPage":{"@id":"https:\/\/www.participacionciudadana.org\/web\/2024\/07\/15\/capacitamos-a-27-funcionarios-del-gad-provincial-de-sucumbios\/#primaryimage"},"image":{"@id":"https:\/\/www.participacionciudadana.org\/web\/2024\/07\/15\/capacitamos-a-27-funcionarios-del-gad-provincial-de-sucumbios\/#primaryimage"},"thumbnailUrl":"https:\/\/www.participacionciudadana.org\/web\/wp-content\/uploads\/2024\/07\/4916020838768159921.jpg","datePublished":"2024-07-15T17:03:16+00:00","dateModified":"2024-07-15T17:11:12+00:00","breadcrumb":{"@id":"https:\/\/www.participacionciudadana.org\/web\/2024\/07\/15\/capacitamos-a-27-funcionarios-del-gad-provincial-de-sucumbios\/#breadcrumb"},"inLanguage":"es","potentialAction":[{"@type":"ReadAction","target":["https:\/\/www.participacionciudadana.org\/web\/2024\/07\/15\/capacitamos-a-27-funcionarios-del-gad-provincial-de-sucumbios\/"]}]},{"@type":"ImageObject","inLanguage":"es","@id":"https:\/\/www.participacionciudadana.org\/web\/2024\/07\/15\/capacitamos-a-27-funcionarios-del-gad-provincial-de-sucumbios\/#primaryimage","url":"https:\/\/www.participacionciudadana.org\/web\/wp-content\/uploads\/2024\/07\/4916020838768159921.jpg","contentUrl":"https:\/\/www.participacionciudadana.org\/web\/wp-content\/uploads\/2024\/07\/4916020838768159921.jpg","width":1280,"height":1280},{"@type":"BreadcrumbList","@id":"https:\/\/www.participacionciudadana.org\/web\/2024\/07\/15\/capacitamos-a-27-funcionarios-del-gad-provincial-de-sucumbios\/#breadcrumb","itemListElement":[{"@type":"ListItem","position":1,"name":"Portada","item":"https:\/\/www.participacionciudadana.org\/web\/"},{"@type":"ListItem","position":2,"name":"Capacitamos a 27 funcionarios del GAD provincial de Sucumb\u00edos"}]},{"@type":"WebSite","@id":"https:\/\/www.participacionciudadana.org\/web\/#website","url":"https:\/\/www.participacionciudadana.org\/web\/","name":"Participaci\u00f3n Ciudadana","description":"Comprometidos con la democracia","publisher":{"@id":"https:\/\/www.participacionciudadana.org\/web\/#organization"},"potentialAction":[{"@type":"SearchAction","target":{"@type":"EntryPoint","urlTemplate":"https:\/\/www.participacionciudadana.org\/web\/?s={search_term_string}"},"query-input":{"@type":"PropertyValueSpecification","valueRequired":true,"valueName":"search_term_string"}}],"inLanguage":"es"},{"@type":"Organization","@id":"https:\/\/www.participacionciudadana.org\/web\/#organization","name":"Participaci\u00f3n Ciudadana","url":"https:\/\/www.participacionciudadana.org\/web\/","logo":{"@type":"ImageObject","inLanguage":"es","@id":"https:\/\/www.participacionciudadana.org\/web\/#\/schema\/logo\/image\/","url":"https:\/\/www.participacionciudadana.org\/web\/wp-content\/uploads\/2021\/11\/cropped-logo_pc-1.png","contentUrl":"https:\/\/www.participacionciudadana.org\/web\/wp-content\/uploads\/2021\/11\/cropped-logo_pc-1.png","width":340,"height":114,"caption":"Participaci\u00f3n Ciudadana"},"image":{"@id":"https:\/\/www.participacionciudadana.org\/web\/#\/schema\/logo\/image\/"},"sameAs":["https:\/\/www.facebook.com\/ParticipacionPC\/","https:\/\/x.com\/ParticipacionPC"]},{"@type":"Person","@id":"https:\/\/www.participacionciudadana.org\/web\/#\/schema\/person\/92da277b9a5fc1cedc0a6e85361c2607","name":"Pablo Villac\u00eds","image":{"@type":"ImageObject","inLanguage":"es","@id":"https:\/\/www.participacionciudadana.org\/web\/#\/schema\/person\/image\/","url":"https:\/\/secure.gravatar.com\/avatar\/49c3bffa4759b83bd4c3be4b3bfa8fedf40d73773a24bc67c7fdd8dd7db3701d?s=96&d=mm&r=g","contentUrl":"https:\/\/secure.gravatar.com\/avatar\/49c3bffa4759b83bd4c3be4b3bfa8fedf40d73773a24bc67c7fdd8dd7db3701d?s=96&d=mm&r=g","caption":"Pablo Villac\u00eds"},"url":"https:\/\/www.participacionciudadana.org\/web\/author\/pablo-villacis\/"}]}},"_links":{"self":[{"href":"https:\/\/www.participacionciudadana.org\/web\/wp-json\/wp\/v2\/posts\/7065","targetHints":{"allow":["GET"]}}],"collection":[{"href":"https:\/\/www.participacionciudadana.org\/web\/wp-json\/wp\/v2\/posts"}],"about":[{"href":"https:\/\/www.participacionciudadana.org\/web\/wp-json\/wp\/v2\/types\/post"}],"author":[{"embeddable":true,"href":"https:\/\/www.participacionciudadana.org\/web\/wp-json\/wp\/v2\/users\/5"}],"replies":[{"embeddable":true,"href":"https:\/\/www.participacionciudadana.org\/web\/wp-json\/wp\/v2\/comments?post=7065"}],"version-history":[{"count":2,"href":"https:\/\/www.participacionciudadana.org\/web\/wp-json\/wp\/v2\/posts\/7065\/revisions"}],"predecessor-version":[{"id":7069,"href":"https:\/\/www.participacionciudadana.org\/web\/wp-json\/wp\/v2\/posts\/7065\/revisions\/7069"}],"wp:featuredmedia":[{"embeddable":true,"href":"https:\/\/www.participacionciudadana.org\/web\/wp-json\/wp\/v2\/media\/7066"}],"wp:attachment":[{"href":"https:\/\/www.participacionciudadana.org\/web\/wp-json\/wp\/v2\/media?parent=7065"}],"wp:term":[{"taxonomy":"category","embeddable":true,"href":"https:\/\/www.participacionciudadana.org\/web\/wp-json\/wp\/v2\/categories?post=7065"},{"taxonomy":"post_tag","embeddable":true,"href":"https:\/\/www.participacionciudadana.org\/web\/wp-json\/wp\/v2\/tags?post=7065"}],"curies":[{"name":"wp","href":"https:\/\/api.w.org\/{rel}","templated":true}]}}