{"id":7082,"date":"2024-07-19T15:50:06","date_gmt":"2024-07-19T20:50:06","guid":{"rendered":"https:\/\/www.participacionciudadana.org\/web\/?p=7082"},"modified":"2024-07-22T12:11:48","modified_gmt":"2024-07-22T17:11:48","slug":"pc-inciste-en-la-nececesidad-de-eliminar-o-restringir-funciones-al-cpccs","status":"publish","type":"post","link":"https:\/\/www.participacionciudadana.org\/web\/2024\/07\/19\/pc-inciste-en-la-nececesidad-de-eliminar-o-restringir-funciones-al-cpccs\/","title":{"rendered":"PC INSISTE EN LA NECECESIDAD DE ELIMINAR O RESTRINGIR FUNCIONES AL CPCCS"},"content":{"rendered":"\n<p>Ante los hechos que son de dominio p\u00fablico, respecto del pol\u00e9mico nombramiento de la Presidencia del Consejo de la Judicatura, la Corporaci\u00f3n Participaci\u00f3n Ciudadana, <strong>reitera la necesidad de retomar el debate sobre la eliminaci\u00f3n de ese organismo,<\/strong> <strong>o en su defecto, restringir sus funciones<\/strong> de organizar los concursos p\u00fablicos de oposici\u00f3n y m\u00e9ritos para la selecci\u00f3n de determinadas autoridades de control.&nbsp;<\/p>\n\n\n\n<p>Desde su g\u00e9nesis, el Consejo de Participaci\u00f3n Ciudadana y Control Social (CPCCS), no ha estado exento de pol\u00e9mica, ha sido el seno de conflictos internos, y la demora en el cumplimiento de sus obligaciones ha sido su principal caracter\u00edstica. Los retrasos en los procesos de selecci\u00f3n de autoridades, ha significado un freno para que el pa\u00eds logre fortalecer la institucionalidad democr\u00e1tica.&nbsp;<\/p>\n\n\n\n<p>Creemos que el CPCCS es un organismo que por sus delicadas funciones, <strong>viene siendo permanentemente objeto de cooptaci\u00f3n por parte de intereses<\/strong> <strong>pol\u00edticos <\/strong>que buscan intervenir en la designaci\u00f3n de los \u00f3rganos de control, situaci\u00f3n que <strong>contradice el esp\u00edritu de su creaci\u00f3n, que fue el de quitar de manos pol\u00edticas la designaci\u00f3n de las autoridades m\u00e1s importantes del pa\u00eds.&nbsp;<\/strong><\/p>\n\n\n\n<p>PC, ha venido hist\u00f3ricamente cuestionando tanto la existencia misma del organismo mencionado, as\u00ed como los mecanismos que utiliza para la selecci\u00f3n de autoridades, pues se ha demostrado su fragilidad y vulnerabilidad frente a los intereses pol\u00edticos; gobiernos de turno, y\/o otras instancias de presi\u00f3n. Reiteradamente, PC ha advertido que <strong>los concursos desarrollados por el CPCCS no acreditan imparcialidad<\/strong>, pues en la mayor\u00eda de los casos, quienes han resultado&nbsp; electos han sido&nbsp; personas vinculadas al gobierno de turno, viciando el esp\u00edritu de imparcialidad que deber\u00eda primar en estas designaciones.&nbsp;<\/p>\n\n\n\n<p>Respecto a su rol de defensa y protecci\u00f3n del ejercicio de derechos de participaci\u00f3n y control, su actuaci\u00f3n ha sido igualmente deficiente, pues <strong>no han habido acciones que evidencien el cumplimiento a cabalidad de estas obligaciones.<\/strong> Por lo tanto, consideramos que el dise\u00f1o institucional (tanto del CPCCS cuanto de las comisiones ciudadanas y estructura misma de los concursos), <strong>no funciona ni cumple con sus objetivos.&nbsp; &nbsp;<\/strong><\/p>\n\n\n\n<p>Consecuentemente, PC insiste en <strong>la necesidad urgente de encontrar mecanismos que permitan: ya sea la eliminaci\u00f3n del CPCCS, o al menos el retiro de la atribuci\u00f3n de elegir autoridades.<\/strong><\/p>\n\n\n\n<p>Si la sociedad,&nbsp; y la clase pol\u00edtica&nbsp; no toma acciones, con la urgencia y celeridad que la situaci\u00f3n amerita, se corre el riesgo de continuar eligiendo autoridades de control sobre la base de procesos cuestionados, lentos, ineficientes y&nbsp; sin credibilidad y consecuentemente, debilitando a\u00fan m\u00e1s la democracia ecuatoriana.&nbsp;<\/p>\n","protected":false},"excerpt":{"rendered":"<p>Ante los hechos que son de dominio p\u00fablico, respecto del pol\u00e9mico nombramiento de la Presidencia del Consejo de la Judicatura, la Corporaci\u00f3n Participaci\u00f3n Ciudadana, reitera la necesidad de retomar el debate sobre la eliminaci\u00f3n de ese organismo, o en su defecto, restringir sus funciones de organizar los concursos p\u00fablicos de oposici\u00f3n y m\u00e9ritos para la [&hellip;]<\/p>\n","protected":false},"author":5,"featured_media":7086,"comment_status":"open","ping_status":"open","sticky":false,"template":"","format":"standard","meta":{"site-sidebar-layout":"default","site-content-layout":"","ast-site-content-layout":"default","site-content-style":"default","site-sidebar-style":"default","ast-global-header-display":"","ast-banner-title-visibility":"","ast-main-header-display":"","ast-hfb-above-header-display":"","ast-hfb-below-header-display":"","ast-hfb-mobile-header-display":"","site-post-title":"","ast-breadcrumbs-content":"","ast-featured-img":"","footer-sml-layout":"","ast-disable-related-posts":"","theme-transparent-header-meta":"","adv-header-id-meta":"","stick-header-meta":"","header-above-stick-meta":"","header-main-stick-meta":"","header-below-stick-meta":"","astra-migrate-meta-layouts":"set","ast-page-background-enabled":"default","ast-page-background-meta":{"desktop":{"background-color":"","background-image":"","background-repeat":"repeat","background-position":"center center","background-size":"auto","background-attachment":"scroll","background-type":"","background-media":"","overlay-type":"","overlay-color":"","overlay-opacity":"","overlay-gradient":""},"tablet":{"background-color":"","background-image":"","background-repeat":"repeat","background-position":"center center","background-size":"auto","background-attachment":"scroll","background-type":"","background-media":"","overlay-type":"","overlay-color":"","overlay-opacity":"","overlay-gradient":""},"mobile":{"background-color":"","background-image":"","background-repeat":"repeat","background-position":"center center","background-size":"auto","background-attachment":"scroll","background-type":"","background-media":"","overlay-type":"","overlay-color":"","overlay-opacity":"","overlay-gradient":""}},"ast-content-background-meta":{"desktop":{"background-color":"var(--ast-global-color-5)","background-image":"","background-repeat":"repeat","background-position":"center center","background-size":"auto","background-attachment":"scroll","background-type":"","background-media":"","overlay-type":"","overlay-color":"","overlay-opacity":"","overlay-gradient":""},"tablet":{"background-color":"var(--ast-global-color-5)","background-image":"","background-repeat":"repeat","background-position":"center center","background-size":"auto","background-attachment":"scroll","background-type":"","background-media":"","overlay-type":"","overlay-color":"","overlay-opacity":"","overlay-gradient":""},"mobile":{"background-color":"var(--ast-global-color-5)","background-image":"","background-repeat":"repeat","background-position":"center center","background-size":"auto","background-attachment":"scroll","background-type":"","background-media":"","overlay-type":"","overlay-color":"","overlay-opacity":"","overlay-gradient":""}},"_joinchat":[],"footnotes":""},"categories":[23,77,1],"tags":[],"class_list":["post-7082","post","type-post","status-publish","format-standard","has-post-thumbnail","hentry","category-comunicacion","category-comunicados","category-sin-categoria"],"yoast_head":"<!-- This site is optimized with the Yoast SEO plugin v26.5 - https:\/\/yoast.com\/wordpress\/plugins\/seo\/ -->\n<title>PC INSISTE EN LA NECECESIDAD DE ELIMINAR O RESTRINGIR FUNCIONES AL CPCCS - Participaci\u00f3n Ciudadana<\/title>\n<meta name=\"robots\" content=\"index, follow, max-snippet:-1, max-image-preview:large, max-video-preview:-1\" \/>\n<link rel=\"canonical\" href=\"https:\/\/www.participacionciudadana.org\/web\/2024\/07\/19\/pc-inciste-en-la-nececesidad-de-eliminar-o-restringir-funciones-al-cpccs\/\" \/>\n<meta property=\"og:locale\" content=\"es_ES\" \/>\n<meta property=\"og:type\" content=\"article\" \/>\n<meta property=\"og:title\" content=\"PC INSISTE EN LA NECECESIDAD DE ELIMINAR O RESTRINGIR FUNCIONES AL CPCCS - Participaci\u00f3n Ciudadana\" \/>\n<meta property=\"og:description\" content=\"Ante los hechos que son de dominio p\u00fablico, respecto del pol\u00e9mico nombramiento de la Presidencia del Consejo de la Judicatura, la Corporaci\u00f3n Participaci\u00f3n Ciudadana, reitera la necesidad de retomar el debate sobre la eliminaci\u00f3n de ese organismo, o en su defecto, restringir sus funciones de organizar los concursos p\u00fablicos de oposici\u00f3n y m\u00e9ritos para la [&hellip;]\" \/>\n<meta property=\"og:url\" content=\"https:\/\/www.participacionciudadana.org\/web\/2024\/07\/19\/pc-inciste-en-la-nececesidad-de-eliminar-o-restringir-funciones-al-cpccs\/\" \/>\n<meta property=\"og:site_name\" content=\"Participaci\u00f3n Ciudadana\" \/>\n<meta property=\"article:publisher\" content=\"https:\/\/www.facebook.com\/ParticipacionPC\/\" \/>\n<meta property=\"article:published_time\" content=\"2024-07-19T20:50:06+00:00\" \/>\n<meta property=\"article:modified_time\" content=\"2024-07-22T17:11:48+00:00\" \/>\n<meta property=\"og:image\" content=\"https:\/\/www.participacionciudadana.org\/web\/wp-content\/uploads\/2024\/07\/PC1.jpg\" \/>\n\t<meta property=\"og:image:width\" content=\"887\" \/>\n\t<meta property=\"og:image:height\" content=\"1200\" \/>\n\t<meta property=\"og:image:type\" content=\"image\/jpeg\" \/>\n<meta name=\"author\" content=\"Pablo Villac\u00eds\" \/>\n<meta name=\"twitter:card\" content=\"summary_large_image\" \/>\n<meta name=\"twitter:creator\" content=\"@ParticipacionPC\" \/>\n<meta name=\"twitter:site\" content=\"@ParticipacionPC\" \/>\n<meta name=\"twitter:label1\" content=\"Escrito por\" \/>\n\t<meta name=\"twitter:data1\" content=\"Pablo Villac\u00eds\" \/>\n\t<meta name=\"twitter:label2\" content=\"Tiempo de lectura\" \/>\n\t<meta name=\"twitter:data2\" content=\"2 minutos\" \/>\n<script type=\"application\/ld+json\" class=\"yoast-schema-graph\">{\"@context\":\"https:\/\/schema.org\",\"@graph\":[{\"@type\":\"Article\",\"@id\":\"https:\/\/www.participacionciudadana.org\/web\/2024\/07\/19\/pc-inciste-en-la-nececesidad-de-eliminar-o-restringir-funciones-al-cpccs\/#article\",\"isPartOf\":{\"@id\":\"https:\/\/www.participacionciudadana.org\/web\/2024\/07\/19\/pc-inciste-en-la-nececesidad-de-eliminar-o-restringir-funciones-al-cpccs\/\"},\"author\":{\"name\":\"Pablo Villac\u00eds\",\"@id\":\"https:\/\/www.participacionciudadana.org\/web\/#\/schema\/person\/92da277b9a5fc1cedc0a6e85361c2607\"},\"headline\":\"PC INSISTE EN LA NECECESIDAD DE ELIMINAR O RESTRINGIR FUNCIONES AL CPCCS\",\"datePublished\":\"2024-07-19T20:50:06+00:00\",\"dateModified\":\"2024-07-22T17:11:48+00:00\",\"mainEntityOfPage\":{\"@id\":\"https:\/\/www.participacionciudadana.org\/web\/2024\/07\/19\/pc-inciste-en-la-nececesidad-de-eliminar-o-restringir-funciones-al-cpccs\/\"},\"wordCount\":479,\"commentCount\":0,\"publisher\":{\"@id\":\"https:\/\/www.participacionciudadana.org\/web\/#organization\"},\"image\":{\"@id\":\"https:\/\/www.participacionciudadana.org\/web\/2024\/07\/19\/pc-inciste-en-la-nececesidad-de-eliminar-o-restringir-funciones-al-cpccs\/#primaryimage\"},\"thumbnailUrl\":\"https:\/\/www.participacionciudadana.org\/web\/wp-content\/uploads\/2024\/07\/PC1.jpg\",\"articleSection\":[\"Comunicaci\u00f3n\",\"Comunicados\"],\"inLanguage\":\"es\",\"potentialAction\":[{\"@type\":\"CommentAction\",\"name\":\"Comment\",\"target\":[\"https:\/\/www.participacionciudadana.org\/web\/2024\/07\/19\/pc-inciste-en-la-nececesidad-de-eliminar-o-restringir-funciones-al-cpccs\/#respond\"]}]},{\"@type\":\"WebPage\",\"@id\":\"https:\/\/www.participacionciudadana.org\/web\/2024\/07\/19\/pc-inciste-en-la-nececesidad-de-eliminar-o-restringir-funciones-al-cpccs\/\",\"url\":\"https:\/\/www.participacionciudadana.org\/web\/2024\/07\/19\/pc-inciste-en-la-nececesidad-de-eliminar-o-restringir-funciones-al-cpccs\/\",\"name\":\"PC INSISTE EN LA NECECESIDAD DE ELIMINAR O RESTRINGIR FUNCIONES AL CPCCS - Participaci\u00f3n Ciudadana\",\"isPartOf\":{\"@id\":\"https:\/\/www.participacionciudadana.org\/web\/#website\"},\"primaryImageOfPage\":{\"@id\":\"https:\/\/www.participacionciudadana.org\/web\/2024\/07\/19\/pc-inciste-en-la-nececesidad-de-eliminar-o-restringir-funciones-al-cpccs\/#primaryimage\"},\"image\":{\"@id\":\"https:\/\/www.participacionciudadana.org\/web\/2024\/07\/19\/pc-inciste-en-la-nececesidad-de-eliminar-o-restringir-funciones-al-cpccs\/#primaryimage\"},\"thumbnailUrl\":\"https:\/\/www.participacionciudadana.org\/web\/wp-content\/uploads\/2024\/07\/PC1.jpg\",\"datePublished\":\"2024-07-19T20:50:06+00:00\",\"dateModified\":\"2024-07-22T17:11:48+00:00\",\"breadcrumb\":{\"@id\":\"https:\/\/www.participacionciudadana.org\/web\/2024\/07\/19\/pc-inciste-en-la-nececesidad-de-eliminar-o-restringir-funciones-al-cpccs\/#breadcrumb\"},\"inLanguage\":\"es\",\"potentialAction\":[{\"@type\":\"ReadAction\",\"target\":[\"https:\/\/www.participacionciudadana.org\/web\/2024\/07\/19\/pc-inciste-en-la-nececesidad-de-eliminar-o-restringir-funciones-al-cpccs\/\"]}]},{\"@type\":\"ImageObject\",\"inLanguage\":\"es\",\"@id\":\"https:\/\/www.participacionciudadana.org\/web\/2024\/07\/19\/pc-inciste-en-la-nececesidad-de-eliminar-o-restringir-funciones-al-cpccs\/#primaryimage\",\"url\":\"https:\/\/www.participacionciudadana.org\/web\/wp-content\/uploads\/2024\/07\/PC1.jpg\",\"contentUrl\":\"https:\/\/www.participacionciudadana.org\/web\/wp-content\/uploads\/2024\/07\/PC1.jpg\",\"width\":887,\"height\":1200},{\"@type\":\"BreadcrumbList\",\"@id\":\"https:\/\/www.participacionciudadana.org\/web\/2024\/07\/19\/pc-inciste-en-la-nececesidad-de-eliminar-o-restringir-funciones-al-cpccs\/#breadcrumb\",\"itemListElement\":[{\"@type\":\"ListItem\",\"position\":1,\"name\":\"Portada\",\"item\":\"https:\/\/www.participacionciudadana.org\/web\/\"},{\"@type\":\"ListItem\",\"position\":2,\"name\":\"PC INSISTE EN LA NECECESIDAD DE ELIMINAR O RESTRINGIR FUNCIONES AL CPCCS\"}]},{\"@type\":\"WebSite\",\"@id\":\"https:\/\/www.participacionciudadana.org\/web\/#website\",\"url\":\"https:\/\/www.participacionciudadana.org\/web\/\",\"name\":\"Participaci\u00f3n Ciudadana\",\"description\":\"Comprometidos con la democracia\",\"publisher\":{\"@id\":\"https:\/\/www.participacionciudadana.org\/web\/#organization\"},\"potentialAction\":[{\"@type\":\"SearchAction\",\"target\":{\"@type\":\"EntryPoint\",\"urlTemplate\":\"https:\/\/www.participacionciudadana.org\/web\/?s={search_term_string}\"},\"query-input\":{\"@type\":\"PropertyValueSpecification\",\"valueRequired\":true,\"valueName\":\"search_term_string\"}}],\"inLanguage\":\"es\"},{\"@type\":\"Organization\",\"@id\":\"https:\/\/www.participacionciudadana.org\/web\/#organization\",\"name\":\"Participaci\u00f3n Ciudadana\",\"url\":\"https:\/\/www.participacionciudadana.org\/web\/\",\"logo\":{\"@type\":\"ImageObject\",\"inLanguage\":\"es\",\"@id\":\"https:\/\/www.participacionciudadana.org\/web\/#\/schema\/logo\/image\/\",\"url\":\"https:\/\/www.participacionciudadana.org\/web\/wp-content\/uploads\/2021\/11\/cropped-logo_pc-1.png\",\"contentUrl\":\"https:\/\/www.participacionciudadana.org\/web\/wp-content\/uploads\/2021\/11\/cropped-logo_pc-1.png\",\"width\":340,\"height\":114,\"caption\":\"Participaci\u00f3n Ciudadana\"},\"image\":{\"@id\":\"https:\/\/www.participacionciudadana.org\/web\/#\/schema\/logo\/image\/\"},\"sameAs\":[\"https:\/\/www.facebook.com\/ParticipacionPC\/\",\"https:\/\/x.com\/ParticipacionPC\"]},{\"@type\":\"Person\",\"@id\":\"https:\/\/www.participacionciudadana.org\/web\/#\/schema\/person\/92da277b9a5fc1cedc0a6e85361c2607\",\"name\":\"Pablo Villac\u00eds\",\"image\":{\"@type\":\"ImageObject\",\"inLanguage\":\"es\",\"@id\":\"https:\/\/www.participacionciudadana.org\/web\/#\/schema\/person\/image\/\",\"url\":\"https:\/\/secure.gravatar.com\/avatar\/49c3bffa4759b83bd4c3be4b3bfa8fedf40d73773a24bc67c7fdd8dd7db3701d?s=96&d=mm&r=g\",\"contentUrl\":\"https:\/\/secure.gravatar.com\/avatar\/49c3bffa4759b83bd4c3be4b3bfa8fedf40d73773a24bc67c7fdd8dd7db3701d?s=96&d=mm&r=g\",\"caption\":\"Pablo Villac\u00eds\"},\"url\":\"https:\/\/www.participacionciudadana.org\/web\/author\/pablo-villacis\/\"}]}<\/script>\n<!-- \/ Yoast SEO plugin. -->","yoast_head_json":{"title":"PC INSISTE EN LA NECECESIDAD DE ELIMINAR O RESTRINGIR FUNCIONES AL CPCCS - Participaci\u00f3n Ciudadana","robots":{"index":"index","follow":"follow","max-snippet":"max-snippet:-1","max-image-preview":"max-image-preview:large","max-video-preview":"max-video-preview:-1"},"canonical":"https:\/\/www.participacionciudadana.org\/web\/2024\/07\/19\/pc-inciste-en-la-nececesidad-de-eliminar-o-restringir-funciones-al-cpccs\/","og_locale":"es_ES","og_type":"article","og_title":"PC INSISTE EN LA NECECESIDAD DE ELIMINAR O RESTRINGIR FUNCIONES AL CPCCS - Participaci\u00f3n Ciudadana","og_description":"Ante los hechos que son de dominio p\u00fablico, respecto del pol\u00e9mico nombramiento de la Presidencia del Consejo de la Judicatura, la Corporaci\u00f3n Participaci\u00f3n Ciudadana, reitera la necesidad de retomar el debate sobre la eliminaci\u00f3n de ese organismo, o en su defecto, restringir sus funciones de organizar los concursos p\u00fablicos de oposici\u00f3n y m\u00e9ritos para la [&hellip;]","og_url":"https:\/\/www.participacionciudadana.org\/web\/2024\/07\/19\/pc-inciste-en-la-nececesidad-de-eliminar-o-restringir-funciones-al-cpccs\/","og_site_name":"Participaci\u00f3n Ciudadana","article_publisher":"https:\/\/www.facebook.com\/ParticipacionPC\/","article_published_time":"2024-07-19T20:50:06+00:00","article_modified_time":"2024-07-22T17:11:48+00:00","og_image":[{"width":887,"height":1200,"url":"https:\/\/www.participacionciudadana.org\/web\/wp-content\/uploads\/2024\/07\/PC1.jpg","type":"image\/jpeg"}],"author":"Pablo Villac\u00eds","twitter_card":"summary_large_image","twitter_creator":"@ParticipacionPC","twitter_site":"@ParticipacionPC","twitter_misc":{"Escrito por":"Pablo Villac\u00eds","Tiempo de lectura":"2 minutos"},"schema":{"@context":"https:\/\/schema.org","@graph":[{"@type":"Article","@id":"https:\/\/www.participacionciudadana.org\/web\/2024\/07\/19\/pc-inciste-en-la-nececesidad-de-eliminar-o-restringir-funciones-al-cpccs\/#article","isPartOf":{"@id":"https:\/\/www.participacionciudadana.org\/web\/2024\/07\/19\/pc-inciste-en-la-nececesidad-de-eliminar-o-restringir-funciones-al-cpccs\/"},"author":{"name":"Pablo Villac\u00eds","@id":"https:\/\/www.participacionciudadana.org\/web\/#\/schema\/person\/92da277b9a5fc1cedc0a6e85361c2607"},"headline":"PC INSISTE EN LA NECECESIDAD DE ELIMINAR O RESTRINGIR FUNCIONES AL CPCCS","datePublished":"2024-07-19T20:50:06+00:00","dateModified":"2024-07-22T17:11:48+00:00","mainEntityOfPage":{"@id":"https:\/\/www.participacionciudadana.org\/web\/2024\/07\/19\/pc-inciste-en-la-nececesidad-de-eliminar-o-restringir-funciones-al-cpccs\/"},"wordCount":479,"commentCount":0,"publisher":{"@id":"https:\/\/www.participacionciudadana.org\/web\/#organization"},"image":{"@id":"https:\/\/www.participacionciudadana.org\/web\/2024\/07\/19\/pc-inciste-en-la-nececesidad-de-eliminar-o-restringir-funciones-al-cpccs\/#primaryimage"},"thumbnailUrl":"https:\/\/www.participacionciudadana.org\/web\/wp-content\/uploads\/2024\/07\/PC1.jpg","articleSection":["Comunicaci\u00f3n","Comunicados"],"inLanguage":"es","potentialAction":[{"@type":"CommentAction","name":"Comment","target":["https:\/\/www.participacionciudadana.org\/web\/2024\/07\/19\/pc-inciste-en-la-nececesidad-de-eliminar-o-restringir-funciones-al-cpccs\/#respond"]}]},{"@type":"WebPage","@id":"https:\/\/www.participacionciudadana.org\/web\/2024\/07\/19\/pc-inciste-en-la-nececesidad-de-eliminar-o-restringir-funciones-al-cpccs\/","url":"https:\/\/www.participacionciudadana.org\/web\/2024\/07\/19\/pc-inciste-en-la-nececesidad-de-eliminar-o-restringir-funciones-al-cpccs\/","name":"PC INSISTE EN LA NECECESIDAD DE ELIMINAR O RESTRINGIR FUNCIONES AL CPCCS - Participaci\u00f3n Ciudadana","isPartOf":{"@id":"https:\/\/www.participacionciudadana.org\/web\/#website"},"primaryImageOfPage":{"@id":"https:\/\/www.participacionciudadana.org\/web\/2024\/07\/19\/pc-inciste-en-la-nececesidad-de-eliminar-o-restringir-funciones-al-cpccs\/#primaryimage"},"image":{"@id":"https:\/\/www.participacionciudadana.org\/web\/2024\/07\/19\/pc-inciste-en-la-nececesidad-de-eliminar-o-restringir-funciones-al-cpccs\/#primaryimage"},"thumbnailUrl":"https:\/\/www.participacionciudadana.org\/web\/wp-content\/uploads\/2024\/07\/PC1.jpg","datePublished":"2024-07-19T20:50:06+00:00","dateModified":"2024-07-22T17:11:48+00:00","breadcrumb":{"@id":"https:\/\/www.participacionciudadana.org\/web\/2024\/07\/19\/pc-inciste-en-la-nececesidad-de-eliminar-o-restringir-funciones-al-cpccs\/#breadcrumb"},"inLanguage":"es","potentialAction":[{"@type":"ReadAction","target":["https:\/\/www.participacionciudadana.org\/web\/2024\/07\/19\/pc-inciste-en-la-nececesidad-de-eliminar-o-restringir-funciones-al-cpccs\/"]}]},{"@type":"ImageObject","inLanguage":"es","@id":"https:\/\/www.participacionciudadana.org\/web\/2024\/07\/19\/pc-inciste-en-la-nececesidad-de-eliminar-o-restringir-funciones-al-cpccs\/#primaryimage","url":"https:\/\/www.participacionciudadana.org\/web\/wp-content\/uploads\/2024\/07\/PC1.jpg","contentUrl":"https:\/\/www.participacionciudadana.org\/web\/wp-content\/uploads\/2024\/07\/PC1.jpg","width":887,"height":1200},{"@type":"BreadcrumbList","@id":"https:\/\/www.participacionciudadana.org\/web\/2024\/07\/19\/pc-inciste-en-la-nececesidad-de-eliminar-o-restringir-funciones-al-cpccs\/#breadcrumb","itemListElement":[{"@type":"ListItem","position":1,"name":"Portada","item":"https:\/\/www.participacionciudadana.org\/web\/"},{"@type":"ListItem","position":2,"name":"PC INSISTE EN LA NECECESIDAD DE ELIMINAR O RESTRINGIR FUNCIONES AL CPCCS"}]},{"@type":"WebSite","@id":"https:\/\/www.participacionciudadana.org\/web\/#website","url":"https:\/\/www.participacionciudadana.org\/web\/","name":"Participaci\u00f3n Ciudadana","description":"Comprometidos con la democracia","publisher":{"@id":"https:\/\/www.participacionciudadana.org\/web\/#organization"},"potentialAction":[{"@type":"SearchAction","target":{"@type":"EntryPoint","urlTemplate":"https:\/\/www.participacionciudadana.org\/web\/?s={search_term_string}"},"query-input":{"@type":"PropertyValueSpecification","valueRequired":true,"valueName":"search_term_string"}}],"inLanguage":"es"},{"@type":"Organization","@id":"https:\/\/www.participacionciudadana.org\/web\/#organization","name":"Participaci\u00f3n Ciudadana","url":"https:\/\/www.participacionciudadana.org\/web\/","logo":{"@type":"ImageObject","inLanguage":"es","@id":"https:\/\/www.participacionciudadana.org\/web\/#\/schema\/logo\/image\/","url":"https:\/\/www.participacionciudadana.org\/web\/wp-content\/uploads\/2021\/11\/cropped-logo_pc-1.png","contentUrl":"https:\/\/www.participacionciudadana.org\/web\/wp-content\/uploads\/2021\/11\/cropped-logo_pc-1.png","width":340,"height":114,"caption":"Participaci\u00f3n Ciudadana"},"image":{"@id":"https:\/\/www.participacionciudadana.org\/web\/#\/schema\/logo\/image\/"},"sameAs":["https:\/\/www.facebook.com\/ParticipacionPC\/","https:\/\/x.com\/ParticipacionPC"]},{"@type":"Person","@id":"https:\/\/www.participacionciudadana.org\/web\/#\/schema\/person\/92da277b9a5fc1cedc0a6e85361c2607","name":"Pablo Villac\u00eds","image":{"@type":"ImageObject","inLanguage":"es","@id":"https:\/\/www.participacionciudadana.org\/web\/#\/schema\/person\/image\/","url":"https:\/\/secure.gravatar.com\/avatar\/49c3bffa4759b83bd4c3be4b3bfa8fedf40d73773a24bc67c7fdd8dd7db3701d?s=96&d=mm&r=g","contentUrl":"https:\/\/secure.gravatar.com\/avatar\/49c3bffa4759b83bd4c3be4b3bfa8fedf40d73773a24bc67c7fdd8dd7db3701d?s=96&d=mm&r=g","caption":"Pablo Villac\u00eds"},"url":"https:\/\/www.participacionciudadana.org\/web\/author\/pablo-villacis\/"}]}},"_links":{"self":[{"href":"https:\/\/www.participacionciudadana.org\/web\/wp-json\/wp\/v2\/posts\/7082","targetHints":{"allow":["GET"]}}],"collection":[{"href":"https:\/\/www.participacionciudadana.org\/web\/wp-json\/wp\/v2\/posts"}],"about":[{"href":"https:\/\/www.participacionciudadana.org\/web\/wp-json\/wp\/v2\/types\/post"}],"author":[{"embeddable":true,"href":"https:\/\/www.participacionciudadana.org\/web\/wp-json\/wp\/v2\/users\/5"}],"replies":[{"embeddable":true,"href":"https:\/\/www.participacionciudadana.org\/web\/wp-json\/wp\/v2\/comments?post=7082"}],"version-history":[{"count":3,"href":"https:\/\/www.participacionciudadana.org\/web\/wp-json\/wp\/v2\/posts\/7082\/revisions"}],"predecessor-version":[{"id":7087,"href":"https:\/\/www.participacionciudadana.org\/web\/wp-json\/wp\/v2\/posts\/7082\/revisions\/7087"}],"wp:featuredmedia":[{"embeddable":true,"href":"https:\/\/www.participacionciudadana.org\/web\/wp-json\/wp\/v2\/media\/7086"}],"wp:attachment":[{"href":"https:\/\/www.participacionciudadana.org\/web\/wp-json\/wp\/v2\/media?parent=7082"}],"wp:term":[{"taxonomy":"category","embeddable":true,"href":"https:\/\/www.participacionciudadana.org\/web\/wp-json\/wp\/v2\/categories?post=7082"},{"taxonomy":"post_tag","embeddable":true,"href":"https:\/\/www.participacionciudadana.org\/web\/wp-json\/wp\/v2\/tags?post=7082"}],"curies":[{"name":"wp","href":"https:\/\/api.w.org\/{rel}","templated":true}]}}