{"id":7245,"date":"2024-12-03T05:59:49","date_gmt":"2024-12-03T10:59:49","guid":{"rendered":"https:\/\/www.participacionciudadana.org\/web\/?p=7245"},"modified":"2024-12-18T07:12:38","modified_gmt":"2024-12-18T12:12:38","slug":"amazonia-transparente-comprometida-con-el-fortalecimiento-de-la-amazonia","status":"publish","type":"post","link":"https:\/\/www.participacionciudadana.org\/web\/2024\/12\/03\/amazonia-transparente-comprometida-con-el-fortalecimiento-de-la-amazonia\/","title":{"rendered":"Amazon\u00eda Transparente comprometida con el fortalecimiento de la Amazon\u00eda"},"content":{"rendered":"\n<p>La Corporaci\u00f3n Participaci\u00f3n Ciudadana, en el marco del proyecto Amazon\u00eda Transparente que ejecuta junto a las organizaciones Ecolex y Cordes, con el apoyo de la Embajada de Estados Unidos en Ecuador, continuar\u00e1 trabajando los dos pr\u00f3ximos a\u00f1os (2024 &#8211; 2026) por el fortalecimiento de las capacidades t\u00e9cnicas y operativas de actores p\u00fablicos y de sociedad civil de la Amazon\u00eda y de la Sierra ecuatoriana.<\/p>\n\n\n\n<p>En ese contexto, el martes pasado 3 de diciembre, t\u00e9cnicos del proyecto Amazon\u00eda Transparente ofrecieron talleres de capacitaci\u00f3n sobre el &#8220;Mecanismos de Participaci\u00f3n Ciudadana&#8221; y &#8220;Cumplimiento de la Ley de Transparencia (LOTAIP)&#8221;, dirigido a funcionarios del Gobierno Provincial de Sucumb\u00edos, actividad que cont\u00f3 con la visita de Lewis May, Coordinador del Fondo de Transparencia Fiscal e Innovaci\u00f3n y de representantes de la Embajada. Mientras que el 4 de diciembre, la comitiva tambi\u00e9n visit\u00f3 a dos comunidades ind\u00edgenas de Orellana, beneficiadas con la formaci\u00f3n de t\u00e9cnicos en elaboraci\u00f3n de proyectos de desarrollo y que postularon para el fondo com\u00fan.<\/p>\n\n\n\n<figure class=\"wp-block-image size-large\"><img fetchpriority=\"high\" decoding=\"async\" width=\"1024\" height=\"682\" src=\"https:\/\/www.participacionciudadana.org\/web\/wp-content\/uploads\/2024\/12\/WhatsApp-Image-2024-12-03-at-4.19.15-PM-3-1-1024x682.jpeg\" alt=\"\" class=\"wp-image-7264\" srcset=\"https:\/\/www.participacionciudadana.org\/web\/wp-content\/uploads\/2024\/12\/WhatsApp-Image-2024-12-03-at-4.19.15-PM-3-1-1024x682.jpeg 1024w, https:\/\/www.participacionciudadana.org\/web\/wp-content\/uploads\/2024\/12\/WhatsApp-Image-2024-12-03-at-4.19.15-PM-3-1-300x200.jpeg 300w, https:\/\/www.participacionciudadana.org\/web\/wp-content\/uploads\/2024\/12\/WhatsApp-Image-2024-12-03-at-4.19.15-PM-3-1-768x512.jpeg 768w, https:\/\/www.participacionciudadana.org\/web\/wp-content\/uploads\/2024\/12\/WhatsApp-Image-2024-12-03-at-4.19.15-PM-3-1-1536x1023.jpeg 1536w, https:\/\/www.participacionciudadana.org\/web\/wp-content\/uploads\/2024\/12\/WhatsApp-Image-2024-12-03-at-4.19.15-PM-3-1-1200x800.jpeg 1200w, https:\/\/www.participacionciudadana.org\/web\/wp-content\/uploads\/2024\/12\/WhatsApp-Image-2024-12-03-at-4.19.15-PM-3-1.jpeg 1600w\" sizes=\"(max-width: 1024px) 100vw, 1024px\" \/><\/figure>\n\n\n\n<p>En el taller de la Ley de Transparencia abordamos: Marco legal, tipos de reserva de informaci\u00f3n, seguridad y protecci\u00f3n de datos personales, pedidos de informaci\u00f3n, la Ley de Transparencia 2.0, gobierno abierto, transparencia proactiva.<\/p>\n\n\n\n<p>Adem\u00e1s sobre los deberes, obligaciones y sanciones de funcionarios p\u00fablicos, proceso para subir la informaci\u00f3n y formatos, revisi\u00f3n y verificaci\u00f3n de la web de la web.<\/p>\n\n\n\n<p>En la capacitaci\u00f3n a funcionarios de la Prefectura de Sucumb\u00edos hablamos sobre los siguientes temas: Cumplimiento de la Ley de Transparencia; elaboraci\u00f3n de proyectos de desarrollo para acceder el fondo com\u00fan y fondo social minero; mecanismos de participaci\u00f3n ciudadana, elaboraci\u00f3n de ordenanzas de participaci\u00f3n y Silla Vac\u00eda; rendici\u00f3n de cuentas e implementaci\u00f3n de la misma.<\/p>\n\n\n\n<p>Hasta el 2026, la iniciativa Amazon\u00eda Transparente, seguir\u00e1 fortaleciendo las capacidades de 60 gobiernos municipales, provinciales, parroquiales de la Amazon\u00eda y de la Sierra ecuatoriana, igualmente capacitar\u00e1 a actores de la sociedad civil, autoridades, asamble\u00edstas, universidades y otros actores.<\/p>\n\n\n\n<figure class=\"wp-block-image size-large\"><img decoding=\"async\" width=\"1024\" height=\"682\" src=\"https:\/\/www.participacionciudadana.org\/web\/wp-content\/uploads\/2024\/12\/WhatsApp-Image-2024-12-03-at-4.19.15-PM-2-1024x682.jpeg\" alt=\"\" class=\"wp-image-7261\" srcset=\"https:\/\/www.participacionciudadana.org\/web\/wp-content\/uploads\/2024\/12\/WhatsApp-Image-2024-12-03-at-4.19.15-PM-2-1024x682.jpeg 1024w, https:\/\/www.participacionciudadana.org\/web\/wp-content\/uploads\/2024\/12\/WhatsApp-Image-2024-12-03-at-4.19.15-PM-2-300x200.jpeg 300w, https:\/\/www.participacionciudadana.org\/web\/wp-content\/uploads\/2024\/12\/WhatsApp-Image-2024-12-03-at-4.19.15-PM-2-768x512.jpeg 768w, https:\/\/www.participacionciudadana.org\/web\/wp-content\/uploads\/2024\/12\/WhatsApp-Image-2024-12-03-at-4.19.15-PM-2-1536x1023.jpeg 1536w, https:\/\/www.participacionciudadana.org\/web\/wp-content\/uploads\/2024\/12\/WhatsApp-Image-2024-12-03-at-4.19.15-PM-2-1200x800.jpeg 1200w, https:\/\/www.participacionciudadana.org\/web\/wp-content\/uploads\/2024\/12\/WhatsApp-Image-2024-12-03-at-4.19.15-PM-2.jpeg 1600w\" sizes=\"(max-width: 1024px) 100vw, 1024px\" \/><\/figure>\n\n\n\n<p><strong>Capacitaci\u00f3n a Sociedad civil<\/strong>: Capacitaci\u00f3n a organizaciones de la sociedad civil e ind\u00edgenas sobre participaci\u00f3n ciudadana y mecanismo de Silla Vac\u00eda; est\u00e1ndares EITI y derecho a la consulta previa; elaboraci\u00f3n y presentaci\u00f3n de proyectos para acceder a fondos de actividades extractivas y mineras; marco legal de c\u00f3mo acceder al fondo com\u00fan, fondo social minero y la Ley Amaz\u00f3nica.&nbsp;<\/p>\n\n\n\n<p><strong>Adem\u00e1s financiaremos tres<\/strong> propuestas de investigaci\u00f3n de universidades sobre los efectos adversos de la miner\u00eda ilegal, sobre la miner\u00eda responsable y las alternativas econ\u00f3micas a la miner\u00eda ilegal.<\/p>\n\n\n\n<figure class=\"wp-block-gallery has-nested-images columns-default is-cropped wp-block-gallery-1 is-layout-flex wp-block-gallery-is-layout-flex\">\n\n\n\n\n<figure class=\"wp-block-image size-large\"><img decoding=\"async\" width=\"1024\" height=\"682\" data-id=\"7252\" src=\"https:\/\/www.participacionciudadana.org\/web\/wp-content\/uploads\/2024\/12\/WhatsApp-Image-2024-12-03-at-4.19.15-PM-4-1024x682.jpeg\" alt=\"\" class=\"wp-image-7252\" srcset=\"https:\/\/www.participacionciudadana.org\/web\/wp-content\/uploads\/2024\/12\/WhatsApp-Image-2024-12-03-at-4.19.15-PM-4-1024x682.jpeg 1024w, https:\/\/www.participacionciudadana.org\/web\/wp-content\/uploads\/2024\/12\/WhatsApp-Image-2024-12-03-at-4.19.15-PM-4-300x200.jpeg 300w, https:\/\/www.participacionciudadana.org\/web\/wp-content\/uploads\/2024\/12\/WhatsApp-Image-2024-12-03-at-4.19.15-PM-4-768x512.jpeg 768w, https:\/\/www.participacionciudadana.org\/web\/wp-content\/uploads\/2024\/12\/WhatsApp-Image-2024-12-03-at-4.19.15-PM-4-1536x1023.jpeg 1536w, https:\/\/www.participacionciudadana.org\/web\/wp-content\/uploads\/2024\/12\/WhatsApp-Image-2024-12-03-at-4.19.15-PM-4-1200x800.jpeg 1200w, https:\/\/www.participacionciudadana.org\/web\/wp-content\/uploads\/2024\/12\/WhatsApp-Image-2024-12-03-at-4.19.15-PM-4.jpeg 1600w\" sizes=\"(max-width: 1024px) 100vw, 1024px\" \/><\/figure>\n\n\n<\/figure>\n\n\n\n<p><strong>Lo que hicimos 2022-2024<\/strong><\/p>\n\n\n\n<p>En estos dos \u00faltimos dos a\u00f1os 2022- 2024, Amazon\u00eda Transparente ha ofrecido 89 talleres, beneficiando a m\u00e1s de 1.500 personas con talleres de capacitaci\u00f3n sobre el cumplimiento de la Ley de Transparencia LOTAIP, impartido a funcionarios p\u00fablicos de la Secretar\u00eda T\u00e9cnica Amaz\u00f3nica, gobiernos municipales, gobiernos provinciales, comunidades ind\u00edgenas y sociedad civil en general.<\/p>\n\n\n\n<p>Entre las actividades m\u00e1s importantes hemos empoderado a seis pueblos y nacionalidades ind\u00edgenas para la formaci\u00f3n de t\u00e9cnicos en elaboraci\u00f3n de proyectos de desarrollo local y regional, hemos acompa\u00f1ado a la elaboraci\u00f3n y postulaci\u00f3n de cuatro proyectos para el Fondo Com\u00fan.<\/p>\n\n\n\n<p><strong>Capacitaciones en:<\/strong> Ley de Acceso a la Informaci\u00f3n P\u00fablica (LOTAIP); Participaci\u00f3n ciudadana; Gesti\u00f3n de recursos provenientes de las actividades extractivas; Gobierno abierto y pr\u00e1cticas anticorrupci\u00f3n; comunicaci\u00f3n estrat\u00e9gica, Est\u00e1ndares EITI; Acceso al fondo com\u00fan amaz\u00f3nico; elaboraci\u00f3n de proyectos de calidad; An\u00e1lisis del presupuesto General del Estado\u201d e impulsamos tres investigaciones con las universidades ecuatorianas ESPOL, UTPL y la USFQ sobre el impacto de la miner\u00eda ilegal.<\/p>\n\n\n\n<figure class=\"wp-block-image size-large\"><img loading=\"lazy\" decoding=\"async\" width=\"1024\" height=\"682\" src=\"https:\/\/www.participacionciudadana.org\/web\/wp-content\/uploads\/2024\/12\/WhatsApp-Image-2024-12-03-at-4.19.15-PM-5-1024x682.jpeg\" alt=\"\" class=\"wp-image-7259\" srcset=\"https:\/\/www.participacionciudadana.org\/web\/wp-content\/uploads\/2024\/12\/WhatsApp-Image-2024-12-03-at-4.19.15-PM-5-1024x682.jpeg 1024w, https:\/\/www.participacionciudadana.org\/web\/wp-content\/uploads\/2024\/12\/WhatsApp-Image-2024-12-03-at-4.19.15-PM-5-300x200.jpeg 300w, https:\/\/www.participacionciudadana.org\/web\/wp-content\/uploads\/2024\/12\/WhatsApp-Image-2024-12-03-at-4.19.15-PM-5-768x512.jpeg 768w, https:\/\/www.participacionciudadana.org\/web\/wp-content\/uploads\/2024\/12\/WhatsApp-Image-2024-12-03-at-4.19.15-PM-5-1536x1023.jpeg 1536w, https:\/\/www.participacionciudadana.org\/web\/wp-content\/uploads\/2024\/12\/WhatsApp-Image-2024-12-03-at-4.19.15-PM-5-1200x800.jpeg 1200w, https:\/\/www.participacionciudadana.org\/web\/wp-content\/uploads\/2024\/12\/WhatsApp-Image-2024-12-03-at-4.19.15-PM-5.jpeg 1600w\" sizes=\"(max-width: 1024px) 100vw, 1024px\" \/><\/figure>\n\n\n\n<p><strong>Resultados:<\/strong><\/p>\n\n\n\n<p>&#8211; 89 talleres realizados con Municipios, Prefecturas, Secretar\u00eda Amaz\u00f3nica, Asamblea Nacional, pueblos y nacionalidades ind\u00edgenas y sociedad civil.<\/p>\n\n\n\n<p>&#8211; M\u00e1s de 1.500 personas han sido capacitadas entre funcionarios de municipios, prefecturas, STA, comunidades ind\u00edgenas y sociedad civil de la regi\u00f3n.<\/p>\n\n\n\n<p>&#8211; 194 miembros de las comunidades ind\u00edgenas empoderados.<\/p>\n\n\n\n<p>&#8211; 11 t\u00e9cnicos de pueblos y nacionalidades formados en elaboraci\u00f3n de proyectos.<\/p>\n\n\n\n<ul class=\"wp-block-list\">\n<li>277 miembros de sociedad civil de la amazon\u00eda capacitados en elaboraci\u00f3n de proyectos para postular al fondo com\u00fan amaz\u00f3nico.<\/li>\n\n\n\n<li><\/li>\n<\/ul>\n","protected":false},"excerpt":{"rendered":"<p>La Corporaci\u00f3n Participaci\u00f3n Ciudadana, en el marco del proyecto Amazon\u00eda Transparente que ejecuta junto a las organizaciones Ecolex y Cordes, con el apoyo de la Embajada de Estados Unidos en Ecuador, continuar\u00e1 trabajando los dos pr\u00f3ximos a\u00f1os (2024 &#8211; 2026) por el fortalecimiento de las capacidades t\u00e9cnicas y operativas de actores p\u00fablicos y de sociedad [&hellip;]<\/p>\n","protected":false},"author":5,"featured_media":7251,"comment_status":"open","ping_status":"open","sticky":false,"template":"","format":"standard","meta":{"site-sidebar-layout":"default","site-content-layout":"","ast-site-content-layout":"default","site-content-style":"default","site-sidebar-style":"default","ast-global-header-display":"","ast-banner-title-visibility":"","ast-main-header-display":"","ast-hfb-above-header-display":"","ast-hfb-below-header-display":"","ast-hfb-mobile-header-display":"","site-post-title":"","ast-breadcrumbs-content":"","ast-featured-img":"","footer-sml-layout":"","ast-disable-related-posts":"","theme-transparent-header-meta":"","adv-header-id-meta":"","stick-header-meta":"","header-above-stick-meta":"","header-main-stick-meta":"","header-below-stick-meta":"","astra-migrate-meta-layouts":"set","ast-page-background-enabled":"default","ast-page-background-meta":{"desktop":{"background-color":"","background-image":"","background-repeat":"repeat","background-position":"center center","background-size":"auto","background-attachment":"scroll","background-type":"","background-media":"","overlay-type":"","overlay-color":"","overlay-opacity":"","overlay-gradient":""},"tablet":{"background-color":"","background-image":"","background-repeat":"repeat","background-position":"center center","background-size":"auto","background-attachment":"scroll","background-type":"","background-media":"","overlay-type":"","overlay-color":"","overlay-opacity":"","overlay-gradient":""},"mobile":{"background-color":"","background-image":"","background-repeat":"repeat","background-position":"center center","background-size":"auto","background-attachment":"scroll","background-type":"","background-media":"","overlay-type":"","overlay-color":"","overlay-opacity":"","overlay-gradient":""}},"ast-content-background-meta":{"desktop":{"background-color":"var(--ast-global-color-5)","background-image":"","background-repeat":"repeat","background-position":"center center","background-size":"auto","background-attachment":"scroll","background-type":"","background-media":"","overlay-type":"","overlay-color":"","overlay-opacity":"","overlay-gradient":""},"tablet":{"background-color":"var(--ast-global-color-5)","background-image":"","background-repeat":"repeat","background-position":"center center","background-size":"auto","background-attachment":"scroll","background-type":"","background-media":"","overlay-type":"","overlay-color":"","overlay-opacity":"","overlay-gradient":""},"mobile":{"background-color":"var(--ast-global-color-5)","background-image":"","background-repeat":"repeat","background-position":"center center","background-size":"auto","background-attachment":"scroll","background-type":"","background-media":"","overlay-type":"","overlay-color":"","overlay-opacity":"","overlay-gradient":""}},"_joinchat":[],"footnotes":""},"categories":[29,78,1],"tags":[],"class_list":["post-7245","post","type-post","status-publish","format-standard","has-post-thumbnail","hentry","category-amazonia-transparente","category-boletines","category-sin-categoria"],"yoast_head":"<!-- This site is optimized with the Yoast SEO plugin v26.5 - https:\/\/yoast.com\/wordpress\/plugins\/seo\/ -->\n<title>Amazon\u00eda Transparente comprometida con el fortalecimiento de la Amazon\u00eda - Participaci\u00f3n Ciudadana<\/title>\n<meta name=\"robots\" content=\"index, follow, max-snippet:-1, max-image-preview:large, max-video-preview:-1\" \/>\n<link rel=\"canonical\" href=\"https:\/\/www.participacionciudadana.org\/web\/2024\/12\/03\/amazonia-transparente-comprometida-con-el-fortalecimiento-de-la-amazonia\/\" \/>\n<meta property=\"og:locale\" content=\"es_ES\" \/>\n<meta property=\"og:type\" content=\"article\" \/>\n<meta property=\"og:title\" content=\"Amazon\u00eda Transparente comprometida con el fortalecimiento de la Amazon\u00eda - Participaci\u00f3n Ciudadana\" \/>\n<meta property=\"og:description\" content=\"La Corporaci\u00f3n Participaci\u00f3n Ciudadana, en el marco del proyecto Amazon\u00eda Transparente que ejecuta junto a las organizaciones Ecolex y Cordes, con el apoyo de la Embajada de Estados Unidos en Ecuador, continuar\u00e1 trabajando los dos pr\u00f3ximos a\u00f1os (2024 &#8211; 2026) por el fortalecimiento de las capacidades t\u00e9cnicas y operativas de actores p\u00fablicos y de sociedad [&hellip;]\" \/>\n<meta property=\"og:url\" content=\"https:\/\/www.participacionciudadana.org\/web\/2024\/12\/03\/amazonia-transparente-comprometida-con-el-fortalecimiento-de-la-amazonia\/\" \/>\n<meta property=\"og:site_name\" content=\"Participaci\u00f3n Ciudadana\" \/>\n<meta property=\"article:publisher\" content=\"https:\/\/www.facebook.com\/ParticipacionPC\/\" \/>\n<meta property=\"article:published_time\" content=\"2024-12-03T10:59:49+00:00\" \/>\n<meta property=\"article:modified_time\" content=\"2024-12-18T12:12:38+00:00\" \/>\n<meta property=\"og:image\" content=\"https:\/\/www.participacionciudadana.org\/web\/wp-content\/uploads\/2024\/12\/WhatsApp-Image-2024-12-03-at-4.19.15-PM.jpeg\" \/>\n\t<meta property=\"og:image:width\" content=\"1600\" \/>\n\t<meta property=\"og:image:height\" content=\"1066\" \/>\n\t<meta property=\"og:image:type\" content=\"image\/jpeg\" \/>\n<meta name=\"author\" content=\"Pablo Villac\u00eds\" \/>\n<meta name=\"twitter:card\" content=\"summary_large_image\" \/>\n<meta name=\"twitter:creator\" content=\"@ParticipacionPC\" \/>\n<meta name=\"twitter:site\" content=\"@ParticipacionPC\" \/>\n<meta name=\"twitter:label1\" content=\"Escrito por\" \/>\n\t<meta name=\"twitter:data1\" content=\"Pablo Villac\u00eds\" \/>\n\t<meta name=\"twitter:label2\" content=\"Tiempo de lectura\" \/>\n\t<meta name=\"twitter:data2\" content=\"5 minutos\" \/>\n<script type=\"application\/ld+json\" class=\"yoast-schema-graph\">{\"@context\":\"https:\/\/schema.org\",\"@graph\":[{\"@type\":\"Article\",\"@id\":\"https:\/\/www.participacionciudadana.org\/web\/2024\/12\/03\/amazonia-transparente-comprometida-con-el-fortalecimiento-de-la-amazonia\/#article\",\"isPartOf\":{\"@id\":\"https:\/\/www.participacionciudadana.org\/web\/2024\/12\/03\/amazonia-transparente-comprometida-con-el-fortalecimiento-de-la-amazonia\/\"},\"author\":{\"name\":\"Pablo Villac\u00eds\",\"@id\":\"https:\/\/www.participacionciudadana.org\/web\/#\/schema\/person\/92da277b9a5fc1cedc0a6e85361c2607\"},\"headline\":\"Amazon\u00eda Transparente comprometida con el fortalecimiento de la Amazon\u00eda\",\"datePublished\":\"2024-12-03T10:59:49+00:00\",\"dateModified\":\"2024-12-18T12:12:38+00:00\",\"mainEntityOfPage\":{\"@id\":\"https:\/\/www.participacionciudadana.org\/web\/2024\/12\/03\/amazonia-transparente-comprometida-con-el-fortalecimiento-de-la-amazonia\/\"},\"wordCount\":745,\"commentCount\":0,\"publisher\":{\"@id\":\"https:\/\/www.participacionciudadana.org\/web\/#organization\"},\"image\":{\"@id\":\"https:\/\/www.participacionciudadana.org\/web\/2024\/12\/03\/amazonia-transparente-comprometida-con-el-fortalecimiento-de-la-amazonia\/#primaryimage\"},\"thumbnailUrl\":\"https:\/\/www.participacionciudadana.org\/web\/wp-content\/uploads\/2024\/12\/WhatsApp-Image-2024-12-03-at-4.19.15-PM.jpeg\",\"articleSection\":[\"Amazonia Transparente\",\"Boletines\"],\"inLanguage\":\"es\",\"potentialAction\":[{\"@type\":\"CommentAction\",\"name\":\"Comment\",\"target\":[\"https:\/\/www.participacionciudadana.org\/web\/2024\/12\/03\/amazonia-transparente-comprometida-con-el-fortalecimiento-de-la-amazonia\/#respond\"]}]},{\"@type\":\"WebPage\",\"@id\":\"https:\/\/www.participacionciudadana.org\/web\/2024\/12\/03\/amazonia-transparente-comprometida-con-el-fortalecimiento-de-la-amazonia\/\",\"url\":\"https:\/\/www.participacionciudadana.org\/web\/2024\/12\/03\/amazonia-transparente-comprometida-con-el-fortalecimiento-de-la-amazonia\/\",\"name\":\"Amazon\u00eda Transparente comprometida con el fortalecimiento de la Amazon\u00eda - Participaci\u00f3n Ciudadana\",\"isPartOf\":{\"@id\":\"https:\/\/www.participacionciudadana.org\/web\/#website\"},\"primaryImageOfPage\":{\"@id\":\"https:\/\/www.participacionciudadana.org\/web\/2024\/12\/03\/amazonia-transparente-comprometida-con-el-fortalecimiento-de-la-amazonia\/#primaryimage\"},\"image\":{\"@id\":\"https:\/\/www.participacionciudadana.org\/web\/2024\/12\/03\/amazonia-transparente-comprometida-con-el-fortalecimiento-de-la-amazonia\/#primaryimage\"},\"thumbnailUrl\":\"https:\/\/www.participacionciudadana.org\/web\/wp-content\/uploads\/2024\/12\/WhatsApp-Image-2024-12-03-at-4.19.15-PM.jpeg\",\"datePublished\":\"2024-12-03T10:59:49+00:00\",\"dateModified\":\"2024-12-18T12:12:38+00:00\",\"breadcrumb\":{\"@id\":\"https:\/\/www.participacionciudadana.org\/web\/2024\/12\/03\/amazonia-transparente-comprometida-con-el-fortalecimiento-de-la-amazonia\/#breadcrumb\"},\"inLanguage\":\"es\",\"potentialAction\":[{\"@type\":\"ReadAction\",\"target\":[\"https:\/\/www.participacionciudadana.org\/web\/2024\/12\/03\/amazonia-transparente-comprometida-con-el-fortalecimiento-de-la-amazonia\/\"]}]},{\"@type\":\"ImageObject\",\"inLanguage\":\"es\",\"@id\":\"https:\/\/www.participacionciudadana.org\/web\/2024\/12\/03\/amazonia-transparente-comprometida-con-el-fortalecimiento-de-la-amazonia\/#primaryimage\",\"url\":\"https:\/\/www.participacionciudadana.org\/web\/wp-content\/uploads\/2024\/12\/WhatsApp-Image-2024-12-03-at-4.19.15-PM.jpeg\",\"contentUrl\":\"https:\/\/www.participacionciudadana.org\/web\/wp-content\/uploads\/2024\/12\/WhatsApp-Image-2024-12-03-at-4.19.15-PM.jpeg\",\"width\":1600,\"height\":1066},{\"@type\":\"BreadcrumbList\",\"@id\":\"https:\/\/www.participacionciudadana.org\/web\/2024\/12\/03\/amazonia-transparente-comprometida-con-el-fortalecimiento-de-la-amazonia\/#breadcrumb\",\"itemListElement\":[{\"@type\":\"ListItem\",\"position\":1,\"name\":\"Portada\",\"item\":\"https:\/\/www.participacionciudadana.org\/web\/\"},{\"@type\":\"ListItem\",\"position\":2,\"name\":\"Amazon\u00eda Transparente comprometida con el fortalecimiento de la Amazon\u00eda\"}]},{\"@type\":\"WebSite\",\"@id\":\"https:\/\/www.participacionciudadana.org\/web\/#website\",\"url\":\"https:\/\/www.participacionciudadana.org\/web\/\",\"name\":\"Participaci\u00f3n Ciudadana\",\"description\":\"Comprometidos con la democracia\",\"publisher\":{\"@id\":\"https:\/\/www.participacionciudadana.org\/web\/#organization\"},\"potentialAction\":[{\"@type\":\"SearchAction\",\"target\":{\"@type\":\"EntryPoint\",\"urlTemplate\":\"https:\/\/www.participacionciudadana.org\/web\/?s={search_term_string}\"},\"query-input\":{\"@type\":\"PropertyValueSpecification\",\"valueRequired\":true,\"valueName\":\"search_term_string\"}}],\"inLanguage\":\"es\"},{\"@type\":\"Organization\",\"@id\":\"https:\/\/www.participacionciudadana.org\/web\/#organization\",\"name\":\"Participaci\u00f3n Ciudadana\",\"url\":\"https:\/\/www.participacionciudadana.org\/web\/\",\"logo\":{\"@type\":\"ImageObject\",\"inLanguage\":\"es\",\"@id\":\"https:\/\/www.participacionciudadana.org\/web\/#\/schema\/logo\/image\/\",\"url\":\"https:\/\/www.participacionciudadana.org\/web\/wp-content\/uploads\/2021\/11\/cropped-logo_pc-1.png\",\"contentUrl\":\"https:\/\/www.participacionciudadana.org\/web\/wp-content\/uploads\/2021\/11\/cropped-logo_pc-1.png\",\"width\":340,\"height\":114,\"caption\":\"Participaci\u00f3n Ciudadana\"},\"image\":{\"@id\":\"https:\/\/www.participacionciudadana.org\/web\/#\/schema\/logo\/image\/\"},\"sameAs\":[\"https:\/\/www.facebook.com\/ParticipacionPC\/\",\"https:\/\/x.com\/ParticipacionPC\"]},{\"@type\":\"Person\",\"@id\":\"https:\/\/www.participacionciudadana.org\/web\/#\/schema\/person\/92da277b9a5fc1cedc0a6e85361c2607\",\"name\":\"Pablo Villac\u00eds\",\"image\":{\"@type\":\"ImageObject\",\"inLanguage\":\"es\",\"@id\":\"https:\/\/www.participacionciudadana.org\/web\/#\/schema\/person\/image\/\",\"url\":\"https:\/\/secure.gravatar.com\/avatar\/49c3bffa4759b83bd4c3be4b3bfa8fedf40d73773a24bc67c7fdd8dd7db3701d?s=96&d=mm&r=g\",\"contentUrl\":\"https:\/\/secure.gravatar.com\/avatar\/49c3bffa4759b83bd4c3be4b3bfa8fedf40d73773a24bc67c7fdd8dd7db3701d?s=96&d=mm&r=g\",\"caption\":\"Pablo Villac\u00eds\"},\"url\":\"https:\/\/www.participacionciudadana.org\/web\/author\/pablo-villacis\/\"}]}<\/script>\n<!-- \/ Yoast SEO plugin. -->","yoast_head_json":{"title":"Amazon\u00eda Transparente comprometida con el fortalecimiento de la Amazon\u00eda - Participaci\u00f3n Ciudadana","robots":{"index":"index","follow":"follow","max-snippet":"max-snippet:-1","max-image-preview":"max-image-preview:large","max-video-preview":"max-video-preview:-1"},"canonical":"https:\/\/www.participacionciudadana.org\/web\/2024\/12\/03\/amazonia-transparente-comprometida-con-el-fortalecimiento-de-la-amazonia\/","og_locale":"es_ES","og_type":"article","og_title":"Amazon\u00eda Transparente comprometida con el fortalecimiento de la Amazon\u00eda - Participaci\u00f3n Ciudadana","og_description":"La Corporaci\u00f3n Participaci\u00f3n Ciudadana, en el marco del proyecto Amazon\u00eda Transparente que ejecuta junto a las organizaciones Ecolex y Cordes, con el apoyo de la Embajada de Estados Unidos en Ecuador, continuar\u00e1 trabajando los dos pr\u00f3ximos a\u00f1os (2024 &#8211; 2026) por el fortalecimiento de las capacidades t\u00e9cnicas y operativas de actores p\u00fablicos y de sociedad [&hellip;]","og_url":"https:\/\/www.participacionciudadana.org\/web\/2024\/12\/03\/amazonia-transparente-comprometida-con-el-fortalecimiento-de-la-amazonia\/","og_site_name":"Participaci\u00f3n Ciudadana","article_publisher":"https:\/\/www.facebook.com\/ParticipacionPC\/","article_published_time":"2024-12-03T10:59:49+00:00","article_modified_time":"2024-12-18T12:12:38+00:00","og_image":[{"width":1600,"height":1066,"url":"https:\/\/www.participacionciudadana.org\/web\/wp-content\/uploads\/2024\/12\/WhatsApp-Image-2024-12-03-at-4.19.15-PM.jpeg","type":"image\/jpeg"}],"author":"Pablo Villac\u00eds","twitter_card":"summary_large_image","twitter_creator":"@ParticipacionPC","twitter_site":"@ParticipacionPC","twitter_misc":{"Escrito por":"Pablo Villac\u00eds","Tiempo de lectura":"5 minutos"},"schema":{"@context":"https:\/\/schema.org","@graph":[{"@type":"Article","@id":"https:\/\/www.participacionciudadana.org\/web\/2024\/12\/03\/amazonia-transparente-comprometida-con-el-fortalecimiento-de-la-amazonia\/#article","isPartOf":{"@id":"https:\/\/www.participacionciudadana.org\/web\/2024\/12\/03\/amazonia-transparente-comprometida-con-el-fortalecimiento-de-la-amazonia\/"},"author":{"name":"Pablo Villac\u00eds","@id":"https:\/\/www.participacionciudadana.org\/web\/#\/schema\/person\/92da277b9a5fc1cedc0a6e85361c2607"},"headline":"Amazon\u00eda Transparente comprometida con el fortalecimiento de la Amazon\u00eda","datePublished":"2024-12-03T10:59:49+00:00","dateModified":"2024-12-18T12:12:38+00:00","mainEntityOfPage":{"@id":"https:\/\/www.participacionciudadana.org\/web\/2024\/12\/03\/amazonia-transparente-comprometida-con-el-fortalecimiento-de-la-amazonia\/"},"wordCount":745,"commentCount":0,"publisher":{"@id":"https:\/\/www.participacionciudadana.org\/web\/#organization"},"image":{"@id":"https:\/\/www.participacionciudadana.org\/web\/2024\/12\/03\/amazonia-transparente-comprometida-con-el-fortalecimiento-de-la-amazonia\/#primaryimage"},"thumbnailUrl":"https:\/\/www.participacionciudadana.org\/web\/wp-content\/uploads\/2024\/12\/WhatsApp-Image-2024-12-03-at-4.19.15-PM.jpeg","articleSection":["Amazonia Transparente","Boletines"],"inLanguage":"es","potentialAction":[{"@type":"CommentAction","name":"Comment","target":["https:\/\/www.participacionciudadana.org\/web\/2024\/12\/03\/amazonia-transparente-comprometida-con-el-fortalecimiento-de-la-amazonia\/#respond"]}]},{"@type":"WebPage","@id":"https:\/\/www.participacionciudadana.org\/web\/2024\/12\/03\/amazonia-transparente-comprometida-con-el-fortalecimiento-de-la-amazonia\/","url":"https:\/\/www.participacionciudadana.org\/web\/2024\/12\/03\/amazonia-transparente-comprometida-con-el-fortalecimiento-de-la-amazonia\/","name":"Amazon\u00eda Transparente comprometida con el fortalecimiento de la Amazon\u00eda - Participaci\u00f3n Ciudadana","isPartOf":{"@id":"https:\/\/www.participacionciudadana.org\/web\/#website"},"primaryImageOfPage":{"@id":"https:\/\/www.participacionciudadana.org\/web\/2024\/12\/03\/amazonia-transparente-comprometida-con-el-fortalecimiento-de-la-amazonia\/#primaryimage"},"image":{"@id":"https:\/\/www.participacionciudadana.org\/web\/2024\/12\/03\/amazonia-transparente-comprometida-con-el-fortalecimiento-de-la-amazonia\/#primaryimage"},"thumbnailUrl":"https:\/\/www.participacionciudadana.org\/web\/wp-content\/uploads\/2024\/12\/WhatsApp-Image-2024-12-03-at-4.19.15-PM.jpeg","datePublished":"2024-12-03T10:59:49+00:00","dateModified":"2024-12-18T12:12:38+00:00","breadcrumb":{"@id":"https:\/\/www.participacionciudadana.org\/web\/2024\/12\/03\/amazonia-transparente-comprometida-con-el-fortalecimiento-de-la-amazonia\/#breadcrumb"},"inLanguage":"es","potentialAction":[{"@type":"ReadAction","target":["https:\/\/www.participacionciudadana.org\/web\/2024\/12\/03\/amazonia-transparente-comprometida-con-el-fortalecimiento-de-la-amazonia\/"]}]},{"@type":"ImageObject","inLanguage":"es","@id":"https:\/\/www.participacionciudadana.org\/web\/2024\/12\/03\/amazonia-transparente-comprometida-con-el-fortalecimiento-de-la-amazonia\/#primaryimage","url":"https:\/\/www.participacionciudadana.org\/web\/wp-content\/uploads\/2024\/12\/WhatsApp-Image-2024-12-03-at-4.19.15-PM.jpeg","contentUrl":"https:\/\/www.participacionciudadana.org\/web\/wp-content\/uploads\/2024\/12\/WhatsApp-Image-2024-12-03-at-4.19.15-PM.jpeg","width":1600,"height":1066},{"@type":"BreadcrumbList","@id":"https:\/\/www.participacionciudadana.org\/web\/2024\/12\/03\/amazonia-transparente-comprometida-con-el-fortalecimiento-de-la-amazonia\/#breadcrumb","itemListElement":[{"@type":"ListItem","position":1,"name":"Portada","item":"https:\/\/www.participacionciudadana.org\/web\/"},{"@type":"ListItem","position":2,"name":"Amazon\u00eda Transparente comprometida con el fortalecimiento de la Amazon\u00eda"}]},{"@type":"WebSite","@id":"https:\/\/www.participacionciudadana.org\/web\/#website","url":"https:\/\/www.participacionciudadana.org\/web\/","name":"Participaci\u00f3n Ciudadana","description":"Comprometidos con la democracia","publisher":{"@id":"https:\/\/www.participacionciudadana.org\/web\/#organization"},"potentialAction":[{"@type":"SearchAction","target":{"@type":"EntryPoint","urlTemplate":"https:\/\/www.participacionciudadana.org\/web\/?s={search_term_string}"},"query-input":{"@type":"PropertyValueSpecification","valueRequired":true,"valueName":"search_term_string"}}],"inLanguage":"es"},{"@type":"Organization","@id":"https:\/\/www.participacionciudadana.org\/web\/#organization","name":"Participaci\u00f3n Ciudadana","url":"https:\/\/www.participacionciudadana.org\/web\/","logo":{"@type":"ImageObject","inLanguage":"es","@id":"https:\/\/www.participacionciudadana.org\/web\/#\/schema\/logo\/image\/","url":"https:\/\/www.participacionciudadana.org\/web\/wp-content\/uploads\/2021\/11\/cropped-logo_pc-1.png","contentUrl":"https:\/\/www.participacionciudadana.org\/web\/wp-content\/uploads\/2021\/11\/cropped-logo_pc-1.png","width":340,"height":114,"caption":"Participaci\u00f3n Ciudadana"},"image":{"@id":"https:\/\/www.participacionciudadana.org\/web\/#\/schema\/logo\/image\/"},"sameAs":["https:\/\/www.facebook.com\/ParticipacionPC\/","https:\/\/x.com\/ParticipacionPC"]},{"@type":"Person","@id":"https:\/\/www.participacionciudadana.org\/web\/#\/schema\/person\/92da277b9a5fc1cedc0a6e85361c2607","name":"Pablo Villac\u00eds","image":{"@type":"ImageObject","inLanguage":"es","@id":"https:\/\/www.participacionciudadana.org\/web\/#\/schema\/person\/image\/","url":"https:\/\/secure.gravatar.com\/avatar\/49c3bffa4759b83bd4c3be4b3bfa8fedf40d73773a24bc67c7fdd8dd7db3701d?s=96&d=mm&r=g","contentUrl":"https:\/\/secure.gravatar.com\/avatar\/49c3bffa4759b83bd4c3be4b3bfa8fedf40d73773a24bc67c7fdd8dd7db3701d?s=96&d=mm&r=g","caption":"Pablo Villac\u00eds"},"url":"https:\/\/www.participacionciudadana.org\/web\/author\/pablo-villacis\/"}]}},"_links":{"self":[{"href":"https:\/\/www.participacionciudadana.org\/web\/wp-json\/wp\/v2\/posts\/7245","targetHints":{"allow":["GET"]}}],"collection":[{"href":"https:\/\/www.participacionciudadana.org\/web\/wp-json\/wp\/v2\/posts"}],"about":[{"href":"https:\/\/www.participacionciudadana.org\/web\/wp-json\/wp\/v2\/types\/post"}],"author":[{"embeddable":true,"href":"https:\/\/www.participacionciudadana.org\/web\/wp-json\/wp\/v2\/users\/5"}],"replies":[{"embeddable":true,"href":"https:\/\/www.participacionciudadana.org\/web\/wp-json\/wp\/v2\/comments?post=7245"}],"version-history":[{"count":9,"href":"https:\/\/www.participacionciudadana.org\/web\/wp-json\/wp\/v2\/posts\/7245\/revisions"}],"predecessor-version":[{"id":7313,"href":"https:\/\/www.participacionciudadana.org\/web\/wp-json\/wp\/v2\/posts\/7245\/revisions\/7313"}],"wp:featuredmedia":[{"embeddable":true,"href":"https:\/\/www.participacionciudadana.org\/web\/wp-json\/wp\/v2\/media\/7251"}],"wp:attachment":[{"href":"https:\/\/www.participacionciudadana.org\/web\/wp-json\/wp\/v2\/media?parent=7245"}],"wp:term":[{"taxonomy":"category","embeddable":true,"href":"https:\/\/www.participacionciudadana.org\/web\/wp-json\/wp\/v2\/categories?post=7245"},{"taxonomy":"post_tag","embeddable":true,"href":"https:\/\/www.participacionciudadana.org\/web\/wp-json\/wp\/v2\/tags?post=7245"}],"curies":[{"name":"wp","href":"https:\/\/api.w.org\/{rel}","templated":true}]}}