{"id":7393,"date":"2025-01-28T17:44:03","date_gmt":"2025-01-28T22:44:03","guid":{"rendered":"https:\/\/www.participacionciudadana.org\/web\/?p=7393"},"modified":"2025-01-28T18:05:33","modified_gmt":"2025-01-28T23:05:33","slug":"tercer-informe-de-violencia-politica-en-contra-de-candidatas-elecciones-2025","status":"publish","type":"post","link":"https:\/\/www.participacionciudadana.org\/web\/2025\/01\/28\/tercer-informe-de-violencia-politica-en-contra-de-candidatas-elecciones-2025\/","title":{"rendered":"Tercer informe de violencia pol\u00edtica en contra de candidatas elecciones 2025"},"content":{"rendered":"\n<p>La Corporaci\u00f3n Participaci\u00f3n Ciudadana presenta tercer reporte de monitoreo sobre violencia pol\u00edtica contra candidatas presidenciales, asamble\u00edstas nacionales y parlamentarias andinas, en campa\u00f1a electoral 2025, durante la tercera semana de campa\u00f1a, del 20 al 26 de enero de 2025.<\/p>\n\n\n\n<p>En la tercera semana de campa\u00f1a, se registr\u00f3 que 5 candidatas recibieron manifestaciones de violencia a trav\u00e9s de sus cuentas en la plataforma X, mediante &#8220;memes&#8221;, im\u00e1genes, expresiones y frases en esta red social. En total, se contabilizaron 55 publicaciones con contenido de violencia pol\u00edtica En este informe tambi\u00e9n est\u00e1n datos de las anteriores semanas de campa\u00f1a, que comenz\u00f3 el pasado 5 de enero.<\/p>\n\n\n\n<p>Durante la campa\u00f1a, el Centro de Monitoreo, monitorea 33 mujeres candidatas, entre ellas candidatas presidenciales, vicepresidenciales y asamble\u00edstas nacionales.<\/p>\n\n\n\n<figure class=\"wp-block-gallery has-nested-images columns-default is-cropped wp-block-gallery-1 is-layout-flex wp-block-gallery-is-layout-flex\">\n<figure class=\"wp-block-image size-large\"><img fetchpriority=\"high\" decoding=\"async\" width=\"1024\" height=\"1024\" data-id=\"7394\" src=\"https:\/\/www.participacionciudadana.org\/web\/wp-content\/uploads\/2025\/01\/semana-3-16-1024x1024.jpg\" alt=\"\" class=\"wp-image-7394\" srcset=\"https:\/\/www.participacionciudadana.org\/web\/wp-content\/uploads\/2025\/01\/semana-3-16-1024x1024.jpg 1024w, https:\/\/www.participacionciudadana.org\/web\/wp-content\/uploads\/2025\/01\/semana-3-16-300x300.jpg 300w, https:\/\/www.participacionciudadana.org\/web\/wp-content\/uploads\/2025\/01\/semana-3-16-150x150.jpg 150w, https:\/\/www.participacionciudadana.org\/web\/wp-content\/uploads\/2025\/01\/semana-3-16-768x768.jpg 768w, https:\/\/www.participacionciudadana.org\/web\/wp-content\/uploads\/2025\/01\/semana-3-16-1536x1536.jpg 1536w, https:\/\/www.participacionciudadana.org\/web\/wp-content\/uploads\/2025\/01\/semana-3-16-600x600.jpg 600w, https:\/\/www.participacionciudadana.org\/web\/wp-content\/uploads\/2025\/01\/semana-3-16.jpg 1668w\" sizes=\"(max-width: 1024px) 100vw, 1024px\" \/><\/figure>\n\n\n\n<figure class=\"wp-block-image size-large\"><img decoding=\"async\" width=\"1024\" height=\"1024\" data-id=\"7395\" src=\"https:\/\/www.participacionciudadana.org\/web\/wp-content\/uploads\/2025\/01\/semana-3-17-1024x1024.jpg\" alt=\"\" class=\"wp-image-7395\" srcset=\"https:\/\/www.participacionciudadana.org\/web\/wp-content\/uploads\/2025\/01\/semana-3-17-1024x1024.jpg 1024w, https:\/\/www.participacionciudadana.org\/web\/wp-content\/uploads\/2025\/01\/semana-3-17-300x300.jpg 300w, https:\/\/www.participacionciudadana.org\/web\/wp-content\/uploads\/2025\/01\/semana-3-17-150x150.jpg 150w, https:\/\/www.participacionciudadana.org\/web\/wp-content\/uploads\/2025\/01\/semana-3-17-768x768.jpg 768w, https:\/\/www.participacionciudadana.org\/web\/wp-content\/uploads\/2025\/01\/semana-3-17-1536x1536.jpg 1536w, https:\/\/www.participacionciudadana.org\/web\/wp-content\/uploads\/2025\/01\/semana-3-17-600x600.jpg 600w, https:\/\/www.participacionciudadana.org\/web\/wp-content\/uploads\/2025\/01\/semana-3-17.jpg 1668w\" sizes=\"(max-width: 1024px) 100vw, 1024px\" \/><\/figure>\n<\/figure>\n\n\n\n<figure class=\"wp-block-gallery has-nested-images columns-default is-cropped wp-block-gallery-2 is-layout-flex wp-block-gallery-is-layout-flex\">\n<figure class=\"wp-block-image size-large\"><img decoding=\"async\" width=\"1024\" height=\"1024\" data-id=\"7396\" src=\"https:\/\/www.participacionciudadana.org\/web\/wp-content\/uploads\/2025\/01\/semana-3-18-1024x1024.jpg\" alt=\"\" class=\"wp-image-7396\" srcset=\"https:\/\/www.participacionciudadana.org\/web\/wp-content\/uploads\/2025\/01\/semana-3-18-1024x1024.jpg 1024w, https:\/\/www.participacionciudadana.org\/web\/wp-content\/uploads\/2025\/01\/semana-3-18-300x300.jpg 300w, https:\/\/www.participacionciudadana.org\/web\/wp-content\/uploads\/2025\/01\/semana-3-18-150x150.jpg 150w, https:\/\/www.participacionciudadana.org\/web\/wp-content\/uploads\/2025\/01\/semana-3-18-768x768.jpg 768w, https:\/\/www.participacionciudadana.org\/web\/wp-content\/uploads\/2025\/01\/semana-3-18-1536x1536.jpg 1536w, https:\/\/www.participacionciudadana.org\/web\/wp-content\/uploads\/2025\/01\/semana-3-18-600x600.jpg 600w, https:\/\/www.participacionciudadana.org\/web\/wp-content\/uploads\/2025\/01\/semana-3-18.jpg 1668w\" sizes=\"(max-width: 1024px) 100vw, 1024px\" \/><\/figure>\n\n\n\n<figure class=\"wp-block-image size-large\"><img loading=\"lazy\" decoding=\"async\" width=\"1024\" height=\"1024\" data-id=\"7397\" src=\"https:\/\/www.participacionciudadana.org\/web\/wp-content\/uploads\/2025\/01\/semana-3-19-1024x1024.jpg\" alt=\"\" class=\"wp-image-7397\" srcset=\"https:\/\/www.participacionciudadana.org\/web\/wp-content\/uploads\/2025\/01\/semana-3-19-1024x1024.jpg 1024w, https:\/\/www.participacionciudadana.org\/web\/wp-content\/uploads\/2025\/01\/semana-3-19-300x300.jpg 300w, https:\/\/www.participacionciudadana.org\/web\/wp-content\/uploads\/2025\/01\/semana-3-19-150x150.jpg 150w, https:\/\/www.participacionciudadana.org\/web\/wp-content\/uploads\/2025\/01\/semana-3-19-768x768.jpg 768w, https:\/\/www.participacionciudadana.org\/web\/wp-content\/uploads\/2025\/01\/semana-3-19-1536x1536.jpg 1536w, https:\/\/www.participacionciudadana.org\/web\/wp-content\/uploads\/2025\/01\/semana-3-19-600x600.jpg 600w, https:\/\/www.participacionciudadana.org\/web\/wp-content\/uploads\/2025\/01\/semana-3-19.jpg 1668w\" sizes=\"(max-width: 1024px) 100vw, 1024px\" \/><\/figure>\n<\/figure>\n\n\n\n<div data-wp-interactive=\"core\/file\" class=\"wp-block-file\"><object data-wp-bind--hidden=\"!state.hasPdfPreview\" hidden class=\"wp-block-file__embed\" data=\"https:\/\/www.participacionciudadana.org\/web\/wp-content\/uploads\/2025\/01\/3_REPORTE-VIOLENCIA-CONSOLIDADO-A-CANDIDATAS-CAMPANA-ELECTORAL25-_SEMANA3.pdf\" type=\"application\/pdf\" style=\"width:100%;height:600px\" aria-label=\"Incrustado de 3_REPORTE VIOLENCIA CONSOLIDADO A CANDIDATAS CAMPA\u00d1A ELECTORAL25 _SEMANA3.\"><\/object><a id=\"wp-block-file--media-24cdce62-cb2f-4275-967a-97d1066ec008\" href=\"https:\/\/www.participacionciudadana.org\/web\/wp-content\/uploads\/2025\/01\/3_REPORTE-VIOLENCIA-CONSOLIDADO-A-CANDIDATAS-CAMPANA-ELECTORAL25-_SEMANA3.pdf\">3_REPORTE VIOLENCIA CONSOLIDADO A CANDIDATAS CAMPA\u00d1A ELECTORAL25 _SEMANA3<\/a><a href=\"https:\/\/www.participacionciudadana.org\/web\/wp-content\/uploads\/2025\/01\/3_REPORTE-VIOLENCIA-CONSOLIDADO-A-CANDIDATAS-CAMPANA-ELECTORAL25-_SEMANA3.pdf\" class=\"wp-block-file__button wp-element-button\" download aria-describedby=\"wp-block-file--media-24cdce62-cb2f-4275-967a-97d1066ec008\">Descarga<\/a><\/div>\n","protected":false},"excerpt":{"rendered":"<p>La Corporaci\u00f3n Participaci\u00f3n Ciudadana presenta tercer reporte de monitoreo sobre violencia pol\u00edtica contra candidatas presidenciales, asamble\u00edstas nacionales y parlamentarias andinas, en campa\u00f1a electoral 2025, durante la tercera semana de campa\u00f1a, del 20 al 26 de enero de 2025. En la tercera semana de campa\u00f1a, se registr\u00f3 que 5 candidatas recibieron manifestaciones de violencia a trav\u00e9s [&hellip;]<\/p>\n","protected":false},"author":5,"featured_media":7394,"comment_status":"open","ping_status":"open","sticky":false,"template":"","format":"standard","meta":{"site-sidebar-layout":"default","site-content-layout":"","ast-site-content-layout":"default","site-content-style":"default","site-sidebar-style":"default","ast-global-header-display":"","ast-banner-title-visibility":"","ast-main-header-display":"","ast-hfb-above-header-display":"","ast-hfb-below-header-display":"","ast-hfb-mobile-header-display":"","site-post-title":"","ast-breadcrumbs-content":"","ast-featured-img":"","footer-sml-layout":"","ast-disable-related-posts":"","theme-transparent-header-meta":"","adv-header-id-meta":"","stick-header-meta":"","header-above-stick-meta":"","header-main-stick-meta":"","header-below-stick-meta":"","astra-migrate-meta-layouts":"set","ast-page-background-enabled":"default","ast-page-background-meta":{"desktop":{"background-color":"","background-image":"","background-repeat":"repeat","background-position":"center center","background-size":"auto","background-attachment":"scroll","background-type":"","background-media":"","overlay-type":"","overlay-color":"","overlay-opacity":"","overlay-gradient":""},"tablet":{"background-color":"","background-image":"","background-repeat":"repeat","background-position":"center center","background-size":"auto","background-attachment":"scroll","background-type":"","background-media":"","overlay-type":"","overlay-color":"","overlay-opacity":"","overlay-gradient":""},"mobile":{"background-color":"","background-image":"","background-repeat":"repeat","background-position":"center center","background-size":"auto","background-attachment":"scroll","background-type":"","background-media":"","overlay-type":"","overlay-color":"","overlay-opacity":"","overlay-gradient":""}},"ast-content-background-meta":{"desktop":{"background-color":"var(--ast-global-color-5)","background-image":"","background-repeat":"repeat","background-position":"center center","background-size":"auto","background-attachment":"scroll","background-type":"","background-media":"","overlay-type":"","overlay-color":"","overlay-opacity":"","overlay-gradient":""},"tablet":{"background-color":"var(--ast-global-color-5)","background-image":"","background-repeat":"repeat","background-position":"center center","background-size":"auto","background-attachment":"scroll","background-type":"","background-media":"","overlay-type":"","overlay-color":"","overlay-opacity":"","overlay-gradient":""},"mobile":{"background-color":"var(--ast-global-color-5)","background-image":"","background-repeat":"repeat","background-position":"center center","background-size":"auto","background-attachment":"scroll","background-type":"","background-media":"","overlay-type":"","overlay-color":"","overlay-opacity":"","overlay-gradient":""}},"_joinchat":[],"footnotes":""},"categories":[1],"tags":[95],"class_list":["post-7393","post","type-post","status-publish","format-standard","has-post-thumbnail","hentry","category-sin-categoria","tag-monitoreo-violencia-politica-elecciones-2025"],"yoast_head":"<!-- This site is optimized with the Yoast SEO plugin v26.5 - https:\/\/yoast.com\/wordpress\/plugins\/seo\/ -->\n<title>Tercer informe de violencia pol\u00edtica en contra de candidatas elecciones 2025 - Participaci\u00f3n Ciudadana<\/title>\n<meta name=\"robots\" content=\"index, follow, max-snippet:-1, max-image-preview:large, max-video-preview:-1\" \/>\n<link rel=\"canonical\" href=\"https:\/\/www.participacionciudadana.org\/web\/2025\/01\/28\/tercer-informe-de-violencia-politica-en-contra-de-candidatas-elecciones-2025\/\" \/>\n<meta property=\"og:locale\" content=\"es_ES\" \/>\n<meta property=\"og:type\" content=\"article\" \/>\n<meta property=\"og:title\" content=\"Tercer informe de violencia pol\u00edtica en contra de candidatas elecciones 2025 - Participaci\u00f3n Ciudadana\" \/>\n<meta property=\"og:description\" content=\"La Corporaci\u00f3n Participaci\u00f3n Ciudadana presenta tercer reporte de monitoreo sobre violencia pol\u00edtica contra candidatas presidenciales, asamble\u00edstas nacionales y parlamentarias andinas, en campa\u00f1a electoral 2025, durante la tercera semana de campa\u00f1a, del 20 al 26 de enero de 2025. En la tercera semana de campa\u00f1a, se registr\u00f3 que 5 candidatas recibieron manifestaciones de violencia a trav\u00e9s [&hellip;]\" \/>\n<meta property=\"og:url\" content=\"https:\/\/www.participacionciudadana.org\/web\/2025\/01\/28\/tercer-informe-de-violencia-politica-en-contra-de-candidatas-elecciones-2025\/\" \/>\n<meta property=\"og:site_name\" content=\"Participaci\u00f3n Ciudadana\" \/>\n<meta property=\"article:publisher\" content=\"https:\/\/www.facebook.com\/ParticipacionPC\/\" \/>\n<meta property=\"article:published_time\" content=\"2025-01-28T22:44:03+00:00\" \/>\n<meta property=\"article:modified_time\" content=\"2025-01-28T23:05:33+00:00\" \/>\n<meta property=\"og:image\" content=\"https:\/\/www.participacionciudadana.org\/web\/wp-content\/uploads\/2025\/01\/semana-3-16.jpg\" \/>\n\t<meta property=\"og:image:width\" content=\"1668\" \/>\n\t<meta property=\"og:image:height\" content=\"1668\" \/>\n\t<meta property=\"og:image:type\" content=\"image\/jpeg\" \/>\n<meta name=\"author\" content=\"Pablo Villac\u00eds\" \/>\n<meta name=\"twitter:card\" content=\"summary_large_image\" \/>\n<meta name=\"twitter:creator\" content=\"@ParticipacionPC\" \/>\n<meta name=\"twitter:site\" content=\"@ParticipacionPC\" \/>\n<meta name=\"twitter:label1\" content=\"Escrito por\" \/>\n\t<meta name=\"twitter:data1\" content=\"Pablo Villac\u00eds\" \/>\n\t<meta name=\"twitter:label2\" content=\"Tiempo de lectura\" \/>\n\t<meta name=\"twitter:data2\" content=\"2 minutos\" \/>\n<script type=\"application\/ld+json\" class=\"yoast-schema-graph\">{\"@context\":\"https:\/\/schema.org\",\"@graph\":[{\"@type\":\"Article\",\"@id\":\"https:\/\/www.participacionciudadana.org\/web\/2025\/01\/28\/tercer-informe-de-violencia-politica-en-contra-de-candidatas-elecciones-2025\/#article\",\"isPartOf\":{\"@id\":\"https:\/\/www.participacionciudadana.org\/web\/2025\/01\/28\/tercer-informe-de-violencia-politica-en-contra-de-candidatas-elecciones-2025\/\"},\"author\":{\"name\":\"Pablo Villac\u00eds\",\"@id\":\"https:\/\/www.participacionciudadana.org\/web\/#\/schema\/person\/92da277b9a5fc1cedc0a6e85361c2607\"},\"headline\":\"Tercer informe de violencia pol\u00edtica en contra de candidatas elecciones 2025\",\"datePublished\":\"2025-01-28T22:44:03+00:00\",\"dateModified\":\"2025-01-28T23:05:33+00:00\",\"mainEntityOfPage\":{\"@id\":\"https:\/\/www.participacionciudadana.org\/web\/2025\/01\/28\/tercer-informe-de-violencia-politica-en-contra-de-candidatas-elecciones-2025\/\"},\"wordCount\":149,\"commentCount\":0,\"publisher\":{\"@id\":\"https:\/\/www.participacionciudadana.org\/web\/#organization\"},\"image\":{\"@id\":\"https:\/\/www.participacionciudadana.org\/web\/2025\/01\/28\/tercer-informe-de-violencia-politica-en-contra-de-candidatas-elecciones-2025\/#primaryimage\"},\"thumbnailUrl\":\"https:\/\/www.participacionciudadana.org\/web\/wp-content\/uploads\/2025\/01\/semana-3-16.jpg\",\"keywords\":[\"monitoreo violencia politica elecciones 2025\"],\"inLanguage\":\"es\",\"potentialAction\":[{\"@type\":\"CommentAction\",\"name\":\"Comment\",\"target\":[\"https:\/\/www.participacionciudadana.org\/web\/2025\/01\/28\/tercer-informe-de-violencia-politica-en-contra-de-candidatas-elecciones-2025\/#respond\"]}]},{\"@type\":\"WebPage\",\"@id\":\"https:\/\/www.participacionciudadana.org\/web\/2025\/01\/28\/tercer-informe-de-violencia-politica-en-contra-de-candidatas-elecciones-2025\/\",\"url\":\"https:\/\/www.participacionciudadana.org\/web\/2025\/01\/28\/tercer-informe-de-violencia-politica-en-contra-de-candidatas-elecciones-2025\/\",\"name\":\"Tercer informe de violencia pol\u00edtica en contra de candidatas elecciones 2025 - Participaci\u00f3n Ciudadana\",\"isPartOf\":{\"@id\":\"https:\/\/www.participacionciudadana.org\/web\/#website\"},\"primaryImageOfPage\":{\"@id\":\"https:\/\/www.participacionciudadana.org\/web\/2025\/01\/28\/tercer-informe-de-violencia-politica-en-contra-de-candidatas-elecciones-2025\/#primaryimage\"},\"image\":{\"@id\":\"https:\/\/www.participacionciudadana.org\/web\/2025\/01\/28\/tercer-informe-de-violencia-politica-en-contra-de-candidatas-elecciones-2025\/#primaryimage\"},\"thumbnailUrl\":\"https:\/\/www.participacionciudadana.org\/web\/wp-content\/uploads\/2025\/01\/semana-3-16.jpg\",\"datePublished\":\"2025-01-28T22:44:03+00:00\",\"dateModified\":\"2025-01-28T23:05:33+00:00\",\"breadcrumb\":{\"@id\":\"https:\/\/www.participacionciudadana.org\/web\/2025\/01\/28\/tercer-informe-de-violencia-politica-en-contra-de-candidatas-elecciones-2025\/#breadcrumb\"},\"inLanguage\":\"es\",\"potentialAction\":[{\"@type\":\"ReadAction\",\"target\":[\"https:\/\/www.participacionciudadana.org\/web\/2025\/01\/28\/tercer-informe-de-violencia-politica-en-contra-de-candidatas-elecciones-2025\/\"]}]},{\"@type\":\"ImageObject\",\"inLanguage\":\"es\",\"@id\":\"https:\/\/www.participacionciudadana.org\/web\/2025\/01\/28\/tercer-informe-de-violencia-politica-en-contra-de-candidatas-elecciones-2025\/#primaryimage\",\"url\":\"https:\/\/www.participacionciudadana.org\/web\/wp-content\/uploads\/2025\/01\/semana-3-16.jpg\",\"contentUrl\":\"https:\/\/www.participacionciudadana.org\/web\/wp-content\/uploads\/2025\/01\/semana-3-16.jpg\",\"width\":1668,\"height\":1668},{\"@type\":\"BreadcrumbList\",\"@id\":\"https:\/\/www.participacionciudadana.org\/web\/2025\/01\/28\/tercer-informe-de-violencia-politica-en-contra-de-candidatas-elecciones-2025\/#breadcrumb\",\"itemListElement\":[{\"@type\":\"ListItem\",\"position\":1,\"name\":\"Portada\",\"item\":\"https:\/\/www.participacionciudadana.org\/web\/\"},{\"@type\":\"ListItem\",\"position\":2,\"name\":\"Tercer informe de violencia pol\u00edtica en contra de candidatas elecciones 2025\"}]},{\"@type\":\"WebSite\",\"@id\":\"https:\/\/www.participacionciudadana.org\/web\/#website\",\"url\":\"https:\/\/www.participacionciudadana.org\/web\/\",\"name\":\"Participaci\u00f3n Ciudadana\",\"description\":\"Comprometidos con la democracia\",\"publisher\":{\"@id\":\"https:\/\/www.participacionciudadana.org\/web\/#organization\"},\"potentialAction\":[{\"@type\":\"SearchAction\",\"target\":{\"@type\":\"EntryPoint\",\"urlTemplate\":\"https:\/\/www.participacionciudadana.org\/web\/?s={search_term_string}\"},\"query-input\":{\"@type\":\"PropertyValueSpecification\",\"valueRequired\":true,\"valueName\":\"search_term_string\"}}],\"inLanguage\":\"es\"},{\"@type\":\"Organization\",\"@id\":\"https:\/\/www.participacionciudadana.org\/web\/#organization\",\"name\":\"Participaci\u00f3n Ciudadana\",\"url\":\"https:\/\/www.participacionciudadana.org\/web\/\",\"logo\":{\"@type\":\"ImageObject\",\"inLanguage\":\"es\",\"@id\":\"https:\/\/www.participacionciudadana.org\/web\/#\/schema\/logo\/image\/\",\"url\":\"https:\/\/www.participacionciudadana.org\/web\/wp-content\/uploads\/2021\/11\/cropped-logo_pc-1.png\",\"contentUrl\":\"https:\/\/www.participacionciudadana.org\/web\/wp-content\/uploads\/2021\/11\/cropped-logo_pc-1.png\",\"width\":340,\"height\":114,\"caption\":\"Participaci\u00f3n Ciudadana\"},\"image\":{\"@id\":\"https:\/\/www.participacionciudadana.org\/web\/#\/schema\/logo\/image\/\"},\"sameAs\":[\"https:\/\/www.facebook.com\/ParticipacionPC\/\",\"https:\/\/x.com\/ParticipacionPC\"]},{\"@type\":\"Person\",\"@id\":\"https:\/\/www.participacionciudadana.org\/web\/#\/schema\/person\/92da277b9a5fc1cedc0a6e85361c2607\",\"name\":\"Pablo Villac\u00eds\",\"image\":{\"@type\":\"ImageObject\",\"inLanguage\":\"es\",\"@id\":\"https:\/\/www.participacionciudadana.org\/web\/#\/schema\/person\/image\/\",\"url\":\"https:\/\/secure.gravatar.com\/avatar\/49c3bffa4759b83bd4c3be4b3bfa8fedf40d73773a24bc67c7fdd8dd7db3701d?s=96&d=mm&r=g\",\"contentUrl\":\"https:\/\/secure.gravatar.com\/avatar\/49c3bffa4759b83bd4c3be4b3bfa8fedf40d73773a24bc67c7fdd8dd7db3701d?s=96&d=mm&r=g\",\"caption\":\"Pablo Villac\u00eds\"},\"url\":\"https:\/\/www.participacionciudadana.org\/web\/author\/pablo-villacis\/\"}]}<\/script>\n<!-- \/ Yoast SEO plugin. -->","yoast_head_json":{"title":"Tercer informe de violencia pol\u00edtica en contra de candidatas elecciones 2025 - Participaci\u00f3n Ciudadana","robots":{"index":"index","follow":"follow","max-snippet":"max-snippet:-1","max-image-preview":"max-image-preview:large","max-video-preview":"max-video-preview:-1"},"canonical":"https:\/\/www.participacionciudadana.org\/web\/2025\/01\/28\/tercer-informe-de-violencia-politica-en-contra-de-candidatas-elecciones-2025\/","og_locale":"es_ES","og_type":"article","og_title":"Tercer informe de violencia pol\u00edtica en contra de candidatas elecciones 2025 - Participaci\u00f3n Ciudadana","og_description":"La Corporaci\u00f3n Participaci\u00f3n Ciudadana presenta tercer reporte de monitoreo sobre violencia pol\u00edtica contra candidatas presidenciales, asamble\u00edstas nacionales y parlamentarias andinas, en campa\u00f1a electoral 2025, durante la tercera semana de campa\u00f1a, del 20 al 26 de enero de 2025. En la tercera semana de campa\u00f1a, se registr\u00f3 que 5 candidatas recibieron manifestaciones de violencia a trav\u00e9s [&hellip;]","og_url":"https:\/\/www.participacionciudadana.org\/web\/2025\/01\/28\/tercer-informe-de-violencia-politica-en-contra-de-candidatas-elecciones-2025\/","og_site_name":"Participaci\u00f3n Ciudadana","article_publisher":"https:\/\/www.facebook.com\/ParticipacionPC\/","article_published_time":"2025-01-28T22:44:03+00:00","article_modified_time":"2025-01-28T23:05:33+00:00","og_image":[{"width":1668,"height":1668,"url":"https:\/\/www.participacionciudadana.org\/web\/wp-content\/uploads\/2025\/01\/semana-3-16.jpg","type":"image\/jpeg"}],"author":"Pablo Villac\u00eds","twitter_card":"summary_large_image","twitter_creator":"@ParticipacionPC","twitter_site":"@ParticipacionPC","twitter_misc":{"Escrito por":"Pablo Villac\u00eds","Tiempo de lectura":"2 minutos"},"schema":{"@context":"https:\/\/schema.org","@graph":[{"@type":"Article","@id":"https:\/\/www.participacionciudadana.org\/web\/2025\/01\/28\/tercer-informe-de-violencia-politica-en-contra-de-candidatas-elecciones-2025\/#article","isPartOf":{"@id":"https:\/\/www.participacionciudadana.org\/web\/2025\/01\/28\/tercer-informe-de-violencia-politica-en-contra-de-candidatas-elecciones-2025\/"},"author":{"name":"Pablo Villac\u00eds","@id":"https:\/\/www.participacionciudadana.org\/web\/#\/schema\/person\/92da277b9a5fc1cedc0a6e85361c2607"},"headline":"Tercer informe de violencia pol\u00edtica en contra de candidatas elecciones 2025","datePublished":"2025-01-28T22:44:03+00:00","dateModified":"2025-01-28T23:05:33+00:00","mainEntityOfPage":{"@id":"https:\/\/www.participacionciudadana.org\/web\/2025\/01\/28\/tercer-informe-de-violencia-politica-en-contra-de-candidatas-elecciones-2025\/"},"wordCount":149,"commentCount":0,"publisher":{"@id":"https:\/\/www.participacionciudadana.org\/web\/#organization"},"image":{"@id":"https:\/\/www.participacionciudadana.org\/web\/2025\/01\/28\/tercer-informe-de-violencia-politica-en-contra-de-candidatas-elecciones-2025\/#primaryimage"},"thumbnailUrl":"https:\/\/www.participacionciudadana.org\/web\/wp-content\/uploads\/2025\/01\/semana-3-16.jpg","keywords":["monitoreo violencia politica elecciones 2025"],"inLanguage":"es","potentialAction":[{"@type":"CommentAction","name":"Comment","target":["https:\/\/www.participacionciudadana.org\/web\/2025\/01\/28\/tercer-informe-de-violencia-politica-en-contra-de-candidatas-elecciones-2025\/#respond"]}]},{"@type":"WebPage","@id":"https:\/\/www.participacionciudadana.org\/web\/2025\/01\/28\/tercer-informe-de-violencia-politica-en-contra-de-candidatas-elecciones-2025\/","url":"https:\/\/www.participacionciudadana.org\/web\/2025\/01\/28\/tercer-informe-de-violencia-politica-en-contra-de-candidatas-elecciones-2025\/","name":"Tercer informe de violencia pol\u00edtica en contra de candidatas elecciones 2025 - Participaci\u00f3n Ciudadana","isPartOf":{"@id":"https:\/\/www.participacionciudadana.org\/web\/#website"},"primaryImageOfPage":{"@id":"https:\/\/www.participacionciudadana.org\/web\/2025\/01\/28\/tercer-informe-de-violencia-politica-en-contra-de-candidatas-elecciones-2025\/#primaryimage"},"image":{"@id":"https:\/\/www.participacionciudadana.org\/web\/2025\/01\/28\/tercer-informe-de-violencia-politica-en-contra-de-candidatas-elecciones-2025\/#primaryimage"},"thumbnailUrl":"https:\/\/www.participacionciudadana.org\/web\/wp-content\/uploads\/2025\/01\/semana-3-16.jpg","datePublished":"2025-01-28T22:44:03+00:00","dateModified":"2025-01-28T23:05:33+00:00","breadcrumb":{"@id":"https:\/\/www.participacionciudadana.org\/web\/2025\/01\/28\/tercer-informe-de-violencia-politica-en-contra-de-candidatas-elecciones-2025\/#breadcrumb"},"inLanguage":"es","potentialAction":[{"@type":"ReadAction","target":["https:\/\/www.participacionciudadana.org\/web\/2025\/01\/28\/tercer-informe-de-violencia-politica-en-contra-de-candidatas-elecciones-2025\/"]}]},{"@type":"ImageObject","inLanguage":"es","@id":"https:\/\/www.participacionciudadana.org\/web\/2025\/01\/28\/tercer-informe-de-violencia-politica-en-contra-de-candidatas-elecciones-2025\/#primaryimage","url":"https:\/\/www.participacionciudadana.org\/web\/wp-content\/uploads\/2025\/01\/semana-3-16.jpg","contentUrl":"https:\/\/www.participacionciudadana.org\/web\/wp-content\/uploads\/2025\/01\/semana-3-16.jpg","width":1668,"height":1668},{"@type":"BreadcrumbList","@id":"https:\/\/www.participacionciudadana.org\/web\/2025\/01\/28\/tercer-informe-de-violencia-politica-en-contra-de-candidatas-elecciones-2025\/#breadcrumb","itemListElement":[{"@type":"ListItem","position":1,"name":"Portada","item":"https:\/\/www.participacionciudadana.org\/web\/"},{"@type":"ListItem","position":2,"name":"Tercer informe de violencia pol\u00edtica en contra de candidatas elecciones 2025"}]},{"@type":"WebSite","@id":"https:\/\/www.participacionciudadana.org\/web\/#website","url":"https:\/\/www.participacionciudadana.org\/web\/","name":"Participaci\u00f3n Ciudadana","description":"Comprometidos con la democracia","publisher":{"@id":"https:\/\/www.participacionciudadana.org\/web\/#organization"},"potentialAction":[{"@type":"SearchAction","target":{"@type":"EntryPoint","urlTemplate":"https:\/\/www.participacionciudadana.org\/web\/?s={search_term_string}"},"query-input":{"@type":"PropertyValueSpecification","valueRequired":true,"valueName":"search_term_string"}}],"inLanguage":"es"},{"@type":"Organization","@id":"https:\/\/www.participacionciudadana.org\/web\/#organization","name":"Participaci\u00f3n Ciudadana","url":"https:\/\/www.participacionciudadana.org\/web\/","logo":{"@type":"ImageObject","inLanguage":"es","@id":"https:\/\/www.participacionciudadana.org\/web\/#\/schema\/logo\/image\/","url":"https:\/\/www.participacionciudadana.org\/web\/wp-content\/uploads\/2021\/11\/cropped-logo_pc-1.png","contentUrl":"https:\/\/www.participacionciudadana.org\/web\/wp-content\/uploads\/2021\/11\/cropped-logo_pc-1.png","width":340,"height":114,"caption":"Participaci\u00f3n Ciudadana"},"image":{"@id":"https:\/\/www.participacionciudadana.org\/web\/#\/schema\/logo\/image\/"},"sameAs":["https:\/\/www.facebook.com\/ParticipacionPC\/","https:\/\/x.com\/ParticipacionPC"]},{"@type":"Person","@id":"https:\/\/www.participacionciudadana.org\/web\/#\/schema\/person\/92da277b9a5fc1cedc0a6e85361c2607","name":"Pablo Villac\u00eds","image":{"@type":"ImageObject","inLanguage":"es","@id":"https:\/\/www.participacionciudadana.org\/web\/#\/schema\/person\/image\/","url":"https:\/\/secure.gravatar.com\/avatar\/49c3bffa4759b83bd4c3be4b3bfa8fedf40d73773a24bc67c7fdd8dd7db3701d?s=96&d=mm&r=g","contentUrl":"https:\/\/secure.gravatar.com\/avatar\/49c3bffa4759b83bd4c3be4b3bfa8fedf40d73773a24bc67c7fdd8dd7db3701d?s=96&d=mm&r=g","caption":"Pablo Villac\u00eds"},"url":"https:\/\/www.participacionciudadana.org\/web\/author\/pablo-villacis\/"}]}},"_links":{"self":[{"href":"https:\/\/www.participacionciudadana.org\/web\/wp-json\/wp\/v2\/posts\/7393","targetHints":{"allow":["GET"]}}],"collection":[{"href":"https:\/\/www.participacionciudadana.org\/web\/wp-json\/wp\/v2\/posts"}],"about":[{"href":"https:\/\/www.participacionciudadana.org\/web\/wp-json\/wp\/v2\/types\/post"}],"author":[{"embeddable":true,"href":"https:\/\/www.participacionciudadana.org\/web\/wp-json\/wp\/v2\/users\/5"}],"replies":[{"embeddable":true,"href":"https:\/\/www.participacionciudadana.org\/web\/wp-json\/wp\/v2\/comments?post=7393"}],"version-history":[{"count":1,"href":"https:\/\/www.participacionciudadana.org\/web\/wp-json\/wp\/v2\/posts\/7393\/revisions"}],"predecessor-version":[{"id":7399,"href":"https:\/\/www.participacionciudadana.org\/web\/wp-json\/wp\/v2\/posts\/7393\/revisions\/7399"}],"wp:featuredmedia":[{"embeddable":true,"href":"https:\/\/www.participacionciudadana.org\/web\/wp-json\/wp\/v2\/media\/7394"}],"wp:attachment":[{"href":"https:\/\/www.participacionciudadana.org\/web\/wp-json\/wp\/v2\/media?parent=7393"}],"wp:term":[{"taxonomy":"category","embeddable":true,"href":"https:\/\/www.participacionciudadana.org\/web\/wp-json\/wp\/v2\/categories?post=7393"},{"taxonomy":"post_tag","embeddable":true,"href":"https:\/\/www.participacionciudadana.org\/web\/wp-json\/wp\/v2\/tags?post=7393"}],"curies":[{"name":"wp","href":"https:\/\/api.w.org\/{rel}","templated":true}]}}