{"id":7447,"date":"2025-02-18T13:05:33","date_gmt":"2025-02-18T18:05:33","guid":{"rendered":"https:\/\/www.participacionciudadana.org\/web\/?p=7447"},"modified":"2025-02-18T14:58:22","modified_gmt":"2025-02-18T19:58:22","slug":"1-296-minutos-en-publicidad-oficial-registra-el-monitoreo-en-enero-de-2025","status":"publish","type":"post","link":"https:\/\/www.participacionciudadana.org\/web\/2025\/02\/18\/1-296-minutos-en-publicidad-oficial-registra-el-monitoreo-en-enero-de-2025\/","title":{"rendered":"1.296 minutos en Publicidad Oficial registra el monitoreo en enero de 2025"},"content":{"rendered":"\n<p>El Centro de Monitoreo de Medios de la Corporaci\u00f3n Participaci\u00f3n Ciudadana presenta el informe de publicidad oficial, correspondiente al mes de enero de 2025, con base en los 11 canales de televisi\u00f3n monitoreados.<\/p>\n\n\n\n<figure class=\"wp-block-gallery has-nested-images columns-default is-cropped wp-block-gallery-1 is-layout-flex wp-block-gallery-is-layout-flex\">\n<figure class=\"wp-block-image size-large\"><img fetchpriority=\"high\" decoding=\"async\" width=\"600\" height=\"335\" data-id=\"7449\" src=\"https:\/\/www.participacionciudadana.org\/web\/wp-content\/uploads\/2025\/02\/13-REPORTE-DE-PUBLICIDAD_Mesa-de-trabajo-1.jpg\" alt=\"\" class=\"wp-image-7449\" srcset=\"https:\/\/www.participacionciudadana.org\/web\/wp-content\/uploads\/2025\/02\/13-REPORTE-DE-PUBLICIDAD_Mesa-de-trabajo-1.jpg 600w, https:\/\/www.participacionciudadana.org\/web\/wp-content\/uploads\/2025\/02\/13-REPORTE-DE-PUBLICIDAD_Mesa-de-trabajo-1-300x168.jpg 300w\" sizes=\"(max-width: 600px) 100vw, 600px\" \/><\/figure>\n\n\n\n<figure class=\"wp-block-image size-large\"><img decoding=\"async\" width=\"600\" height=\"335\" data-id=\"7448\" src=\"https:\/\/www.participacionciudadana.org\/web\/wp-content\/uploads\/2025\/02\/13-REPORTE-DE-PUBLICIDAD-02.jpg\" alt=\"\" class=\"wp-image-7448\" srcset=\"https:\/\/www.participacionciudadana.org\/web\/wp-content\/uploads\/2025\/02\/13-REPORTE-DE-PUBLICIDAD-02.jpg 600w, https:\/\/www.participacionciudadana.org\/web\/wp-content\/uploads\/2025\/02\/13-REPORTE-DE-PUBLICIDAD-02-300x168.jpg 300w\" sizes=\"(max-width: 600px) 100vw, 600px\" \/><\/figure>\n<\/figure>\n\n\n\n<figure class=\"wp-block-gallery has-nested-images columns-default is-cropped wp-block-gallery-2 is-layout-flex wp-block-gallery-is-layout-flex\">\n<figure class=\"wp-block-image size-large\"><img decoding=\"async\" width=\"600\" height=\"336\" data-id=\"7452\" src=\"https:\/\/www.participacionciudadana.org\/web\/wp-content\/uploads\/2025\/02\/13-REPORTE-DE-PUBLICIDAD-03.jpg\" alt=\"\" class=\"wp-image-7452\" srcset=\"https:\/\/www.participacionciudadana.org\/web\/wp-content\/uploads\/2025\/02\/13-REPORTE-DE-PUBLICIDAD-03.jpg 600w, https:\/\/www.participacionciudadana.org\/web\/wp-content\/uploads\/2025\/02\/13-REPORTE-DE-PUBLICIDAD-03-300x168.jpg 300w\" sizes=\"(max-width: 600px) 100vw, 600px\" \/><\/figure>\n\n\n\n<figure class=\"wp-block-image size-large\"><img loading=\"lazy\" decoding=\"async\" width=\"600\" height=\"336\" data-id=\"7453\" src=\"https:\/\/www.participacionciudadana.org\/web\/wp-content\/uploads\/2025\/02\/13-REPORTE-DE-PUBLICIDAD-04.jpg\" alt=\"\" class=\"wp-image-7453\" srcset=\"https:\/\/www.participacionciudadana.org\/web\/wp-content\/uploads\/2025\/02\/13-REPORTE-DE-PUBLICIDAD-04.jpg 600w, https:\/\/www.participacionciudadana.org\/web\/wp-content\/uploads\/2025\/02\/13-REPORTE-DE-PUBLICIDAD-04-300x168.jpg 300w\" sizes=\"(max-width: 600px) 100vw, 600px\" \/><\/figure>\n<\/figure>\n\n\n\n<div data-wp-interactive=\"core\/file\" class=\"wp-block-file\"><object data-wp-bind--hidden=\"!state.hasPdfPreview\" hidden class=\"wp-block-file__embed\" data=\"https:\/\/www.participacionciudadana.org\/web\/wp-content\/uploads\/2025\/02\/13_PUBLICIDAD-OFICIAL-ENERO-2025.pdf\" type=\"application\/pdf\" style=\"width:100%;height:600px\" aria-label=\"Incrustado de 13_PUBLICIDAD OFICIAL - ENERO 2025.\"><\/object><a id=\"wp-block-file--media-5bb97197-1d20-4e7c-8dc4-06cc3959b99d\" href=\"https:\/\/www.participacionciudadana.org\/web\/wp-content\/uploads\/2025\/02\/13_PUBLICIDAD-OFICIAL-ENERO-2025.pdf\">13_PUBLICIDAD OFICIAL &#8211; ENERO 2025<\/a><a href=\"https:\/\/www.participacionciudadana.org\/web\/wp-content\/uploads\/2025\/02\/13_PUBLICIDAD-OFICIAL-ENERO-2025.pdf\" class=\"wp-block-file__button wp-element-button\" download aria-describedby=\"wp-block-file--media-5bb97197-1d20-4e7c-8dc4-06cc3959b99d\">Descarga<\/a><\/div>\n","protected":false},"excerpt":{"rendered":"<p>El Centro de Monitoreo de Medios de la Corporaci\u00f3n Participaci\u00f3n Ciudadana presenta el informe de publicidad oficial, correspondiente al mes de enero de 2025, con base en los 11 canales de televisi\u00f3n monitoreados.<\/p>\n","protected":false},"author":5,"featured_media":7449,"comment_status":"open","ping_status":"open","sticky":false,"template":"","format":"standard","meta":{"site-sidebar-layout":"default","site-content-layout":"","ast-site-content-layout":"default","site-content-style":"default","site-sidebar-style":"default","ast-global-header-display":"","ast-banner-title-visibility":"","ast-main-header-display":"","ast-hfb-above-header-display":"","ast-hfb-below-header-display":"","ast-hfb-mobile-header-display":"","site-post-title":"","ast-breadcrumbs-content":"","ast-featured-img":"","footer-sml-layout":"","ast-disable-related-posts":"","theme-transparent-header-meta":"","adv-header-id-meta":"","stick-header-meta":"","header-above-stick-meta":"","header-main-stick-meta":"","header-below-stick-meta":"","astra-migrate-meta-layouts":"set","ast-page-background-enabled":"default","ast-page-background-meta":{"desktop":{"background-color":"","background-image":"","background-repeat":"repeat","background-position":"center center","background-size":"auto","background-attachment":"scroll","background-type":"","background-media":"","overlay-type":"","overlay-color":"","overlay-opacity":"","overlay-gradient":""},"tablet":{"background-color":"","background-image":"","background-repeat":"repeat","background-position":"center center","background-size":"auto","background-attachment":"scroll","background-type":"","background-media":"","overlay-type":"","overlay-color":"","overlay-opacity":"","overlay-gradient":""},"mobile":{"background-color":"","background-image":"","background-repeat":"repeat","background-position":"center center","background-size":"auto","background-attachment":"scroll","background-type":"","background-media":"","overlay-type":"","overlay-color":"","overlay-opacity":"","overlay-gradient":""}},"ast-content-background-meta":{"desktop":{"background-color":"var(--ast-global-color-5)","background-image":"","background-repeat":"repeat","background-position":"center center","background-size":"auto","background-attachment":"scroll","background-type":"","background-media":"","overlay-type":"","overlay-color":"","overlay-opacity":"","overlay-gradient":""},"tablet":{"background-color":"var(--ast-global-color-5)","background-image":"","background-repeat":"repeat","background-position":"center center","background-size":"auto","background-attachment":"scroll","background-type":"","background-media":"","overlay-type":"","overlay-color":"","overlay-opacity":"","overlay-gradient":""},"mobile":{"background-color":"var(--ast-global-color-5)","background-image":"","background-repeat":"repeat","background-position":"center center","background-size":"auto","background-attachment":"scroll","background-type":"","background-media":"","overlay-type":"","overlay-color":"","overlay-opacity":"","overlay-gradient":""}},"_joinchat":[],"footnotes":""},"categories":[1],"tags":[87],"class_list":["post-7447","post","type-post","status-publish","format-standard","has-post-thumbnail","hentry","category-sin-categoria","tag-monitoreo-publicidad-oficial-2023"],"yoast_head":"<!-- This site is optimized with the Yoast SEO plugin v26.5 - https:\/\/yoast.com\/wordpress\/plugins\/seo\/ -->\n<title>1.296 minutos en Publicidad Oficial registra el monitoreo en enero de 2025 - Participaci\u00f3n Ciudadana<\/title>\n<meta name=\"robots\" content=\"index, follow, max-snippet:-1, max-image-preview:large, max-video-preview:-1\" \/>\n<link rel=\"canonical\" href=\"https:\/\/www.participacionciudadana.org\/web\/2025\/02\/18\/1-296-minutos-en-publicidad-oficial-registra-el-monitoreo-en-enero-de-2025\/\" \/>\n<meta property=\"og:locale\" content=\"es_ES\" \/>\n<meta property=\"og:type\" content=\"article\" \/>\n<meta property=\"og:title\" content=\"1.296 minutos en Publicidad Oficial registra el monitoreo en enero de 2025 - Participaci\u00f3n Ciudadana\" \/>\n<meta property=\"og:description\" content=\"El Centro de Monitoreo de Medios de la Corporaci\u00f3n Participaci\u00f3n Ciudadana presenta el informe de publicidad oficial, correspondiente al mes de enero de 2025, con base en los 11 canales de televisi\u00f3n monitoreados.\" \/>\n<meta property=\"og:url\" content=\"https:\/\/www.participacionciudadana.org\/web\/2025\/02\/18\/1-296-minutos-en-publicidad-oficial-registra-el-monitoreo-en-enero-de-2025\/\" \/>\n<meta property=\"og:site_name\" content=\"Participaci\u00f3n Ciudadana\" \/>\n<meta property=\"article:publisher\" content=\"https:\/\/www.facebook.com\/ParticipacionPC\/\" \/>\n<meta property=\"article:published_time\" content=\"2025-02-18T18:05:33+00:00\" \/>\n<meta property=\"article:modified_time\" content=\"2025-02-18T19:58:22+00:00\" \/>\n<meta property=\"og:image\" content=\"https:\/\/www.participacionciudadana.org\/web\/wp-content\/uploads\/2025\/02\/13-REPORTE-DE-PUBLICIDAD_Mesa-de-trabajo-1.jpg\" \/>\n\t<meta property=\"og:image:width\" content=\"600\" \/>\n\t<meta property=\"og:image:height\" content=\"335\" \/>\n\t<meta property=\"og:image:type\" content=\"image\/jpeg\" \/>\n<meta name=\"author\" content=\"Pablo Villac\u00eds\" \/>\n<meta name=\"twitter:card\" content=\"summary_large_image\" \/>\n<meta name=\"twitter:creator\" content=\"@ParticipacionPC\" \/>\n<meta name=\"twitter:site\" content=\"@ParticipacionPC\" \/>\n<meta name=\"twitter:label1\" content=\"Escrito por\" \/>\n\t<meta name=\"twitter:data1\" content=\"Pablo Villac\u00eds\" \/>\n\t<meta name=\"twitter:label2\" content=\"Tiempo de lectura\" \/>\n\t<meta name=\"twitter:data2\" content=\"2 minutos\" \/>\n<script type=\"application\/ld+json\" class=\"yoast-schema-graph\">{\"@context\":\"https:\/\/schema.org\",\"@graph\":[{\"@type\":\"Article\",\"@id\":\"https:\/\/www.participacionciudadana.org\/web\/2025\/02\/18\/1-296-minutos-en-publicidad-oficial-registra-el-monitoreo-en-enero-de-2025\/#article\",\"isPartOf\":{\"@id\":\"https:\/\/www.participacionciudadana.org\/web\/2025\/02\/18\/1-296-minutos-en-publicidad-oficial-registra-el-monitoreo-en-enero-de-2025\/\"},\"author\":{\"name\":\"Pablo Villac\u00eds\",\"@id\":\"https:\/\/www.participacionciudadana.org\/web\/#\/schema\/person\/92da277b9a5fc1cedc0a6e85361c2607\"},\"headline\":\"1.296 minutos en Publicidad Oficial registra el monitoreo en enero de 2025\",\"datePublished\":\"2025-02-18T18:05:33+00:00\",\"dateModified\":\"2025-02-18T19:58:22+00:00\",\"mainEntityOfPage\":{\"@id\":\"https:\/\/www.participacionciudadana.org\/web\/2025\/02\/18\/1-296-minutos-en-publicidad-oficial-registra-el-monitoreo-en-enero-de-2025\/\"},\"wordCount\":49,\"commentCount\":0,\"publisher\":{\"@id\":\"https:\/\/www.participacionciudadana.org\/web\/#organization\"},\"image\":{\"@id\":\"https:\/\/www.participacionciudadana.org\/web\/2025\/02\/18\/1-296-minutos-en-publicidad-oficial-registra-el-monitoreo-en-enero-de-2025\/#primaryimage\"},\"thumbnailUrl\":\"https:\/\/www.participacionciudadana.org\/web\/wp-content\/uploads\/2025\/02\/13-REPORTE-DE-PUBLICIDAD_Mesa-de-trabajo-1.jpg\",\"keywords\":[\"monitoreo publicidad oficial 2023\"],\"inLanguage\":\"es\",\"potentialAction\":[{\"@type\":\"CommentAction\",\"name\":\"Comment\",\"target\":[\"https:\/\/www.participacionciudadana.org\/web\/2025\/02\/18\/1-296-minutos-en-publicidad-oficial-registra-el-monitoreo-en-enero-de-2025\/#respond\"]}]},{\"@type\":\"WebPage\",\"@id\":\"https:\/\/www.participacionciudadana.org\/web\/2025\/02\/18\/1-296-minutos-en-publicidad-oficial-registra-el-monitoreo-en-enero-de-2025\/\",\"url\":\"https:\/\/www.participacionciudadana.org\/web\/2025\/02\/18\/1-296-minutos-en-publicidad-oficial-registra-el-monitoreo-en-enero-de-2025\/\",\"name\":\"1.296 minutos en Publicidad Oficial registra el monitoreo en enero de 2025 - Participaci\u00f3n Ciudadana\",\"isPartOf\":{\"@id\":\"https:\/\/www.participacionciudadana.org\/web\/#website\"},\"primaryImageOfPage\":{\"@id\":\"https:\/\/www.participacionciudadana.org\/web\/2025\/02\/18\/1-296-minutos-en-publicidad-oficial-registra-el-monitoreo-en-enero-de-2025\/#primaryimage\"},\"image\":{\"@id\":\"https:\/\/www.participacionciudadana.org\/web\/2025\/02\/18\/1-296-minutos-en-publicidad-oficial-registra-el-monitoreo-en-enero-de-2025\/#primaryimage\"},\"thumbnailUrl\":\"https:\/\/www.participacionciudadana.org\/web\/wp-content\/uploads\/2025\/02\/13-REPORTE-DE-PUBLICIDAD_Mesa-de-trabajo-1.jpg\",\"datePublished\":\"2025-02-18T18:05:33+00:00\",\"dateModified\":\"2025-02-18T19:58:22+00:00\",\"breadcrumb\":{\"@id\":\"https:\/\/www.participacionciudadana.org\/web\/2025\/02\/18\/1-296-minutos-en-publicidad-oficial-registra-el-monitoreo-en-enero-de-2025\/#breadcrumb\"},\"inLanguage\":\"es\",\"potentialAction\":[{\"@type\":\"ReadAction\",\"target\":[\"https:\/\/www.participacionciudadana.org\/web\/2025\/02\/18\/1-296-minutos-en-publicidad-oficial-registra-el-monitoreo-en-enero-de-2025\/\"]}]},{\"@type\":\"ImageObject\",\"inLanguage\":\"es\",\"@id\":\"https:\/\/www.participacionciudadana.org\/web\/2025\/02\/18\/1-296-minutos-en-publicidad-oficial-registra-el-monitoreo-en-enero-de-2025\/#primaryimage\",\"url\":\"https:\/\/www.participacionciudadana.org\/web\/wp-content\/uploads\/2025\/02\/13-REPORTE-DE-PUBLICIDAD_Mesa-de-trabajo-1.jpg\",\"contentUrl\":\"https:\/\/www.participacionciudadana.org\/web\/wp-content\/uploads\/2025\/02\/13-REPORTE-DE-PUBLICIDAD_Mesa-de-trabajo-1.jpg\",\"width\":600,\"height\":335},{\"@type\":\"BreadcrumbList\",\"@id\":\"https:\/\/www.participacionciudadana.org\/web\/2025\/02\/18\/1-296-minutos-en-publicidad-oficial-registra-el-monitoreo-en-enero-de-2025\/#breadcrumb\",\"itemListElement\":[{\"@type\":\"ListItem\",\"position\":1,\"name\":\"Portada\",\"item\":\"https:\/\/www.participacionciudadana.org\/web\/\"},{\"@type\":\"ListItem\",\"position\":2,\"name\":\"1.296 minutos en Publicidad Oficial registra el monitoreo en enero de 2025\"}]},{\"@type\":\"WebSite\",\"@id\":\"https:\/\/www.participacionciudadana.org\/web\/#website\",\"url\":\"https:\/\/www.participacionciudadana.org\/web\/\",\"name\":\"Participaci\u00f3n Ciudadana\",\"description\":\"Comprometidos con la democracia\",\"publisher\":{\"@id\":\"https:\/\/www.participacionciudadana.org\/web\/#organization\"},\"potentialAction\":[{\"@type\":\"SearchAction\",\"target\":{\"@type\":\"EntryPoint\",\"urlTemplate\":\"https:\/\/www.participacionciudadana.org\/web\/?s={search_term_string}\"},\"query-input\":{\"@type\":\"PropertyValueSpecification\",\"valueRequired\":true,\"valueName\":\"search_term_string\"}}],\"inLanguage\":\"es\"},{\"@type\":\"Organization\",\"@id\":\"https:\/\/www.participacionciudadana.org\/web\/#organization\",\"name\":\"Participaci\u00f3n Ciudadana\",\"url\":\"https:\/\/www.participacionciudadana.org\/web\/\",\"logo\":{\"@type\":\"ImageObject\",\"inLanguage\":\"es\",\"@id\":\"https:\/\/www.participacionciudadana.org\/web\/#\/schema\/logo\/image\/\",\"url\":\"https:\/\/www.participacionciudadana.org\/web\/wp-content\/uploads\/2021\/11\/cropped-logo_pc-1.png\",\"contentUrl\":\"https:\/\/www.participacionciudadana.org\/web\/wp-content\/uploads\/2021\/11\/cropped-logo_pc-1.png\",\"width\":340,\"height\":114,\"caption\":\"Participaci\u00f3n Ciudadana\"},\"image\":{\"@id\":\"https:\/\/www.participacionciudadana.org\/web\/#\/schema\/logo\/image\/\"},\"sameAs\":[\"https:\/\/www.facebook.com\/ParticipacionPC\/\",\"https:\/\/x.com\/ParticipacionPC\"]},{\"@type\":\"Person\",\"@id\":\"https:\/\/www.participacionciudadana.org\/web\/#\/schema\/person\/92da277b9a5fc1cedc0a6e85361c2607\",\"name\":\"Pablo Villac\u00eds\",\"image\":{\"@type\":\"ImageObject\",\"inLanguage\":\"es\",\"@id\":\"https:\/\/www.participacionciudadana.org\/web\/#\/schema\/person\/image\/\",\"url\":\"https:\/\/secure.gravatar.com\/avatar\/49c3bffa4759b83bd4c3be4b3bfa8fedf40d73773a24bc67c7fdd8dd7db3701d?s=96&d=mm&r=g\",\"contentUrl\":\"https:\/\/secure.gravatar.com\/avatar\/49c3bffa4759b83bd4c3be4b3bfa8fedf40d73773a24bc67c7fdd8dd7db3701d?s=96&d=mm&r=g\",\"caption\":\"Pablo Villac\u00eds\"},\"url\":\"https:\/\/www.participacionciudadana.org\/web\/author\/pablo-villacis\/\"}]}<\/script>\n<!-- \/ Yoast SEO plugin. -->","yoast_head_json":{"title":"1.296 minutos en Publicidad Oficial registra el monitoreo en enero de 2025 - Participaci\u00f3n Ciudadana","robots":{"index":"index","follow":"follow","max-snippet":"max-snippet:-1","max-image-preview":"max-image-preview:large","max-video-preview":"max-video-preview:-1"},"canonical":"https:\/\/www.participacionciudadana.org\/web\/2025\/02\/18\/1-296-minutos-en-publicidad-oficial-registra-el-monitoreo-en-enero-de-2025\/","og_locale":"es_ES","og_type":"article","og_title":"1.296 minutos en Publicidad Oficial registra el monitoreo en enero de 2025 - Participaci\u00f3n Ciudadana","og_description":"El Centro de Monitoreo de Medios de la Corporaci\u00f3n Participaci\u00f3n Ciudadana presenta el informe de publicidad oficial, correspondiente al mes de enero de 2025, con base en los 11 canales de televisi\u00f3n monitoreados.","og_url":"https:\/\/www.participacionciudadana.org\/web\/2025\/02\/18\/1-296-minutos-en-publicidad-oficial-registra-el-monitoreo-en-enero-de-2025\/","og_site_name":"Participaci\u00f3n Ciudadana","article_publisher":"https:\/\/www.facebook.com\/ParticipacionPC\/","article_published_time":"2025-02-18T18:05:33+00:00","article_modified_time":"2025-02-18T19:58:22+00:00","og_image":[{"width":600,"height":335,"url":"https:\/\/www.participacionciudadana.org\/web\/wp-content\/uploads\/2025\/02\/13-REPORTE-DE-PUBLICIDAD_Mesa-de-trabajo-1.jpg","type":"image\/jpeg"}],"author":"Pablo Villac\u00eds","twitter_card":"summary_large_image","twitter_creator":"@ParticipacionPC","twitter_site":"@ParticipacionPC","twitter_misc":{"Escrito por":"Pablo Villac\u00eds","Tiempo de lectura":"2 minutos"},"schema":{"@context":"https:\/\/schema.org","@graph":[{"@type":"Article","@id":"https:\/\/www.participacionciudadana.org\/web\/2025\/02\/18\/1-296-minutos-en-publicidad-oficial-registra-el-monitoreo-en-enero-de-2025\/#article","isPartOf":{"@id":"https:\/\/www.participacionciudadana.org\/web\/2025\/02\/18\/1-296-minutos-en-publicidad-oficial-registra-el-monitoreo-en-enero-de-2025\/"},"author":{"name":"Pablo Villac\u00eds","@id":"https:\/\/www.participacionciudadana.org\/web\/#\/schema\/person\/92da277b9a5fc1cedc0a6e85361c2607"},"headline":"1.296 minutos en Publicidad Oficial registra el monitoreo en enero de 2025","datePublished":"2025-02-18T18:05:33+00:00","dateModified":"2025-02-18T19:58:22+00:00","mainEntityOfPage":{"@id":"https:\/\/www.participacionciudadana.org\/web\/2025\/02\/18\/1-296-minutos-en-publicidad-oficial-registra-el-monitoreo-en-enero-de-2025\/"},"wordCount":49,"commentCount":0,"publisher":{"@id":"https:\/\/www.participacionciudadana.org\/web\/#organization"},"image":{"@id":"https:\/\/www.participacionciudadana.org\/web\/2025\/02\/18\/1-296-minutos-en-publicidad-oficial-registra-el-monitoreo-en-enero-de-2025\/#primaryimage"},"thumbnailUrl":"https:\/\/www.participacionciudadana.org\/web\/wp-content\/uploads\/2025\/02\/13-REPORTE-DE-PUBLICIDAD_Mesa-de-trabajo-1.jpg","keywords":["monitoreo publicidad oficial 2023"],"inLanguage":"es","potentialAction":[{"@type":"CommentAction","name":"Comment","target":["https:\/\/www.participacionciudadana.org\/web\/2025\/02\/18\/1-296-minutos-en-publicidad-oficial-registra-el-monitoreo-en-enero-de-2025\/#respond"]}]},{"@type":"WebPage","@id":"https:\/\/www.participacionciudadana.org\/web\/2025\/02\/18\/1-296-minutos-en-publicidad-oficial-registra-el-monitoreo-en-enero-de-2025\/","url":"https:\/\/www.participacionciudadana.org\/web\/2025\/02\/18\/1-296-minutos-en-publicidad-oficial-registra-el-monitoreo-en-enero-de-2025\/","name":"1.296 minutos en Publicidad Oficial registra el monitoreo en enero de 2025 - Participaci\u00f3n Ciudadana","isPartOf":{"@id":"https:\/\/www.participacionciudadana.org\/web\/#website"},"primaryImageOfPage":{"@id":"https:\/\/www.participacionciudadana.org\/web\/2025\/02\/18\/1-296-minutos-en-publicidad-oficial-registra-el-monitoreo-en-enero-de-2025\/#primaryimage"},"image":{"@id":"https:\/\/www.participacionciudadana.org\/web\/2025\/02\/18\/1-296-minutos-en-publicidad-oficial-registra-el-monitoreo-en-enero-de-2025\/#primaryimage"},"thumbnailUrl":"https:\/\/www.participacionciudadana.org\/web\/wp-content\/uploads\/2025\/02\/13-REPORTE-DE-PUBLICIDAD_Mesa-de-trabajo-1.jpg","datePublished":"2025-02-18T18:05:33+00:00","dateModified":"2025-02-18T19:58:22+00:00","breadcrumb":{"@id":"https:\/\/www.participacionciudadana.org\/web\/2025\/02\/18\/1-296-minutos-en-publicidad-oficial-registra-el-monitoreo-en-enero-de-2025\/#breadcrumb"},"inLanguage":"es","potentialAction":[{"@type":"ReadAction","target":["https:\/\/www.participacionciudadana.org\/web\/2025\/02\/18\/1-296-minutos-en-publicidad-oficial-registra-el-monitoreo-en-enero-de-2025\/"]}]},{"@type":"ImageObject","inLanguage":"es","@id":"https:\/\/www.participacionciudadana.org\/web\/2025\/02\/18\/1-296-minutos-en-publicidad-oficial-registra-el-monitoreo-en-enero-de-2025\/#primaryimage","url":"https:\/\/www.participacionciudadana.org\/web\/wp-content\/uploads\/2025\/02\/13-REPORTE-DE-PUBLICIDAD_Mesa-de-trabajo-1.jpg","contentUrl":"https:\/\/www.participacionciudadana.org\/web\/wp-content\/uploads\/2025\/02\/13-REPORTE-DE-PUBLICIDAD_Mesa-de-trabajo-1.jpg","width":600,"height":335},{"@type":"BreadcrumbList","@id":"https:\/\/www.participacionciudadana.org\/web\/2025\/02\/18\/1-296-minutos-en-publicidad-oficial-registra-el-monitoreo-en-enero-de-2025\/#breadcrumb","itemListElement":[{"@type":"ListItem","position":1,"name":"Portada","item":"https:\/\/www.participacionciudadana.org\/web\/"},{"@type":"ListItem","position":2,"name":"1.296 minutos en Publicidad Oficial registra el monitoreo en enero de 2025"}]},{"@type":"WebSite","@id":"https:\/\/www.participacionciudadana.org\/web\/#website","url":"https:\/\/www.participacionciudadana.org\/web\/","name":"Participaci\u00f3n Ciudadana","description":"Comprometidos con la democracia","publisher":{"@id":"https:\/\/www.participacionciudadana.org\/web\/#organization"},"potentialAction":[{"@type":"SearchAction","target":{"@type":"EntryPoint","urlTemplate":"https:\/\/www.participacionciudadana.org\/web\/?s={search_term_string}"},"query-input":{"@type":"PropertyValueSpecification","valueRequired":true,"valueName":"search_term_string"}}],"inLanguage":"es"},{"@type":"Organization","@id":"https:\/\/www.participacionciudadana.org\/web\/#organization","name":"Participaci\u00f3n Ciudadana","url":"https:\/\/www.participacionciudadana.org\/web\/","logo":{"@type":"ImageObject","inLanguage":"es","@id":"https:\/\/www.participacionciudadana.org\/web\/#\/schema\/logo\/image\/","url":"https:\/\/www.participacionciudadana.org\/web\/wp-content\/uploads\/2021\/11\/cropped-logo_pc-1.png","contentUrl":"https:\/\/www.participacionciudadana.org\/web\/wp-content\/uploads\/2021\/11\/cropped-logo_pc-1.png","width":340,"height":114,"caption":"Participaci\u00f3n Ciudadana"},"image":{"@id":"https:\/\/www.participacionciudadana.org\/web\/#\/schema\/logo\/image\/"},"sameAs":["https:\/\/www.facebook.com\/ParticipacionPC\/","https:\/\/x.com\/ParticipacionPC"]},{"@type":"Person","@id":"https:\/\/www.participacionciudadana.org\/web\/#\/schema\/person\/92da277b9a5fc1cedc0a6e85361c2607","name":"Pablo Villac\u00eds","image":{"@type":"ImageObject","inLanguage":"es","@id":"https:\/\/www.participacionciudadana.org\/web\/#\/schema\/person\/image\/","url":"https:\/\/secure.gravatar.com\/avatar\/49c3bffa4759b83bd4c3be4b3bfa8fedf40d73773a24bc67c7fdd8dd7db3701d?s=96&d=mm&r=g","contentUrl":"https:\/\/secure.gravatar.com\/avatar\/49c3bffa4759b83bd4c3be4b3bfa8fedf40d73773a24bc67c7fdd8dd7db3701d?s=96&d=mm&r=g","caption":"Pablo Villac\u00eds"},"url":"https:\/\/www.participacionciudadana.org\/web\/author\/pablo-villacis\/"}]}},"_links":{"self":[{"href":"https:\/\/www.participacionciudadana.org\/web\/wp-json\/wp\/v2\/posts\/7447","targetHints":{"allow":["GET"]}}],"collection":[{"href":"https:\/\/www.participacionciudadana.org\/web\/wp-json\/wp\/v2\/posts"}],"about":[{"href":"https:\/\/www.participacionciudadana.org\/web\/wp-json\/wp\/v2\/types\/post"}],"author":[{"embeddable":true,"href":"https:\/\/www.participacionciudadana.org\/web\/wp-json\/wp\/v2\/users\/5"}],"replies":[{"embeddable":true,"href":"https:\/\/www.participacionciudadana.org\/web\/wp-json\/wp\/v2\/comments?post=7447"}],"version-history":[{"count":7,"href":"https:\/\/www.participacionciudadana.org\/web\/wp-json\/wp\/v2\/posts\/7447\/revisions"}],"predecessor-version":[{"id":7487,"href":"https:\/\/www.participacionciudadana.org\/web\/wp-json\/wp\/v2\/posts\/7447\/revisions\/7487"}],"wp:featuredmedia":[{"embeddable":true,"href":"https:\/\/www.participacionciudadana.org\/web\/wp-json\/wp\/v2\/media\/7449"}],"wp:attachment":[{"href":"https:\/\/www.participacionciudadana.org\/web\/wp-json\/wp\/v2\/media?parent=7447"}],"wp:term":[{"taxonomy":"category","embeddable":true,"href":"https:\/\/www.participacionciudadana.org\/web\/wp-json\/wp\/v2\/categories?post=7447"},{"taxonomy":"post_tag","embeddable":true,"href":"https:\/\/www.participacionciudadana.org\/web\/wp-json\/wp\/v2\/tags?post=7447"}],"curies":[{"name":"wp","href":"https:\/\/api.w.org\/{rel}","templated":true}]}}