{"id":7488,"date":"2025-02-19T13:11:27","date_gmt":"2025-02-19T18:11:27","guid":{"rendered":"https:\/\/www.participacionciudadana.org\/web\/?p=7488"},"modified":"2025-02-19T14:01:50","modified_gmt":"2025-02-19T19:01:50","slug":"29-137-publicaciones-violentas-en-contra-de-mujeres-registra-el-monitoreo-n-62","status":"publish","type":"post","link":"https:\/\/www.participacionciudadana.org\/web\/2025\/02\/19\/29-137-publicaciones-violentas-en-contra-de-mujeres-registra-el-monitoreo-n-62\/","title":{"rendered":"29.137 publicaciones violentas en contra de mujeres en el monitoreo N\u00b0 62"},"content":{"rendered":"\n<p>La Corporaci\u00f3n Participaci\u00f3n Ciudadana presenta el reporte de monitoreo sobre violencia pol\u00edtica, contra las mujeres pol\u00edticas y que desempe\u00f1an cargos de relevancia, desde el 1 de diciembre de 2019 hasta el 31 de enero de 2025.<\/p>\n\n\n\n<p>En estos 62 meses, registramos que las mujeres que monitoreamos, a trav\u00e9s de sus cuentas en la plataforma X, recibieron manifestaciones de violencia, mediante \u201cmemes\u201d, im\u00e1genes, expresiones y frases en esta red social. En total, se contabilizaron 29.137 publicaciones, con 1.264 expresiones con contenido discriminatorio y 3.527 frases del mismo tipo, durante todo el periodo de monitoreo. En enero de 2025 registramos 840.<\/p>\n\n\n\n<p>Desde el inicio del monitoreo hemos revisado las cuentas de X de 36 mujeres con representatividad p\u00fablica; entre ellas, funcionarias, periodistas e integrantes de la sociedad civil. A partir de diciembre del 2022, monitoreamos a 69 cuentas de mujeres con visibilidad p\u00fablica.<\/p>\n\n\n\n<div class=\"wp-block-group is-layout-constrained wp-block-group-is-layout-constrained\"><div class=\"wp-block-group__inner-container\">\n<figure class=\"wp-block-gallery has-nested-images columns-default is-cropped wp-block-gallery-1 is-layout-flex wp-block-gallery-is-layout-flex\">\n<figure class=\"wp-block-image size-large\"><img fetchpriority=\"high\" decoding=\"async\" width=\"703\" height=\"398\" data-id=\"7493\" src=\"https:\/\/www.participacionciudadana.org\/web\/wp-content\/uploads\/2025\/02\/62-MONITOREO-VIOLENCIA-CONTRA-LAS-MUJERES-2023-05.jpg\" alt=\"\" class=\"wp-image-7493\" srcset=\"https:\/\/www.participacionciudadana.org\/web\/wp-content\/uploads\/2025\/02\/62-MONITOREO-VIOLENCIA-CONTRA-LAS-MUJERES-2023-05.jpg 703w, https:\/\/www.participacionciudadana.org\/web\/wp-content\/uploads\/2025\/02\/62-MONITOREO-VIOLENCIA-CONTRA-LAS-MUJERES-2023-05-300x170.jpg 300w\" sizes=\"(max-width: 703px) 100vw, 703px\" \/><\/figure>\n\n\n\n<figure class=\"wp-block-image size-large\"><img decoding=\"async\" width=\"702\" height=\"398\" data-id=\"7490\" src=\"https:\/\/www.participacionciudadana.org\/web\/wp-content\/uploads\/2025\/02\/62-MONITOREO-VIOLENCIA-CONTRA-LAS-MUJERES-2023-06.jpg\" alt=\"\" class=\"wp-image-7490\" srcset=\"https:\/\/www.participacionciudadana.org\/web\/wp-content\/uploads\/2025\/02\/62-MONITOREO-VIOLENCIA-CONTRA-LAS-MUJERES-2023-06.jpg 702w, https:\/\/www.participacionciudadana.org\/web\/wp-content\/uploads\/2025\/02\/62-MONITOREO-VIOLENCIA-CONTRA-LAS-MUJERES-2023-06-300x170.jpg 300w\" sizes=\"(max-width: 702px) 100vw, 702px\" \/><\/figure>\n<\/figure>\n<\/div><\/div>\n\n\n\n<div class=\"wp-block-group is-layout-constrained wp-block-group-is-layout-constrained\"><div class=\"wp-block-group__inner-container\">\n<div class=\"wp-block-columns is-layout-flex wp-container-core-columns-is-layout-28f84493 wp-block-columns-is-layout-flex\">\n<div class=\"wp-block-column is-layout-flow wp-block-column-is-layout-flow\" style=\"flex-basis:100%\">\n<figure class=\"wp-block-gallery has-nested-images columns-default is-cropped wp-block-gallery-2 is-layout-flex wp-block-gallery-is-layout-flex\">\n<figure class=\"wp-block-image size-large\"><img decoding=\"async\" width=\"703\" height=\"398\" data-id=\"7492\" src=\"https:\/\/www.participacionciudadana.org\/web\/wp-content\/uploads\/2025\/02\/62-MONITOREO-VIOLENCIA-CONTRA-LAS-MUJERES-2023-07-1.jpg\" alt=\"\" class=\"wp-image-7492\" srcset=\"https:\/\/www.participacionciudadana.org\/web\/wp-content\/uploads\/2025\/02\/62-MONITOREO-VIOLENCIA-CONTRA-LAS-MUJERES-2023-07-1.jpg 703w, https:\/\/www.participacionciudadana.org\/web\/wp-content\/uploads\/2025\/02\/62-MONITOREO-VIOLENCIA-CONTRA-LAS-MUJERES-2023-07-1-300x170.jpg 300w\" sizes=\"(max-width: 703px) 100vw, 703px\" \/><\/figure>\n\n\n\n<figure class=\"wp-block-image size-large\"><img decoding=\"async\" data-id=\"7494\" src=\"https:\/\/www.participacionciudadana.org\/web\/wp-content\/uploads\/2025\/02\/62-MONITOREO-VIOLENCIA-CONTRA-LAS-MUJERES-2023-08-1.jpg\" alt=\"\" class=\"wp-image-7494\"\/><\/figure>\n<\/figure>\n<\/div>\n<\/div>\n<\/div><\/div>\n\n\n\n<p><\/p>\n\n\n\n<div data-wp-interactive=\"core\/file\" class=\"wp-block-file\"><object data-wp-bind--hidden=\"!state.hasPdfPreview\" hidden class=\"wp-block-file__embed\" data=\"https:\/\/www.participacionciudadana.org\/web\/wp-content\/uploads\/2025\/02\/62_SEXAGESIMO-SEGUNDO-REPORTE-VIOLENCIA-CONSOLIDADO-ENERO-2025.pdf\" type=\"application\/pdf\" style=\"width:100%;height:600px\" aria-label=\"Incrustado de 62_SEXAGE\u0301SIMO SEGUNDO REPORTE VIOLENCIA CONSOLIDADO ENERO 2025.\"><\/object><a id=\"wp-block-file--media-41ce03a1-895a-498f-92e1-cc0f5f7a7b38\" href=\"https:\/\/www.participacionciudadana.org\/web\/wp-content\/uploads\/2025\/02\/62_SEXAGESIMO-SEGUNDO-REPORTE-VIOLENCIA-CONSOLIDADO-ENERO-2025.pdf\">62_SEXAGE\u0301SIMO SEGUNDO REPORTE VIOLENCIA CONSOLIDADO ENERO 2025<\/a><a href=\"https:\/\/www.participacionciudadana.org\/web\/wp-content\/uploads\/2025\/02\/62_SEXAGESIMO-SEGUNDO-REPORTE-VIOLENCIA-CONSOLIDADO-ENERO-2025.pdf\" class=\"wp-block-file__button wp-element-button\" download aria-describedby=\"wp-block-file--media-41ce03a1-895a-498f-92e1-cc0f5f7a7b38\">Descarga<\/a><\/div>\n\n\n\n<p><\/p>\n","protected":false},"excerpt":{"rendered":"<p>La Corporaci\u00f3n Participaci\u00f3n Ciudadana presenta el reporte de monitoreo sobre violencia pol\u00edtica, contra las mujeres pol\u00edticas y que desempe\u00f1an cargos de relevancia, desde el 1 de diciembre de 2019 hasta el 31 de enero de 2025. En estos 62 meses, registramos que las mujeres que monitoreamos, a trav\u00e9s de sus cuentas en la plataforma X, [&hellip;]<\/p>\n","protected":false},"author":5,"featured_media":7493,"comment_status":"open","ping_status":"open","sticky":false,"template":"","format":"standard","meta":{"site-sidebar-layout":"default","site-content-layout":"","ast-site-content-layout":"default","site-content-style":"default","site-sidebar-style":"default","ast-global-header-display":"","ast-banner-title-visibility":"","ast-main-header-display":"","ast-hfb-above-header-display":"","ast-hfb-below-header-display":"","ast-hfb-mobile-header-display":"","site-post-title":"","ast-breadcrumbs-content":"","ast-featured-img":"","footer-sml-layout":"","ast-disable-related-posts":"","theme-transparent-header-meta":"","adv-header-id-meta":"","stick-header-meta":"","header-above-stick-meta":"","header-main-stick-meta":"","header-below-stick-meta":"","astra-migrate-meta-layouts":"set","ast-page-background-enabled":"default","ast-page-background-meta":{"desktop":{"background-color":"","background-image":"","background-repeat":"repeat","background-position":"center center","background-size":"auto","background-attachment":"scroll","background-type":"","background-media":"","overlay-type":"","overlay-color":"","overlay-opacity":"","overlay-gradient":""},"tablet":{"background-color":"","background-image":"","background-repeat":"repeat","background-position":"center center","background-size":"auto","background-attachment":"scroll","background-type":"","background-media":"","overlay-type":"","overlay-color":"","overlay-opacity":"","overlay-gradient":""},"mobile":{"background-color":"","background-image":"","background-repeat":"repeat","background-position":"center center","background-size":"auto","background-attachment":"scroll","background-type":"","background-media":"","overlay-type":"","overlay-color":"","overlay-opacity":"","overlay-gradient":""}},"ast-content-background-meta":{"desktop":{"background-color":"var(--ast-global-color-5)","background-image":"","background-repeat":"repeat","background-position":"center center","background-size":"auto","background-attachment":"scroll","background-type":"","background-media":"","overlay-type":"","overlay-color":"","overlay-opacity":"","overlay-gradient":""},"tablet":{"background-color":"var(--ast-global-color-5)","background-image":"","background-repeat":"repeat","background-position":"center center","background-size":"auto","background-attachment":"scroll","background-type":"","background-media":"","overlay-type":"","overlay-color":"","overlay-opacity":"","overlay-gradient":""},"mobile":{"background-color":"var(--ast-global-color-5)","background-image":"","background-repeat":"repeat","background-position":"center center","background-size":"auto","background-attachment":"scroll","background-type":"","background-media":"","overlay-type":"","overlay-color":"","overlay-opacity":"","overlay-gradient":""}},"_joinchat":[],"footnotes":""},"categories":[1],"tags":[63],"class_list":["post-7488","post","type-post","status-publish","format-standard","has-post-thumbnail","hentry","category-sin-categoria","tag-monitoreo-violencia"],"yoast_head":"<!-- This site is optimized with the Yoast SEO plugin v26.5 - https:\/\/yoast.com\/wordpress\/plugins\/seo\/ -->\n<title>29.137 publicaciones violentas en contra de mujeres en el monitoreo N\u00b0 62 - Participaci\u00f3n Ciudadana<\/title>\n<meta name=\"robots\" content=\"index, follow, max-snippet:-1, max-image-preview:large, max-video-preview:-1\" \/>\n<link rel=\"canonical\" href=\"https:\/\/www.participacionciudadana.org\/web\/2025\/02\/19\/29-137-publicaciones-violentas-en-contra-de-mujeres-registra-el-monitoreo-n-62\/\" \/>\n<meta property=\"og:locale\" content=\"es_ES\" \/>\n<meta property=\"og:type\" content=\"article\" \/>\n<meta property=\"og:title\" content=\"29.137 publicaciones violentas en contra de mujeres en el monitoreo N\u00b0 62 - Participaci\u00f3n Ciudadana\" \/>\n<meta property=\"og:description\" content=\"La Corporaci\u00f3n Participaci\u00f3n Ciudadana presenta el reporte de monitoreo sobre violencia pol\u00edtica, contra las mujeres pol\u00edticas y que desempe\u00f1an cargos de relevancia, desde el 1 de diciembre de 2019 hasta el 31 de enero de 2025. En estos 62 meses, registramos que las mujeres que monitoreamos, a trav\u00e9s de sus cuentas en la plataforma X, [&hellip;]\" \/>\n<meta property=\"og:url\" content=\"https:\/\/www.participacionciudadana.org\/web\/2025\/02\/19\/29-137-publicaciones-violentas-en-contra-de-mujeres-registra-el-monitoreo-n-62\/\" \/>\n<meta property=\"og:site_name\" content=\"Participaci\u00f3n Ciudadana\" \/>\n<meta property=\"article:publisher\" content=\"https:\/\/www.facebook.com\/ParticipacionPC\/\" \/>\n<meta property=\"article:published_time\" content=\"2025-02-19T18:11:27+00:00\" \/>\n<meta property=\"article:modified_time\" content=\"2025-02-19T19:01:50+00:00\" \/>\n<meta property=\"og:image\" content=\"https:\/\/www.participacionciudadana.org\/web\/wp-content\/uploads\/2025\/02\/62-MONITOREO-VIOLENCIA-CONTRA-LAS-MUJERES-2023-05.jpg\" \/>\n\t<meta property=\"og:image:width\" content=\"703\" \/>\n\t<meta property=\"og:image:height\" content=\"398\" \/>\n\t<meta property=\"og:image:type\" content=\"image\/jpeg\" \/>\n<meta name=\"author\" content=\"Pablo Villac\u00eds\" \/>\n<meta name=\"twitter:card\" content=\"summary_large_image\" \/>\n<meta name=\"twitter:creator\" content=\"@ParticipacionPC\" \/>\n<meta name=\"twitter:site\" content=\"@ParticipacionPC\" \/>\n<meta name=\"twitter:label1\" content=\"Escrito por\" \/>\n\t<meta name=\"twitter:data1\" content=\"Pablo Villac\u00eds\" \/>\n\t<meta name=\"twitter:label2\" content=\"Tiempo de lectura\" \/>\n\t<meta name=\"twitter:data2\" content=\"2 minutos\" \/>\n<script type=\"application\/ld+json\" class=\"yoast-schema-graph\">{\"@context\":\"https:\/\/schema.org\",\"@graph\":[{\"@type\":\"Article\",\"@id\":\"https:\/\/www.participacionciudadana.org\/web\/2025\/02\/19\/29-137-publicaciones-violentas-en-contra-de-mujeres-registra-el-monitoreo-n-62\/#article\",\"isPartOf\":{\"@id\":\"https:\/\/www.participacionciudadana.org\/web\/2025\/02\/19\/29-137-publicaciones-violentas-en-contra-de-mujeres-registra-el-monitoreo-n-62\/\"},\"author\":{\"name\":\"Pablo Villac\u00eds\",\"@id\":\"https:\/\/www.participacionciudadana.org\/web\/#\/schema\/person\/92da277b9a5fc1cedc0a6e85361c2607\"},\"headline\":\"29.137 publicaciones violentas en contra de mujeres en el monitoreo N\u00b0 62\",\"datePublished\":\"2025-02-19T18:11:27+00:00\",\"dateModified\":\"2025-02-19T19:01:50+00:00\",\"mainEntityOfPage\":{\"@id\":\"https:\/\/www.participacionciudadana.org\/web\/2025\/02\/19\/29-137-publicaciones-violentas-en-contra-de-mujeres-registra-el-monitoreo-n-62\/\"},\"wordCount\":155,\"commentCount\":0,\"publisher\":{\"@id\":\"https:\/\/www.participacionciudadana.org\/web\/#organization\"},\"image\":{\"@id\":\"https:\/\/www.participacionciudadana.org\/web\/2025\/02\/19\/29-137-publicaciones-violentas-en-contra-de-mujeres-registra-el-monitoreo-n-62\/#primaryimage\"},\"thumbnailUrl\":\"https:\/\/www.participacionciudadana.org\/web\/wp-content\/uploads\/2025\/02\/62-MONITOREO-VIOLENCIA-CONTRA-LAS-MUJERES-2023-05.jpg\",\"keywords\":[\"monitoreo violencia\"],\"inLanguage\":\"es\",\"potentialAction\":[{\"@type\":\"CommentAction\",\"name\":\"Comment\",\"target\":[\"https:\/\/www.participacionciudadana.org\/web\/2025\/02\/19\/29-137-publicaciones-violentas-en-contra-de-mujeres-registra-el-monitoreo-n-62\/#respond\"]}]},{\"@type\":\"WebPage\",\"@id\":\"https:\/\/www.participacionciudadana.org\/web\/2025\/02\/19\/29-137-publicaciones-violentas-en-contra-de-mujeres-registra-el-monitoreo-n-62\/\",\"url\":\"https:\/\/www.participacionciudadana.org\/web\/2025\/02\/19\/29-137-publicaciones-violentas-en-contra-de-mujeres-registra-el-monitoreo-n-62\/\",\"name\":\"29.137 publicaciones violentas en contra de mujeres en el monitoreo N\u00b0 62 - Participaci\u00f3n Ciudadana\",\"isPartOf\":{\"@id\":\"https:\/\/www.participacionciudadana.org\/web\/#website\"},\"primaryImageOfPage\":{\"@id\":\"https:\/\/www.participacionciudadana.org\/web\/2025\/02\/19\/29-137-publicaciones-violentas-en-contra-de-mujeres-registra-el-monitoreo-n-62\/#primaryimage\"},\"image\":{\"@id\":\"https:\/\/www.participacionciudadana.org\/web\/2025\/02\/19\/29-137-publicaciones-violentas-en-contra-de-mujeres-registra-el-monitoreo-n-62\/#primaryimage\"},\"thumbnailUrl\":\"https:\/\/www.participacionciudadana.org\/web\/wp-content\/uploads\/2025\/02\/62-MONITOREO-VIOLENCIA-CONTRA-LAS-MUJERES-2023-05.jpg\",\"datePublished\":\"2025-02-19T18:11:27+00:00\",\"dateModified\":\"2025-02-19T19:01:50+00:00\",\"breadcrumb\":{\"@id\":\"https:\/\/www.participacionciudadana.org\/web\/2025\/02\/19\/29-137-publicaciones-violentas-en-contra-de-mujeres-registra-el-monitoreo-n-62\/#breadcrumb\"},\"inLanguage\":\"es\",\"potentialAction\":[{\"@type\":\"ReadAction\",\"target\":[\"https:\/\/www.participacionciudadana.org\/web\/2025\/02\/19\/29-137-publicaciones-violentas-en-contra-de-mujeres-registra-el-monitoreo-n-62\/\"]}]},{\"@type\":\"ImageObject\",\"inLanguage\":\"es\",\"@id\":\"https:\/\/www.participacionciudadana.org\/web\/2025\/02\/19\/29-137-publicaciones-violentas-en-contra-de-mujeres-registra-el-monitoreo-n-62\/#primaryimage\",\"url\":\"https:\/\/www.participacionciudadana.org\/web\/wp-content\/uploads\/2025\/02\/62-MONITOREO-VIOLENCIA-CONTRA-LAS-MUJERES-2023-05.jpg\",\"contentUrl\":\"https:\/\/www.participacionciudadana.org\/web\/wp-content\/uploads\/2025\/02\/62-MONITOREO-VIOLENCIA-CONTRA-LAS-MUJERES-2023-05.jpg\",\"width\":703,\"height\":398},{\"@type\":\"BreadcrumbList\",\"@id\":\"https:\/\/www.participacionciudadana.org\/web\/2025\/02\/19\/29-137-publicaciones-violentas-en-contra-de-mujeres-registra-el-monitoreo-n-62\/#breadcrumb\",\"itemListElement\":[{\"@type\":\"ListItem\",\"position\":1,\"name\":\"Portada\",\"item\":\"https:\/\/www.participacionciudadana.org\/web\/\"},{\"@type\":\"ListItem\",\"position\":2,\"name\":\"29.137 publicaciones violentas en contra de mujeres en el monitoreo N\u00b0 62\"}]},{\"@type\":\"WebSite\",\"@id\":\"https:\/\/www.participacionciudadana.org\/web\/#website\",\"url\":\"https:\/\/www.participacionciudadana.org\/web\/\",\"name\":\"Participaci\u00f3n Ciudadana\",\"description\":\"Comprometidos con la democracia\",\"publisher\":{\"@id\":\"https:\/\/www.participacionciudadana.org\/web\/#organization\"},\"potentialAction\":[{\"@type\":\"SearchAction\",\"target\":{\"@type\":\"EntryPoint\",\"urlTemplate\":\"https:\/\/www.participacionciudadana.org\/web\/?s={search_term_string}\"},\"query-input\":{\"@type\":\"PropertyValueSpecification\",\"valueRequired\":true,\"valueName\":\"search_term_string\"}}],\"inLanguage\":\"es\"},{\"@type\":\"Organization\",\"@id\":\"https:\/\/www.participacionciudadana.org\/web\/#organization\",\"name\":\"Participaci\u00f3n Ciudadana\",\"url\":\"https:\/\/www.participacionciudadana.org\/web\/\",\"logo\":{\"@type\":\"ImageObject\",\"inLanguage\":\"es\",\"@id\":\"https:\/\/www.participacionciudadana.org\/web\/#\/schema\/logo\/image\/\",\"url\":\"https:\/\/www.participacionciudadana.org\/web\/wp-content\/uploads\/2021\/11\/cropped-logo_pc-1.png\",\"contentUrl\":\"https:\/\/www.participacionciudadana.org\/web\/wp-content\/uploads\/2021\/11\/cropped-logo_pc-1.png\",\"width\":340,\"height\":114,\"caption\":\"Participaci\u00f3n Ciudadana\"},\"image\":{\"@id\":\"https:\/\/www.participacionciudadana.org\/web\/#\/schema\/logo\/image\/\"},\"sameAs\":[\"https:\/\/www.facebook.com\/ParticipacionPC\/\",\"https:\/\/x.com\/ParticipacionPC\"]},{\"@type\":\"Person\",\"@id\":\"https:\/\/www.participacionciudadana.org\/web\/#\/schema\/person\/92da277b9a5fc1cedc0a6e85361c2607\",\"name\":\"Pablo Villac\u00eds\",\"image\":{\"@type\":\"ImageObject\",\"inLanguage\":\"es\",\"@id\":\"https:\/\/www.participacionciudadana.org\/web\/#\/schema\/person\/image\/\",\"url\":\"https:\/\/secure.gravatar.com\/avatar\/49c3bffa4759b83bd4c3be4b3bfa8fedf40d73773a24bc67c7fdd8dd7db3701d?s=96&d=mm&r=g\",\"contentUrl\":\"https:\/\/secure.gravatar.com\/avatar\/49c3bffa4759b83bd4c3be4b3bfa8fedf40d73773a24bc67c7fdd8dd7db3701d?s=96&d=mm&r=g\",\"caption\":\"Pablo Villac\u00eds\"},\"url\":\"https:\/\/www.participacionciudadana.org\/web\/author\/pablo-villacis\/\"}]}<\/script>\n<!-- \/ Yoast SEO plugin. -->","yoast_head_json":{"title":"29.137 publicaciones violentas en contra de mujeres en el monitoreo N\u00b0 62 - Participaci\u00f3n Ciudadana","robots":{"index":"index","follow":"follow","max-snippet":"max-snippet:-1","max-image-preview":"max-image-preview:large","max-video-preview":"max-video-preview:-1"},"canonical":"https:\/\/www.participacionciudadana.org\/web\/2025\/02\/19\/29-137-publicaciones-violentas-en-contra-de-mujeres-registra-el-monitoreo-n-62\/","og_locale":"es_ES","og_type":"article","og_title":"29.137 publicaciones violentas en contra de mujeres en el monitoreo N\u00b0 62 - Participaci\u00f3n Ciudadana","og_description":"La Corporaci\u00f3n Participaci\u00f3n Ciudadana presenta el reporte de monitoreo sobre violencia pol\u00edtica, contra las mujeres pol\u00edticas y que desempe\u00f1an cargos de relevancia, desde el 1 de diciembre de 2019 hasta el 31 de enero de 2025. En estos 62 meses, registramos que las mujeres que monitoreamos, a trav\u00e9s de sus cuentas en la plataforma X, [&hellip;]","og_url":"https:\/\/www.participacionciudadana.org\/web\/2025\/02\/19\/29-137-publicaciones-violentas-en-contra-de-mujeres-registra-el-monitoreo-n-62\/","og_site_name":"Participaci\u00f3n Ciudadana","article_publisher":"https:\/\/www.facebook.com\/ParticipacionPC\/","article_published_time":"2025-02-19T18:11:27+00:00","article_modified_time":"2025-02-19T19:01:50+00:00","og_image":[{"width":703,"height":398,"url":"https:\/\/www.participacionciudadana.org\/web\/wp-content\/uploads\/2025\/02\/62-MONITOREO-VIOLENCIA-CONTRA-LAS-MUJERES-2023-05.jpg","type":"image\/jpeg"}],"author":"Pablo Villac\u00eds","twitter_card":"summary_large_image","twitter_creator":"@ParticipacionPC","twitter_site":"@ParticipacionPC","twitter_misc":{"Escrito por":"Pablo Villac\u00eds","Tiempo de lectura":"2 minutos"},"schema":{"@context":"https:\/\/schema.org","@graph":[{"@type":"Article","@id":"https:\/\/www.participacionciudadana.org\/web\/2025\/02\/19\/29-137-publicaciones-violentas-en-contra-de-mujeres-registra-el-monitoreo-n-62\/#article","isPartOf":{"@id":"https:\/\/www.participacionciudadana.org\/web\/2025\/02\/19\/29-137-publicaciones-violentas-en-contra-de-mujeres-registra-el-monitoreo-n-62\/"},"author":{"name":"Pablo Villac\u00eds","@id":"https:\/\/www.participacionciudadana.org\/web\/#\/schema\/person\/92da277b9a5fc1cedc0a6e85361c2607"},"headline":"29.137 publicaciones violentas en contra de mujeres en el monitoreo N\u00b0 62","datePublished":"2025-02-19T18:11:27+00:00","dateModified":"2025-02-19T19:01:50+00:00","mainEntityOfPage":{"@id":"https:\/\/www.participacionciudadana.org\/web\/2025\/02\/19\/29-137-publicaciones-violentas-en-contra-de-mujeres-registra-el-monitoreo-n-62\/"},"wordCount":155,"commentCount":0,"publisher":{"@id":"https:\/\/www.participacionciudadana.org\/web\/#organization"},"image":{"@id":"https:\/\/www.participacionciudadana.org\/web\/2025\/02\/19\/29-137-publicaciones-violentas-en-contra-de-mujeres-registra-el-monitoreo-n-62\/#primaryimage"},"thumbnailUrl":"https:\/\/www.participacionciudadana.org\/web\/wp-content\/uploads\/2025\/02\/62-MONITOREO-VIOLENCIA-CONTRA-LAS-MUJERES-2023-05.jpg","keywords":["monitoreo violencia"],"inLanguage":"es","potentialAction":[{"@type":"CommentAction","name":"Comment","target":["https:\/\/www.participacionciudadana.org\/web\/2025\/02\/19\/29-137-publicaciones-violentas-en-contra-de-mujeres-registra-el-monitoreo-n-62\/#respond"]}]},{"@type":"WebPage","@id":"https:\/\/www.participacionciudadana.org\/web\/2025\/02\/19\/29-137-publicaciones-violentas-en-contra-de-mujeres-registra-el-monitoreo-n-62\/","url":"https:\/\/www.participacionciudadana.org\/web\/2025\/02\/19\/29-137-publicaciones-violentas-en-contra-de-mujeres-registra-el-monitoreo-n-62\/","name":"29.137 publicaciones violentas en contra de mujeres en el monitoreo N\u00b0 62 - Participaci\u00f3n Ciudadana","isPartOf":{"@id":"https:\/\/www.participacionciudadana.org\/web\/#website"},"primaryImageOfPage":{"@id":"https:\/\/www.participacionciudadana.org\/web\/2025\/02\/19\/29-137-publicaciones-violentas-en-contra-de-mujeres-registra-el-monitoreo-n-62\/#primaryimage"},"image":{"@id":"https:\/\/www.participacionciudadana.org\/web\/2025\/02\/19\/29-137-publicaciones-violentas-en-contra-de-mujeres-registra-el-monitoreo-n-62\/#primaryimage"},"thumbnailUrl":"https:\/\/www.participacionciudadana.org\/web\/wp-content\/uploads\/2025\/02\/62-MONITOREO-VIOLENCIA-CONTRA-LAS-MUJERES-2023-05.jpg","datePublished":"2025-02-19T18:11:27+00:00","dateModified":"2025-02-19T19:01:50+00:00","breadcrumb":{"@id":"https:\/\/www.participacionciudadana.org\/web\/2025\/02\/19\/29-137-publicaciones-violentas-en-contra-de-mujeres-registra-el-monitoreo-n-62\/#breadcrumb"},"inLanguage":"es","potentialAction":[{"@type":"ReadAction","target":["https:\/\/www.participacionciudadana.org\/web\/2025\/02\/19\/29-137-publicaciones-violentas-en-contra-de-mujeres-registra-el-monitoreo-n-62\/"]}]},{"@type":"ImageObject","inLanguage":"es","@id":"https:\/\/www.participacionciudadana.org\/web\/2025\/02\/19\/29-137-publicaciones-violentas-en-contra-de-mujeres-registra-el-monitoreo-n-62\/#primaryimage","url":"https:\/\/www.participacionciudadana.org\/web\/wp-content\/uploads\/2025\/02\/62-MONITOREO-VIOLENCIA-CONTRA-LAS-MUJERES-2023-05.jpg","contentUrl":"https:\/\/www.participacionciudadana.org\/web\/wp-content\/uploads\/2025\/02\/62-MONITOREO-VIOLENCIA-CONTRA-LAS-MUJERES-2023-05.jpg","width":703,"height":398},{"@type":"BreadcrumbList","@id":"https:\/\/www.participacionciudadana.org\/web\/2025\/02\/19\/29-137-publicaciones-violentas-en-contra-de-mujeres-registra-el-monitoreo-n-62\/#breadcrumb","itemListElement":[{"@type":"ListItem","position":1,"name":"Portada","item":"https:\/\/www.participacionciudadana.org\/web\/"},{"@type":"ListItem","position":2,"name":"29.137 publicaciones violentas en contra de mujeres en el monitoreo N\u00b0 62"}]},{"@type":"WebSite","@id":"https:\/\/www.participacionciudadana.org\/web\/#website","url":"https:\/\/www.participacionciudadana.org\/web\/","name":"Participaci\u00f3n Ciudadana","description":"Comprometidos con la democracia","publisher":{"@id":"https:\/\/www.participacionciudadana.org\/web\/#organization"},"potentialAction":[{"@type":"SearchAction","target":{"@type":"EntryPoint","urlTemplate":"https:\/\/www.participacionciudadana.org\/web\/?s={search_term_string}"},"query-input":{"@type":"PropertyValueSpecification","valueRequired":true,"valueName":"search_term_string"}}],"inLanguage":"es"},{"@type":"Organization","@id":"https:\/\/www.participacionciudadana.org\/web\/#organization","name":"Participaci\u00f3n Ciudadana","url":"https:\/\/www.participacionciudadana.org\/web\/","logo":{"@type":"ImageObject","inLanguage":"es","@id":"https:\/\/www.participacionciudadana.org\/web\/#\/schema\/logo\/image\/","url":"https:\/\/www.participacionciudadana.org\/web\/wp-content\/uploads\/2021\/11\/cropped-logo_pc-1.png","contentUrl":"https:\/\/www.participacionciudadana.org\/web\/wp-content\/uploads\/2021\/11\/cropped-logo_pc-1.png","width":340,"height":114,"caption":"Participaci\u00f3n Ciudadana"},"image":{"@id":"https:\/\/www.participacionciudadana.org\/web\/#\/schema\/logo\/image\/"},"sameAs":["https:\/\/www.facebook.com\/ParticipacionPC\/","https:\/\/x.com\/ParticipacionPC"]},{"@type":"Person","@id":"https:\/\/www.participacionciudadana.org\/web\/#\/schema\/person\/92da277b9a5fc1cedc0a6e85361c2607","name":"Pablo Villac\u00eds","image":{"@type":"ImageObject","inLanguage":"es","@id":"https:\/\/www.participacionciudadana.org\/web\/#\/schema\/person\/image\/","url":"https:\/\/secure.gravatar.com\/avatar\/49c3bffa4759b83bd4c3be4b3bfa8fedf40d73773a24bc67c7fdd8dd7db3701d?s=96&d=mm&r=g","contentUrl":"https:\/\/secure.gravatar.com\/avatar\/49c3bffa4759b83bd4c3be4b3bfa8fedf40d73773a24bc67c7fdd8dd7db3701d?s=96&d=mm&r=g","caption":"Pablo Villac\u00eds"},"url":"https:\/\/www.participacionciudadana.org\/web\/author\/pablo-villacis\/"}]}},"_links":{"self":[{"href":"https:\/\/www.participacionciudadana.org\/web\/wp-json\/wp\/v2\/posts\/7488","targetHints":{"allow":["GET"]}}],"collection":[{"href":"https:\/\/www.participacionciudadana.org\/web\/wp-json\/wp\/v2\/posts"}],"about":[{"href":"https:\/\/www.participacionciudadana.org\/web\/wp-json\/wp\/v2\/types\/post"}],"author":[{"embeddable":true,"href":"https:\/\/www.participacionciudadana.org\/web\/wp-json\/wp\/v2\/users\/5"}],"replies":[{"embeddable":true,"href":"https:\/\/www.participacionciudadana.org\/web\/wp-json\/wp\/v2\/comments?post=7488"}],"version-history":[{"count":5,"href":"https:\/\/www.participacionciudadana.org\/web\/wp-json\/wp\/v2\/posts\/7488\/revisions"}],"predecessor-version":[{"id":7505,"href":"https:\/\/www.participacionciudadana.org\/web\/wp-json\/wp\/v2\/posts\/7488\/revisions\/7505"}],"wp:featuredmedia":[{"embeddable":true,"href":"https:\/\/www.participacionciudadana.org\/web\/wp-json\/wp\/v2\/media\/7493"}],"wp:attachment":[{"href":"https:\/\/www.participacionciudadana.org\/web\/wp-json\/wp\/v2\/media?parent=7488"}],"wp:term":[{"taxonomy":"category","embeddable":true,"href":"https:\/\/www.participacionciudadana.org\/web\/wp-json\/wp\/v2\/categories?post=7488"},{"taxonomy":"post_tag","embeddable":true,"href":"https:\/\/www.participacionciudadana.org\/web\/wp-json\/wp\/v2\/tags?post=7488"}],"curies":[{"name":"wp","href":"https:\/\/api.w.org\/{rel}","templated":true}]}}