{"id":7719,"date":"2025-08-01T19:22:04","date_gmt":"2025-08-02T00:22:04","guid":{"rendered":"https:\/\/www.participacionciudadana.org\/web\/?p=7719"},"modified":"2025-08-01T19:23:08","modified_gmt":"2025-08-02T00:23:08","slug":"sucumbios-beneficiamos-a-48-miembros-de-la-sociedad-civil-en-el-taller-de-mecanismos-de-participacion","status":"publish","type":"post","link":"https:\/\/www.participacionciudadana.org\/web\/2025\/08\/01\/sucumbios-beneficiamos-a-48-miembros-de-la-sociedad-civil-en-el-taller-de-mecanismos-de-participacion\/","title":{"rendered":"Sucumb\u00edos: beneficiamos a 48 miembros de la sociedad civil en el taller de Mecanismos de Participaci\u00f3n\u00a0"},"content":{"rendered":"\n<p>El pasado 14 de mayo promovimos el fortalecimiento de organizaciones de la sociedad civil de la provincia de Sucumb\u00edos, donde beneficiamos a 48 miembros de distintas organizaciones sociales que participaron activamente del taller de \u201cMecanismos de Participaci\u00f3n Ciudadana\u201d, en el marco de Amazon\u00eda Transparente.<\/p>\n\n\n\n<p>Durante la jornada de capacitaci\u00f3n hablamos sobre el marco legal, el derecho de participaci\u00f3n en la Constituci\u00f3n, los mecanismos de participaci\u00f3n en instancias del Estado, en gobiernos locales, entre otros. Los asistentes hicieron preguntas que fueron absueltas por nuestros t\u00e9cnicos.<\/p>\n\n\n\n<figure class=\"wp-block-embed is-type-rich is-provider-twitter wp-block-embed-twitter\"><div class=\"wp-block-embed__wrapper\">\n<blockquote class=\"twitter-tweet\" data-width=\"500\" data-dnt=\"true\"><p lang=\"es\" dir=\"ltr\"><a href=\"https:\/\/twitter.com\/hashtag\/Amazon%C3%ADaTransparenteEc?src=hash&amp;ref_src=twsrc%5Etfw\">#Amazon\u00edaTransparenteEc<\/a><br>Por qu\u00e9 la sociedad civil debe conocer los &quot;Mecanismos de Participaci\u00f3n Ciudadana&quot;\u2753Porque una ciudadan\u00eda informada puede acceder a informaci\u00f3n p\u00fablica, usando las leyes que le garantizan \ud83c\uddea\ud83c\udde8<br><br>\u2705 Capacitamos en <a href=\"https:\/\/twitter.com\/hashtag\/Sucumb%C3%ADos?src=hash&amp;ref_src=twsrc%5Etfw\">#Sucumb\u00edos<\/a> y esto dijeron los asistentes \u2935\ufe0f <a href=\"https:\/\/t.co\/MC8qDiQEgi\">pic.twitter.com\/MC8qDiQEgi<\/a><\/p>&mdash; Participaci\u00f3n Ciudadana (@ParticipacionPC) <a href=\"https:\/\/twitter.com\/ParticipacionPC\/status\/1924957515168587966?ref_src=twsrc%5Etfw\">May 20, 2025<\/a><\/blockquote><script async src=\"https:\/\/platform.twitter.com\/widgets.js\" charset=\"utf-8\"><\/script>\n<\/div><\/figure>\n\n\n\n<p><strong>Sobre nuestros talleres<\/strong><\/p>\n\n\n\n<p>Participaci\u00f3n Ciudadana viene capacitando a los funcionarios de los gobiernos locales y sociedad civil para el empoderamiento en los mecanismos y derechos de Participaci\u00f3n Ciudadana, garantizados por la Constituci\u00f3n y por el marco legal ecuatoriano, esto en el contexto de la ejecuci\u00f3n del proyecto Amazon\u00eda Transparente.<\/p>\n\n\n\n<p>En los talleres nos focalizamos en dos tipos de p\u00fablicos: los funcionarios p\u00fablicos encargados de los departamentos de Participaci\u00f3n Ciudadana de los gobiernos seccionales y, en l\u00edderes de organizaciones de sociedad civil de las provincias amaz\u00f3nicas y de la sierra ecuatoriana.&nbsp;<\/p>\n\n\n\n<p>La capacitaci\u00f3n dirigida a funcionarios p\u00fablicos apoya al conocimiento de las herramientas de participaci\u00f3n para que los gobiernos locales brinden un mejor servicio a la ciudadan\u00eda. Mientras que &nbsp; los l\u00edderes de la sociedad civil despu\u00e9s de la capacitaci\u00f3n pueden usar estos mecanismos para gestionar pedidos de informaci\u00f3n p\u00fablica y para su fortalecimiento interno.<\/p>\n\n\n\n<p>En cada taller se aborda a profundidad los contenidos siguientes contenidos:<\/p>\n\n\n\n<p><strong>Mecanismos de participaci\u00f3n ciudadana:<\/strong><\/p>\n\n\n\n<p>&#8211; Conceptos generales y doctrinarios sobre la democracia representativa, la democracia<\/p>\n\n\n\n<p>participativa y el derecho de asociaci\u00f3n.<\/p>\n\n\n\n<p>&#8211; Normas constitucionales sobre los derechos de participaci\u00f3n y control.<\/p>\n\n\n\n<p>Normas legales sobre los derechos de participaci\u00f3n y control.<\/p>\n\n\n\n<p>Mecanismos legales de participaci\u00f3n, a nivel de Estado Central: Consejos Nacionales<\/p>\n\n\n\n<p>para la Igualdad, Asamblea Ciudadana Plurinacional e Intercultural para el Buen Vivir,<\/p>\n\n\n\n<p>Consejos Ciudadanos Sectoriales y Panificaci\u00f3n Participativa Intersectorial.<\/p>\n\n\n\n<p>&#8211; Mecanismos legales de participaci\u00f3n, a nivel de gobiernos seccionales (Gads):<\/p>\n\n\n\n<p>Asambleas locales, Consejos Locales de participaci\u00f3n, Consejo Cantonal para la<\/p>\n\n\n\n<p>Protecci\u00f3n de Derechos (COOTAD), Presupuestos Participativos, Audiencias<\/p>\n\n\n\n<p>P\u00fablicas, Cabildos Populares, Silla Vac\u00eda.<\/p>\n\n\n\n<p><strong>Otros mecanismos de incidencia: Consulta Previa y consulta ambiental<\/strong>.&nbsp;<\/p>\n\n\n\n<p>En este tema se aborda:<\/p>\n\n\n\n<p>&#8211; Implementaci\u00f3n del derecho.<\/p>\n\n\n\n<p>&#8211; Casos en los que aplica.<\/p>\n\n\n\n<p>&#8211; Efectos del proceso de consulta.<\/p>\n\n\n\n<p>Acceso a beneficios en caso de oposici\u00f3n de la comunidad.<\/p>\n\n\n\n<p><\/p>\n","protected":false},"excerpt":{"rendered":"<p>El pasado 14 de mayo promovimos el fortalecimiento de organizaciones de la sociedad civil de la provincia de Sucumb\u00edos, donde beneficiamos a 48 miembros de distintas organizaciones sociales que participaron activamente del taller de \u201cMecanismos de Participaci\u00f3n Ciudadana\u201d, en el marco de Amazon\u00eda Transparente. Durante la jornada de capacitaci\u00f3n hablamos sobre el marco legal, el [&hellip;]<\/p>\n","protected":false},"author":5,"featured_media":7721,"comment_status":"open","ping_status":"open","sticky":false,"template":"","format":"standard","meta":{"site-sidebar-layout":"default","site-content-layout":"","ast-site-content-layout":"default","site-content-style":"default","site-sidebar-style":"default","ast-global-header-display":"","ast-banner-title-visibility":"","ast-main-header-display":"","ast-hfb-above-header-display":"","ast-hfb-below-header-display":"","ast-hfb-mobile-header-display":"","site-post-title":"","ast-breadcrumbs-content":"","ast-featured-img":"","footer-sml-layout":"","ast-disable-related-posts":"","theme-transparent-header-meta":"","adv-header-id-meta":"","stick-header-meta":"","header-above-stick-meta":"","header-main-stick-meta":"","header-below-stick-meta":"","astra-migrate-meta-layouts":"set","ast-page-background-enabled":"default","ast-page-background-meta":{"desktop":{"background-color":"","background-image":"","background-repeat":"repeat","background-position":"center center","background-size":"auto","background-attachment":"scroll","background-type":"","background-media":"","overlay-type":"","overlay-color":"","overlay-opacity":"","overlay-gradient":""},"tablet":{"background-color":"","background-image":"","background-repeat":"repeat","background-position":"center center","background-size":"auto","background-attachment":"scroll","background-type":"","background-media":"","overlay-type":"","overlay-color":"","overlay-opacity":"","overlay-gradient":""},"mobile":{"background-color":"","background-image":"","background-repeat":"repeat","background-position":"center center","background-size":"auto","background-attachment":"scroll","background-type":"","background-media":"","overlay-type":"","overlay-color":"","overlay-opacity":"","overlay-gradient":""}},"ast-content-background-meta":{"desktop":{"background-color":"var(--ast-global-color-5)","background-image":"","background-repeat":"repeat","background-position":"center center","background-size":"auto","background-attachment":"scroll","background-type":"","background-media":"","overlay-type":"","overlay-color":"","overlay-opacity":"","overlay-gradient":""},"tablet":{"background-color":"var(--ast-global-color-5)","background-image":"","background-repeat":"repeat","background-position":"center center","background-size":"auto","background-attachment":"scroll","background-type":"","background-media":"","overlay-type":"","overlay-color":"","overlay-opacity":"","overlay-gradient":""},"mobile":{"background-color":"var(--ast-global-color-5)","background-image":"","background-repeat":"repeat","background-position":"center center","background-size":"auto","background-attachment":"scroll","background-type":"","background-media":"","overlay-type":"","overlay-color":"","overlay-opacity":"","overlay-gradient":""}},"_joinchat":[],"footnotes":""},"categories":[29,78,1],"tags":[],"class_list":["post-7719","post","type-post","status-publish","format-standard","has-post-thumbnail","hentry","category-amazonia-transparente","category-boletines","category-sin-categoria"],"yoast_head":"<!-- This site is optimized with the Yoast SEO plugin v26.5 - https:\/\/yoast.com\/wordpress\/plugins\/seo\/ -->\n<title>Sucumb\u00edos: beneficiamos a 48 miembros de la sociedad civil en el taller de Mecanismos de Participaci\u00f3n\u00a0 - Participaci\u00f3n Ciudadana<\/title>\n<meta name=\"robots\" content=\"index, follow, max-snippet:-1, max-image-preview:large, max-video-preview:-1\" \/>\n<link rel=\"canonical\" href=\"https:\/\/www.participacionciudadana.org\/web\/2025\/08\/01\/sucumbios-beneficiamos-a-48-miembros-de-la-sociedad-civil-en-el-taller-de-mecanismos-de-participacion\/\" \/>\n<meta property=\"og:locale\" content=\"es_ES\" \/>\n<meta property=\"og:type\" content=\"article\" \/>\n<meta property=\"og:title\" content=\"Sucumb\u00edos: beneficiamos a 48 miembros de la sociedad civil en el taller de Mecanismos de Participaci\u00f3n\u00a0 - Participaci\u00f3n Ciudadana\" \/>\n<meta property=\"og:description\" content=\"El pasado 14 de mayo promovimos el fortalecimiento de organizaciones de la sociedad civil de la provincia de Sucumb\u00edos, donde beneficiamos a 48 miembros de distintas organizaciones sociales que participaron activamente del taller de \u201cMecanismos de Participaci\u00f3n Ciudadana\u201d, en el marco de Amazon\u00eda Transparente. Durante la jornada de capacitaci\u00f3n hablamos sobre el marco legal, el [&hellip;]\" \/>\n<meta property=\"og:url\" content=\"https:\/\/www.participacionciudadana.org\/web\/2025\/08\/01\/sucumbios-beneficiamos-a-48-miembros-de-la-sociedad-civil-en-el-taller-de-mecanismos-de-participacion\/\" \/>\n<meta property=\"og:site_name\" content=\"Participaci\u00f3n Ciudadana\" \/>\n<meta property=\"article:publisher\" content=\"https:\/\/www.facebook.com\/ParticipacionPC\/\" \/>\n<meta property=\"article:published_time\" content=\"2025-08-02T00:22:04+00:00\" \/>\n<meta property=\"article:modified_time\" content=\"2025-08-02T00:23:08+00:00\" \/>\n<meta name=\"author\" content=\"Pablo Villac\u00eds\" \/>\n<meta name=\"twitter:card\" content=\"summary_large_image\" \/>\n<meta name=\"twitter:creator\" content=\"@ParticipacionPC\" \/>\n<meta name=\"twitter:site\" content=\"@ParticipacionPC\" \/>\n<meta name=\"twitter:label1\" content=\"Escrito por\" \/>\n\t<meta name=\"twitter:data1\" content=\"Pablo Villac\u00eds\" \/>\n\t<meta name=\"twitter:label2\" content=\"Tiempo de lectura\" \/>\n\t<meta name=\"twitter:data2\" content=\"2 minutos\" \/>\n<script type=\"application\/ld+json\" class=\"yoast-schema-graph\">{\"@context\":\"https:\/\/schema.org\",\"@graph\":[{\"@type\":\"Article\",\"@id\":\"https:\/\/www.participacionciudadana.org\/web\/2025\/08\/01\/sucumbios-beneficiamos-a-48-miembros-de-la-sociedad-civil-en-el-taller-de-mecanismos-de-participacion\/#article\",\"isPartOf\":{\"@id\":\"https:\/\/www.participacionciudadana.org\/web\/2025\/08\/01\/sucumbios-beneficiamos-a-48-miembros-de-la-sociedad-civil-en-el-taller-de-mecanismos-de-participacion\/\"},\"author\":{\"name\":\"Pablo Villac\u00eds\",\"@id\":\"https:\/\/www.participacionciudadana.org\/web\/#\/schema\/person\/92da277b9a5fc1cedc0a6e85361c2607\"},\"headline\":\"Sucumb\u00edos: beneficiamos a 48 miembros de la sociedad civil en el taller de Mecanismos de Participaci\u00f3n\u00a0\",\"datePublished\":\"2025-08-02T00:22:04+00:00\",\"dateModified\":\"2025-08-02T00:23:08+00:00\",\"mainEntityOfPage\":{\"@id\":\"https:\/\/www.participacionciudadana.org\/web\/2025\/08\/01\/sucumbios-beneficiamos-a-48-miembros-de-la-sociedad-civil-en-el-taller-de-mecanismos-de-participacion\/\"},\"wordCount\":444,\"commentCount\":0,\"publisher\":{\"@id\":\"https:\/\/www.participacionciudadana.org\/web\/#organization\"},\"image\":{\"@id\":\"https:\/\/www.participacionciudadana.org\/web\/2025\/08\/01\/sucumbios-beneficiamos-a-48-miembros-de-la-sociedad-civil-en-el-taller-de-mecanismos-de-participacion\/#primaryimage\"},\"thumbnailUrl\":\"https:\/\/www.participacionciudadana.org\/web\/wp-content\/uploads\/2025\/08\/Parti1.jpg\",\"articleSection\":[\"Amazonia Transparente\",\"Boletines\"],\"inLanguage\":\"es\",\"potentialAction\":[{\"@type\":\"CommentAction\",\"name\":\"Comment\",\"target\":[\"https:\/\/www.participacionciudadana.org\/web\/2025\/08\/01\/sucumbios-beneficiamos-a-48-miembros-de-la-sociedad-civil-en-el-taller-de-mecanismos-de-participacion\/#respond\"]}]},{\"@type\":\"WebPage\",\"@id\":\"https:\/\/www.participacionciudadana.org\/web\/2025\/08\/01\/sucumbios-beneficiamos-a-48-miembros-de-la-sociedad-civil-en-el-taller-de-mecanismos-de-participacion\/\",\"url\":\"https:\/\/www.participacionciudadana.org\/web\/2025\/08\/01\/sucumbios-beneficiamos-a-48-miembros-de-la-sociedad-civil-en-el-taller-de-mecanismos-de-participacion\/\",\"name\":\"Sucumb\u00edos: beneficiamos a 48 miembros de la sociedad civil en el taller de Mecanismos de Participaci\u00f3n\u00a0 - Participaci\u00f3n Ciudadana\",\"isPartOf\":{\"@id\":\"https:\/\/www.participacionciudadana.org\/web\/#website\"},\"primaryImageOfPage\":{\"@id\":\"https:\/\/www.participacionciudadana.org\/web\/2025\/08\/01\/sucumbios-beneficiamos-a-48-miembros-de-la-sociedad-civil-en-el-taller-de-mecanismos-de-participacion\/#primaryimage\"},\"image\":{\"@id\":\"https:\/\/www.participacionciudadana.org\/web\/2025\/08\/01\/sucumbios-beneficiamos-a-48-miembros-de-la-sociedad-civil-en-el-taller-de-mecanismos-de-participacion\/#primaryimage\"},\"thumbnailUrl\":\"https:\/\/www.participacionciudadana.org\/web\/wp-content\/uploads\/2025\/08\/Parti1.jpg\",\"datePublished\":\"2025-08-02T00:22:04+00:00\",\"dateModified\":\"2025-08-02T00:23:08+00:00\",\"breadcrumb\":{\"@id\":\"https:\/\/www.participacionciudadana.org\/web\/2025\/08\/01\/sucumbios-beneficiamos-a-48-miembros-de-la-sociedad-civil-en-el-taller-de-mecanismos-de-participacion\/#breadcrumb\"},\"inLanguage\":\"es\",\"potentialAction\":[{\"@type\":\"ReadAction\",\"target\":[\"https:\/\/www.participacionciudadana.org\/web\/2025\/08\/01\/sucumbios-beneficiamos-a-48-miembros-de-la-sociedad-civil-en-el-taller-de-mecanismos-de-participacion\/\"]}]},{\"@type\":\"ImageObject\",\"inLanguage\":\"es\",\"@id\":\"https:\/\/www.participacionciudadana.org\/web\/2025\/08\/01\/sucumbios-beneficiamos-a-48-miembros-de-la-sociedad-civil-en-el-taller-de-mecanismos-de-participacion\/#primaryimage\",\"url\":\"https:\/\/www.participacionciudadana.org\/web\/wp-content\/uploads\/2025\/08\/Parti1.jpg\",\"contentUrl\":\"https:\/\/www.participacionciudadana.org\/web\/wp-content\/uploads\/2025\/08\/Parti1.jpg\",\"width\":680,\"height\":680},{\"@type\":\"BreadcrumbList\",\"@id\":\"https:\/\/www.participacionciudadana.org\/web\/2025\/08\/01\/sucumbios-beneficiamos-a-48-miembros-de-la-sociedad-civil-en-el-taller-de-mecanismos-de-participacion\/#breadcrumb\",\"itemListElement\":[{\"@type\":\"ListItem\",\"position\":1,\"name\":\"Portada\",\"item\":\"https:\/\/www.participacionciudadana.org\/web\/\"},{\"@type\":\"ListItem\",\"position\":2,\"name\":\"Sucumb\u00edos: beneficiamos a 48 miembros de la sociedad civil en el taller de Mecanismos de Participaci\u00f3n\u00a0\"}]},{\"@type\":\"WebSite\",\"@id\":\"https:\/\/www.participacionciudadana.org\/web\/#website\",\"url\":\"https:\/\/www.participacionciudadana.org\/web\/\",\"name\":\"Participaci\u00f3n Ciudadana\",\"description\":\"Comprometidos con la democracia\",\"publisher\":{\"@id\":\"https:\/\/www.participacionciudadana.org\/web\/#organization\"},\"potentialAction\":[{\"@type\":\"SearchAction\",\"target\":{\"@type\":\"EntryPoint\",\"urlTemplate\":\"https:\/\/www.participacionciudadana.org\/web\/?s={search_term_string}\"},\"query-input\":{\"@type\":\"PropertyValueSpecification\",\"valueRequired\":true,\"valueName\":\"search_term_string\"}}],\"inLanguage\":\"es\"},{\"@type\":\"Organization\",\"@id\":\"https:\/\/www.participacionciudadana.org\/web\/#organization\",\"name\":\"Participaci\u00f3n Ciudadana\",\"url\":\"https:\/\/www.participacionciudadana.org\/web\/\",\"logo\":{\"@type\":\"ImageObject\",\"inLanguage\":\"es\",\"@id\":\"https:\/\/www.participacionciudadana.org\/web\/#\/schema\/logo\/image\/\",\"url\":\"https:\/\/www.participacionciudadana.org\/web\/wp-content\/uploads\/2021\/11\/cropped-logo_pc-1.png\",\"contentUrl\":\"https:\/\/www.participacionciudadana.org\/web\/wp-content\/uploads\/2021\/11\/cropped-logo_pc-1.png\",\"width\":340,\"height\":114,\"caption\":\"Participaci\u00f3n Ciudadana\"},\"image\":{\"@id\":\"https:\/\/www.participacionciudadana.org\/web\/#\/schema\/logo\/image\/\"},\"sameAs\":[\"https:\/\/www.facebook.com\/ParticipacionPC\/\",\"https:\/\/x.com\/ParticipacionPC\"]},{\"@type\":\"Person\",\"@id\":\"https:\/\/www.participacionciudadana.org\/web\/#\/schema\/person\/92da277b9a5fc1cedc0a6e85361c2607\",\"name\":\"Pablo Villac\u00eds\",\"image\":{\"@type\":\"ImageObject\",\"inLanguage\":\"es\",\"@id\":\"https:\/\/www.participacionciudadana.org\/web\/#\/schema\/person\/image\/\",\"url\":\"https:\/\/secure.gravatar.com\/avatar\/49c3bffa4759b83bd4c3be4b3bfa8fedf40d73773a24bc67c7fdd8dd7db3701d?s=96&d=mm&r=g\",\"contentUrl\":\"https:\/\/secure.gravatar.com\/avatar\/49c3bffa4759b83bd4c3be4b3bfa8fedf40d73773a24bc67c7fdd8dd7db3701d?s=96&d=mm&r=g\",\"caption\":\"Pablo Villac\u00eds\"},\"url\":\"https:\/\/www.participacionciudadana.org\/web\/author\/pablo-villacis\/\"}]}<\/script>\n<!-- \/ Yoast SEO plugin. -->","yoast_head_json":{"title":"Sucumb\u00edos: beneficiamos a 48 miembros de la sociedad civil en el taller de Mecanismos de Participaci\u00f3n\u00a0 - Participaci\u00f3n Ciudadana","robots":{"index":"index","follow":"follow","max-snippet":"max-snippet:-1","max-image-preview":"max-image-preview:large","max-video-preview":"max-video-preview:-1"},"canonical":"https:\/\/www.participacionciudadana.org\/web\/2025\/08\/01\/sucumbios-beneficiamos-a-48-miembros-de-la-sociedad-civil-en-el-taller-de-mecanismos-de-participacion\/","og_locale":"es_ES","og_type":"article","og_title":"Sucumb\u00edos: beneficiamos a 48 miembros de la sociedad civil en el taller de Mecanismos de Participaci\u00f3n\u00a0 - Participaci\u00f3n Ciudadana","og_description":"El pasado 14 de mayo promovimos el fortalecimiento de organizaciones de la sociedad civil de la provincia de Sucumb\u00edos, donde beneficiamos a 48 miembros de distintas organizaciones sociales que participaron activamente del taller de \u201cMecanismos de Participaci\u00f3n Ciudadana\u201d, en el marco de Amazon\u00eda Transparente. Durante la jornada de capacitaci\u00f3n hablamos sobre el marco legal, el [&hellip;]","og_url":"https:\/\/www.participacionciudadana.org\/web\/2025\/08\/01\/sucumbios-beneficiamos-a-48-miembros-de-la-sociedad-civil-en-el-taller-de-mecanismos-de-participacion\/","og_site_name":"Participaci\u00f3n Ciudadana","article_publisher":"https:\/\/www.facebook.com\/ParticipacionPC\/","article_published_time":"2025-08-02T00:22:04+00:00","article_modified_time":"2025-08-02T00:23:08+00:00","author":"Pablo Villac\u00eds","twitter_card":"summary_large_image","twitter_creator":"@ParticipacionPC","twitter_site":"@ParticipacionPC","twitter_misc":{"Escrito por":"Pablo Villac\u00eds","Tiempo de lectura":"2 minutos"},"schema":{"@context":"https:\/\/schema.org","@graph":[{"@type":"Article","@id":"https:\/\/www.participacionciudadana.org\/web\/2025\/08\/01\/sucumbios-beneficiamos-a-48-miembros-de-la-sociedad-civil-en-el-taller-de-mecanismos-de-participacion\/#article","isPartOf":{"@id":"https:\/\/www.participacionciudadana.org\/web\/2025\/08\/01\/sucumbios-beneficiamos-a-48-miembros-de-la-sociedad-civil-en-el-taller-de-mecanismos-de-participacion\/"},"author":{"name":"Pablo Villac\u00eds","@id":"https:\/\/www.participacionciudadana.org\/web\/#\/schema\/person\/92da277b9a5fc1cedc0a6e85361c2607"},"headline":"Sucumb\u00edos: beneficiamos a 48 miembros de la sociedad civil en el taller de Mecanismos de Participaci\u00f3n\u00a0","datePublished":"2025-08-02T00:22:04+00:00","dateModified":"2025-08-02T00:23:08+00:00","mainEntityOfPage":{"@id":"https:\/\/www.participacionciudadana.org\/web\/2025\/08\/01\/sucumbios-beneficiamos-a-48-miembros-de-la-sociedad-civil-en-el-taller-de-mecanismos-de-participacion\/"},"wordCount":444,"commentCount":0,"publisher":{"@id":"https:\/\/www.participacionciudadana.org\/web\/#organization"},"image":{"@id":"https:\/\/www.participacionciudadana.org\/web\/2025\/08\/01\/sucumbios-beneficiamos-a-48-miembros-de-la-sociedad-civil-en-el-taller-de-mecanismos-de-participacion\/#primaryimage"},"thumbnailUrl":"https:\/\/www.participacionciudadana.org\/web\/wp-content\/uploads\/2025\/08\/Parti1.jpg","articleSection":["Amazonia Transparente","Boletines"],"inLanguage":"es","potentialAction":[{"@type":"CommentAction","name":"Comment","target":["https:\/\/www.participacionciudadana.org\/web\/2025\/08\/01\/sucumbios-beneficiamos-a-48-miembros-de-la-sociedad-civil-en-el-taller-de-mecanismos-de-participacion\/#respond"]}]},{"@type":"WebPage","@id":"https:\/\/www.participacionciudadana.org\/web\/2025\/08\/01\/sucumbios-beneficiamos-a-48-miembros-de-la-sociedad-civil-en-el-taller-de-mecanismos-de-participacion\/","url":"https:\/\/www.participacionciudadana.org\/web\/2025\/08\/01\/sucumbios-beneficiamos-a-48-miembros-de-la-sociedad-civil-en-el-taller-de-mecanismos-de-participacion\/","name":"Sucumb\u00edos: beneficiamos a 48 miembros de la sociedad civil en el taller de Mecanismos de Participaci\u00f3n\u00a0 - Participaci\u00f3n Ciudadana","isPartOf":{"@id":"https:\/\/www.participacionciudadana.org\/web\/#website"},"primaryImageOfPage":{"@id":"https:\/\/www.participacionciudadana.org\/web\/2025\/08\/01\/sucumbios-beneficiamos-a-48-miembros-de-la-sociedad-civil-en-el-taller-de-mecanismos-de-participacion\/#primaryimage"},"image":{"@id":"https:\/\/www.participacionciudadana.org\/web\/2025\/08\/01\/sucumbios-beneficiamos-a-48-miembros-de-la-sociedad-civil-en-el-taller-de-mecanismos-de-participacion\/#primaryimage"},"thumbnailUrl":"https:\/\/www.participacionciudadana.org\/web\/wp-content\/uploads\/2025\/08\/Parti1.jpg","datePublished":"2025-08-02T00:22:04+00:00","dateModified":"2025-08-02T00:23:08+00:00","breadcrumb":{"@id":"https:\/\/www.participacionciudadana.org\/web\/2025\/08\/01\/sucumbios-beneficiamos-a-48-miembros-de-la-sociedad-civil-en-el-taller-de-mecanismos-de-participacion\/#breadcrumb"},"inLanguage":"es","potentialAction":[{"@type":"ReadAction","target":["https:\/\/www.participacionciudadana.org\/web\/2025\/08\/01\/sucumbios-beneficiamos-a-48-miembros-de-la-sociedad-civil-en-el-taller-de-mecanismos-de-participacion\/"]}]},{"@type":"ImageObject","inLanguage":"es","@id":"https:\/\/www.participacionciudadana.org\/web\/2025\/08\/01\/sucumbios-beneficiamos-a-48-miembros-de-la-sociedad-civil-en-el-taller-de-mecanismos-de-participacion\/#primaryimage","url":"https:\/\/www.participacionciudadana.org\/web\/wp-content\/uploads\/2025\/08\/Parti1.jpg","contentUrl":"https:\/\/www.participacionciudadana.org\/web\/wp-content\/uploads\/2025\/08\/Parti1.jpg","width":680,"height":680},{"@type":"BreadcrumbList","@id":"https:\/\/www.participacionciudadana.org\/web\/2025\/08\/01\/sucumbios-beneficiamos-a-48-miembros-de-la-sociedad-civil-en-el-taller-de-mecanismos-de-participacion\/#breadcrumb","itemListElement":[{"@type":"ListItem","position":1,"name":"Portada","item":"https:\/\/www.participacionciudadana.org\/web\/"},{"@type":"ListItem","position":2,"name":"Sucumb\u00edos: beneficiamos a 48 miembros de la sociedad civil en el taller de Mecanismos de Participaci\u00f3n\u00a0"}]},{"@type":"WebSite","@id":"https:\/\/www.participacionciudadana.org\/web\/#website","url":"https:\/\/www.participacionciudadana.org\/web\/","name":"Participaci\u00f3n Ciudadana","description":"Comprometidos con la democracia","publisher":{"@id":"https:\/\/www.participacionciudadana.org\/web\/#organization"},"potentialAction":[{"@type":"SearchAction","target":{"@type":"EntryPoint","urlTemplate":"https:\/\/www.participacionciudadana.org\/web\/?s={search_term_string}"},"query-input":{"@type":"PropertyValueSpecification","valueRequired":true,"valueName":"search_term_string"}}],"inLanguage":"es"},{"@type":"Organization","@id":"https:\/\/www.participacionciudadana.org\/web\/#organization","name":"Participaci\u00f3n Ciudadana","url":"https:\/\/www.participacionciudadana.org\/web\/","logo":{"@type":"ImageObject","inLanguage":"es","@id":"https:\/\/www.participacionciudadana.org\/web\/#\/schema\/logo\/image\/","url":"https:\/\/www.participacionciudadana.org\/web\/wp-content\/uploads\/2021\/11\/cropped-logo_pc-1.png","contentUrl":"https:\/\/www.participacionciudadana.org\/web\/wp-content\/uploads\/2021\/11\/cropped-logo_pc-1.png","width":340,"height":114,"caption":"Participaci\u00f3n Ciudadana"},"image":{"@id":"https:\/\/www.participacionciudadana.org\/web\/#\/schema\/logo\/image\/"},"sameAs":["https:\/\/www.facebook.com\/ParticipacionPC\/","https:\/\/x.com\/ParticipacionPC"]},{"@type":"Person","@id":"https:\/\/www.participacionciudadana.org\/web\/#\/schema\/person\/92da277b9a5fc1cedc0a6e85361c2607","name":"Pablo Villac\u00eds","image":{"@type":"ImageObject","inLanguage":"es","@id":"https:\/\/www.participacionciudadana.org\/web\/#\/schema\/person\/image\/","url":"https:\/\/secure.gravatar.com\/avatar\/49c3bffa4759b83bd4c3be4b3bfa8fedf40d73773a24bc67c7fdd8dd7db3701d?s=96&d=mm&r=g","contentUrl":"https:\/\/secure.gravatar.com\/avatar\/49c3bffa4759b83bd4c3be4b3bfa8fedf40d73773a24bc67c7fdd8dd7db3701d?s=96&d=mm&r=g","caption":"Pablo Villac\u00eds"},"url":"https:\/\/www.participacionciudadana.org\/web\/author\/pablo-villacis\/"}]}},"_links":{"self":[{"href":"https:\/\/www.participacionciudadana.org\/web\/wp-json\/wp\/v2\/posts\/7719","targetHints":{"allow":["GET"]}}],"collection":[{"href":"https:\/\/www.participacionciudadana.org\/web\/wp-json\/wp\/v2\/posts"}],"about":[{"href":"https:\/\/www.participacionciudadana.org\/web\/wp-json\/wp\/v2\/types\/post"}],"author":[{"embeddable":true,"href":"https:\/\/www.participacionciudadana.org\/web\/wp-json\/wp\/v2\/users\/5"}],"replies":[{"embeddable":true,"href":"https:\/\/www.participacionciudadana.org\/web\/wp-json\/wp\/v2\/comments?post=7719"}],"version-history":[{"count":1,"href":"https:\/\/www.participacionciudadana.org\/web\/wp-json\/wp\/v2\/posts\/7719\/revisions"}],"predecessor-version":[{"id":7720,"href":"https:\/\/www.participacionciudadana.org\/web\/wp-json\/wp\/v2\/posts\/7719\/revisions\/7720"}],"wp:featuredmedia":[{"embeddable":true,"href":"https:\/\/www.participacionciudadana.org\/web\/wp-json\/wp\/v2\/media\/7721"}],"wp:attachment":[{"href":"https:\/\/www.participacionciudadana.org\/web\/wp-json\/wp\/v2\/media?parent=7719"}],"wp:term":[{"taxonomy":"category","embeddable":true,"href":"https:\/\/www.participacionciudadana.org\/web\/wp-json\/wp\/v2\/categories?post=7719"},{"taxonomy":"post_tag","embeddable":true,"href":"https:\/\/www.participacionciudadana.org\/web\/wp-json\/wp\/v2\/tags?post=7719"}],"curies":[{"name":"wp","href":"https:\/\/api.w.org\/{rel}","templated":true}]}}