{"id":7722,"date":"2025-08-01T21:29:04","date_gmt":"2025-08-02T02:29:04","guid":{"rendered":"https:\/\/www.participacionciudadana.org\/web\/?p=7722"},"modified":"2025-08-01T21:30:22","modified_gmt":"2025-08-02T02:30:22","slug":"22-funcionarios-de-cuyabeno-puerto-bolivar-y-aguas-negras-se-capacitaron-en-la-ley-de-transparencia","status":"publish","type":"post","link":"https:\/\/www.participacionciudadana.org\/web\/2025\/08\/01\/22-funcionarios-de-cuyabeno-puerto-bolivar-y-aguas-negras-se-capacitaron-en-la-ley-de-transparencia\/","title":{"rendered":"22 funcionarios de Cuyabeno, Puerto Bol\u00edvar y Aguas Negras se capacitaron en la Ley de Transparencia"},"content":{"rendered":"\n<p>Participaci\u00f3n Ciudadana apoya t\u00e9cnicamente a los gobiernos locales para mejorar sus capacidades para el adecuado cumplimiento de la Ley de Transparencia, en el marco de la ejecuci\u00f3n del proyecto Amazon\u00eda Transparente.<\/p>\n\n\n\n<p>Nuestros t\u00e9cnicos viajaron a la provincia de Orellana para capacitar sobre la adecuada aplicaci\u00f3n de la Ley de Acceso a la Informaci\u00f3n P\u00fablica (LOTAIP) a 22 funcionarios del GAD municipal de Cuyabeno y de los GAD parroquiales de Puerto Bol\u00edvar y Aguas Negras. Los talleres los desarrollamos en distintas fechas, durante el mes de junio de 2025.\u00a0<\/p>\n\n\n\n<p>La Corporaci\u00f3n Participaci\u00f3n Ciudadana, dentro del proyecto Amazon\u00eda Transparente, capacita en territorio a los Gobiernos Aut\u00f3nomos Descentralizados (GAD) provinciales, municipales y parroquiales en la aplicaci\u00f3n de la nueva LOTAIP.<\/p>\n\n\n\n<p>En la jornada de t\u00e9cnica hubo activa participaci\u00f3n de los asistentes, donde en resumen hablamos de sobre el contenido de la Ley, los tipos de&nbsp; informaci\u00f3n, los deberes del Comit\u00e9 de Transparencia, las obligaciones de los funcionarios, sanciones, protecci\u00f3n de datos personales, gobierno en l\u00ednea, los procesos t\u00e9cnicos para subir la informaci\u00f3n a la web, revisi\u00f3n de los numerales de la Ley en la p\u00e1gina web institucional, revisi\u00f3n del portal Impulso a la Transparencia de PC, entre otros.<\/p>\n\n\n\n<figure class=\"wp-block-embed is-type-rich is-provider-twitter wp-block-embed-twitter\"><div class=\"wp-block-embed__wrapper\">\n<blockquote class=\"twitter-tweet\" data-width=\"500\" data-dnt=\"true\"><p lang=\"es\" dir=\"ltr\">\ud83d\udcc8 <a href=\"https:\/\/twitter.com\/hashtag\/TallerLotaip?src=hash&amp;ref_src=twsrc%5Etfw\">#TallerLotaip<\/a><br>Capacitamos a funcionarios p\u00fablicos del GAD Municipal de <a href=\"https:\/\/twitter.com\/hashtag\/Cuyabeno?src=hash&amp;ref_src=twsrc%5Etfw\">#Cuyabeno<\/a> y del GAD parroquial de Aguas Negras, para el cumplimiento de la Ley de Transparencia.<br><br>\ud83d\udcfd\ufe0f El testimonio de Grace Aguilar, funcionaria que asisti\u00f3 al taller. \u2935\ufe0f <a href=\"https:\/\/twitter.com\/hashtag\/Amazon%C3%ADaTransparenteEc?src=hash&amp;ref_src=twsrc%5Etfw\">#Amazon\u00edaTransparenteEc<\/a> <a href=\"https:\/\/twitter.com\/hashtag\/Sucumb%C3%ADos?src=hash&amp;ref_src=twsrc%5Etfw\">#Sucumb\u00edos<\/a>. <a href=\"https:\/\/t.co\/6vBVER9sKn\">pic.twitter.com\/6vBVER9sKn<\/a><\/p>&mdash; Participaci\u00f3n Ciudadana (@ParticipacionPC) <a href=\"https:\/\/twitter.com\/ParticipacionPC\/status\/1935433686473732369?ref_src=twsrc%5Etfw\">June 18, 2025<\/a><\/blockquote><script async src=\"https:\/\/platform.twitter.com\/widgets.js\" charset=\"utf-8\"><\/script>\n<\/div><\/figure>\n\n\n\n<p><strong>Sobre nuestros talleres<\/strong><\/p>\n\n\n\n<p>En los talleres socializamos a los miembros del Comit\u00e9 de Transparencia sobre la importancia de que los gobiernos locales cumplan con el art\u00edculo 7 de la LOTAIP, respecto a la transparencia y difusi\u00f3n de informaci\u00f3n p\u00fablica, para brindar un mejor servicio a la ciudadan\u00eda. Tambi\u00e9n nuestros t\u00e9cnicos gu\u00edan a los funcionarios c\u00f3mo responder adecuadamente a los pedidos de informaci\u00f3n p\u00fablica y c\u00f3mo llenar los literales que exige la Ley.&nbsp;<\/p>\n\n\n\n<p>En estas jornadas presentamos la plataforma \u201cFortalecimiento de la Transparencia\u201d, una herramienta que busca ser una gu\u00eda para que las instituciones mejoren los niveles de transparencia y rendici\u00f3n de cuentas. Tambi\u00e9n abordamos a profundidad los contenidos y aplicaci\u00f3n de la Ley, sobre la informaci\u00f3n que debe constar en las p\u00e1ginas web institucionales y el manejo de archivos.<\/p>\n\n\n\n<p>Trabajamos en tres etapas: 1) Evaluaci\u00f3n 2) Acompa\u00f1amiento 3) Capacitaci\u00f3n. Las mismas fortalecen dos componentes de cumplimiento de la LOTAIP 2.0, normativa e instrumentaci\u00f3n t\u00e9cnica, de esta forma las actividades\/talleres se desarrollan presencialmente con los siguientes contenidos:&nbsp;<\/p>\n\n\n\n<p><strong>M\u00f3dulo 1:<\/strong><\/p>\n\n\n\n<ul class=\"wp-block-list\">\n<li>Importancia y principios del acceso a la informaci\u00f3n, y de la LOTAIP 2.0 particularmente.\u00a0<\/li>\n\n\n\n<li>Normas constitucionales y principios internacionales sobre el Derecho de Acceso a la Informaci\u00f3n.<\/li>\n\n\n\n<li>Contenido de la LOTAIP 2.0.<\/li>\n\n\n\n<li>Aplicaci\u00f3n de la LOTAIP 2.0.<\/li>\n\n\n\n<li>Obligaciones de las instituciones p\u00fablicas y de los funcionarios p\u00fablicos.<\/li>\n\n\n\n<li>Informaci\u00f3n p\u00fablica, reservada y confidencial. Elaboraci\u00f3n y aprobaci\u00f3n del \u00cdndice de Informaci\u00f3n Reservada.\u00a0<\/li>\n\n\n\n<li>Art\u00edculo 19.<\/li>\n\n\n\n<li>Implementaci\u00f3n del Comit\u00e9 de Transparencia.<\/li>\n\n\n\n<li>Normas sobre implementaci\u00f3n y dise\u00f1o de las P\u00e1ginas web.<\/li>\n\n\n\n<li>Normas sobre implementaci\u00f3n y manejo adecuado de archivos.<\/li>\n<\/ul>\n\n\n\n<p><strong>M\u00f3dulo 2:<\/strong><\/p>\n\n\n\n<p>&#8211; Gu\u00eda de la nueva Ley Org\u00e1nica de Transparencia y Acceso a la Informaci\u00f3n P\u00fablica (LOTAIP 2.0)<\/p>\n\n\n\n<p>&#8211; Manejos adecuados de procesos internos del Comit\u00e9 de Transparencia.<\/p>\n\n\n\n<p>&#8211; Tablas Excel de evaluaci\u00f3n y ponderaci\u00f3n de la informaci\u00f3n LOTAIP 2.0 (Art.19) monitoreada.<\/p>\n\n\n\n<p>&#8211; Manejo de nuevos par\u00e1metros t\u00e9cnicos de publicaci\u00f3n de la informaci\u00f3n.<\/p>\n\n\n\n<p>&#8211; Nuevos formatos y uso del Portal Nacional de Transparencia (DPE).<\/p>\n\n\n\n<p>&#8211; Presentaci\u00f3n de resultados de monitoreos y seguimiento t\u00e9cnico por meses.<\/p>\n\n\n\n<p>&#8211; Revisi\u00f3n y del link de transparencia del municipio.&nbsp;<\/p>\n\n\n\n<p><strong>M\u00f3dulo 3:<\/strong><\/p>\n\n\n\n<p>&#8211; Uso y ventajas de la plataforma \u201cImpulso a la Transparencia\u201d.&nbsp;<\/p>\n","protected":false},"excerpt":{"rendered":"<p>Participaci\u00f3n Ciudadana apoya t\u00e9cnicamente a los gobiernos locales para mejorar sus capacidades para el adecuado cumplimiento de la Ley de Transparencia, en el marco de la ejecuci\u00f3n del proyecto Amazon\u00eda Transparente. Nuestros t\u00e9cnicos viajaron a la provincia de Orellana para capacitar sobre la adecuada aplicaci\u00f3n de la Ley de Acceso a la Informaci\u00f3n P\u00fablica (LOTAIP) [&hellip;]<\/p>\n","protected":false},"author":5,"featured_media":7724,"comment_status":"open","ping_status":"open","sticky":false,"template":"","format":"standard","meta":{"site-sidebar-layout":"default","site-content-layout":"","ast-site-content-layout":"default","site-content-style":"default","site-sidebar-style":"default","ast-global-header-display":"","ast-banner-title-visibility":"","ast-main-header-display":"","ast-hfb-above-header-display":"","ast-hfb-below-header-display":"","ast-hfb-mobile-header-display":"","site-post-title":"","ast-breadcrumbs-content":"","ast-featured-img":"","footer-sml-layout":"","ast-disable-related-posts":"","theme-transparent-header-meta":"","adv-header-id-meta":"","stick-header-meta":"","header-above-stick-meta":"","header-main-stick-meta":"","header-below-stick-meta":"","astra-migrate-meta-layouts":"set","ast-page-background-enabled":"default","ast-page-background-meta":{"desktop":{"background-color":"","background-image":"","background-repeat":"repeat","background-position":"center center","background-size":"auto","background-attachment":"scroll","background-type":"","background-media":"","overlay-type":"","overlay-color":"","overlay-opacity":"","overlay-gradient":""},"tablet":{"background-color":"","background-image":"","background-repeat":"repeat","background-position":"center center","background-size":"auto","background-attachment":"scroll","background-type":"","background-media":"","overlay-type":"","overlay-color":"","overlay-opacity":"","overlay-gradient":""},"mobile":{"background-color":"","background-image":"","background-repeat":"repeat","background-position":"center center","background-size":"auto","background-attachment":"scroll","background-type":"","background-media":"","overlay-type":"","overlay-color":"","overlay-opacity":"","overlay-gradient":""}},"ast-content-background-meta":{"desktop":{"background-color":"var(--ast-global-color-5)","background-image":"","background-repeat":"repeat","background-position":"center center","background-size":"auto","background-attachment":"scroll","background-type":"","background-media":"","overlay-type":"","overlay-color":"","overlay-opacity":"","overlay-gradient":""},"tablet":{"background-color":"var(--ast-global-color-5)","background-image":"","background-repeat":"repeat","background-position":"center center","background-size":"auto","background-attachment":"scroll","background-type":"","background-media":"","overlay-type":"","overlay-color":"","overlay-opacity":"","overlay-gradient":""},"mobile":{"background-color":"var(--ast-global-color-5)","background-image":"","background-repeat":"repeat","background-position":"center center","background-size":"auto","background-attachment":"scroll","background-type":"","background-media":"","overlay-type":"","overlay-color":"","overlay-opacity":"","overlay-gradient":""}},"_joinchat":[],"footnotes":""},"categories":[29,78,1],"tags":[],"class_list":["post-7722","post","type-post","status-publish","format-standard","has-post-thumbnail","hentry","category-amazonia-transparente","category-boletines","category-sin-categoria"],"yoast_head":"<!-- This site is optimized with the Yoast SEO plugin v26.5 - https:\/\/yoast.com\/wordpress\/plugins\/seo\/ -->\n<title>22 funcionarios de Cuyabeno, Puerto Bol\u00edvar y Aguas Negras se capacitaron en la Ley de Transparencia - Participaci\u00f3n Ciudadana<\/title>\n<meta name=\"robots\" content=\"index, follow, max-snippet:-1, max-image-preview:large, max-video-preview:-1\" \/>\n<link rel=\"canonical\" href=\"https:\/\/www.participacionciudadana.org\/web\/2025\/08\/01\/22-funcionarios-de-cuyabeno-puerto-bolivar-y-aguas-negras-se-capacitaron-en-la-ley-de-transparencia\/\" \/>\n<meta property=\"og:locale\" content=\"es_ES\" \/>\n<meta property=\"og:type\" content=\"article\" \/>\n<meta property=\"og:title\" content=\"22 funcionarios de Cuyabeno, Puerto Bol\u00edvar y Aguas Negras se capacitaron en la Ley de Transparencia - Participaci\u00f3n Ciudadana\" \/>\n<meta property=\"og:description\" content=\"Participaci\u00f3n Ciudadana apoya t\u00e9cnicamente a los gobiernos locales para mejorar sus capacidades para el adecuado cumplimiento de la Ley de Transparencia, en el marco de la ejecuci\u00f3n del proyecto Amazon\u00eda Transparente. Nuestros t\u00e9cnicos viajaron a la provincia de Orellana para capacitar sobre la adecuada aplicaci\u00f3n de la Ley de Acceso a la Informaci\u00f3n P\u00fablica (LOTAIP) [&hellip;]\" \/>\n<meta property=\"og:url\" content=\"https:\/\/www.participacionciudadana.org\/web\/2025\/08\/01\/22-funcionarios-de-cuyabeno-puerto-bolivar-y-aguas-negras-se-capacitaron-en-la-ley-de-transparencia\/\" \/>\n<meta property=\"og:site_name\" content=\"Participaci\u00f3n Ciudadana\" \/>\n<meta property=\"article:publisher\" content=\"https:\/\/www.facebook.com\/ParticipacionPC\/\" \/>\n<meta property=\"article:published_time\" content=\"2025-08-02T02:29:04+00:00\" \/>\n<meta property=\"article:modified_time\" content=\"2025-08-02T02:30:22+00:00\" \/>\n<meta property=\"og:image\" content=\"https:\/\/www.participacionciudadana.org\/web\/wp-content\/uploads\/2025\/08\/Cuyabeno.jpg\" \/>\n\t<meta property=\"og:image:width\" content=\"680\" \/>\n\t<meta property=\"og:image:height\" content=\"680\" \/>\n\t<meta property=\"og:image:type\" content=\"image\/jpeg\" \/>\n<meta name=\"author\" content=\"Pablo Villac\u00eds\" \/>\n<meta name=\"twitter:card\" content=\"summary_large_image\" \/>\n<meta name=\"twitter:creator\" content=\"@ParticipacionPC\" \/>\n<meta name=\"twitter:site\" content=\"@ParticipacionPC\" \/>\n<meta name=\"twitter:label1\" content=\"Escrito por\" \/>\n\t<meta name=\"twitter:data1\" content=\"Pablo Villac\u00eds\" \/>\n\t<meta name=\"twitter:label2\" content=\"Tiempo de lectura\" \/>\n\t<meta name=\"twitter:data2\" content=\"3 minutos\" \/>\n<script type=\"application\/ld+json\" class=\"yoast-schema-graph\">{\"@context\":\"https:\/\/schema.org\",\"@graph\":[{\"@type\":\"Article\",\"@id\":\"https:\/\/www.participacionciudadana.org\/web\/2025\/08\/01\/22-funcionarios-de-cuyabeno-puerto-bolivar-y-aguas-negras-se-capacitaron-en-la-ley-de-transparencia\/#article\",\"isPartOf\":{\"@id\":\"https:\/\/www.participacionciudadana.org\/web\/2025\/08\/01\/22-funcionarios-de-cuyabeno-puerto-bolivar-y-aguas-negras-se-capacitaron-en-la-ley-de-transparencia\/\"},\"author\":{\"name\":\"Pablo Villac\u00eds\",\"@id\":\"https:\/\/www.participacionciudadana.org\/web\/#\/schema\/person\/92da277b9a5fc1cedc0a6e85361c2607\"},\"headline\":\"22 funcionarios de Cuyabeno, Puerto Bol\u00edvar y Aguas Negras se capacitaron en la Ley de Transparencia\",\"datePublished\":\"2025-08-02T02:29:04+00:00\",\"dateModified\":\"2025-08-02T02:30:22+00:00\",\"mainEntityOfPage\":{\"@id\":\"https:\/\/www.participacionciudadana.org\/web\/2025\/08\/01\/22-funcionarios-de-cuyabeno-puerto-bolivar-y-aguas-negras-se-capacitaron-en-la-ley-de-transparencia\/\"},\"wordCount\":636,\"commentCount\":0,\"publisher\":{\"@id\":\"https:\/\/www.participacionciudadana.org\/web\/#organization\"},\"image\":{\"@id\":\"https:\/\/www.participacionciudadana.org\/web\/2025\/08\/01\/22-funcionarios-de-cuyabeno-puerto-bolivar-y-aguas-negras-se-capacitaron-en-la-ley-de-transparencia\/#primaryimage\"},\"thumbnailUrl\":\"https:\/\/www.participacionciudadana.org\/web\/wp-content\/uploads\/2025\/08\/Cuyabeno.jpg\",\"articleSection\":[\"Amazonia Transparente\",\"Boletines\"],\"inLanguage\":\"es\",\"potentialAction\":[{\"@type\":\"CommentAction\",\"name\":\"Comment\",\"target\":[\"https:\/\/www.participacionciudadana.org\/web\/2025\/08\/01\/22-funcionarios-de-cuyabeno-puerto-bolivar-y-aguas-negras-se-capacitaron-en-la-ley-de-transparencia\/#respond\"]}]},{\"@type\":\"WebPage\",\"@id\":\"https:\/\/www.participacionciudadana.org\/web\/2025\/08\/01\/22-funcionarios-de-cuyabeno-puerto-bolivar-y-aguas-negras-se-capacitaron-en-la-ley-de-transparencia\/\",\"url\":\"https:\/\/www.participacionciudadana.org\/web\/2025\/08\/01\/22-funcionarios-de-cuyabeno-puerto-bolivar-y-aguas-negras-se-capacitaron-en-la-ley-de-transparencia\/\",\"name\":\"22 funcionarios de Cuyabeno, Puerto Bol\u00edvar y Aguas Negras se capacitaron en la Ley de Transparencia - Participaci\u00f3n Ciudadana\",\"isPartOf\":{\"@id\":\"https:\/\/www.participacionciudadana.org\/web\/#website\"},\"primaryImageOfPage\":{\"@id\":\"https:\/\/www.participacionciudadana.org\/web\/2025\/08\/01\/22-funcionarios-de-cuyabeno-puerto-bolivar-y-aguas-negras-se-capacitaron-en-la-ley-de-transparencia\/#primaryimage\"},\"image\":{\"@id\":\"https:\/\/www.participacionciudadana.org\/web\/2025\/08\/01\/22-funcionarios-de-cuyabeno-puerto-bolivar-y-aguas-negras-se-capacitaron-en-la-ley-de-transparencia\/#primaryimage\"},\"thumbnailUrl\":\"https:\/\/www.participacionciudadana.org\/web\/wp-content\/uploads\/2025\/08\/Cuyabeno.jpg\",\"datePublished\":\"2025-08-02T02:29:04+00:00\",\"dateModified\":\"2025-08-02T02:30:22+00:00\",\"breadcrumb\":{\"@id\":\"https:\/\/www.participacionciudadana.org\/web\/2025\/08\/01\/22-funcionarios-de-cuyabeno-puerto-bolivar-y-aguas-negras-se-capacitaron-en-la-ley-de-transparencia\/#breadcrumb\"},\"inLanguage\":\"es\",\"potentialAction\":[{\"@type\":\"ReadAction\",\"target\":[\"https:\/\/www.participacionciudadana.org\/web\/2025\/08\/01\/22-funcionarios-de-cuyabeno-puerto-bolivar-y-aguas-negras-se-capacitaron-en-la-ley-de-transparencia\/\"]}]},{\"@type\":\"ImageObject\",\"inLanguage\":\"es\",\"@id\":\"https:\/\/www.participacionciudadana.org\/web\/2025\/08\/01\/22-funcionarios-de-cuyabeno-puerto-bolivar-y-aguas-negras-se-capacitaron-en-la-ley-de-transparencia\/#primaryimage\",\"url\":\"https:\/\/www.participacionciudadana.org\/web\/wp-content\/uploads\/2025\/08\/Cuyabeno.jpg\",\"contentUrl\":\"https:\/\/www.participacionciudadana.org\/web\/wp-content\/uploads\/2025\/08\/Cuyabeno.jpg\",\"width\":680,\"height\":680},{\"@type\":\"BreadcrumbList\",\"@id\":\"https:\/\/www.participacionciudadana.org\/web\/2025\/08\/01\/22-funcionarios-de-cuyabeno-puerto-bolivar-y-aguas-negras-se-capacitaron-en-la-ley-de-transparencia\/#breadcrumb\",\"itemListElement\":[{\"@type\":\"ListItem\",\"position\":1,\"name\":\"Portada\",\"item\":\"https:\/\/www.participacionciudadana.org\/web\/\"},{\"@type\":\"ListItem\",\"position\":2,\"name\":\"22 funcionarios de Cuyabeno, Puerto Bol\u00edvar y Aguas Negras se capacitaron en la Ley de Transparencia\"}]},{\"@type\":\"WebSite\",\"@id\":\"https:\/\/www.participacionciudadana.org\/web\/#website\",\"url\":\"https:\/\/www.participacionciudadana.org\/web\/\",\"name\":\"Participaci\u00f3n Ciudadana\",\"description\":\"Comprometidos con la democracia\",\"publisher\":{\"@id\":\"https:\/\/www.participacionciudadana.org\/web\/#organization\"},\"potentialAction\":[{\"@type\":\"SearchAction\",\"target\":{\"@type\":\"EntryPoint\",\"urlTemplate\":\"https:\/\/www.participacionciudadana.org\/web\/?s={search_term_string}\"},\"query-input\":{\"@type\":\"PropertyValueSpecification\",\"valueRequired\":true,\"valueName\":\"search_term_string\"}}],\"inLanguage\":\"es\"},{\"@type\":\"Organization\",\"@id\":\"https:\/\/www.participacionciudadana.org\/web\/#organization\",\"name\":\"Participaci\u00f3n Ciudadana\",\"url\":\"https:\/\/www.participacionciudadana.org\/web\/\",\"logo\":{\"@type\":\"ImageObject\",\"inLanguage\":\"es\",\"@id\":\"https:\/\/www.participacionciudadana.org\/web\/#\/schema\/logo\/image\/\",\"url\":\"https:\/\/www.participacionciudadana.org\/web\/wp-content\/uploads\/2021\/11\/cropped-logo_pc-1.png\",\"contentUrl\":\"https:\/\/www.participacionciudadana.org\/web\/wp-content\/uploads\/2021\/11\/cropped-logo_pc-1.png\",\"width\":340,\"height\":114,\"caption\":\"Participaci\u00f3n Ciudadana\"},\"image\":{\"@id\":\"https:\/\/www.participacionciudadana.org\/web\/#\/schema\/logo\/image\/\"},\"sameAs\":[\"https:\/\/www.facebook.com\/ParticipacionPC\/\",\"https:\/\/x.com\/ParticipacionPC\"]},{\"@type\":\"Person\",\"@id\":\"https:\/\/www.participacionciudadana.org\/web\/#\/schema\/person\/92da277b9a5fc1cedc0a6e85361c2607\",\"name\":\"Pablo Villac\u00eds\",\"image\":{\"@type\":\"ImageObject\",\"inLanguage\":\"es\",\"@id\":\"https:\/\/www.participacionciudadana.org\/web\/#\/schema\/person\/image\/\",\"url\":\"https:\/\/secure.gravatar.com\/avatar\/49c3bffa4759b83bd4c3be4b3bfa8fedf40d73773a24bc67c7fdd8dd7db3701d?s=96&d=mm&r=g\",\"contentUrl\":\"https:\/\/secure.gravatar.com\/avatar\/49c3bffa4759b83bd4c3be4b3bfa8fedf40d73773a24bc67c7fdd8dd7db3701d?s=96&d=mm&r=g\",\"caption\":\"Pablo Villac\u00eds\"},\"url\":\"https:\/\/www.participacionciudadana.org\/web\/author\/pablo-villacis\/\"}]}<\/script>\n<!-- \/ Yoast SEO plugin. -->","yoast_head_json":{"title":"22 funcionarios de Cuyabeno, Puerto Bol\u00edvar y Aguas Negras se capacitaron en la Ley de Transparencia - Participaci\u00f3n Ciudadana","robots":{"index":"index","follow":"follow","max-snippet":"max-snippet:-1","max-image-preview":"max-image-preview:large","max-video-preview":"max-video-preview:-1"},"canonical":"https:\/\/www.participacionciudadana.org\/web\/2025\/08\/01\/22-funcionarios-de-cuyabeno-puerto-bolivar-y-aguas-negras-se-capacitaron-en-la-ley-de-transparencia\/","og_locale":"es_ES","og_type":"article","og_title":"22 funcionarios de Cuyabeno, Puerto Bol\u00edvar y Aguas Negras se capacitaron en la Ley de Transparencia - Participaci\u00f3n Ciudadana","og_description":"Participaci\u00f3n Ciudadana apoya t\u00e9cnicamente a los gobiernos locales para mejorar sus capacidades para el adecuado cumplimiento de la Ley de Transparencia, en el marco de la ejecuci\u00f3n del proyecto Amazon\u00eda Transparente. Nuestros t\u00e9cnicos viajaron a la provincia de Orellana para capacitar sobre la adecuada aplicaci\u00f3n de la Ley de Acceso a la Informaci\u00f3n P\u00fablica (LOTAIP) [&hellip;]","og_url":"https:\/\/www.participacionciudadana.org\/web\/2025\/08\/01\/22-funcionarios-de-cuyabeno-puerto-bolivar-y-aguas-negras-se-capacitaron-en-la-ley-de-transparencia\/","og_site_name":"Participaci\u00f3n Ciudadana","article_publisher":"https:\/\/www.facebook.com\/ParticipacionPC\/","article_published_time":"2025-08-02T02:29:04+00:00","article_modified_time":"2025-08-02T02:30:22+00:00","og_image":[{"width":680,"height":680,"url":"https:\/\/www.participacionciudadana.org\/web\/wp-content\/uploads\/2025\/08\/Cuyabeno.jpg","type":"image\/jpeg"}],"author":"Pablo Villac\u00eds","twitter_card":"summary_large_image","twitter_creator":"@ParticipacionPC","twitter_site":"@ParticipacionPC","twitter_misc":{"Escrito por":"Pablo Villac\u00eds","Tiempo de lectura":"3 minutos"},"schema":{"@context":"https:\/\/schema.org","@graph":[{"@type":"Article","@id":"https:\/\/www.participacionciudadana.org\/web\/2025\/08\/01\/22-funcionarios-de-cuyabeno-puerto-bolivar-y-aguas-negras-se-capacitaron-en-la-ley-de-transparencia\/#article","isPartOf":{"@id":"https:\/\/www.participacionciudadana.org\/web\/2025\/08\/01\/22-funcionarios-de-cuyabeno-puerto-bolivar-y-aguas-negras-se-capacitaron-en-la-ley-de-transparencia\/"},"author":{"name":"Pablo Villac\u00eds","@id":"https:\/\/www.participacionciudadana.org\/web\/#\/schema\/person\/92da277b9a5fc1cedc0a6e85361c2607"},"headline":"22 funcionarios de Cuyabeno, Puerto Bol\u00edvar y Aguas Negras se capacitaron en la Ley de Transparencia","datePublished":"2025-08-02T02:29:04+00:00","dateModified":"2025-08-02T02:30:22+00:00","mainEntityOfPage":{"@id":"https:\/\/www.participacionciudadana.org\/web\/2025\/08\/01\/22-funcionarios-de-cuyabeno-puerto-bolivar-y-aguas-negras-se-capacitaron-en-la-ley-de-transparencia\/"},"wordCount":636,"commentCount":0,"publisher":{"@id":"https:\/\/www.participacionciudadana.org\/web\/#organization"},"image":{"@id":"https:\/\/www.participacionciudadana.org\/web\/2025\/08\/01\/22-funcionarios-de-cuyabeno-puerto-bolivar-y-aguas-negras-se-capacitaron-en-la-ley-de-transparencia\/#primaryimage"},"thumbnailUrl":"https:\/\/www.participacionciudadana.org\/web\/wp-content\/uploads\/2025\/08\/Cuyabeno.jpg","articleSection":["Amazonia Transparente","Boletines"],"inLanguage":"es","potentialAction":[{"@type":"CommentAction","name":"Comment","target":["https:\/\/www.participacionciudadana.org\/web\/2025\/08\/01\/22-funcionarios-de-cuyabeno-puerto-bolivar-y-aguas-negras-se-capacitaron-en-la-ley-de-transparencia\/#respond"]}]},{"@type":"WebPage","@id":"https:\/\/www.participacionciudadana.org\/web\/2025\/08\/01\/22-funcionarios-de-cuyabeno-puerto-bolivar-y-aguas-negras-se-capacitaron-en-la-ley-de-transparencia\/","url":"https:\/\/www.participacionciudadana.org\/web\/2025\/08\/01\/22-funcionarios-de-cuyabeno-puerto-bolivar-y-aguas-negras-se-capacitaron-en-la-ley-de-transparencia\/","name":"22 funcionarios de Cuyabeno, Puerto Bol\u00edvar y Aguas Negras se capacitaron en la Ley de Transparencia - Participaci\u00f3n Ciudadana","isPartOf":{"@id":"https:\/\/www.participacionciudadana.org\/web\/#website"},"primaryImageOfPage":{"@id":"https:\/\/www.participacionciudadana.org\/web\/2025\/08\/01\/22-funcionarios-de-cuyabeno-puerto-bolivar-y-aguas-negras-se-capacitaron-en-la-ley-de-transparencia\/#primaryimage"},"image":{"@id":"https:\/\/www.participacionciudadana.org\/web\/2025\/08\/01\/22-funcionarios-de-cuyabeno-puerto-bolivar-y-aguas-negras-se-capacitaron-en-la-ley-de-transparencia\/#primaryimage"},"thumbnailUrl":"https:\/\/www.participacionciudadana.org\/web\/wp-content\/uploads\/2025\/08\/Cuyabeno.jpg","datePublished":"2025-08-02T02:29:04+00:00","dateModified":"2025-08-02T02:30:22+00:00","breadcrumb":{"@id":"https:\/\/www.participacionciudadana.org\/web\/2025\/08\/01\/22-funcionarios-de-cuyabeno-puerto-bolivar-y-aguas-negras-se-capacitaron-en-la-ley-de-transparencia\/#breadcrumb"},"inLanguage":"es","potentialAction":[{"@type":"ReadAction","target":["https:\/\/www.participacionciudadana.org\/web\/2025\/08\/01\/22-funcionarios-de-cuyabeno-puerto-bolivar-y-aguas-negras-se-capacitaron-en-la-ley-de-transparencia\/"]}]},{"@type":"ImageObject","inLanguage":"es","@id":"https:\/\/www.participacionciudadana.org\/web\/2025\/08\/01\/22-funcionarios-de-cuyabeno-puerto-bolivar-y-aguas-negras-se-capacitaron-en-la-ley-de-transparencia\/#primaryimage","url":"https:\/\/www.participacionciudadana.org\/web\/wp-content\/uploads\/2025\/08\/Cuyabeno.jpg","contentUrl":"https:\/\/www.participacionciudadana.org\/web\/wp-content\/uploads\/2025\/08\/Cuyabeno.jpg","width":680,"height":680},{"@type":"BreadcrumbList","@id":"https:\/\/www.participacionciudadana.org\/web\/2025\/08\/01\/22-funcionarios-de-cuyabeno-puerto-bolivar-y-aguas-negras-se-capacitaron-en-la-ley-de-transparencia\/#breadcrumb","itemListElement":[{"@type":"ListItem","position":1,"name":"Portada","item":"https:\/\/www.participacionciudadana.org\/web\/"},{"@type":"ListItem","position":2,"name":"22 funcionarios de Cuyabeno, Puerto Bol\u00edvar y Aguas Negras se capacitaron en la Ley de Transparencia"}]},{"@type":"WebSite","@id":"https:\/\/www.participacionciudadana.org\/web\/#website","url":"https:\/\/www.participacionciudadana.org\/web\/","name":"Participaci\u00f3n Ciudadana","description":"Comprometidos con la democracia","publisher":{"@id":"https:\/\/www.participacionciudadana.org\/web\/#organization"},"potentialAction":[{"@type":"SearchAction","target":{"@type":"EntryPoint","urlTemplate":"https:\/\/www.participacionciudadana.org\/web\/?s={search_term_string}"},"query-input":{"@type":"PropertyValueSpecification","valueRequired":true,"valueName":"search_term_string"}}],"inLanguage":"es"},{"@type":"Organization","@id":"https:\/\/www.participacionciudadana.org\/web\/#organization","name":"Participaci\u00f3n Ciudadana","url":"https:\/\/www.participacionciudadana.org\/web\/","logo":{"@type":"ImageObject","inLanguage":"es","@id":"https:\/\/www.participacionciudadana.org\/web\/#\/schema\/logo\/image\/","url":"https:\/\/www.participacionciudadana.org\/web\/wp-content\/uploads\/2021\/11\/cropped-logo_pc-1.png","contentUrl":"https:\/\/www.participacionciudadana.org\/web\/wp-content\/uploads\/2021\/11\/cropped-logo_pc-1.png","width":340,"height":114,"caption":"Participaci\u00f3n Ciudadana"},"image":{"@id":"https:\/\/www.participacionciudadana.org\/web\/#\/schema\/logo\/image\/"},"sameAs":["https:\/\/www.facebook.com\/ParticipacionPC\/","https:\/\/x.com\/ParticipacionPC"]},{"@type":"Person","@id":"https:\/\/www.participacionciudadana.org\/web\/#\/schema\/person\/92da277b9a5fc1cedc0a6e85361c2607","name":"Pablo Villac\u00eds","image":{"@type":"ImageObject","inLanguage":"es","@id":"https:\/\/www.participacionciudadana.org\/web\/#\/schema\/person\/image\/","url":"https:\/\/secure.gravatar.com\/avatar\/49c3bffa4759b83bd4c3be4b3bfa8fedf40d73773a24bc67c7fdd8dd7db3701d?s=96&d=mm&r=g","contentUrl":"https:\/\/secure.gravatar.com\/avatar\/49c3bffa4759b83bd4c3be4b3bfa8fedf40d73773a24bc67c7fdd8dd7db3701d?s=96&d=mm&r=g","caption":"Pablo Villac\u00eds"},"url":"https:\/\/www.participacionciudadana.org\/web\/author\/pablo-villacis\/"}]}},"_links":{"self":[{"href":"https:\/\/www.participacionciudadana.org\/web\/wp-json\/wp\/v2\/posts\/7722","targetHints":{"allow":["GET"]}}],"collection":[{"href":"https:\/\/www.participacionciudadana.org\/web\/wp-json\/wp\/v2\/posts"}],"about":[{"href":"https:\/\/www.participacionciudadana.org\/web\/wp-json\/wp\/v2\/types\/post"}],"author":[{"embeddable":true,"href":"https:\/\/www.participacionciudadana.org\/web\/wp-json\/wp\/v2\/users\/5"}],"replies":[{"embeddable":true,"href":"https:\/\/www.participacionciudadana.org\/web\/wp-json\/wp\/v2\/comments?post=7722"}],"version-history":[{"count":1,"href":"https:\/\/www.participacionciudadana.org\/web\/wp-json\/wp\/v2\/posts\/7722\/revisions"}],"predecessor-version":[{"id":7723,"href":"https:\/\/www.participacionciudadana.org\/web\/wp-json\/wp\/v2\/posts\/7722\/revisions\/7723"}],"wp:featuredmedia":[{"embeddable":true,"href":"https:\/\/www.participacionciudadana.org\/web\/wp-json\/wp\/v2\/media\/7724"}],"wp:attachment":[{"href":"https:\/\/www.participacionciudadana.org\/web\/wp-json\/wp\/v2\/media?parent=7722"}],"wp:term":[{"taxonomy":"category","embeddable":true,"href":"https:\/\/www.participacionciudadana.org\/web\/wp-json\/wp\/v2\/categories?post=7722"},{"taxonomy":"post_tag","embeddable":true,"href":"https:\/\/www.participacionciudadana.org\/web\/wp-json\/wp\/v2\/tags?post=7722"}],"curies":[{"name":"wp","href":"https:\/\/api.w.org\/{rel}","templated":true}]}}