{"id":7830,"date":"2025-08-25T15:30:00","date_gmt":"2025-08-25T20:30:00","guid":{"rendered":"https:\/\/www.participacionciudadana.org\/web\/?p=7830"},"modified":"2025-12-12T15:47:38","modified_gmt":"2025-12-12T20:47:38","slug":"pc-presento-el-mapa-electoral-una-radiografia-de-los-partidos-en-ecuador","status":"publish","type":"post","link":"https:\/\/www.participacionciudadana.org\/web\/2025\/08\/25\/pc-presento-el-mapa-electoral-una-radiografia-de-los-partidos-en-ecuador\/","title":{"rendered":"PC present\u00f3 el Mapa Electoral, una radiograf\u00eda de los partidos en Ecuador"},"content":{"rendered":"\n<p>\u201cCreemos que no hay Democracia sin partidos, pero necesitamos una reforma profunda que baje el n\u00famero y les fortalezca, dijo nuestra directora, Ruth Hidalgo, en la presentaci\u00f3n del Mapa Electoral un aporte de sociedad civil para conocer la realidad de los partidos pol\u00edticos en el pa\u00eds.<\/p>\n\n\n\n<p>La Corporaci\u00f3n Participaci\u00f3n Ciudadana (PC), en colaboraci\u00f3n con la Escuela de Ciencias Pol\u00edticas y Relaciones Internacionales de la Universidad de Las Am\u00e9ricas (UDLA), present\u00f3 el Mapa Electoral de Ecuador, una herramienta interactiva que detalla la situaci\u00f3n actual de los 233 partidos y movimientos pol\u00edticos registrados en las 24 provincias del pa\u00eds, el pasado viernes 22 de agosto de 2025.<\/p>\n\n\n\n<p>Este estudio, realizado durante un a\u00f1o con datos solicitados al Consejo Nacional Electoral (CNE), revela datos alarmantes sobre la estructura y transparencia de estas organizaciones, con el objetivo de fomentar un debate nacional sobre reformas al sistema pol\u00edtico.<\/p>\n\n\n\n<p>El Mapa Electoral recopila informaci\u00f3n clave como el nombre, logo, n\u00famero de lista, representante legal, direcci\u00f3n, tel\u00e9fono, p\u00e1gina web y Registro \u00danico de Contribuyentes (RUC) de cada organizaci\u00f3n.<\/p>\n\n\n\n<p>Entre los hallazgos principales se destaca que el 80% de estos movimientos y partidos no cuenta con RUC, lo que les impide recibir fondos estatales, aportes de miembros o realizar un rastreo adecuado de pagos, evidenciando una falta de estructura formal y transparencia. Adem\u00e1s, se identific\u00f3 un crecimiento acelerado en 2018, con 102 registros aprobados.<\/p>\n\n\n\n<p>Nuestra directora, Ruth Hidalgo, enfatiz\u00f3 la urgencia de reformas: \u201cLos resultados de este mapa deben abrir un debate nacional sobre la posibilidad de eliminar los fondos estatales para partidos sin estructura o reformar el sistema para reducir el n\u00famero de organizaciones pol\u00edticas. La fragilidad de estas estructuras partidarias afecta directamente la calidad de nuestra democracia\u201d.<\/p>\n\n\n\n<figure class=\"wp-block-gallery has-nested-images columns-default is-cropped wp-block-gallery-1 is-layout-flex wp-block-gallery-is-layout-flex\">\n<figure class=\"wp-block-image size-large\"><img fetchpriority=\"high\" decoding=\"async\" width=\"900\" height=\"600\" data-id=\"7836\" src=\"https:\/\/www.participacionciudadana.org\/web\/wp-content\/uploads\/2025\/12\/Foto1-1.jpg\" alt=\"\" class=\"wp-image-7836\" srcset=\"https:\/\/www.participacionciudadana.org\/web\/wp-content\/uploads\/2025\/12\/Foto1-1.jpg 900w, https:\/\/www.participacionciudadana.org\/web\/wp-content\/uploads\/2025\/12\/Foto1-1-300x200.jpg 300w, https:\/\/www.participacionciudadana.org\/web\/wp-content\/uploads\/2025\/12\/Foto1-1-768x512.jpg 768w\" sizes=\"(max-width: 900px) 100vw, 900px\" \/><\/figure>\n\n\n\n<figure class=\"wp-block-image size-large\"><img decoding=\"async\" width=\"1000\" height=\"1000\" data-id=\"7837\" src=\"https:\/\/www.participacionciudadana.org\/web\/wp-content\/uploads\/2025\/12\/foto2-1.jpg\" alt=\"\" class=\"wp-image-7837\" srcset=\"https:\/\/www.participacionciudadana.org\/web\/wp-content\/uploads\/2025\/12\/foto2-1.jpg 1000w, https:\/\/www.participacionciudadana.org\/web\/wp-content\/uploads\/2025\/12\/foto2-1-300x300.jpg 300w, https:\/\/www.participacionciudadana.org\/web\/wp-content\/uploads\/2025\/12\/foto2-1-150x150.jpg 150w, https:\/\/www.participacionciudadana.org\/web\/wp-content\/uploads\/2025\/12\/foto2-1-768x768.jpg 768w, https:\/\/www.participacionciudadana.org\/web\/wp-content\/uploads\/2025\/12\/foto2-1-600x600.jpg 600w\" sizes=\"(max-width: 1000px) 100vw, 1000px\" \/><\/figure>\n<\/figure>\n\n\n\n<p>Por su parte, Sim\u00f3n Jaramillo, subdirector de PC, agreg\u00f3: \u201cNecesitamos un gerenciamiento real de los partidos, con condiciones m\u00ednimas como oficinas f\u00edsicas, registros contables y transparencia en el financiamiento. Los partidos no deben ser solo maquinarias electorales temporales, sino entidades con actividades permanentes que fortalezcan la representaci\u00f3n ciudadana\u201d.<\/p>\n\n\n\n<p>El estudio de PC se\u00f1ala que existe un entramado de partidos sin estructuras estables, lo que genera baja credibilidad, dif\u00edcil fiscalizaci\u00f3n y actividad intermitente. El Mapa Electoral busca servir como insumo para reformas legales que exijan mayor transparencia, continuidad operativa y un n\u00famero razonable de organizaciones pol\u00edticas, contribuyendo as\u00ed a una democracia m\u00e1s robusta y participativa en Ecuador.<\/p>\n\n\n\n<p>El mapa interactivo est\u00e1 disponible en el sitio web de Participaci\u00f3n Ciudadana www.participacionciudadana.org para consulta de ciudadanos, periodistas, acad\u00e9micos, l\u00edderes pol\u00edticos. Les invitamos a explorar esta herramienta y unirse al di\u00e1logo sobre el futuro del sistema electoral ecuatoriano.<\/p>\n\n\n\n<p>Acerca de Corporaci\u00f3n Participaci\u00f3n Ciudadana<br>Participaci\u00f3n Ciudadana es una organizaci\u00f3n no gubernamental ecuatoriana, sin fines de lucro, no partidista y pluralista, pionera en observaci\u00f3n electoral en Ecuador, dedicada a promover la transparencia y el fortalecimiento de la Democracia desde hace 23 a\u00f1os.<\/p>\n\n\n<p>Mira el mapa electoral <a href=\"https:\/\/elecciones2021.participacionciudadana.org\/elecciones2021\/mapa-de-organizaciones-politicas-ecuador-2025\/\">aqu\u00ed\u00a0<\/a><\/p>\n\n\n<figure class=\"wp-block-gallery has-nested-images columns-default is-cropped wp-block-gallery-2 is-layout-flex wp-block-gallery-is-layout-flex\">\n<figure class=\"wp-block-image size-large\"><img decoding=\"async\" width=\"1024\" height=\"682\" data-id=\"7838\" src=\"https:\/\/www.participacionciudadana.org\/web\/wp-content\/uploads\/2025\/12\/Forto4-1-1024x682.jpg\" alt=\"\" class=\"wp-image-7838\" srcset=\"https:\/\/www.participacionciudadana.org\/web\/wp-content\/uploads\/2025\/12\/Forto4-1-1024x682.jpg 1024w, https:\/\/www.participacionciudadana.org\/web\/wp-content\/uploads\/2025\/12\/Forto4-1-300x200.jpg 300w, https:\/\/www.participacionciudadana.org\/web\/wp-content\/uploads\/2025\/12\/Forto4-1-768x512.jpg 768w, https:\/\/www.participacionciudadana.org\/web\/wp-content\/uploads\/2025\/12\/Forto4-1-1536x1023.jpg 1536w, https:\/\/www.participacionciudadana.org\/web\/wp-content\/uploads\/2025\/12\/Forto4-1-1200x800.jpg 1200w, https:\/\/www.participacionciudadana.org\/web\/wp-content\/uploads\/2025\/12\/Forto4-1.jpg 1600w\" sizes=\"(max-width: 1024px) 100vw, 1024px\" \/><\/figure>\n\n\n\n<figure class=\"wp-block-image size-large\"><img loading=\"lazy\" decoding=\"async\" width=\"1024\" height=\"682\" data-id=\"7839\" src=\"https:\/\/www.participacionciudadana.org\/web\/wp-content\/uploads\/2025\/12\/Foto3-1024x682.jpg\" alt=\"\" class=\"wp-image-7839\" srcset=\"https:\/\/www.participacionciudadana.org\/web\/wp-content\/uploads\/2025\/12\/Foto3-1024x682.jpg 1024w, https:\/\/www.participacionciudadana.org\/web\/wp-content\/uploads\/2025\/12\/Foto3-300x200.jpg 300w, https:\/\/www.participacionciudadana.org\/web\/wp-content\/uploads\/2025\/12\/Foto3-768x512.jpg 768w, https:\/\/www.participacionciudadana.org\/web\/wp-content\/uploads\/2025\/12\/Foto3-1536x1023.jpg 1536w, https:\/\/www.participacionciudadana.org\/web\/wp-content\/uploads\/2025\/12\/Foto3-1200x800.jpg 1200w, https:\/\/www.participacionciudadana.org\/web\/wp-content\/uploads\/2025\/12\/Foto3.jpg 1600w\" sizes=\"(max-width: 1024px) 100vw, 1024px\" \/><\/figure>\n<\/figure>\n","protected":false},"excerpt":{"rendered":"<p>\u201cCreemos que no hay Democracia sin partidos, pero necesitamos una reforma profunda que baje el n\u00famero y les fortalezca, dijo nuestra directora, Ruth Hidalgo, en la presentaci\u00f3n del Mapa Electoral un aporte de sociedad civil para conocer la realidad de los partidos pol\u00edticos en el pa\u00eds. La Corporaci\u00f3n Participaci\u00f3n Ciudadana (PC), en colaboraci\u00f3n con la [&hellip;]<\/p>\n","protected":false},"author":5,"featured_media":7839,"comment_status":"open","ping_status":"open","sticky":false,"template":"","format":"standard","meta":{"site-sidebar-layout":"default","site-content-layout":"","ast-site-content-layout":"default","site-content-style":"default","site-sidebar-style":"default","ast-global-header-display":"","ast-banner-title-visibility":"","ast-main-header-display":"","ast-hfb-above-header-display":"","ast-hfb-below-header-display":"","ast-hfb-mobile-header-display":"","site-post-title":"","ast-breadcrumbs-content":"","ast-featured-img":"","footer-sml-layout":"","ast-disable-related-posts":"","theme-transparent-header-meta":"","adv-header-id-meta":"","stick-header-meta":"","header-above-stick-meta":"","header-main-stick-meta":"","header-below-stick-meta":"","astra-migrate-meta-layouts":"set","ast-page-background-enabled":"default","ast-page-background-meta":{"desktop":{"background-color":"","background-image":"","background-repeat":"repeat","background-position":"center center","background-size":"auto","background-attachment":"scroll","background-type":"","background-media":"","overlay-type":"","overlay-color":"","overlay-opacity":"","overlay-gradient":""},"tablet":{"background-color":"","background-image":"","background-repeat":"repeat","background-position":"center center","background-size":"auto","background-attachment":"scroll","background-type":"","background-media":"","overlay-type":"","overlay-color":"","overlay-opacity":"","overlay-gradient":""},"mobile":{"background-color":"","background-image":"","background-repeat":"repeat","background-position":"center center","background-size":"auto","background-attachment":"scroll","background-type":"","background-media":"","overlay-type":"","overlay-color":"","overlay-opacity":"","overlay-gradient":""}},"ast-content-background-meta":{"desktop":{"background-color":"var(--ast-global-color-5)","background-image":"","background-repeat":"repeat","background-position":"center center","background-size":"auto","background-attachment":"scroll","background-type":"","background-media":"","overlay-type":"","overlay-color":"","overlay-opacity":"","overlay-gradient":""},"tablet":{"background-color":"var(--ast-global-color-5)","background-image":"","background-repeat":"repeat","background-position":"center center","background-size":"auto","background-attachment":"scroll","background-type":"","background-media":"","overlay-type":"","overlay-color":"","overlay-opacity":"","overlay-gradient":""},"mobile":{"background-color":"var(--ast-global-color-5)","background-image":"","background-repeat":"repeat","background-position":"center center","background-size":"auto","background-attachment":"scroll","background-type":"","background-media":"","overlay-type":"","overlay-color":"","overlay-opacity":"","overlay-gradient":""}},"_joinchat":[],"footnotes":""},"categories":[1],"tags":[],"class_list":["post-7830","post","type-post","status-publish","format-standard","has-post-thumbnail","hentry","category-sin-categoria"],"yoast_head":"<!-- This site is optimized with the Yoast SEO plugin v26.5 - https:\/\/yoast.com\/wordpress\/plugins\/seo\/ -->\n<title>PC present\u00f3 el Mapa Electoral, una radiograf\u00eda de los partidos en Ecuador - Participaci\u00f3n Ciudadana<\/title>\n<meta name=\"robots\" content=\"index, follow, max-snippet:-1, max-image-preview:large, max-video-preview:-1\" \/>\n<link rel=\"canonical\" href=\"https:\/\/www.participacionciudadana.org\/web\/2025\/08\/25\/pc-presento-el-mapa-electoral-una-radiografia-de-los-partidos-en-ecuador\/\" \/>\n<meta property=\"og:locale\" content=\"es_ES\" \/>\n<meta property=\"og:type\" content=\"article\" \/>\n<meta property=\"og:title\" content=\"PC present\u00f3 el Mapa Electoral, una radiograf\u00eda de los partidos en Ecuador - Participaci\u00f3n Ciudadana\" \/>\n<meta property=\"og:description\" content=\"\u201cCreemos que no hay Democracia sin partidos, pero necesitamos una reforma profunda que baje el n\u00famero y les fortalezca, dijo nuestra directora, Ruth Hidalgo, en la presentaci\u00f3n del Mapa Electoral un aporte de sociedad civil para conocer la realidad de los partidos pol\u00edticos en el pa\u00eds. La Corporaci\u00f3n Participaci\u00f3n Ciudadana (PC), en colaboraci\u00f3n con la [&hellip;]\" \/>\n<meta property=\"og:url\" content=\"https:\/\/www.participacionciudadana.org\/web\/2025\/08\/25\/pc-presento-el-mapa-electoral-una-radiografia-de-los-partidos-en-ecuador\/\" \/>\n<meta property=\"og:site_name\" content=\"Participaci\u00f3n Ciudadana\" \/>\n<meta property=\"article:publisher\" content=\"https:\/\/www.facebook.com\/ParticipacionPC\/\" \/>\n<meta property=\"article:published_time\" content=\"2025-08-25T20:30:00+00:00\" \/>\n<meta property=\"article:modified_time\" content=\"2025-12-12T20:47:38+00:00\" \/>\n<meta property=\"og:image\" content=\"https:\/\/www.participacionciudadana.org\/web\/wp-content\/uploads\/2025\/12\/Foto3.jpg\" \/>\n\t<meta property=\"og:image:width\" content=\"1600\" \/>\n\t<meta property=\"og:image:height\" content=\"1066\" \/>\n\t<meta property=\"og:image:type\" content=\"image\/jpeg\" \/>\n<meta name=\"author\" content=\"Pablo Villac\u00eds\" \/>\n<meta name=\"twitter:card\" content=\"summary_large_image\" \/>\n<meta name=\"twitter:creator\" content=\"@ParticipacionPC\" \/>\n<meta name=\"twitter:site\" content=\"@ParticipacionPC\" \/>\n<meta name=\"twitter:label1\" content=\"Escrito por\" \/>\n\t<meta name=\"twitter:data1\" content=\"Pablo Villac\u00eds\" \/>\n\t<meta name=\"twitter:label2\" content=\"Tiempo de lectura\" \/>\n\t<meta name=\"twitter:data2\" content=\"4 minutos\" \/>\n<script type=\"application\/ld+json\" class=\"yoast-schema-graph\">{\"@context\":\"https:\/\/schema.org\",\"@graph\":[{\"@type\":\"Article\",\"@id\":\"https:\/\/www.participacionciudadana.org\/web\/2025\/08\/25\/pc-presento-el-mapa-electoral-una-radiografia-de-los-partidos-en-ecuador\/#article\",\"isPartOf\":{\"@id\":\"https:\/\/www.participacionciudadana.org\/web\/2025\/08\/25\/pc-presento-el-mapa-electoral-una-radiografia-de-los-partidos-en-ecuador\/\"},\"author\":{\"name\":\"Pablo Villac\u00eds\",\"@id\":\"https:\/\/www.participacionciudadana.org\/web\/#\/schema\/person\/92da277b9a5fc1cedc0a6e85361c2607\"},\"headline\":\"PC present\u00f3 el Mapa Electoral, una radiograf\u00eda de los partidos en Ecuador\",\"datePublished\":\"2025-08-25T20:30:00+00:00\",\"dateModified\":\"2025-12-12T20:47:38+00:00\",\"mainEntityOfPage\":{\"@id\":\"https:\/\/www.participacionciudadana.org\/web\/2025\/08\/25\/pc-presento-el-mapa-electoral-una-radiografia-de-los-partidos-en-ecuador\/\"},\"wordCount\":522,\"commentCount\":0,\"publisher\":{\"@id\":\"https:\/\/www.participacionciudadana.org\/web\/#organization\"},\"image\":{\"@id\":\"https:\/\/www.participacionciudadana.org\/web\/2025\/08\/25\/pc-presento-el-mapa-electoral-una-radiografia-de-los-partidos-en-ecuador\/#primaryimage\"},\"thumbnailUrl\":\"https:\/\/www.participacionciudadana.org\/web\/wp-content\/uploads\/2025\/12\/Foto3.jpg\",\"inLanguage\":\"es\",\"potentialAction\":[{\"@type\":\"CommentAction\",\"name\":\"Comment\",\"target\":[\"https:\/\/www.participacionciudadana.org\/web\/2025\/08\/25\/pc-presento-el-mapa-electoral-una-radiografia-de-los-partidos-en-ecuador\/#respond\"]}]},{\"@type\":\"WebPage\",\"@id\":\"https:\/\/www.participacionciudadana.org\/web\/2025\/08\/25\/pc-presento-el-mapa-electoral-una-radiografia-de-los-partidos-en-ecuador\/\",\"url\":\"https:\/\/www.participacionciudadana.org\/web\/2025\/08\/25\/pc-presento-el-mapa-electoral-una-radiografia-de-los-partidos-en-ecuador\/\",\"name\":\"PC present\u00f3 el Mapa Electoral, una radiograf\u00eda de los partidos en Ecuador - Participaci\u00f3n Ciudadana\",\"isPartOf\":{\"@id\":\"https:\/\/www.participacionciudadana.org\/web\/#website\"},\"primaryImageOfPage\":{\"@id\":\"https:\/\/www.participacionciudadana.org\/web\/2025\/08\/25\/pc-presento-el-mapa-electoral-una-radiografia-de-los-partidos-en-ecuador\/#primaryimage\"},\"image\":{\"@id\":\"https:\/\/www.participacionciudadana.org\/web\/2025\/08\/25\/pc-presento-el-mapa-electoral-una-radiografia-de-los-partidos-en-ecuador\/#primaryimage\"},\"thumbnailUrl\":\"https:\/\/www.participacionciudadana.org\/web\/wp-content\/uploads\/2025\/12\/Foto3.jpg\",\"datePublished\":\"2025-08-25T20:30:00+00:00\",\"dateModified\":\"2025-12-12T20:47:38+00:00\",\"breadcrumb\":{\"@id\":\"https:\/\/www.participacionciudadana.org\/web\/2025\/08\/25\/pc-presento-el-mapa-electoral-una-radiografia-de-los-partidos-en-ecuador\/#breadcrumb\"},\"inLanguage\":\"es\",\"potentialAction\":[{\"@type\":\"ReadAction\",\"target\":[\"https:\/\/www.participacionciudadana.org\/web\/2025\/08\/25\/pc-presento-el-mapa-electoral-una-radiografia-de-los-partidos-en-ecuador\/\"]}]},{\"@type\":\"ImageObject\",\"inLanguage\":\"es\",\"@id\":\"https:\/\/www.participacionciudadana.org\/web\/2025\/08\/25\/pc-presento-el-mapa-electoral-una-radiografia-de-los-partidos-en-ecuador\/#primaryimage\",\"url\":\"https:\/\/www.participacionciudadana.org\/web\/wp-content\/uploads\/2025\/12\/Foto3.jpg\",\"contentUrl\":\"https:\/\/www.participacionciudadana.org\/web\/wp-content\/uploads\/2025\/12\/Foto3.jpg\",\"width\":1600,\"height\":1066},{\"@type\":\"BreadcrumbList\",\"@id\":\"https:\/\/www.participacionciudadana.org\/web\/2025\/08\/25\/pc-presento-el-mapa-electoral-una-radiografia-de-los-partidos-en-ecuador\/#breadcrumb\",\"itemListElement\":[{\"@type\":\"ListItem\",\"position\":1,\"name\":\"Portada\",\"item\":\"https:\/\/www.participacionciudadana.org\/web\/\"},{\"@type\":\"ListItem\",\"position\":2,\"name\":\"PC present\u00f3 el Mapa Electoral, una radiograf\u00eda de los partidos en Ecuador\"}]},{\"@type\":\"WebSite\",\"@id\":\"https:\/\/www.participacionciudadana.org\/web\/#website\",\"url\":\"https:\/\/www.participacionciudadana.org\/web\/\",\"name\":\"Participaci\u00f3n Ciudadana\",\"description\":\"Comprometidos con la democracia\",\"publisher\":{\"@id\":\"https:\/\/www.participacionciudadana.org\/web\/#organization\"},\"potentialAction\":[{\"@type\":\"SearchAction\",\"target\":{\"@type\":\"EntryPoint\",\"urlTemplate\":\"https:\/\/www.participacionciudadana.org\/web\/?s={search_term_string}\"},\"query-input\":{\"@type\":\"PropertyValueSpecification\",\"valueRequired\":true,\"valueName\":\"search_term_string\"}}],\"inLanguage\":\"es\"},{\"@type\":\"Organization\",\"@id\":\"https:\/\/www.participacionciudadana.org\/web\/#organization\",\"name\":\"Participaci\u00f3n Ciudadana\",\"url\":\"https:\/\/www.participacionciudadana.org\/web\/\",\"logo\":{\"@type\":\"ImageObject\",\"inLanguage\":\"es\",\"@id\":\"https:\/\/www.participacionciudadana.org\/web\/#\/schema\/logo\/image\/\",\"url\":\"https:\/\/www.participacionciudadana.org\/web\/wp-content\/uploads\/2021\/11\/cropped-logo_pc-1.png\",\"contentUrl\":\"https:\/\/www.participacionciudadana.org\/web\/wp-content\/uploads\/2021\/11\/cropped-logo_pc-1.png\",\"width\":340,\"height\":114,\"caption\":\"Participaci\u00f3n Ciudadana\"},\"image\":{\"@id\":\"https:\/\/www.participacionciudadana.org\/web\/#\/schema\/logo\/image\/\"},\"sameAs\":[\"https:\/\/www.facebook.com\/ParticipacionPC\/\",\"https:\/\/x.com\/ParticipacionPC\"]},{\"@type\":\"Person\",\"@id\":\"https:\/\/www.participacionciudadana.org\/web\/#\/schema\/person\/92da277b9a5fc1cedc0a6e85361c2607\",\"name\":\"Pablo Villac\u00eds\",\"image\":{\"@type\":\"ImageObject\",\"inLanguage\":\"es\",\"@id\":\"https:\/\/www.participacionciudadana.org\/web\/#\/schema\/person\/image\/\",\"url\":\"https:\/\/secure.gravatar.com\/avatar\/49c3bffa4759b83bd4c3be4b3bfa8fedf40d73773a24bc67c7fdd8dd7db3701d?s=96&d=mm&r=g\",\"contentUrl\":\"https:\/\/secure.gravatar.com\/avatar\/49c3bffa4759b83bd4c3be4b3bfa8fedf40d73773a24bc67c7fdd8dd7db3701d?s=96&d=mm&r=g\",\"caption\":\"Pablo Villac\u00eds\"},\"url\":\"https:\/\/www.participacionciudadana.org\/web\/author\/pablo-villacis\/\"}]}<\/script>\n<!-- \/ Yoast SEO plugin. -->","yoast_head_json":{"title":"PC present\u00f3 el Mapa Electoral, una radiograf\u00eda de los partidos en Ecuador - Participaci\u00f3n Ciudadana","robots":{"index":"index","follow":"follow","max-snippet":"max-snippet:-1","max-image-preview":"max-image-preview:large","max-video-preview":"max-video-preview:-1"},"canonical":"https:\/\/www.participacionciudadana.org\/web\/2025\/08\/25\/pc-presento-el-mapa-electoral-una-radiografia-de-los-partidos-en-ecuador\/","og_locale":"es_ES","og_type":"article","og_title":"PC present\u00f3 el Mapa Electoral, una radiograf\u00eda de los partidos en Ecuador - Participaci\u00f3n Ciudadana","og_description":"\u201cCreemos que no hay Democracia sin partidos, pero necesitamos una reforma profunda que baje el n\u00famero y les fortalezca, dijo nuestra directora, Ruth Hidalgo, en la presentaci\u00f3n del Mapa Electoral un aporte de sociedad civil para conocer la realidad de los partidos pol\u00edticos en el pa\u00eds. La Corporaci\u00f3n Participaci\u00f3n Ciudadana (PC), en colaboraci\u00f3n con la [&hellip;]","og_url":"https:\/\/www.participacionciudadana.org\/web\/2025\/08\/25\/pc-presento-el-mapa-electoral-una-radiografia-de-los-partidos-en-ecuador\/","og_site_name":"Participaci\u00f3n Ciudadana","article_publisher":"https:\/\/www.facebook.com\/ParticipacionPC\/","article_published_time":"2025-08-25T20:30:00+00:00","article_modified_time":"2025-12-12T20:47:38+00:00","og_image":[{"width":1600,"height":1066,"url":"https:\/\/www.participacionciudadana.org\/web\/wp-content\/uploads\/2025\/12\/Foto3.jpg","type":"image\/jpeg"}],"author":"Pablo Villac\u00eds","twitter_card":"summary_large_image","twitter_creator":"@ParticipacionPC","twitter_site":"@ParticipacionPC","twitter_misc":{"Escrito por":"Pablo Villac\u00eds","Tiempo de lectura":"4 minutos"},"schema":{"@context":"https:\/\/schema.org","@graph":[{"@type":"Article","@id":"https:\/\/www.participacionciudadana.org\/web\/2025\/08\/25\/pc-presento-el-mapa-electoral-una-radiografia-de-los-partidos-en-ecuador\/#article","isPartOf":{"@id":"https:\/\/www.participacionciudadana.org\/web\/2025\/08\/25\/pc-presento-el-mapa-electoral-una-radiografia-de-los-partidos-en-ecuador\/"},"author":{"name":"Pablo Villac\u00eds","@id":"https:\/\/www.participacionciudadana.org\/web\/#\/schema\/person\/92da277b9a5fc1cedc0a6e85361c2607"},"headline":"PC present\u00f3 el Mapa Electoral, una radiograf\u00eda de los partidos en Ecuador","datePublished":"2025-08-25T20:30:00+00:00","dateModified":"2025-12-12T20:47:38+00:00","mainEntityOfPage":{"@id":"https:\/\/www.participacionciudadana.org\/web\/2025\/08\/25\/pc-presento-el-mapa-electoral-una-radiografia-de-los-partidos-en-ecuador\/"},"wordCount":522,"commentCount":0,"publisher":{"@id":"https:\/\/www.participacionciudadana.org\/web\/#organization"},"image":{"@id":"https:\/\/www.participacionciudadana.org\/web\/2025\/08\/25\/pc-presento-el-mapa-electoral-una-radiografia-de-los-partidos-en-ecuador\/#primaryimage"},"thumbnailUrl":"https:\/\/www.participacionciudadana.org\/web\/wp-content\/uploads\/2025\/12\/Foto3.jpg","inLanguage":"es","potentialAction":[{"@type":"CommentAction","name":"Comment","target":["https:\/\/www.participacionciudadana.org\/web\/2025\/08\/25\/pc-presento-el-mapa-electoral-una-radiografia-de-los-partidos-en-ecuador\/#respond"]}]},{"@type":"WebPage","@id":"https:\/\/www.participacionciudadana.org\/web\/2025\/08\/25\/pc-presento-el-mapa-electoral-una-radiografia-de-los-partidos-en-ecuador\/","url":"https:\/\/www.participacionciudadana.org\/web\/2025\/08\/25\/pc-presento-el-mapa-electoral-una-radiografia-de-los-partidos-en-ecuador\/","name":"PC present\u00f3 el Mapa Electoral, una radiograf\u00eda de los partidos en Ecuador - Participaci\u00f3n Ciudadana","isPartOf":{"@id":"https:\/\/www.participacionciudadana.org\/web\/#website"},"primaryImageOfPage":{"@id":"https:\/\/www.participacionciudadana.org\/web\/2025\/08\/25\/pc-presento-el-mapa-electoral-una-radiografia-de-los-partidos-en-ecuador\/#primaryimage"},"image":{"@id":"https:\/\/www.participacionciudadana.org\/web\/2025\/08\/25\/pc-presento-el-mapa-electoral-una-radiografia-de-los-partidos-en-ecuador\/#primaryimage"},"thumbnailUrl":"https:\/\/www.participacionciudadana.org\/web\/wp-content\/uploads\/2025\/12\/Foto3.jpg","datePublished":"2025-08-25T20:30:00+00:00","dateModified":"2025-12-12T20:47:38+00:00","breadcrumb":{"@id":"https:\/\/www.participacionciudadana.org\/web\/2025\/08\/25\/pc-presento-el-mapa-electoral-una-radiografia-de-los-partidos-en-ecuador\/#breadcrumb"},"inLanguage":"es","potentialAction":[{"@type":"ReadAction","target":["https:\/\/www.participacionciudadana.org\/web\/2025\/08\/25\/pc-presento-el-mapa-electoral-una-radiografia-de-los-partidos-en-ecuador\/"]}]},{"@type":"ImageObject","inLanguage":"es","@id":"https:\/\/www.participacionciudadana.org\/web\/2025\/08\/25\/pc-presento-el-mapa-electoral-una-radiografia-de-los-partidos-en-ecuador\/#primaryimage","url":"https:\/\/www.participacionciudadana.org\/web\/wp-content\/uploads\/2025\/12\/Foto3.jpg","contentUrl":"https:\/\/www.participacionciudadana.org\/web\/wp-content\/uploads\/2025\/12\/Foto3.jpg","width":1600,"height":1066},{"@type":"BreadcrumbList","@id":"https:\/\/www.participacionciudadana.org\/web\/2025\/08\/25\/pc-presento-el-mapa-electoral-una-radiografia-de-los-partidos-en-ecuador\/#breadcrumb","itemListElement":[{"@type":"ListItem","position":1,"name":"Portada","item":"https:\/\/www.participacionciudadana.org\/web\/"},{"@type":"ListItem","position":2,"name":"PC present\u00f3 el Mapa Electoral, una radiograf\u00eda de los partidos en Ecuador"}]},{"@type":"WebSite","@id":"https:\/\/www.participacionciudadana.org\/web\/#website","url":"https:\/\/www.participacionciudadana.org\/web\/","name":"Participaci\u00f3n Ciudadana","description":"Comprometidos con la democracia","publisher":{"@id":"https:\/\/www.participacionciudadana.org\/web\/#organization"},"potentialAction":[{"@type":"SearchAction","target":{"@type":"EntryPoint","urlTemplate":"https:\/\/www.participacionciudadana.org\/web\/?s={search_term_string}"},"query-input":{"@type":"PropertyValueSpecification","valueRequired":true,"valueName":"search_term_string"}}],"inLanguage":"es"},{"@type":"Organization","@id":"https:\/\/www.participacionciudadana.org\/web\/#organization","name":"Participaci\u00f3n Ciudadana","url":"https:\/\/www.participacionciudadana.org\/web\/","logo":{"@type":"ImageObject","inLanguage":"es","@id":"https:\/\/www.participacionciudadana.org\/web\/#\/schema\/logo\/image\/","url":"https:\/\/www.participacionciudadana.org\/web\/wp-content\/uploads\/2021\/11\/cropped-logo_pc-1.png","contentUrl":"https:\/\/www.participacionciudadana.org\/web\/wp-content\/uploads\/2021\/11\/cropped-logo_pc-1.png","width":340,"height":114,"caption":"Participaci\u00f3n Ciudadana"},"image":{"@id":"https:\/\/www.participacionciudadana.org\/web\/#\/schema\/logo\/image\/"},"sameAs":["https:\/\/www.facebook.com\/ParticipacionPC\/","https:\/\/x.com\/ParticipacionPC"]},{"@type":"Person","@id":"https:\/\/www.participacionciudadana.org\/web\/#\/schema\/person\/92da277b9a5fc1cedc0a6e85361c2607","name":"Pablo Villac\u00eds","image":{"@type":"ImageObject","inLanguage":"es","@id":"https:\/\/www.participacionciudadana.org\/web\/#\/schema\/person\/image\/","url":"https:\/\/secure.gravatar.com\/avatar\/49c3bffa4759b83bd4c3be4b3bfa8fedf40d73773a24bc67c7fdd8dd7db3701d?s=96&d=mm&r=g","contentUrl":"https:\/\/secure.gravatar.com\/avatar\/49c3bffa4759b83bd4c3be4b3bfa8fedf40d73773a24bc67c7fdd8dd7db3701d?s=96&d=mm&r=g","caption":"Pablo Villac\u00eds"},"url":"https:\/\/www.participacionciudadana.org\/web\/author\/pablo-villacis\/"}]}},"_links":{"self":[{"href":"https:\/\/www.participacionciudadana.org\/web\/wp-json\/wp\/v2\/posts\/7830","targetHints":{"allow":["GET"]}}],"collection":[{"href":"https:\/\/www.participacionciudadana.org\/web\/wp-json\/wp\/v2\/posts"}],"about":[{"href":"https:\/\/www.participacionciudadana.org\/web\/wp-json\/wp\/v2\/types\/post"}],"author":[{"embeddable":true,"href":"https:\/\/www.participacionciudadana.org\/web\/wp-json\/wp\/v2\/users\/5"}],"replies":[{"embeddable":true,"href":"https:\/\/www.participacionciudadana.org\/web\/wp-json\/wp\/v2\/comments?post=7830"}],"version-history":[{"count":2,"href":"https:\/\/www.participacionciudadana.org\/web\/wp-json\/wp\/v2\/posts\/7830\/revisions"}],"predecessor-version":[{"id":7840,"href":"https:\/\/www.participacionciudadana.org\/web\/wp-json\/wp\/v2\/posts\/7830\/revisions\/7840"}],"wp:featuredmedia":[{"embeddable":true,"href":"https:\/\/www.participacionciudadana.org\/web\/wp-json\/wp\/v2\/media\/7839"}],"wp:attachment":[{"href":"https:\/\/www.participacionciudadana.org\/web\/wp-json\/wp\/v2\/media?parent=7830"}],"wp:term":[{"taxonomy":"category","embeddable":true,"href":"https:\/\/www.participacionciudadana.org\/web\/wp-json\/wp\/v2\/categories?post=7830"},{"taxonomy":"post_tag","embeddable":true,"href":"https:\/\/www.participacionciudadana.org\/web\/wp-json\/wp\/v2\/tags?post=7830"}],"curies":[{"name":"wp","href":"https:\/\/api.w.org\/{rel}","templated":true}]}}