{"id":7912,"date":"2026-03-13T22:23:06","date_gmt":"2026-03-14T03:23:06","guid":{"rendered":"https:\/\/www.participacionciudadana.org\/web\/?p=7912"},"modified":"2026-03-13T22:25:55","modified_gmt":"2026-03-14T03:25:55","slug":"pc-presento-los-resultados-de-proyecto-con-canada","status":"publish","type":"post","link":"https:\/\/www.participacionciudadana.org\/web\/2026\/03\/13\/pc-presento-los-resultados-de-proyecto-con-canada\/","title":{"rendered":"PC present\u00f3 los resultados de proyecto con Canad\u00e1"},"content":{"rendered":"\n<p>M\u00e1s de 100 personas de la Prefectura de Zamora Chinchipe y de los cantones El Pangui y Yantzaza fueron capacitados ene marco del proyecto \u201cFortalecimiento de la Gobernanza Inclusiva\u201d, apoyado por la Embajada de Canad\u00e1.<\/p>\n\n\n\n<p>La iniciativa \u201cFortalecimiento de la Gobernanza Inclusiva, Transparencia, Democracia y Participaci\u00f3n Activa\u201d tuvo como eje central el fortalecimiento de la transparencia, la rendici\u00f3n de cuentas y los mecanismos de participaci\u00f3n ciudadana en los tres GAD municipales de la provincia de Zamora Chinchipe.<\/p>\n\n\n\n<p>Con la iniciativa fortalecimos las capacidades institucionales y ciudadanas, se han generado instrumentos normativos y se ha promovido una cultura de transparencia y participaci\u00f3n activa en los territorios.<\/p>\n\n\n\n<figure class=\"wp-block-embed is-type-rich is-provider-twitter wp-block-embed-twitter\"><div class=\"wp-block-embed__wrapper\">\n<blockquote class=\"twitter-tweet\" data-width=\"500\" data-dnt=\"true\"><p lang=\"es\" dir=\"ltr\">\ud83d\udce2 \ud83d\udcc9Presentaci\u00f3n de resultados del proyecto \u201cFortalecimiento de la Gobernanza Inclusiva, Transparencia, Democracia y la Participaci\u00f3n Activa de Zamora Ch. como \u00c1rea de Influencia Minera\u201d, el mismo que cont\u00f3 con el apoyo de la Embajada de Canad\u00e1 en Ecuador \ud83c\udde8\ud83c\udde6\ud83c\uddea\ud83c\udde8. <a href=\"https:\/\/twitter.com\/hashtag\/CFLIEcuador?src=hash&amp;ref_src=twsrc%5Etfw\">#CFLIEcuador<\/a> <a href=\"https:\/\/t.co\/0HwW1z10hW\">pic.twitter.com\/0HwW1z10hW<\/a><\/p>&mdash; Participaci\u00f3n Ciudadana (@ParticipacionPC) <a href=\"https:\/\/twitter.com\/ParticipacionPC\/status\/2027523473212375487?ref_src=twsrc%5Etfw\">February 27, 2026<\/a><\/blockquote><script async src=\"https:\/\/platform.twitter.com\/widgets.js\" charset=\"utf-8\"><\/script>\n<\/div><\/figure>\n\n\n\n<p><strong>1. Fortalecimiento de capacidades en transparencia \u2013 LOTAIP<\/strong><\/p>\n\n\n\n<p>Realizamos un taller sobre Ley de Transparencia y Acceso a la Informaci\u00f3n P\u00fablica (LOTAIP) dirigido a 30 funcionarios p\u00fablicos, fortaleciendo sus conocimientos en el cumplimiento de obligaciones de transparencia y acceso a la informaci\u00f3n p\u00fablica.<\/p>\n\n\n\n<p>Adicionalmente, hicimos 9 reportes de monitoreo de LOTAIP, permitiendo evaluar de manera t\u00e9cnica el nivel de cumplimiento y generar recomendaciones concretas para mejorar los est\u00e1ndares de transparencia institucional.<\/p>\n\n\n\n<p><strong>2.&nbsp;Participaci\u00f3n de la sociedad civil<\/strong><\/p>\n\n\n\n<p>Realizamos un taller con organizaciones de la sociedad civil de los tres municipios, con una meta de 30 participantes. Este espacio permiti\u00f3 fortalecer las capacidades ciudadanas para ejercer veedur\u00eda, control social y participaci\u00f3n activa en la gesti\u00f3n p\u00fablica.<\/p>\n\n\n\n<figure class=\"wp-block-embed is-type-rich is-provider-twitter wp-block-embed-twitter\"><div class=\"wp-block-embed__wrapper\">\n<blockquote class=\"twitter-tweet\" data-width=\"500\" data-dnt=\"true\"><p lang=\"es\" dir=\"ltr\">\ud83c\uddea\ud83c\udde8\ud83d\udcf7 Mira los resultados del proyecto \u201cFortalecimiento de la Gobernanza Inclusiva\u201d, apoyado por la Embajada de Canad\u00e1, donde superamos metas: capacitamos a m\u00e1s de 100 personas en @zamorachinchipz y los cantones El Pangui y <a href=\"https:\/\/twitter.com\/GADYantzaza?ref_src=twsrc%5Etfw\">@GADYantzaza<\/a> <a href=\"https:\/\/twitter.com\/hashtag\/CFLIEcuador?src=hash&amp;ref_src=twsrc%5Etfw\">#CFLIEcuador<\/a> <br>\ud83d\udcf7\ud83d\udd3d <a href=\"https:\/\/t.co\/d82Qqmd93t\">https:\/\/t.co\/d82Qqmd93t<\/a><\/p>&mdash; Participaci\u00f3n Ciudadana (@ParticipacionPC) <a href=\"https:\/\/twitter.com\/ParticipacionPC\/status\/2027157437938065887?ref_src=twsrc%5Etfw\">February 26, 2026<\/a><\/blockquote><script async src=\"https:\/\/platform.twitter.com\/widgets.js\" charset=\"utf-8\"><\/script>\n<\/div><\/figure>\n\n\n\n<p><strong>3. Fortalecimiento del mecanismo de \u201cSilla Vac\u00eda\u201d<\/strong><\/p>\n\n\n\n<p>Uno de los componentes m\u00e1s relevantes del proyecto fue el apoyo t\u00e9cnico para la elaboraci\u00f3n de propuestas normativas sobre el mecanismo de participaci\u00f3n ciudadana denominado \u201cSilla Vac\u00eda\u201d.<\/p>\n\n\n\n<p>Entregamos tres propuestas de ordenanza, una para cada GAD municipal, que contienen an\u00e1lisis jur\u00eddico y t\u00e9cnico para institucionalizar y fortalecer este mecanismo de participaci\u00f3n. La presentaci\u00f3n de ordenanza se realiz\u00f3 con la participaci\u00f3n de 25 autoridades municipales y parroquiales, consolidando el di\u00e1logo entre actores institucionales y ciudadan\u00eda.<\/p>\n\n\n\n<p><strong>&nbsp;4. Transparencia en industrias extractivas \u2013 EITI<\/strong><\/p>\n\n\n\n<p>Desarrollamos un taller sobre el est\u00e1ndar EITI con 30 actores locales. Tambi\u00e9n se elaboraron dos factsheets informativos, dise\u00f1ados como herramientas de f\u00e1cil comprensi\u00f3n para promover el acceso a informaci\u00f3n clara y oportuna sobre temas relacionados con transparencia y gobernanza en sectores estrat\u00e9gicos.<\/p>\n\n\n\n<p><\/p>\n","protected":false},"excerpt":{"rendered":"<p>M\u00e1s de 100 personas de la Prefectura de Zamora Chinchipe y de los cantones El Pangui y Yantzaza fueron capacitados ene marco del proyecto \u201cFortalecimiento de la Gobernanza Inclusiva\u201d, apoyado por la Embajada de Canad\u00e1. La iniciativa \u201cFortalecimiento de la Gobernanza Inclusiva, Transparencia, Democracia y Participaci\u00f3n Activa\u201d tuvo como eje central el fortalecimiento de la [&hellip;]<\/p>\n","protected":false},"author":5,"featured_media":7914,"comment_status":"open","ping_status":"open","sticky":false,"template":"","format":"standard","meta":{"site-sidebar-layout":"default","site-content-layout":"","ast-site-content-layout":"default","site-content-style":"default","site-sidebar-style":"default","ast-global-header-display":"","ast-banner-title-visibility":"","ast-main-header-display":"","ast-hfb-above-header-display":"","ast-hfb-below-header-display":"","ast-hfb-mobile-header-display":"","site-post-title":"","ast-breadcrumbs-content":"","ast-featured-img":"","footer-sml-layout":"","ast-disable-related-posts":"","theme-transparent-header-meta":"","adv-header-id-meta":"","stick-header-meta":"","header-above-stick-meta":"","header-main-stick-meta":"","header-below-stick-meta":"","astra-migrate-meta-layouts":"set","ast-page-background-enabled":"default","ast-page-background-meta":{"desktop":{"background-color":"","background-image":"","background-repeat":"repeat","background-position":"center center","background-size":"auto","background-attachment":"scroll","background-type":"","background-media":"","overlay-type":"","overlay-color":"","overlay-opacity":"","overlay-gradient":""},"tablet":{"background-color":"","background-image":"","background-repeat":"repeat","background-position":"center center","background-size":"auto","background-attachment":"scroll","background-type":"","background-media":"","overlay-type":"","overlay-color":"","overlay-opacity":"","overlay-gradient":""},"mobile":{"background-color":"","background-image":"","background-repeat":"repeat","background-position":"center center","background-size":"auto","background-attachment":"scroll","background-type":"","background-media":"","overlay-type":"","overlay-color":"","overlay-opacity":"","overlay-gradient":""}},"ast-content-background-meta":{"desktop":{"background-color":"var(--ast-global-color-5)","background-image":"","background-repeat":"repeat","background-position":"center center","background-size":"auto","background-attachment":"scroll","background-type":"","background-media":"","overlay-type":"","overlay-color":"","overlay-opacity":"","overlay-gradient":""},"tablet":{"background-color":"var(--ast-global-color-5)","background-image":"","background-repeat":"repeat","background-position":"center center","background-size":"auto","background-attachment":"scroll","background-type":"","background-media":"","overlay-type":"","overlay-color":"","overlay-opacity":"","overlay-gradient":""},"mobile":{"background-color":"var(--ast-global-color-5)","background-image":"","background-repeat":"repeat","background-position":"center center","background-size":"auto","background-attachment":"scroll","background-type":"","background-media":"","overlay-type":"","overlay-color":"","overlay-opacity":"","overlay-gradient":""}},"_joinchat":[],"footnotes":""},"categories":[78,1],"tags":[],"class_list":["post-7912","post","type-post","status-publish","format-standard","has-post-thumbnail","hentry","category-boletines","category-sin-categoria"],"yoast_head":"<!-- This site is optimized with the Yoast SEO plugin v26.5 - https:\/\/yoast.com\/wordpress\/plugins\/seo\/ -->\n<title>PC present\u00f3 los resultados de proyecto con Canad\u00e1 - Participaci\u00f3n Ciudadana<\/title>\n<meta name=\"robots\" content=\"index, follow, max-snippet:-1, max-image-preview:large, max-video-preview:-1\" \/>\n<link rel=\"canonical\" href=\"https:\/\/www.participacionciudadana.org\/web\/2026\/03\/13\/pc-presento-los-resultados-de-proyecto-con-canada\/\" \/>\n<meta property=\"og:locale\" content=\"es_ES\" \/>\n<meta property=\"og:type\" content=\"article\" \/>\n<meta property=\"og:title\" content=\"PC present\u00f3 los resultados de proyecto con Canad\u00e1 - Participaci\u00f3n Ciudadana\" \/>\n<meta property=\"og:description\" content=\"M\u00e1s de 100 personas de la Prefectura de Zamora Chinchipe y de los cantones El Pangui y Yantzaza fueron capacitados ene marco del proyecto \u201cFortalecimiento de la Gobernanza Inclusiva\u201d, apoyado por la Embajada de Canad\u00e1. La iniciativa \u201cFortalecimiento de la Gobernanza Inclusiva, Transparencia, Democracia y Participaci\u00f3n Activa\u201d tuvo como eje central el fortalecimiento de la [&hellip;]\" \/>\n<meta property=\"og:url\" content=\"https:\/\/www.participacionciudadana.org\/web\/2026\/03\/13\/pc-presento-los-resultados-de-proyecto-con-canada\/\" \/>\n<meta property=\"og:site_name\" content=\"Participaci\u00f3n Ciudadana\" \/>\n<meta property=\"article:publisher\" content=\"https:\/\/www.facebook.com\/ParticipacionPC\/\" \/>\n<meta property=\"article:published_time\" content=\"2026-03-14T03:23:06+00:00\" \/>\n<meta property=\"article:modified_time\" content=\"2026-03-14T03:25:55+00:00\" \/>\n<meta property=\"og:image\" content=\"https:\/\/www.participacionciudadana.org\/web\/wp-content\/uploads\/2026\/03\/Captura-de-Pantalla-2026-03-13-a-las-22.17.50.png\" \/>\n\t<meta property=\"og:image:width\" content=\"740\" \/>\n\t<meta property=\"og:image:height\" content=\"502\" \/>\n\t<meta property=\"og:image:type\" content=\"image\/png\" \/>\n<meta name=\"author\" content=\"Pablo Villac\u00eds\" \/>\n<meta name=\"twitter:card\" content=\"summary_large_image\" \/>\n<meta name=\"twitter:creator\" content=\"@ParticipacionPC\" \/>\n<meta name=\"twitter:site\" content=\"@ParticipacionPC\" \/>\n<meta name=\"twitter:label1\" content=\"Escrito por\" \/>\n\t<meta name=\"twitter:data1\" content=\"Pablo Villac\u00eds\" \/>\n\t<meta name=\"twitter:label2\" content=\"Tiempo de lectura\" \/>\n\t<meta name=\"twitter:data2\" content=\"2 minutos\" \/>\n<script type=\"application\/ld+json\" class=\"yoast-schema-graph\">{\"@context\":\"https:\/\/schema.org\",\"@graph\":[{\"@type\":\"Article\",\"@id\":\"https:\/\/www.participacionciudadana.org\/web\/2026\/03\/13\/pc-presento-los-resultados-de-proyecto-con-canada\/#article\",\"isPartOf\":{\"@id\":\"https:\/\/www.participacionciudadana.org\/web\/2026\/03\/13\/pc-presento-los-resultados-de-proyecto-con-canada\/\"},\"author\":{\"name\":\"Pablo Villac\u00eds\",\"@id\":\"https:\/\/www.participacionciudadana.org\/web\/#\/schema\/person\/92da277b9a5fc1cedc0a6e85361c2607\"},\"headline\":\"PC present\u00f3 los resultados de proyecto con Canad\u00e1\",\"datePublished\":\"2026-03-14T03:23:06+00:00\",\"dateModified\":\"2026-03-14T03:25:55+00:00\",\"mainEntityOfPage\":{\"@id\":\"https:\/\/www.participacionciudadana.org\/web\/2026\/03\/13\/pc-presento-los-resultados-de-proyecto-con-canada\/\"},\"wordCount\":398,\"commentCount\":0,\"publisher\":{\"@id\":\"https:\/\/www.participacionciudadana.org\/web\/#organization\"},\"image\":{\"@id\":\"https:\/\/www.participacionciudadana.org\/web\/2026\/03\/13\/pc-presento-los-resultados-de-proyecto-con-canada\/#primaryimage\"},\"thumbnailUrl\":\"https:\/\/www.participacionciudadana.org\/web\/wp-content\/uploads\/2026\/03\/Captura-de-Pantalla-2026-03-13-a-las-22.17.50.png\",\"articleSection\":[\"Boletines\"],\"inLanguage\":\"es\",\"potentialAction\":[{\"@type\":\"CommentAction\",\"name\":\"Comment\",\"target\":[\"https:\/\/www.participacionciudadana.org\/web\/2026\/03\/13\/pc-presento-los-resultados-de-proyecto-con-canada\/#respond\"]}]},{\"@type\":\"WebPage\",\"@id\":\"https:\/\/www.participacionciudadana.org\/web\/2026\/03\/13\/pc-presento-los-resultados-de-proyecto-con-canada\/\",\"url\":\"https:\/\/www.participacionciudadana.org\/web\/2026\/03\/13\/pc-presento-los-resultados-de-proyecto-con-canada\/\",\"name\":\"PC present\u00f3 los resultados de proyecto con Canad\u00e1 - Participaci\u00f3n Ciudadana\",\"isPartOf\":{\"@id\":\"https:\/\/www.participacionciudadana.org\/web\/#website\"},\"primaryImageOfPage\":{\"@id\":\"https:\/\/www.participacionciudadana.org\/web\/2026\/03\/13\/pc-presento-los-resultados-de-proyecto-con-canada\/#primaryimage\"},\"image\":{\"@id\":\"https:\/\/www.participacionciudadana.org\/web\/2026\/03\/13\/pc-presento-los-resultados-de-proyecto-con-canada\/#primaryimage\"},\"thumbnailUrl\":\"https:\/\/www.participacionciudadana.org\/web\/wp-content\/uploads\/2026\/03\/Captura-de-Pantalla-2026-03-13-a-las-22.17.50.png\",\"datePublished\":\"2026-03-14T03:23:06+00:00\",\"dateModified\":\"2026-03-14T03:25:55+00:00\",\"breadcrumb\":{\"@id\":\"https:\/\/www.participacionciudadana.org\/web\/2026\/03\/13\/pc-presento-los-resultados-de-proyecto-con-canada\/#breadcrumb\"},\"inLanguage\":\"es\",\"potentialAction\":[{\"@type\":\"ReadAction\",\"target\":[\"https:\/\/www.participacionciudadana.org\/web\/2026\/03\/13\/pc-presento-los-resultados-de-proyecto-con-canada\/\"]}]},{\"@type\":\"ImageObject\",\"inLanguage\":\"es\",\"@id\":\"https:\/\/www.participacionciudadana.org\/web\/2026\/03\/13\/pc-presento-los-resultados-de-proyecto-con-canada\/#primaryimage\",\"url\":\"https:\/\/www.participacionciudadana.org\/web\/wp-content\/uploads\/2026\/03\/Captura-de-Pantalla-2026-03-13-a-las-22.17.50.png\",\"contentUrl\":\"https:\/\/www.participacionciudadana.org\/web\/wp-content\/uploads\/2026\/03\/Captura-de-Pantalla-2026-03-13-a-las-22.17.50.png\",\"width\":740,\"height\":502},{\"@type\":\"BreadcrumbList\",\"@id\":\"https:\/\/www.participacionciudadana.org\/web\/2026\/03\/13\/pc-presento-los-resultados-de-proyecto-con-canada\/#breadcrumb\",\"itemListElement\":[{\"@type\":\"ListItem\",\"position\":1,\"name\":\"Portada\",\"item\":\"https:\/\/www.participacionciudadana.org\/web\/\"},{\"@type\":\"ListItem\",\"position\":2,\"name\":\"PC present\u00f3 los resultados de proyecto con Canad\u00e1\"}]},{\"@type\":\"WebSite\",\"@id\":\"https:\/\/www.participacionciudadana.org\/web\/#website\",\"url\":\"https:\/\/www.participacionciudadana.org\/web\/\",\"name\":\"Participaci\u00f3n Ciudadana\",\"description\":\"Comprometidos con la democracia\",\"publisher\":{\"@id\":\"https:\/\/www.participacionciudadana.org\/web\/#organization\"},\"potentialAction\":[{\"@type\":\"SearchAction\",\"target\":{\"@type\":\"EntryPoint\",\"urlTemplate\":\"https:\/\/www.participacionciudadana.org\/web\/?s={search_term_string}\"},\"query-input\":{\"@type\":\"PropertyValueSpecification\",\"valueRequired\":true,\"valueName\":\"search_term_string\"}}],\"inLanguage\":\"es\"},{\"@type\":\"Organization\",\"@id\":\"https:\/\/www.participacionciudadana.org\/web\/#organization\",\"name\":\"Participaci\u00f3n Ciudadana\",\"url\":\"https:\/\/www.participacionciudadana.org\/web\/\",\"logo\":{\"@type\":\"ImageObject\",\"inLanguage\":\"es\",\"@id\":\"https:\/\/www.participacionciudadana.org\/web\/#\/schema\/logo\/image\/\",\"url\":\"https:\/\/www.participacionciudadana.org\/web\/wp-content\/uploads\/2021\/11\/cropped-logo_pc-1.png\",\"contentUrl\":\"https:\/\/www.participacionciudadana.org\/web\/wp-content\/uploads\/2021\/11\/cropped-logo_pc-1.png\",\"width\":340,\"height\":114,\"caption\":\"Participaci\u00f3n Ciudadana\"},\"image\":{\"@id\":\"https:\/\/www.participacionciudadana.org\/web\/#\/schema\/logo\/image\/\"},\"sameAs\":[\"https:\/\/www.facebook.com\/ParticipacionPC\/\",\"https:\/\/x.com\/ParticipacionPC\"]},{\"@type\":\"Person\",\"@id\":\"https:\/\/www.participacionciudadana.org\/web\/#\/schema\/person\/92da277b9a5fc1cedc0a6e85361c2607\",\"name\":\"Pablo Villac\u00eds\",\"image\":{\"@type\":\"ImageObject\",\"inLanguage\":\"es\",\"@id\":\"https:\/\/www.participacionciudadana.org\/web\/#\/schema\/person\/image\/\",\"url\":\"https:\/\/secure.gravatar.com\/avatar\/49c3bffa4759b83bd4c3be4b3bfa8fedf40d73773a24bc67c7fdd8dd7db3701d?s=96&d=mm&r=g\",\"contentUrl\":\"https:\/\/secure.gravatar.com\/avatar\/49c3bffa4759b83bd4c3be4b3bfa8fedf40d73773a24bc67c7fdd8dd7db3701d?s=96&d=mm&r=g\",\"caption\":\"Pablo Villac\u00eds\"},\"url\":\"https:\/\/www.participacionciudadana.org\/web\/author\/pablo-villacis\/\"}]}<\/script>\n<!-- \/ Yoast SEO plugin. -->","yoast_head_json":{"title":"PC present\u00f3 los resultados de proyecto con Canad\u00e1 - Participaci\u00f3n Ciudadana","robots":{"index":"index","follow":"follow","max-snippet":"max-snippet:-1","max-image-preview":"max-image-preview:large","max-video-preview":"max-video-preview:-1"},"canonical":"https:\/\/www.participacionciudadana.org\/web\/2026\/03\/13\/pc-presento-los-resultados-de-proyecto-con-canada\/","og_locale":"es_ES","og_type":"article","og_title":"PC present\u00f3 los resultados de proyecto con Canad\u00e1 - Participaci\u00f3n Ciudadana","og_description":"M\u00e1s de 100 personas de la Prefectura de Zamora Chinchipe y de los cantones El Pangui y Yantzaza fueron capacitados ene marco del proyecto \u201cFortalecimiento de la Gobernanza Inclusiva\u201d, apoyado por la Embajada de Canad\u00e1. La iniciativa \u201cFortalecimiento de la Gobernanza Inclusiva, Transparencia, Democracia y Participaci\u00f3n Activa\u201d tuvo como eje central el fortalecimiento de la [&hellip;]","og_url":"https:\/\/www.participacionciudadana.org\/web\/2026\/03\/13\/pc-presento-los-resultados-de-proyecto-con-canada\/","og_site_name":"Participaci\u00f3n Ciudadana","article_publisher":"https:\/\/www.facebook.com\/ParticipacionPC\/","article_published_time":"2026-03-14T03:23:06+00:00","article_modified_time":"2026-03-14T03:25:55+00:00","og_image":[{"width":740,"height":502,"url":"https:\/\/www.participacionciudadana.org\/web\/wp-content\/uploads\/2026\/03\/Captura-de-Pantalla-2026-03-13-a-las-22.17.50.png","type":"image\/png"}],"author":"Pablo Villac\u00eds","twitter_card":"summary_large_image","twitter_creator":"@ParticipacionPC","twitter_site":"@ParticipacionPC","twitter_misc":{"Escrito por":"Pablo Villac\u00eds","Tiempo de lectura":"2 minutos"},"schema":{"@context":"https:\/\/schema.org","@graph":[{"@type":"Article","@id":"https:\/\/www.participacionciudadana.org\/web\/2026\/03\/13\/pc-presento-los-resultados-de-proyecto-con-canada\/#article","isPartOf":{"@id":"https:\/\/www.participacionciudadana.org\/web\/2026\/03\/13\/pc-presento-los-resultados-de-proyecto-con-canada\/"},"author":{"name":"Pablo Villac\u00eds","@id":"https:\/\/www.participacionciudadana.org\/web\/#\/schema\/person\/92da277b9a5fc1cedc0a6e85361c2607"},"headline":"PC present\u00f3 los resultados de proyecto con Canad\u00e1","datePublished":"2026-03-14T03:23:06+00:00","dateModified":"2026-03-14T03:25:55+00:00","mainEntityOfPage":{"@id":"https:\/\/www.participacionciudadana.org\/web\/2026\/03\/13\/pc-presento-los-resultados-de-proyecto-con-canada\/"},"wordCount":398,"commentCount":0,"publisher":{"@id":"https:\/\/www.participacionciudadana.org\/web\/#organization"},"image":{"@id":"https:\/\/www.participacionciudadana.org\/web\/2026\/03\/13\/pc-presento-los-resultados-de-proyecto-con-canada\/#primaryimage"},"thumbnailUrl":"https:\/\/www.participacionciudadana.org\/web\/wp-content\/uploads\/2026\/03\/Captura-de-Pantalla-2026-03-13-a-las-22.17.50.png","articleSection":["Boletines"],"inLanguage":"es","potentialAction":[{"@type":"CommentAction","name":"Comment","target":["https:\/\/www.participacionciudadana.org\/web\/2026\/03\/13\/pc-presento-los-resultados-de-proyecto-con-canada\/#respond"]}]},{"@type":"WebPage","@id":"https:\/\/www.participacionciudadana.org\/web\/2026\/03\/13\/pc-presento-los-resultados-de-proyecto-con-canada\/","url":"https:\/\/www.participacionciudadana.org\/web\/2026\/03\/13\/pc-presento-los-resultados-de-proyecto-con-canada\/","name":"PC present\u00f3 los resultados de proyecto con Canad\u00e1 - Participaci\u00f3n Ciudadana","isPartOf":{"@id":"https:\/\/www.participacionciudadana.org\/web\/#website"},"primaryImageOfPage":{"@id":"https:\/\/www.participacionciudadana.org\/web\/2026\/03\/13\/pc-presento-los-resultados-de-proyecto-con-canada\/#primaryimage"},"image":{"@id":"https:\/\/www.participacionciudadana.org\/web\/2026\/03\/13\/pc-presento-los-resultados-de-proyecto-con-canada\/#primaryimage"},"thumbnailUrl":"https:\/\/www.participacionciudadana.org\/web\/wp-content\/uploads\/2026\/03\/Captura-de-Pantalla-2026-03-13-a-las-22.17.50.png","datePublished":"2026-03-14T03:23:06+00:00","dateModified":"2026-03-14T03:25:55+00:00","breadcrumb":{"@id":"https:\/\/www.participacionciudadana.org\/web\/2026\/03\/13\/pc-presento-los-resultados-de-proyecto-con-canada\/#breadcrumb"},"inLanguage":"es","potentialAction":[{"@type":"ReadAction","target":["https:\/\/www.participacionciudadana.org\/web\/2026\/03\/13\/pc-presento-los-resultados-de-proyecto-con-canada\/"]}]},{"@type":"ImageObject","inLanguage":"es","@id":"https:\/\/www.participacionciudadana.org\/web\/2026\/03\/13\/pc-presento-los-resultados-de-proyecto-con-canada\/#primaryimage","url":"https:\/\/www.participacionciudadana.org\/web\/wp-content\/uploads\/2026\/03\/Captura-de-Pantalla-2026-03-13-a-las-22.17.50.png","contentUrl":"https:\/\/www.participacionciudadana.org\/web\/wp-content\/uploads\/2026\/03\/Captura-de-Pantalla-2026-03-13-a-las-22.17.50.png","width":740,"height":502},{"@type":"BreadcrumbList","@id":"https:\/\/www.participacionciudadana.org\/web\/2026\/03\/13\/pc-presento-los-resultados-de-proyecto-con-canada\/#breadcrumb","itemListElement":[{"@type":"ListItem","position":1,"name":"Portada","item":"https:\/\/www.participacionciudadana.org\/web\/"},{"@type":"ListItem","position":2,"name":"PC present\u00f3 los resultados de proyecto con Canad\u00e1"}]},{"@type":"WebSite","@id":"https:\/\/www.participacionciudadana.org\/web\/#website","url":"https:\/\/www.participacionciudadana.org\/web\/","name":"Participaci\u00f3n Ciudadana","description":"Comprometidos con la democracia","publisher":{"@id":"https:\/\/www.participacionciudadana.org\/web\/#organization"},"potentialAction":[{"@type":"SearchAction","target":{"@type":"EntryPoint","urlTemplate":"https:\/\/www.participacionciudadana.org\/web\/?s={search_term_string}"},"query-input":{"@type":"PropertyValueSpecification","valueRequired":true,"valueName":"search_term_string"}}],"inLanguage":"es"},{"@type":"Organization","@id":"https:\/\/www.participacionciudadana.org\/web\/#organization","name":"Participaci\u00f3n Ciudadana","url":"https:\/\/www.participacionciudadana.org\/web\/","logo":{"@type":"ImageObject","inLanguage":"es","@id":"https:\/\/www.participacionciudadana.org\/web\/#\/schema\/logo\/image\/","url":"https:\/\/www.participacionciudadana.org\/web\/wp-content\/uploads\/2021\/11\/cropped-logo_pc-1.png","contentUrl":"https:\/\/www.participacionciudadana.org\/web\/wp-content\/uploads\/2021\/11\/cropped-logo_pc-1.png","width":340,"height":114,"caption":"Participaci\u00f3n Ciudadana"},"image":{"@id":"https:\/\/www.participacionciudadana.org\/web\/#\/schema\/logo\/image\/"},"sameAs":["https:\/\/www.facebook.com\/ParticipacionPC\/","https:\/\/x.com\/ParticipacionPC"]},{"@type":"Person","@id":"https:\/\/www.participacionciudadana.org\/web\/#\/schema\/person\/92da277b9a5fc1cedc0a6e85361c2607","name":"Pablo Villac\u00eds","image":{"@type":"ImageObject","inLanguage":"es","@id":"https:\/\/www.participacionciudadana.org\/web\/#\/schema\/person\/image\/","url":"https:\/\/secure.gravatar.com\/avatar\/49c3bffa4759b83bd4c3be4b3bfa8fedf40d73773a24bc67c7fdd8dd7db3701d?s=96&d=mm&r=g","contentUrl":"https:\/\/secure.gravatar.com\/avatar\/49c3bffa4759b83bd4c3be4b3bfa8fedf40d73773a24bc67c7fdd8dd7db3701d?s=96&d=mm&r=g","caption":"Pablo Villac\u00eds"},"url":"https:\/\/www.participacionciudadana.org\/web\/author\/pablo-villacis\/"}]}},"_links":{"self":[{"href":"https:\/\/www.participacionciudadana.org\/web\/wp-json\/wp\/v2\/posts\/7912","targetHints":{"allow":["GET"]}}],"collection":[{"href":"https:\/\/www.participacionciudadana.org\/web\/wp-json\/wp\/v2\/posts"}],"about":[{"href":"https:\/\/www.participacionciudadana.org\/web\/wp-json\/wp\/v2\/types\/post"}],"author":[{"embeddable":true,"href":"https:\/\/www.participacionciudadana.org\/web\/wp-json\/wp\/v2\/users\/5"}],"replies":[{"embeddable":true,"href":"https:\/\/www.participacionciudadana.org\/web\/wp-json\/wp\/v2\/comments?post=7912"}],"version-history":[{"count":1,"href":"https:\/\/www.participacionciudadana.org\/web\/wp-json\/wp\/v2\/posts\/7912\/revisions"}],"predecessor-version":[{"id":7913,"href":"https:\/\/www.participacionciudadana.org\/web\/wp-json\/wp\/v2\/posts\/7912\/revisions\/7913"}],"wp:featuredmedia":[{"embeddable":true,"href":"https:\/\/www.participacionciudadana.org\/web\/wp-json\/wp\/v2\/media\/7914"}],"wp:attachment":[{"href":"https:\/\/www.participacionciudadana.org\/web\/wp-json\/wp\/v2\/media?parent=7912"}],"wp:term":[{"taxonomy":"category","embeddable":true,"href":"https:\/\/www.participacionciudadana.org\/web\/wp-json\/wp\/v2\/categories?post=7912"},{"taxonomy":"post_tag","embeddable":true,"href":"https:\/\/www.participacionciudadana.org\/web\/wp-json\/wp\/v2\/tags?post=7912"}],"curies":[{"name":"wp","href":"https:\/\/api.w.org\/{rel}","templated":true}]}}