{"id":7922,"date":"2026-03-30T15:34:34","date_gmt":"2026-03-30T20:34:34","guid":{"rendered":"https:\/\/www.participacionciudadana.org\/web\/?p=7922"},"modified":"2026-03-30T15:42:39","modified_gmt":"2026-03-30T20:42:39","slug":"pc-sobre-el-cambio-del-calendario-electoral","status":"publish","type":"post","link":"https:\/\/www.participacionciudadana.org\/web\/2026\/03\/30\/pc-sobre-el-cambio-del-calendario-electoral\/","title":{"rendered":"PC SOBRE EL CAMBIO DEL CALENDARIO ELECTORAL"},"content":{"rendered":"\n<p>La Corporaci\u00f3n Participaci\u00f3n Ciudadana expresa su preocupaci\u00f3n ante la decisi\u00f3n del CNE de adelantar los comicios seccionales para el 29 de noviembre de 2026. Si bien esta decisi\u00f3n est\u00e1 dentro de las competencias del CNE, a<strong>fecta varios principios democr\u00e1ticos<\/strong>:<\/p>\n\n\n\n<p><strong>Vulnera el principio de equidad, al haber varias tiendas pol\u00edticas que est\u00e1n en proceso de organizaci\u00f3n interna de cara a una elecci\u00f3n prevista para febrero de 2027. Adem\u00e1s, vulnera los principios de seguridad y certeza jur\u00eddica, al haber modificado una fecha que ya fue aprobada y socializada con anterioridad.<\/strong><\/p>\n\n\n\n<p>Adicionalmente, coloca innecesariamente en entredicho a la instituci\u00f3n electoral. El CNE debe demostrar su imparcialidad y su independencia en la toma de decisiones; las mismas que deben ser estrictamente t\u00e9cnicas, oportunas y no coyunturales. Cuando estas decisiones afectan a los actores en contienda electoral, se erosiona la confianza en los \u00e1rbitros democr\u00e1ticos.<\/p>\n\n\n\n<p>Participaci\u00f3n Ciudadana recalca la necesidad de que en Democracia, se fortalezca la autonom\u00eda e independencia de los \u00f3rganos de control, para que los procesos electorales gocen de legitimidad.<\/p>\n\n\n\n<p><\/p>\n","protected":false},"excerpt":{"rendered":"<p>La Corporaci\u00f3n Participaci\u00f3n Ciudadana expresa su preocupaci\u00f3n ante la decisi\u00f3n del CNE de adelantar los comicios seccionales para el 29 de noviembre de 2026. Si bien esta decisi\u00f3n est\u00e1 dentro de las competencias del CNE, afecta varios principios democr\u00e1ticos: Vulnera el principio de equidad, al haber varias tiendas pol\u00edticas que est\u00e1n en proceso de organizaci\u00f3n [&hellip;]<\/p>\n","protected":false},"author":5,"featured_media":7924,"comment_status":"open","ping_status":"open","sticky":false,"template":"","format":"standard","meta":{"site-sidebar-layout":"default","site-content-layout":"","ast-site-content-layout":"default","site-content-style":"default","site-sidebar-style":"default","ast-global-header-display":"","ast-banner-title-visibility":"","ast-main-header-display":"","ast-hfb-above-header-display":"","ast-hfb-below-header-display":"","ast-hfb-mobile-header-display":"","site-post-title":"","ast-breadcrumbs-content":"","ast-featured-img":"","footer-sml-layout":"","ast-disable-related-posts":"","theme-transparent-header-meta":"","adv-header-id-meta":"","stick-header-meta":"","header-above-stick-meta":"","header-main-stick-meta":"","header-below-stick-meta":"","astra-migrate-meta-layouts":"set","ast-page-background-enabled":"default","ast-page-background-meta":{"desktop":{"background-color":"","background-image":"","background-repeat":"repeat","background-position":"center center","background-size":"auto","background-attachment":"scroll","background-type":"","background-media":"","overlay-type":"","overlay-color":"","overlay-opacity":"","overlay-gradient":""},"tablet":{"background-color":"","background-image":"","background-repeat":"repeat","background-position":"center center","background-size":"auto","background-attachment":"scroll","background-type":"","background-media":"","overlay-type":"","overlay-color":"","overlay-opacity":"","overlay-gradient":""},"mobile":{"background-color":"","background-image":"","background-repeat":"repeat","background-position":"center center","background-size":"auto","background-attachment":"scroll","background-type":"","background-media":"","overlay-type":"","overlay-color":"","overlay-opacity":"","overlay-gradient":""}},"ast-content-background-meta":{"desktop":{"background-color":"var(--ast-global-color-5)","background-image":"","background-repeat":"repeat","background-position":"center center","background-size":"auto","background-attachment":"scroll","background-type":"","background-media":"","overlay-type":"","overlay-color":"","overlay-opacity":"","overlay-gradient":""},"tablet":{"background-color":"var(--ast-global-color-5)","background-image":"","background-repeat":"repeat","background-position":"center center","background-size":"auto","background-attachment":"scroll","background-type":"","background-media":"","overlay-type":"","overlay-color":"","overlay-opacity":"","overlay-gradient":""},"mobile":{"background-color":"var(--ast-global-color-5)","background-image":"","background-repeat":"repeat","background-position":"center center","background-size":"auto","background-attachment":"scroll","background-type":"","background-media":"","overlay-type":"","overlay-color":"","overlay-opacity":"","overlay-gradient":""}},"_joinchat":[],"footnotes":""},"categories":[77,1],"tags":[],"class_list":["post-7922","post","type-post","status-publish","format-standard","has-post-thumbnail","hentry","category-comunicados","category-sin-categoria"],"yoast_head":"<!-- This site is optimized with the Yoast SEO plugin v26.5 - https:\/\/yoast.com\/wordpress\/plugins\/seo\/ -->\n<title>PC SOBRE EL CAMBIO DEL CALENDARIO ELECTORAL - Participaci\u00f3n Ciudadana<\/title>\n<meta name=\"robots\" content=\"index, follow, max-snippet:-1, max-image-preview:large, max-video-preview:-1\" \/>\n<link rel=\"canonical\" href=\"https:\/\/www.participacionciudadana.org\/web\/2026\/03\/30\/pc-sobre-el-cambio-del-calendario-electoral\/\" \/>\n<meta property=\"og:locale\" content=\"es_ES\" \/>\n<meta property=\"og:type\" content=\"article\" \/>\n<meta property=\"og:title\" content=\"PC SOBRE EL CAMBIO DEL CALENDARIO ELECTORAL - Participaci\u00f3n Ciudadana\" \/>\n<meta property=\"og:description\" content=\"La Corporaci\u00f3n Participaci\u00f3n Ciudadana expresa su preocupaci\u00f3n ante la decisi\u00f3n del CNE de adelantar los comicios seccionales para el 29 de noviembre de 2026. Si bien esta decisi\u00f3n est\u00e1 dentro de las competencias del CNE, afecta varios principios democr\u00e1ticos: Vulnera el principio de equidad, al haber varias tiendas pol\u00edticas que est\u00e1n en proceso de organizaci\u00f3n [&hellip;]\" \/>\n<meta property=\"og:url\" content=\"https:\/\/www.participacionciudadana.org\/web\/2026\/03\/30\/pc-sobre-el-cambio-del-calendario-electoral\/\" \/>\n<meta property=\"og:site_name\" content=\"Participaci\u00f3n Ciudadana\" \/>\n<meta property=\"article:publisher\" content=\"https:\/\/www.facebook.com\/ParticipacionPC\/\" \/>\n<meta property=\"article:published_time\" content=\"2026-03-30T20:34:34+00:00\" \/>\n<meta property=\"article:modified_time\" content=\"2026-03-30T20:42:39+00:00\" \/>\n<meta property=\"og:image\" content=\"https:\/\/www.participacionciudadana.org\/web\/wp-content\/uploads\/2026\/03\/photo_5068980653000428432_y.jpg\" \/>\n\t<meta property=\"og:image:width\" content=\"943\" \/>\n\t<meta property=\"og:image:height\" content=\"1157\" \/>\n\t<meta property=\"og:image:type\" content=\"image\/jpeg\" \/>\n<meta name=\"author\" content=\"Pablo Villac\u00eds\" \/>\n<meta name=\"twitter:card\" content=\"summary_large_image\" \/>\n<meta name=\"twitter:creator\" content=\"@ParticipacionPC\" \/>\n<meta name=\"twitter:site\" content=\"@ParticipacionPC\" \/>\n<meta name=\"twitter:label1\" content=\"Escrito por\" \/>\n\t<meta name=\"twitter:data1\" content=\"Pablo Villac\u00eds\" \/>\n\t<meta name=\"twitter:label2\" content=\"Tiempo de lectura\" \/>\n\t<meta name=\"twitter:data2\" content=\"1 minuto\" \/>\n<script type=\"application\/ld+json\" class=\"yoast-schema-graph\">{\"@context\":\"https:\/\/schema.org\",\"@graph\":[{\"@type\":\"Article\",\"@id\":\"https:\/\/www.participacionciudadana.org\/web\/2026\/03\/30\/pc-sobre-el-cambio-del-calendario-electoral\/#article\",\"isPartOf\":{\"@id\":\"https:\/\/www.participacionciudadana.org\/web\/2026\/03\/30\/pc-sobre-el-cambio-del-calendario-electoral\/\"},\"author\":{\"name\":\"Pablo Villac\u00eds\",\"@id\":\"https:\/\/www.participacionciudadana.org\/web\/#\/schema\/person\/92da277b9a5fc1cedc0a6e85361c2607\"},\"headline\":\"PC SOBRE EL CAMBIO DEL CALENDARIO ELECTORAL\",\"datePublished\":\"2026-03-30T20:34:34+00:00\",\"dateModified\":\"2026-03-30T20:42:39+00:00\",\"mainEntityOfPage\":{\"@id\":\"https:\/\/www.participacionciudadana.org\/web\/2026\/03\/30\/pc-sobre-el-cambio-del-calendario-electoral\/\"},\"wordCount\":189,\"commentCount\":0,\"publisher\":{\"@id\":\"https:\/\/www.participacionciudadana.org\/web\/#organization\"},\"image\":{\"@id\":\"https:\/\/www.participacionciudadana.org\/web\/2026\/03\/30\/pc-sobre-el-cambio-del-calendario-electoral\/#primaryimage\"},\"thumbnailUrl\":\"https:\/\/www.participacionciudadana.org\/web\/wp-content\/uploads\/2026\/03\/photo_5068980653000428432_y.jpg\",\"articleSection\":[\"Comunicados\"],\"inLanguage\":\"es\",\"potentialAction\":[{\"@type\":\"CommentAction\",\"name\":\"Comment\",\"target\":[\"https:\/\/www.participacionciudadana.org\/web\/2026\/03\/30\/pc-sobre-el-cambio-del-calendario-electoral\/#respond\"]}]},{\"@type\":\"WebPage\",\"@id\":\"https:\/\/www.participacionciudadana.org\/web\/2026\/03\/30\/pc-sobre-el-cambio-del-calendario-electoral\/\",\"url\":\"https:\/\/www.participacionciudadana.org\/web\/2026\/03\/30\/pc-sobre-el-cambio-del-calendario-electoral\/\",\"name\":\"PC SOBRE EL CAMBIO DEL CALENDARIO ELECTORAL - Participaci\u00f3n Ciudadana\",\"isPartOf\":{\"@id\":\"https:\/\/www.participacionciudadana.org\/web\/#website\"},\"primaryImageOfPage\":{\"@id\":\"https:\/\/www.participacionciudadana.org\/web\/2026\/03\/30\/pc-sobre-el-cambio-del-calendario-electoral\/#primaryimage\"},\"image\":{\"@id\":\"https:\/\/www.participacionciudadana.org\/web\/2026\/03\/30\/pc-sobre-el-cambio-del-calendario-electoral\/#primaryimage\"},\"thumbnailUrl\":\"https:\/\/www.participacionciudadana.org\/web\/wp-content\/uploads\/2026\/03\/photo_5068980653000428432_y.jpg\",\"datePublished\":\"2026-03-30T20:34:34+00:00\",\"dateModified\":\"2026-03-30T20:42:39+00:00\",\"breadcrumb\":{\"@id\":\"https:\/\/www.participacionciudadana.org\/web\/2026\/03\/30\/pc-sobre-el-cambio-del-calendario-electoral\/#breadcrumb\"},\"inLanguage\":\"es\",\"potentialAction\":[{\"@type\":\"ReadAction\",\"target\":[\"https:\/\/www.participacionciudadana.org\/web\/2026\/03\/30\/pc-sobre-el-cambio-del-calendario-electoral\/\"]}]},{\"@type\":\"ImageObject\",\"inLanguage\":\"es\",\"@id\":\"https:\/\/www.participacionciudadana.org\/web\/2026\/03\/30\/pc-sobre-el-cambio-del-calendario-electoral\/#primaryimage\",\"url\":\"https:\/\/www.participacionciudadana.org\/web\/wp-content\/uploads\/2026\/03\/photo_5068980653000428432_y.jpg\",\"contentUrl\":\"https:\/\/www.participacionciudadana.org\/web\/wp-content\/uploads\/2026\/03\/photo_5068980653000428432_y.jpg\",\"width\":943,\"height\":1157},{\"@type\":\"BreadcrumbList\",\"@id\":\"https:\/\/www.participacionciudadana.org\/web\/2026\/03\/30\/pc-sobre-el-cambio-del-calendario-electoral\/#breadcrumb\",\"itemListElement\":[{\"@type\":\"ListItem\",\"position\":1,\"name\":\"Portada\",\"item\":\"https:\/\/www.participacionciudadana.org\/web\/\"},{\"@type\":\"ListItem\",\"position\":2,\"name\":\"PC SOBRE EL CAMBIO DEL CALENDARIO ELECTORAL\"}]},{\"@type\":\"WebSite\",\"@id\":\"https:\/\/www.participacionciudadana.org\/web\/#website\",\"url\":\"https:\/\/www.participacionciudadana.org\/web\/\",\"name\":\"Participaci\u00f3n Ciudadana\",\"description\":\"Comprometidos con la democracia\",\"publisher\":{\"@id\":\"https:\/\/www.participacionciudadana.org\/web\/#organization\"},\"potentialAction\":[{\"@type\":\"SearchAction\",\"target\":{\"@type\":\"EntryPoint\",\"urlTemplate\":\"https:\/\/www.participacionciudadana.org\/web\/?s={search_term_string}\"},\"query-input\":{\"@type\":\"PropertyValueSpecification\",\"valueRequired\":true,\"valueName\":\"search_term_string\"}}],\"inLanguage\":\"es\"},{\"@type\":\"Organization\",\"@id\":\"https:\/\/www.participacionciudadana.org\/web\/#organization\",\"name\":\"Participaci\u00f3n Ciudadana\",\"url\":\"https:\/\/www.participacionciudadana.org\/web\/\",\"logo\":{\"@type\":\"ImageObject\",\"inLanguage\":\"es\",\"@id\":\"https:\/\/www.participacionciudadana.org\/web\/#\/schema\/logo\/image\/\",\"url\":\"https:\/\/www.participacionciudadana.org\/web\/wp-content\/uploads\/2021\/11\/cropped-logo_pc-1.png\",\"contentUrl\":\"https:\/\/www.participacionciudadana.org\/web\/wp-content\/uploads\/2021\/11\/cropped-logo_pc-1.png\",\"width\":340,\"height\":114,\"caption\":\"Participaci\u00f3n Ciudadana\"},\"image\":{\"@id\":\"https:\/\/www.participacionciudadana.org\/web\/#\/schema\/logo\/image\/\"},\"sameAs\":[\"https:\/\/www.facebook.com\/ParticipacionPC\/\",\"https:\/\/x.com\/ParticipacionPC\"]},{\"@type\":\"Person\",\"@id\":\"https:\/\/www.participacionciudadana.org\/web\/#\/schema\/person\/92da277b9a5fc1cedc0a6e85361c2607\",\"name\":\"Pablo Villac\u00eds\",\"image\":{\"@type\":\"ImageObject\",\"inLanguage\":\"es\",\"@id\":\"https:\/\/www.participacionciudadana.org\/web\/#\/schema\/person\/image\/\",\"url\":\"https:\/\/secure.gravatar.com\/avatar\/49c3bffa4759b83bd4c3be4b3bfa8fedf40d73773a24bc67c7fdd8dd7db3701d?s=96&d=mm&r=g\",\"contentUrl\":\"https:\/\/secure.gravatar.com\/avatar\/49c3bffa4759b83bd4c3be4b3bfa8fedf40d73773a24bc67c7fdd8dd7db3701d?s=96&d=mm&r=g\",\"caption\":\"Pablo Villac\u00eds\"},\"url\":\"https:\/\/www.participacionciudadana.org\/web\/author\/pablo-villacis\/\"}]}<\/script>\n<!-- \/ Yoast SEO plugin. -->","yoast_head_json":{"title":"PC SOBRE EL CAMBIO DEL CALENDARIO ELECTORAL - Participaci\u00f3n Ciudadana","robots":{"index":"index","follow":"follow","max-snippet":"max-snippet:-1","max-image-preview":"max-image-preview:large","max-video-preview":"max-video-preview:-1"},"canonical":"https:\/\/www.participacionciudadana.org\/web\/2026\/03\/30\/pc-sobre-el-cambio-del-calendario-electoral\/","og_locale":"es_ES","og_type":"article","og_title":"PC SOBRE EL CAMBIO DEL CALENDARIO ELECTORAL - Participaci\u00f3n Ciudadana","og_description":"La Corporaci\u00f3n Participaci\u00f3n Ciudadana expresa su preocupaci\u00f3n ante la decisi\u00f3n del CNE de adelantar los comicios seccionales para el 29 de noviembre de 2026. Si bien esta decisi\u00f3n est\u00e1 dentro de las competencias del CNE, afecta varios principios democr\u00e1ticos: Vulnera el principio de equidad, al haber varias tiendas pol\u00edticas que est\u00e1n en proceso de organizaci\u00f3n [&hellip;]","og_url":"https:\/\/www.participacionciudadana.org\/web\/2026\/03\/30\/pc-sobre-el-cambio-del-calendario-electoral\/","og_site_name":"Participaci\u00f3n Ciudadana","article_publisher":"https:\/\/www.facebook.com\/ParticipacionPC\/","article_published_time":"2026-03-30T20:34:34+00:00","article_modified_time":"2026-03-30T20:42:39+00:00","og_image":[{"width":943,"height":1157,"url":"https:\/\/www.participacionciudadana.org\/web\/wp-content\/uploads\/2026\/03\/photo_5068980653000428432_y.jpg","type":"image\/jpeg"}],"author":"Pablo Villac\u00eds","twitter_card":"summary_large_image","twitter_creator":"@ParticipacionPC","twitter_site":"@ParticipacionPC","twitter_misc":{"Escrito por":"Pablo Villac\u00eds","Tiempo de lectura":"1 minuto"},"schema":{"@context":"https:\/\/schema.org","@graph":[{"@type":"Article","@id":"https:\/\/www.participacionciudadana.org\/web\/2026\/03\/30\/pc-sobre-el-cambio-del-calendario-electoral\/#article","isPartOf":{"@id":"https:\/\/www.participacionciudadana.org\/web\/2026\/03\/30\/pc-sobre-el-cambio-del-calendario-electoral\/"},"author":{"name":"Pablo Villac\u00eds","@id":"https:\/\/www.participacionciudadana.org\/web\/#\/schema\/person\/92da277b9a5fc1cedc0a6e85361c2607"},"headline":"PC SOBRE EL CAMBIO DEL CALENDARIO ELECTORAL","datePublished":"2026-03-30T20:34:34+00:00","dateModified":"2026-03-30T20:42:39+00:00","mainEntityOfPage":{"@id":"https:\/\/www.participacionciudadana.org\/web\/2026\/03\/30\/pc-sobre-el-cambio-del-calendario-electoral\/"},"wordCount":189,"commentCount":0,"publisher":{"@id":"https:\/\/www.participacionciudadana.org\/web\/#organization"},"image":{"@id":"https:\/\/www.participacionciudadana.org\/web\/2026\/03\/30\/pc-sobre-el-cambio-del-calendario-electoral\/#primaryimage"},"thumbnailUrl":"https:\/\/www.participacionciudadana.org\/web\/wp-content\/uploads\/2026\/03\/photo_5068980653000428432_y.jpg","articleSection":["Comunicados"],"inLanguage":"es","potentialAction":[{"@type":"CommentAction","name":"Comment","target":["https:\/\/www.participacionciudadana.org\/web\/2026\/03\/30\/pc-sobre-el-cambio-del-calendario-electoral\/#respond"]}]},{"@type":"WebPage","@id":"https:\/\/www.participacionciudadana.org\/web\/2026\/03\/30\/pc-sobre-el-cambio-del-calendario-electoral\/","url":"https:\/\/www.participacionciudadana.org\/web\/2026\/03\/30\/pc-sobre-el-cambio-del-calendario-electoral\/","name":"PC SOBRE EL CAMBIO DEL CALENDARIO ELECTORAL - Participaci\u00f3n Ciudadana","isPartOf":{"@id":"https:\/\/www.participacionciudadana.org\/web\/#website"},"primaryImageOfPage":{"@id":"https:\/\/www.participacionciudadana.org\/web\/2026\/03\/30\/pc-sobre-el-cambio-del-calendario-electoral\/#primaryimage"},"image":{"@id":"https:\/\/www.participacionciudadana.org\/web\/2026\/03\/30\/pc-sobre-el-cambio-del-calendario-electoral\/#primaryimage"},"thumbnailUrl":"https:\/\/www.participacionciudadana.org\/web\/wp-content\/uploads\/2026\/03\/photo_5068980653000428432_y.jpg","datePublished":"2026-03-30T20:34:34+00:00","dateModified":"2026-03-30T20:42:39+00:00","breadcrumb":{"@id":"https:\/\/www.participacionciudadana.org\/web\/2026\/03\/30\/pc-sobre-el-cambio-del-calendario-electoral\/#breadcrumb"},"inLanguage":"es","potentialAction":[{"@type":"ReadAction","target":["https:\/\/www.participacionciudadana.org\/web\/2026\/03\/30\/pc-sobre-el-cambio-del-calendario-electoral\/"]}]},{"@type":"ImageObject","inLanguage":"es","@id":"https:\/\/www.participacionciudadana.org\/web\/2026\/03\/30\/pc-sobre-el-cambio-del-calendario-electoral\/#primaryimage","url":"https:\/\/www.participacionciudadana.org\/web\/wp-content\/uploads\/2026\/03\/photo_5068980653000428432_y.jpg","contentUrl":"https:\/\/www.participacionciudadana.org\/web\/wp-content\/uploads\/2026\/03\/photo_5068980653000428432_y.jpg","width":943,"height":1157},{"@type":"BreadcrumbList","@id":"https:\/\/www.participacionciudadana.org\/web\/2026\/03\/30\/pc-sobre-el-cambio-del-calendario-electoral\/#breadcrumb","itemListElement":[{"@type":"ListItem","position":1,"name":"Portada","item":"https:\/\/www.participacionciudadana.org\/web\/"},{"@type":"ListItem","position":2,"name":"PC SOBRE EL CAMBIO DEL CALENDARIO ELECTORAL"}]},{"@type":"WebSite","@id":"https:\/\/www.participacionciudadana.org\/web\/#website","url":"https:\/\/www.participacionciudadana.org\/web\/","name":"Participaci\u00f3n Ciudadana","description":"Comprometidos con la democracia","publisher":{"@id":"https:\/\/www.participacionciudadana.org\/web\/#organization"},"potentialAction":[{"@type":"SearchAction","target":{"@type":"EntryPoint","urlTemplate":"https:\/\/www.participacionciudadana.org\/web\/?s={search_term_string}"},"query-input":{"@type":"PropertyValueSpecification","valueRequired":true,"valueName":"search_term_string"}}],"inLanguage":"es"},{"@type":"Organization","@id":"https:\/\/www.participacionciudadana.org\/web\/#organization","name":"Participaci\u00f3n Ciudadana","url":"https:\/\/www.participacionciudadana.org\/web\/","logo":{"@type":"ImageObject","inLanguage":"es","@id":"https:\/\/www.participacionciudadana.org\/web\/#\/schema\/logo\/image\/","url":"https:\/\/www.participacionciudadana.org\/web\/wp-content\/uploads\/2021\/11\/cropped-logo_pc-1.png","contentUrl":"https:\/\/www.participacionciudadana.org\/web\/wp-content\/uploads\/2021\/11\/cropped-logo_pc-1.png","width":340,"height":114,"caption":"Participaci\u00f3n Ciudadana"},"image":{"@id":"https:\/\/www.participacionciudadana.org\/web\/#\/schema\/logo\/image\/"},"sameAs":["https:\/\/www.facebook.com\/ParticipacionPC\/","https:\/\/x.com\/ParticipacionPC"]},{"@type":"Person","@id":"https:\/\/www.participacionciudadana.org\/web\/#\/schema\/person\/92da277b9a5fc1cedc0a6e85361c2607","name":"Pablo Villac\u00eds","image":{"@type":"ImageObject","inLanguage":"es","@id":"https:\/\/www.participacionciudadana.org\/web\/#\/schema\/person\/image\/","url":"https:\/\/secure.gravatar.com\/avatar\/49c3bffa4759b83bd4c3be4b3bfa8fedf40d73773a24bc67c7fdd8dd7db3701d?s=96&d=mm&r=g","contentUrl":"https:\/\/secure.gravatar.com\/avatar\/49c3bffa4759b83bd4c3be4b3bfa8fedf40d73773a24bc67c7fdd8dd7db3701d?s=96&d=mm&r=g","caption":"Pablo Villac\u00eds"},"url":"https:\/\/www.participacionciudadana.org\/web\/author\/pablo-villacis\/"}]}},"_links":{"self":[{"href":"https:\/\/www.participacionciudadana.org\/web\/wp-json\/wp\/v2\/posts\/7922","targetHints":{"allow":["GET"]}}],"collection":[{"href":"https:\/\/www.participacionciudadana.org\/web\/wp-json\/wp\/v2\/posts"}],"about":[{"href":"https:\/\/www.participacionciudadana.org\/web\/wp-json\/wp\/v2\/types\/post"}],"author":[{"embeddable":true,"href":"https:\/\/www.participacionciudadana.org\/web\/wp-json\/wp\/v2\/users\/5"}],"replies":[{"embeddable":true,"href":"https:\/\/www.participacionciudadana.org\/web\/wp-json\/wp\/v2\/comments?post=7922"}],"version-history":[{"count":2,"href":"https:\/\/www.participacionciudadana.org\/web\/wp-json\/wp\/v2\/posts\/7922\/revisions"}],"predecessor-version":[{"id":7926,"href":"https:\/\/www.participacionciudadana.org\/web\/wp-json\/wp\/v2\/posts\/7922\/revisions\/7926"}],"wp:featuredmedia":[{"embeddable":true,"href":"https:\/\/www.participacionciudadana.org\/web\/wp-json\/wp\/v2\/media\/7924"}],"wp:attachment":[{"href":"https:\/\/www.participacionciudadana.org\/web\/wp-json\/wp\/v2\/media?parent=7922"}],"wp:term":[{"taxonomy":"category","embeddable":true,"href":"https:\/\/www.participacionciudadana.org\/web\/wp-json\/wp\/v2\/categories?post=7922"},{"taxonomy":"post_tag","embeddable":true,"href":"https:\/\/www.participacionciudadana.org\/web\/wp-json\/wp\/v2\/tags?post=7922"}],"curies":[{"name":"wp","href":"https:\/\/api.w.org\/{rel}","templated":true}]}}