{"id":8032,"date":"2026-08-27T11:56:54","date_gmt":"2026-08-27T16:56:54","guid":{"rendered":"https:\/\/www.participacionciudadana.org\/web\/?p=8032"},"modified":"2026-08-27T11:57:49","modified_gmt":"2026-08-27T16:57:49","slug":"reportaje-de-vistazo-sobre-la-crisis-de-los-partidos-politicos","status":"publish","type":"post","link":"https:\/\/www.participacionciudadana.org\/web\/2026\/08\/27\/reportaje-de-vistazo-sobre-la-crisis-de-los-partidos-politicos\/","title":{"rendered":"Reportaje de Vistazo sobre la crisis de los partidos pol\u00edticos"},"content":{"rendered":"\n<p class=\"wp-block-paragraph\">Nuestra directora ejecutiva de la Corporaci\u00f3n Participaci\u00f3n Ciudadana, Ruth Hidalgo, dialog\u00f3 con la revista Vistazo, sobre la realidad de partidos pol\u00edticos en Ecuador, en el contexto del estudio que realizamos del \u201cMapa Electoral 2025\u201d, que revel\u00f3 que 233 partidos pol\u00edticos en Ecuador no cumplen los requisitos m\u00ednimos y solo aparecen en \u00e9poca electoral.&nbsp;<\/p>\n\n\n\n<p class=\"wp-block-paragraph\">Te invitamos a leer este extenso art\u00edculo titulado &#8220;Tras la pista de partidos y grupos pol\u00edticos fantasmas&#8221; que se puede\u00a0encontrar en la edici\u00f3n impresa de Vistazo del 20 de agosto de 2026.\u00a0<\/p>\n\n\n\n<div data-wp-interactive=\"core\/file\" class=\"wp-block-file\"><object data-wp-bind--hidden=\"!state.hasPdfPreview\" hidden class=\"wp-block-file__embed\" data=\"https:\/\/www.participacionciudadana.org\/web\/wp-content\/uploads\/2026\/08\/Articulo-vistazo.pdf\" type=\"application\/pdf\" style=\"width:100%;height:600px\" aria-label=\"Incrustado de Articulo vistazo.\"><\/object><a id=\"wp-block-file--media-5519faee-7114-4210-b306-138eca77bc79\" href=\"https:\/\/www.participacionciudadana.org\/web\/wp-content\/uploads\/2026\/08\/Articulo-vistazo.pdf\">Articulo vistazo<\/a><a href=\"https:\/\/www.participacionciudadana.org\/web\/wp-content\/uploads\/2026\/08\/Articulo-vistazo.pdf\" class=\"wp-block-file__button wp-element-button\" download aria-describedby=\"wp-block-file--media-5519faee-7114-4210-b306-138eca77bc79\">Descarga<\/a><\/div>\n\n\n\n<p class=\"wp-block-paragraph\"><\/p>\n","protected":false},"excerpt":{"rendered":"<p>Nuestra directora ejecutiva de la Corporaci\u00f3n Participaci\u00f3n Ciudadana, Ruth Hidalgo, dialog\u00f3 con la revista Vistazo, sobre la realidad de partidos pol\u00edticos en Ecuador, en el contexto del estudio que realizamos del \u201cMapa Electoral 2025\u201d, que revel\u00f3 que 233 partidos pol\u00edticos en Ecuador no cumplen los requisitos m\u00ednimos y solo aparecen en \u00e9poca electoral.&nbsp; Te invitamos [&hellip;]<\/p>\n","protected":false},"author":5,"featured_media":8035,"comment_status":"open","ping_status":"open","sticky":false,"template":"","format":"standard","meta":{"site-sidebar-layout":"default","site-content-layout":"","ast-site-content-layout":"default","site-content-style":"default","site-sidebar-style":"default","ast-global-header-display":"","ast-banner-title-visibility":"","ast-main-header-display":"","ast-hfb-above-header-display":"","ast-hfb-below-header-display":"","ast-hfb-mobile-header-display":"","site-post-title":"","ast-breadcrumbs-content":"","ast-featured-img":"","footer-sml-layout":"","ast-disable-related-posts":"","theme-transparent-header-meta":"","adv-header-id-meta":"","stick-header-meta":"","header-above-stick-meta":"","header-main-stick-meta":"","header-below-stick-meta":"","astra-migrate-meta-layouts":"default","ast-page-background-enabled":"default","ast-page-background-meta":{"desktop":{"background-color":"","background-image":"","background-repeat":"repeat","background-position":"center center","background-size":"auto","background-attachment":"scroll","background-type":"","background-media":"","overlay-type":"","overlay-color":"","overlay-opacity":"","overlay-gradient":""},"tablet":{"background-color":"","background-image":"","background-repeat":"repeat","background-position":"center center","background-size":"auto","background-attachment":"scroll","background-type":"","background-media":"","overlay-type":"","overlay-color":"","overlay-opacity":"","overlay-gradient":""},"mobile":{"background-color":"","background-image":"","background-repeat":"repeat","background-position":"center center","background-size":"auto","background-attachment":"scroll","background-type":"","background-media":"","overlay-type":"","overlay-color":"","overlay-opacity":"","overlay-gradient":""}},"ast-content-background-meta":{"desktop":{"background-color":"var(--ast-global-color-5)","background-image":"","background-repeat":"repeat","background-position":"center center","background-size":"auto","background-attachment":"scroll","background-type":"","background-media":"","overlay-type":"","overlay-color":"","overlay-opacity":"","overlay-gradient":""},"tablet":{"background-color":"var(--ast-global-color-5)","background-image":"","background-repeat":"repeat","background-position":"center center","background-size":"auto","background-attachment":"scroll","background-type":"","background-media":"","overlay-type":"","overlay-color":"","overlay-opacity":"","overlay-gradient":""},"mobile":{"background-color":"var(--ast-global-color-5)","background-image":"","background-repeat":"repeat","background-position":"center center","background-size":"auto","background-attachment":"scroll","background-type":"","background-media":"","overlay-type":"","overlay-color":"","overlay-opacity":"","overlay-gradient":""}},"_joinchat":[],"footnotes":""},"categories":[17,1],"tags":[],"class_list":["post-8032","post","type-post","status-publish","format-standard","has-post-thumbnail","hentry","category-medios","category-sin-categoria"],"yoast_head":"<!-- This site is optimized with the Yoast SEO plugin v26.5 - https:\/\/yoast.com\/wordpress\/plugins\/seo\/ -->\n<title>Reportaje de Vistazo sobre la crisis de los partidos pol\u00edticos - Participaci\u00f3n Ciudadana<\/title>\n<meta name=\"robots\" content=\"index, follow, max-snippet:-1, max-image-preview:large, max-video-preview:-1\" \/>\n<link rel=\"canonical\" href=\"https:\/\/www.participacionciudadana.org\/web\/2026\/08\/27\/reportaje-de-vistazo-sobre-la-crisis-de-los-partidos-politicos\/\" \/>\n<meta property=\"og:locale\" content=\"es_ES\" \/>\n<meta property=\"og:type\" content=\"article\" \/>\n<meta property=\"og:title\" content=\"Reportaje de Vistazo sobre la crisis de los partidos pol\u00edticos - Participaci\u00f3n Ciudadana\" \/>\n<meta property=\"og:description\" content=\"Nuestra directora ejecutiva de la Corporaci\u00f3n Participaci\u00f3n Ciudadana, Ruth Hidalgo, dialog\u00f3 con la revista Vistazo, sobre la realidad de partidos pol\u00edticos en Ecuador, en el contexto del estudio que realizamos del \u201cMapa Electoral 2025\u201d, que revel\u00f3 que 233 partidos pol\u00edticos en Ecuador no cumplen los requisitos m\u00ednimos y solo aparecen en \u00e9poca electoral.&nbsp; Te invitamos [&hellip;]\" \/>\n<meta property=\"og:url\" content=\"https:\/\/www.participacionciudadana.org\/web\/2026\/08\/27\/reportaje-de-vistazo-sobre-la-crisis-de-los-partidos-politicos\/\" \/>\n<meta property=\"og:site_name\" content=\"Participaci\u00f3n Ciudadana\" \/>\n<meta property=\"article:publisher\" content=\"https:\/\/www.facebook.com\/ParticipacionPC\/\" \/>\n<meta property=\"article:published_time\" content=\"2026-08-27T16:56:54+00:00\" \/>\n<meta property=\"article:modified_time\" content=\"2026-08-27T16:57:49+00:00\" \/>\n<meta name=\"author\" content=\"Pablo Villac\u00eds\" \/>\n<meta name=\"twitter:card\" content=\"summary_large_image\" \/>\n<meta name=\"twitter:creator\" content=\"@ParticipacionPC\" \/>\n<meta name=\"twitter:site\" content=\"@ParticipacionPC\" \/>\n<meta name=\"twitter:label1\" content=\"Escrito por\" \/>\n\t<meta name=\"twitter:data1\" content=\"Pablo Villac\u00eds\" \/>\n<script type=\"application\/ld+json\" class=\"yoast-schema-graph\">{\"@context\":\"https:\/\/schema.org\",\"@graph\":[{\"@type\":\"Article\",\"@id\":\"https:\/\/www.participacionciudadana.org\/web\/2026\/08\/27\/reportaje-de-vistazo-sobre-la-crisis-de-los-partidos-politicos\/#article\",\"isPartOf\":{\"@id\":\"https:\/\/www.participacionciudadana.org\/web\/2026\/08\/27\/reportaje-de-vistazo-sobre-la-crisis-de-los-partidos-politicos\/\"},\"author\":{\"name\":\"Pablo Villac\u00eds\",\"@id\":\"https:\/\/www.participacionciudadana.org\/web\/#\/schema\/person\/92da277b9a5fc1cedc0a6e85361c2607\"},\"headline\":\"Reportaje de Vistazo sobre la crisis de los partidos pol\u00edticos\",\"datePublished\":\"2026-08-27T16:56:54+00:00\",\"dateModified\":\"2026-08-27T16:57:49+00:00\",\"mainEntityOfPage\":{\"@id\":\"https:\/\/www.participacionciudadana.org\/web\/2026\/08\/27\/reportaje-de-vistazo-sobre-la-crisis-de-los-partidos-politicos\/\"},\"wordCount\":105,\"commentCount\":0,\"publisher\":{\"@id\":\"https:\/\/www.participacionciudadana.org\/web\/#organization\"},\"image\":{\"@id\":\"https:\/\/www.participacionciudadana.org\/web\/2026\/08\/27\/reportaje-de-vistazo-sobre-la-crisis-de-los-partidos-politicos\/#primaryimage\"},\"thumbnailUrl\":\"https:\/\/www.participacionciudadana.org\/web\/wp-content\/uploads\/2026\/08\/Captura-de-Pantalla-2026-08-27-a-las-11.58.49.png\",\"articleSection\":[\"PC en los Medios\"],\"inLanguage\":\"es\",\"potentialAction\":[{\"@type\":\"CommentAction\",\"name\":\"Comment\",\"target\":[\"https:\/\/www.participacionciudadana.org\/web\/2026\/08\/27\/reportaje-de-vistazo-sobre-la-crisis-de-los-partidos-politicos\/#respond\"]}]},{\"@type\":\"WebPage\",\"@id\":\"https:\/\/www.participacionciudadana.org\/web\/2026\/08\/27\/reportaje-de-vistazo-sobre-la-crisis-de-los-partidos-politicos\/\",\"url\":\"https:\/\/www.participacionciudadana.org\/web\/2026\/08\/27\/reportaje-de-vistazo-sobre-la-crisis-de-los-partidos-politicos\/\",\"name\":\"Reportaje de Vistazo sobre la crisis de los partidos pol\u00edticos - Participaci\u00f3n Ciudadana\",\"isPartOf\":{\"@id\":\"https:\/\/www.participacionciudadana.org\/web\/#website\"},\"primaryImageOfPage\":{\"@id\":\"https:\/\/www.participacionciudadana.org\/web\/2026\/08\/27\/reportaje-de-vistazo-sobre-la-crisis-de-los-partidos-politicos\/#primaryimage\"},\"image\":{\"@id\":\"https:\/\/www.participacionciudadana.org\/web\/2026\/08\/27\/reportaje-de-vistazo-sobre-la-crisis-de-los-partidos-politicos\/#primaryimage\"},\"thumbnailUrl\":\"https:\/\/www.participacionciudadana.org\/web\/wp-content\/uploads\/2026\/08\/Captura-de-Pantalla-2026-08-27-a-las-11.58.49.png\",\"datePublished\":\"2026-08-27T16:56:54+00:00\",\"dateModified\":\"2026-08-27T16:57:49+00:00\",\"breadcrumb\":{\"@id\":\"https:\/\/www.participacionciudadana.org\/web\/2026\/08\/27\/reportaje-de-vistazo-sobre-la-crisis-de-los-partidos-politicos\/#breadcrumb\"},\"inLanguage\":\"es\",\"potentialAction\":[{\"@type\":\"ReadAction\",\"target\":[\"https:\/\/www.participacionciudadana.org\/web\/2026\/08\/27\/reportaje-de-vistazo-sobre-la-crisis-de-los-partidos-politicos\/\"]}]},{\"@type\":\"ImageObject\",\"inLanguage\":\"es\",\"@id\":\"https:\/\/www.participacionciudadana.org\/web\/2026\/08\/27\/reportaje-de-vistazo-sobre-la-crisis-de-los-partidos-politicos\/#primaryimage\",\"url\":\"https:\/\/www.participacionciudadana.org\/web\/wp-content\/uploads\/2026\/08\/Captura-de-Pantalla-2026-08-27-a-las-11.58.49.png\",\"contentUrl\":\"https:\/\/www.participacionciudadana.org\/web\/wp-content\/uploads\/2026\/08\/Captura-de-Pantalla-2026-08-27-a-las-11.58.49.png\",\"width\":1022,\"height\":696},{\"@type\":\"BreadcrumbList\",\"@id\":\"https:\/\/www.participacionciudadana.org\/web\/2026\/08\/27\/reportaje-de-vistazo-sobre-la-crisis-de-los-partidos-politicos\/#breadcrumb\",\"itemListElement\":[{\"@type\":\"ListItem\",\"position\":1,\"name\":\"Portada\",\"item\":\"https:\/\/www.participacionciudadana.org\/web\/\"},{\"@type\":\"ListItem\",\"position\":2,\"name\":\"Reportaje de Vistazo sobre la crisis de los partidos pol\u00edticos\"}]},{\"@type\":\"WebSite\",\"@id\":\"https:\/\/www.participacionciudadana.org\/web\/#website\",\"url\":\"https:\/\/www.participacionciudadana.org\/web\/\",\"name\":\"Participaci\u00f3n Ciudadana\",\"description\":\"Comprometidos con la democracia\",\"publisher\":{\"@id\":\"https:\/\/www.participacionciudadana.org\/web\/#organization\"},\"potentialAction\":[{\"@type\":\"SearchAction\",\"target\":{\"@type\":\"EntryPoint\",\"urlTemplate\":\"https:\/\/www.participacionciudadana.org\/web\/?s={search_term_string}\"},\"query-input\":{\"@type\":\"PropertyValueSpecification\",\"valueRequired\":true,\"valueName\":\"search_term_string\"}}],\"inLanguage\":\"es\"},{\"@type\":\"Organization\",\"@id\":\"https:\/\/www.participacionciudadana.org\/web\/#organization\",\"name\":\"Participaci\u00f3n Ciudadana\",\"url\":\"https:\/\/www.participacionciudadana.org\/web\/\",\"logo\":{\"@type\":\"ImageObject\",\"inLanguage\":\"es\",\"@id\":\"https:\/\/www.participacionciudadana.org\/web\/#\/schema\/logo\/image\/\",\"url\":\"https:\/\/www.participacionciudadana.org\/web\/wp-content\/uploads\/2021\/11\/cropped-logo_pc-1.png\",\"contentUrl\":\"https:\/\/www.participacionciudadana.org\/web\/wp-content\/uploads\/2021\/11\/cropped-logo_pc-1.png\",\"width\":340,\"height\":114,\"caption\":\"Participaci\u00f3n Ciudadana\"},\"image\":{\"@id\":\"https:\/\/www.participacionciudadana.org\/web\/#\/schema\/logo\/image\/\"},\"sameAs\":[\"https:\/\/www.facebook.com\/ParticipacionPC\/\",\"https:\/\/x.com\/ParticipacionPC\"]},{\"@type\":\"Person\",\"@id\":\"https:\/\/www.participacionciudadana.org\/web\/#\/schema\/person\/92da277b9a5fc1cedc0a6e85361c2607\",\"name\":\"Pablo Villac\u00eds\",\"image\":{\"@type\":\"ImageObject\",\"inLanguage\":\"es\",\"@id\":\"https:\/\/www.participacionciudadana.org\/web\/#\/schema\/person\/image\/\",\"url\":\"https:\/\/secure.gravatar.com\/avatar\/49c3bffa4759b83bd4c3be4b3bfa8fedf40d73773a24bc67c7fdd8dd7db3701d?s=96&d=mm&r=g\",\"contentUrl\":\"https:\/\/secure.gravatar.com\/avatar\/49c3bffa4759b83bd4c3be4b3bfa8fedf40d73773a24bc67c7fdd8dd7db3701d?s=96&d=mm&r=g\",\"caption\":\"Pablo Villac\u00eds\"},\"url\":\"https:\/\/www.participacionciudadana.org\/web\/author\/pablo-villacis\/\"}]}<\/script>\n<!-- \/ Yoast SEO plugin. -->","yoast_head_json":{"title":"Reportaje de Vistazo sobre la crisis de los partidos pol\u00edticos - Participaci\u00f3n Ciudadana","robots":{"index":"index","follow":"follow","max-snippet":"max-snippet:-1","max-image-preview":"max-image-preview:large","max-video-preview":"max-video-preview:-1"},"canonical":"https:\/\/www.participacionciudadana.org\/web\/2026\/08\/27\/reportaje-de-vistazo-sobre-la-crisis-de-los-partidos-politicos\/","og_locale":"es_ES","og_type":"article","og_title":"Reportaje de Vistazo sobre la crisis de los partidos pol\u00edticos - Participaci\u00f3n Ciudadana","og_description":"Nuestra directora ejecutiva de la Corporaci\u00f3n Participaci\u00f3n Ciudadana, Ruth Hidalgo, dialog\u00f3 con la revista Vistazo, sobre la realidad de partidos pol\u00edticos en Ecuador, en el contexto del estudio que realizamos del \u201cMapa Electoral 2025\u201d, que revel\u00f3 que 233 partidos pol\u00edticos en Ecuador no cumplen los requisitos m\u00ednimos y solo aparecen en \u00e9poca electoral.&nbsp; Te invitamos [&hellip;]","og_url":"https:\/\/www.participacionciudadana.org\/web\/2026\/08\/27\/reportaje-de-vistazo-sobre-la-crisis-de-los-partidos-politicos\/","og_site_name":"Participaci\u00f3n Ciudadana","article_publisher":"https:\/\/www.facebook.com\/ParticipacionPC\/","article_published_time":"2026-08-27T16:56:54+00:00","article_modified_time":"2026-08-27T16:57:49+00:00","author":"Pablo Villac\u00eds","twitter_card":"summary_large_image","twitter_creator":"@ParticipacionPC","twitter_site":"@ParticipacionPC","twitter_misc":{"Escrito por":"Pablo Villac\u00eds"},"schema":{"@context":"https:\/\/schema.org","@graph":[{"@type":"Article","@id":"https:\/\/www.participacionciudadana.org\/web\/2026\/08\/27\/reportaje-de-vistazo-sobre-la-crisis-de-los-partidos-politicos\/#article","isPartOf":{"@id":"https:\/\/www.participacionciudadana.org\/web\/2026\/08\/27\/reportaje-de-vistazo-sobre-la-crisis-de-los-partidos-politicos\/"},"author":{"name":"Pablo Villac\u00eds","@id":"https:\/\/www.participacionciudadana.org\/web\/#\/schema\/person\/92da277b9a5fc1cedc0a6e85361c2607"},"headline":"Reportaje de Vistazo sobre la crisis de los partidos pol\u00edticos","datePublished":"2026-08-27T16:56:54+00:00","dateModified":"2026-08-27T16:57:49+00:00","mainEntityOfPage":{"@id":"https:\/\/www.participacionciudadana.org\/web\/2026\/08\/27\/reportaje-de-vistazo-sobre-la-crisis-de-los-partidos-politicos\/"},"wordCount":105,"commentCount":0,"publisher":{"@id":"https:\/\/www.participacionciudadana.org\/web\/#organization"},"image":{"@id":"https:\/\/www.participacionciudadana.org\/web\/2026\/08\/27\/reportaje-de-vistazo-sobre-la-crisis-de-los-partidos-politicos\/#primaryimage"},"thumbnailUrl":"https:\/\/www.participacionciudadana.org\/web\/wp-content\/uploads\/2026\/08\/Captura-de-Pantalla-2026-08-27-a-las-11.58.49.png","articleSection":["PC en los Medios"],"inLanguage":"es","potentialAction":[{"@type":"CommentAction","name":"Comment","target":["https:\/\/www.participacionciudadana.org\/web\/2026\/08\/27\/reportaje-de-vistazo-sobre-la-crisis-de-los-partidos-politicos\/#respond"]}]},{"@type":"WebPage","@id":"https:\/\/www.participacionciudadana.org\/web\/2026\/08\/27\/reportaje-de-vistazo-sobre-la-crisis-de-los-partidos-politicos\/","url":"https:\/\/www.participacionciudadana.org\/web\/2026\/08\/27\/reportaje-de-vistazo-sobre-la-crisis-de-los-partidos-politicos\/","name":"Reportaje de Vistazo sobre la crisis de los partidos pol\u00edticos - Participaci\u00f3n Ciudadana","isPartOf":{"@id":"https:\/\/www.participacionciudadana.org\/web\/#website"},"primaryImageOfPage":{"@id":"https:\/\/www.participacionciudadana.org\/web\/2026\/08\/27\/reportaje-de-vistazo-sobre-la-crisis-de-los-partidos-politicos\/#primaryimage"},"image":{"@id":"https:\/\/www.participacionciudadana.org\/web\/2026\/08\/27\/reportaje-de-vistazo-sobre-la-crisis-de-los-partidos-politicos\/#primaryimage"},"thumbnailUrl":"https:\/\/www.participacionciudadana.org\/web\/wp-content\/uploads\/2026\/08\/Captura-de-Pantalla-2026-08-27-a-las-11.58.49.png","datePublished":"2026-08-27T16:56:54+00:00","dateModified":"2026-08-27T16:57:49+00:00","breadcrumb":{"@id":"https:\/\/www.participacionciudadana.org\/web\/2026\/08\/27\/reportaje-de-vistazo-sobre-la-crisis-de-los-partidos-politicos\/#breadcrumb"},"inLanguage":"es","potentialAction":[{"@type":"ReadAction","target":["https:\/\/www.participacionciudadana.org\/web\/2026\/08\/27\/reportaje-de-vistazo-sobre-la-crisis-de-los-partidos-politicos\/"]}]},{"@type":"ImageObject","inLanguage":"es","@id":"https:\/\/www.participacionciudadana.org\/web\/2026\/08\/27\/reportaje-de-vistazo-sobre-la-crisis-de-los-partidos-politicos\/#primaryimage","url":"https:\/\/www.participacionciudadana.org\/web\/wp-content\/uploads\/2026\/08\/Captura-de-Pantalla-2026-08-27-a-las-11.58.49.png","contentUrl":"https:\/\/www.participacionciudadana.org\/web\/wp-content\/uploads\/2026\/08\/Captura-de-Pantalla-2026-08-27-a-las-11.58.49.png","width":1022,"height":696},{"@type":"BreadcrumbList","@id":"https:\/\/www.participacionciudadana.org\/web\/2026\/08\/27\/reportaje-de-vistazo-sobre-la-crisis-de-los-partidos-politicos\/#breadcrumb","itemListElement":[{"@type":"ListItem","position":1,"name":"Portada","item":"https:\/\/www.participacionciudadana.org\/web\/"},{"@type":"ListItem","position":2,"name":"Reportaje de Vistazo sobre la crisis de los partidos pol\u00edticos"}]},{"@type":"WebSite","@id":"https:\/\/www.participacionciudadana.org\/web\/#website","url":"https:\/\/www.participacionciudadana.org\/web\/","name":"Participaci\u00f3n Ciudadana","description":"Comprometidos con la democracia","publisher":{"@id":"https:\/\/www.participacionciudadana.org\/web\/#organization"},"potentialAction":[{"@type":"SearchAction","target":{"@type":"EntryPoint","urlTemplate":"https:\/\/www.participacionciudadana.org\/web\/?s={search_term_string}"},"query-input":{"@type":"PropertyValueSpecification","valueRequired":true,"valueName":"search_term_string"}}],"inLanguage":"es"},{"@type":"Organization","@id":"https:\/\/www.participacionciudadana.org\/web\/#organization","name":"Participaci\u00f3n Ciudadana","url":"https:\/\/www.participacionciudadana.org\/web\/","logo":{"@type":"ImageObject","inLanguage":"es","@id":"https:\/\/www.participacionciudadana.org\/web\/#\/schema\/logo\/image\/","url":"https:\/\/www.participacionciudadana.org\/web\/wp-content\/uploads\/2021\/11\/cropped-logo_pc-1.png","contentUrl":"https:\/\/www.participacionciudadana.org\/web\/wp-content\/uploads\/2021\/11\/cropped-logo_pc-1.png","width":340,"height":114,"caption":"Participaci\u00f3n Ciudadana"},"image":{"@id":"https:\/\/www.participacionciudadana.org\/web\/#\/schema\/logo\/image\/"},"sameAs":["https:\/\/www.facebook.com\/ParticipacionPC\/","https:\/\/x.com\/ParticipacionPC"]},{"@type":"Person","@id":"https:\/\/www.participacionciudadana.org\/web\/#\/schema\/person\/92da277b9a5fc1cedc0a6e85361c2607","name":"Pablo Villac\u00eds","image":{"@type":"ImageObject","inLanguage":"es","@id":"https:\/\/www.participacionciudadana.org\/web\/#\/schema\/person\/image\/","url":"https:\/\/secure.gravatar.com\/avatar\/49c3bffa4759b83bd4c3be4b3bfa8fedf40d73773a24bc67c7fdd8dd7db3701d?s=96&d=mm&r=g","contentUrl":"https:\/\/secure.gravatar.com\/avatar\/49c3bffa4759b83bd4c3be4b3bfa8fedf40d73773a24bc67c7fdd8dd7db3701d?s=96&d=mm&r=g","caption":"Pablo Villac\u00eds"},"url":"https:\/\/www.participacionciudadana.org\/web\/author\/pablo-villacis\/"}]}},"_links":{"self":[{"href":"https:\/\/www.participacionciudadana.org\/web\/wp-json\/wp\/v2\/posts\/8032","targetHints":{"allow":["GET"]}}],"collection":[{"href":"https:\/\/www.participacionciudadana.org\/web\/wp-json\/wp\/v2\/posts"}],"about":[{"href":"https:\/\/www.participacionciudadana.org\/web\/wp-json\/wp\/v2\/types\/post"}],"author":[{"embeddable":true,"href":"https:\/\/www.participacionciudadana.org\/web\/wp-json\/wp\/v2\/users\/5"}],"replies":[{"embeddable":true,"href":"https:\/\/www.participacionciudadana.org\/web\/wp-json\/wp\/v2\/comments?post=8032"}],"version-history":[{"count":1,"href":"https:\/\/www.participacionciudadana.org\/web\/wp-json\/wp\/v2\/posts\/8032\/revisions"}],"predecessor-version":[{"id":8034,"href":"https:\/\/www.participacionciudadana.org\/web\/wp-json\/wp\/v2\/posts\/8032\/revisions\/8034"}],"wp:featuredmedia":[{"embeddable":true,"href":"https:\/\/www.participacionciudadana.org\/web\/wp-json\/wp\/v2\/media\/8035"}],"wp:attachment":[{"href":"https:\/\/www.participacionciudadana.org\/web\/wp-json\/wp\/v2\/media?parent=8032"}],"wp:term":[{"taxonomy":"category","embeddable":true,"href":"https:\/\/www.participacionciudadana.org\/web\/wp-json\/wp\/v2\/categories?post=8032"},{"taxonomy":"post_tag","embeddable":true,"href":"https:\/\/www.participacionciudadana.org\/web\/wp-json\/wp\/v2\/tags?post=8032"}],"curies":[{"name":"wp","href":"https:\/\/api.w.org\/{rel}","templated":true}]}}